{"id":175308,"date":"2024-10-02T03:24:26","date_gmt":"2024-10-02T07:24:26","guid":{"rendered":"https:\/\/news.canadamotorjobs.com\/?p=175308"},"modified":"2024-10-02T03:29:33","modified_gmt":"2024-10-02T07:29:33","slug":"volkswagen-va-baser-lallocation-did-buzz-selon-les-ventes-de-lid-4","status":"publish","type":"post","link":"https:\/\/news.canadamotorjobs.com\/fr\/volkswagen-va-baser-lallocation-did-buzz-selon-les-ventes-de-lid-4\/","title":{"rendered":"Volkswagen va baser l\u2019allocation d\u2019ID.Buzz selon les ventes de l\u2019ID.4"},"content":{"rendered":"<\/p>\n<p>Le lancement du Volkswagen ID.Buzz va avoir lieu ce mois-ci, dans la r\u00e9gion de San Francisco. Auto123 sera sur place pour faire l\u2019essai de ce v\u00e9hicule tr\u00e8s attendu, pour ensuite vous en livrer ses impressions.<\/p>\n<p>Maintenant, la question est de savoir \u00e0 quel rythme les exemplaires vont se pointer en concession. Pour ceux int\u00e9ress\u00e9s par le mod\u00e8le, la chose est d\u00e9terminante, car la fa\u00e7on de faire de Volkswagen va d\u00e9terminer si leur p\u00e9riode d\u2019attente sera tr\u00e8s courte\u2026 ou tr\u00e8s longue.<\/p>\n<p>Eh bien, selon ce que rapporte le site Automotive News, les concessionnaires Volkswagen qui souhaitent recevoir des ID.Buzz seront trait\u00e9s selon la base de leurs ventes de mod\u00e8les ID.4. La taille du march\u00e9 de chaque concessionnaire sera aussi consid\u00e9r\u00e9e, mais ceux qui ont vendu plus d\u2019ID.4 seront prioris\u00e9s.<\/p>\n<p>Au Canada, voil\u00e0 d\u2019excellentes nouvelles pour les r\u00e9gions du Qu\u00e9bec et de la Colombie-Britannique, qui ont vendu leurs parts d\u2019ID.4.<\/p>\n<p><\/p>\n<figure><img decoding=\"async\" src=\"https:\/\/news.canadamotorjobs.com\/wp-content\/uploads\/2024\/10\/Volkswagen-ID-Buzz-2025-09-5.jpg\" alt=\"Volkswagen ID.Buzz, trois quarts arri\u00e8re\" \/><figcaption>Volkswagen ID.Buzz, trois quarts arri\u00e8re | Auto123.com<\/figcaption><\/figure>\n<p>Il est estim\u00e9 qu\u2019au moment o\u00f9 le mod\u00e8le va se pointer en concession, autour de la f\u00eate de l\u2019Action de gr\u00e2ce am\u00e9ricaine (fin novembre), les d\u00e9positaires recevront un ou deux mod\u00e8les, en g\u00e9n\u00e9ral. \u00c7a pourrait bien s\u00fbr varier selon l\u2019endroit et selon la popularit\u00e9 des mod\u00e8les \u00e9lectriques \u00e0 un endroit donn\u00e9.<\/p>\n<p>Pablo Di Si, le chef de la direction de Volkswagen America, a d\u00e9clar\u00e9 \u00e0 Automotive News que la compagnie s\u2019attendait \u00e0 ce que l\u2019ID.Buzz se vendent beaucoup au cours de ses deux premi\u00e8res ann\u00e9es de commercialisation. \u00ab Il faudra ensuite innover et proposer diff\u00e9rentes versions, ce que nous avons d\u00e9j\u00e0 fait. Il faudra que cela reste int\u00e9ressant et vivant \u00bb, a-t-il d\u00e9clar\u00e9.<\/p>\n<p>Aux \u00c9tats-Unis, le mod\u00e8le sera offert \u00e0 un prix un peu sup\u00e9rieur \u00e0 60 000 $ US, mais au Canada, la facture va avoisiner les 80 000 $ CA. Il sera int\u00e9ressant de voir quelle sera la r\u00e9ponse du public.<\/p>\n<p>Un peu comme le mentionne le grand patron de Volkswagen pour l\u2019Am\u00e9rique, la r\u00e9ponse risque d\u2019\u00eatre forte au d\u00e9part, car les gens plus fortun\u00e9s qui d\u00e9sirent un mod\u00e8le ont probablement d\u00e9j\u00e0 d\u00e9cid\u00e9 de passer \u00e0 l\u2019action. \u00c7a risque de s\u2019estomper par la suite, surtout si la facture demeure sal\u00e9e comme elle le sera au d\u00e9part.<\/p>\n<p><\/p>\n<figure><img decoding=\"async\" src=\"https:\/\/news.canadamotorjobs.com\/wp-content\/uploads\/2024\/10\/Volkswagen-ID-Buzz-2025-24-1.jpg\" alt=\"Volkswagen ID.Buzz, de profil\" \/><figcaption>Volkswagen ID.Buzz, de profil | Auto123.com<\/figcaption><\/figure>\n<figure><img decoding=\"async\" src=\"https:\/\/news.canadamotorjobs.com\/wp-content\/uploads\/2024\/10\/Volkswagen-ID-Buzz-2025-01-1.jpg\" alt=\"Volkswagen ID.Buzz, trois quarts avant\" \/><figcaption>Volkswagen ID.Buzz, trois quarts avant | Auto123.com<\/figcaption><\/figure>\n<p style=\"padding-top: 15px\">Contenu original de <a href=\"https:\/\/www.auto123.com\/fr\/actualites\/volkswagen-id.buzz-id4-allocation\/71892\/\">auto123<\/a>.<\/p>\n<p>Le texte <a rel=\"nofollow\" href=\"https:\/\/annuelauto.ca\/volkswagen-va-baser-lallocation-did-buzz-selon-les-ventes-de-lid-4\/\">Volkswagen va baser l\u2019allocation d\u2019ID.Buzz selon les ventes de l\u2019ID.4<\/a> provient de <a rel=\"nofollow\" href=\"https:\/\/annuelauto.ca\">L&#8217;annuel de l&#8217;automobile &#8211; Actualit\u00e9 automobile<\/a><\/p>\n<p><\/p>\n","protected":false},"excerpt":{"rendered":"<p>Le lancement du Volkswagen ID.Buzz va avoir lieu ce mois-ci, dans la r\u00e9gion de San Francisco. Auto123 sera sur place pour faire l\u2019essai de ce v\u00e9hicule tr\u00e8s attendu, pour ensuite vous en livrer ses impressions. Maintenant, la question est de savoir \u00e0 quel rythme les exemplaires vont se pointer en concession. Pour ceux int\u00e9ress\u00e9s par [&hellip;]<\/p>\n","protected":false},"author":8,"featured_media":175310,"comment_status":"close","ping_status":"closed","sticky":false,"template":"","format":"standard","meta":{"_monsterinsights_skip_tracking":false,"_monsterinsights_sitenote_active":false,"_monsterinsights_sitenote_note":"","_monsterinsights_sitenote_category":0,"footnotes":""},"categories":[101],"tags":[],"yoast_head":"<!-- This site is optimized with the Yoast SEO plugin v23.2 - https:\/\/yoast.com\/wordpress\/plugins\/seo\/ -->\n<title>Volkswagen va baser l\u2019allocation d\u2019ID.Buzz selon les ventes de l\u2019ID.4 - CanadaMotorJobs.com<\/title>\n<meta name=\"description\" content=\"Volkswagen va baser l\u2019allocation d\u2019ID.Buzz selon les ventes de l\u2019ID.4 - Benoit Charette - Annuel automobile - CanadaMotorJobs.com.\" \/>\n<meta name=\"robots\" content=\"index, follow, max-snippet:-1, max-image-preview:large, max-video-preview:-1\" \/>\n<meta property=\"og:locale\" content=\"fr_CA\" \/>\n<meta property=\"og:type\" content=\"article\" \/>\n<meta property=\"og:title\" content=\"Volkswagen va baser l\u2019allocation d\u2019ID.Buzz selon les ventes de l\u2019ID.4 - CanadaMotorJobs.com\" \/>\n<meta property=\"og:description\" content=\"Volkswagen va baser l\u2019allocation d\u2019ID.Buzz selon les ventes de l\u2019ID.4 - Benoit Charette - Annuel automobile - CanadaMotorJobs.com.\" \/>\n<meta property=\"og:url\" content=\"https:\/\/news.canadamotorjobs.com\/fr\/volkswagen-va-baser-lallocation-did-buzz-selon-les-ventes-de-lid-4\/\" \/>\n<meta property=\"og:site_name\" content=\"CanadaMotorJobs.com\" \/>\n<meta property=\"article:publisher\" content=\"https:\/\/www.facebook.com\/canadamotorjobs\/\" \/>\n<meta property=\"article:published_time\" content=\"2024-10-02T07:24:26+00:00\" \/>\n<meta property=\"article:modified_time\" content=\"2024-10-02T07:29:33+00:00\" \/>\n<meta property=\"og:image\" content=\"https:\/\/news.canadamotorjobs.com\/wp-content\/uploads\/2024\/10\/Volkswagen-ID-Buzz-2025-09.jpg\" \/>\n\t<meta property=\"og:image:width\" content=\"1200\" \/>\n\t<meta property=\"og:image:height\" content=\"800\" \/>\n\t<meta property=\"og:image:type\" content=\"image\/jpeg\" \/>\n<meta name=\"author\" content=\"Benoit Charette\" \/>\n<meta name=\"twitter:card\" content=\"summary_large_image\" \/>\n<meta name=\"twitter:creator\" content=\"@canadamotorjobs\" \/>\n<meta name=\"twitter:site\" content=\"@canadamotorjobs\" \/>\n<meta name=\"twitter:label1\" content=\"\u00c9crit par\" \/>\n\t<meta name=\"twitter:data1\" content=\"Benoit Charette\" \/>\n\t<meta name=\"twitter:label2\" content=\"Estimation du temps de lecture\" \/>\n\t<meta name=\"twitter:data2\" content=\"2 minutes\" \/>\n<!-- \/ Yoast SEO plugin. -->","yoast_head_json":{"title":"Volkswagen va baser l\u2019allocation d\u2019ID.Buzz selon les ventes de l\u2019ID.4 - CanadaMotorJobs.com","description":"Volkswagen va baser l\u2019allocation d\u2019ID.Buzz selon les ventes de l\u2019ID.4 - Benoit Charette - Annuel automobile - CanadaMotorJobs.com.","robots":{"index":"index","follow":"follow","max-snippet":"max-snippet:-1","max-image-preview":"max-image-preview:large","max-video-preview":"max-video-preview:-1"},"og_locale":"fr_CA","og_type":"article","og_title":"Volkswagen va baser l\u2019allocation d\u2019ID.Buzz selon les ventes de l\u2019ID.4 - CanadaMotorJobs.com","og_description":"Volkswagen va baser l\u2019allocation d\u2019ID.Buzz selon les ventes de l\u2019ID.4 - Benoit Charette - Annuel automobile - CanadaMotorJobs.com.","og_url":"https:\/\/news.canadamotorjobs.com\/fr\/volkswagen-va-baser-lallocation-did-buzz-selon-les-ventes-de-lid-4\/","og_site_name":"CanadaMotorJobs.com","article_publisher":"https:\/\/www.facebook.com\/canadamotorjobs\/","article_published_time":"2024-10-02T07:24:26+00:00","article_modified_time":"2024-10-02T07:29:33+00:00","og_image":[{"width":1200,"height":800,"url":"https:\/\/news.canadamotorjobs.com\/wp-content\/uploads\/2024\/10\/Volkswagen-ID-Buzz-2025-09.jpg","type":"image\/jpeg"}],"author":"Benoit Charette","twitter_card":"summary_large_image","twitter_creator":"@canadamotorjobs","twitter_site":"@canadamotorjobs","twitter_misc":{"\u00c9crit par":"Benoit Charette","Estimation du temps de lecture":"2 minutes"},"schema":{"@context":"https:\/\/schema.org","@graph":[{"@type":"Article","@id":"https:\/\/news.canadamotorjobs.com\/fr\/volkswagen-va-baser-lallocation-did-buzz-selon-les-ventes-de-lid-4\/#article","isPartOf":{"@id":"https:\/\/news.canadamotorjobs.com\/fr\/volkswagen-va-baser-lallocation-did-buzz-selon-les-ventes-de-lid-4\/"},"author":{"name":"Benoit Charette","@id":"https:\/\/news.canadamotorjobs.com\/#\/schema\/person\/51793d1f87d44011d7bcc2ed99269a90"},"headline":"Volkswagen va baser l\u2019allocation d\u2019ID.Buzz selon les ventes de l\u2019ID.4","datePublished":"2024-10-02T07:24:26+00:00","dateModified":"2024-10-02T07:29:33+00:00","mainEntityOfPage":{"@id":"https:\/\/news.canadamotorjobs.com\/fr\/volkswagen-va-baser-lallocation-did-buzz-selon-les-ventes-de-lid-4\/"},"wordCount":476,"publisher":{"@id":"https:\/\/news.canadamotorjobs.com\/#organization"},"image":{"@id":"https:\/\/news.canadamotorjobs.com\/fr\/volkswagen-va-baser-lallocation-did-buzz-selon-les-ventes-de-lid-4\/#primaryimage"},"thumbnailUrl":"https:\/\/news.canadamotorjobs.com\/wp-content\/uploads\/2024\/10\/Volkswagen-ID-Buzz-2025-09.jpg","articleSection":["Annuel automobile"],"inLanguage":"fr-CA"},{"@type":"WebPage","@id":"https:\/\/news.canadamotorjobs.com\/fr\/volkswagen-va-baser-lallocation-did-buzz-selon-les-ventes-de-lid-4\/","url":"https:\/\/news.canadamotorjobs.com\/fr\/volkswagen-va-baser-lallocation-did-buzz-selon-les-ventes-de-lid-4\/","name":"Volkswagen va baser l\u2019allocation d\u2019ID.Buzz selon les ventes de l\u2019ID.4 - CanadaMotorJobs.com","isPartOf":{"@id":"https:\/\/news.canadamotorjobs.com\/#website"},"primaryImageOfPage":{"@id":"https:\/\/news.canadamotorjobs.com\/fr\/volkswagen-va-baser-lallocation-did-buzz-selon-les-ventes-de-lid-4\/#primaryimage"},"image":{"@id":"https:\/\/news.canadamotorjobs.com\/fr\/volkswagen-va-baser-lallocation-did-buzz-selon-les-ventes-de-lid-4\/#primaryimage"},"thumbnailUrl":"https:\/\/news.canadamotorjobs.com\/wp-content\/uploads\/2024\/10\/Volkswagen-ID-Buzz-2025-09.jpg","datePublished":"2024-10-02T07:24:26+00:00","dateModified":"2024-10-02T07:29:33+00:00","description":"Volkswagen va baser l\u2019allocation d\u2019ID.Buzz selon les ventes de l\u2019ID.4 - Benoit Charette - Annuel automobile - CanadaMotorJobs.com.","breadcrumb":{"@id":"https:\/\/news.canadamotorjobs.com\/fr\/volkswagen-va-baser-lallocation-did-buzz-selon-les-ventes-de-lid-4\/#breadcrumb"},"inLanguage":"fr-CA","potentialAction":[{"@type":"ReadAction","target":["https:\/\/news.canadamotorjobs.com\/fr\/volkswagen-va-baser-lallocation-did-buzz-selon-les-ventes-de-lid-4\/"]}]},{"@type":"ImageObject","inLanguage":"fr-CA","@id":"https:\/\/news.canadamotorjobs.com\/fr\/volkswagen-va-baser-lallocation-did-buzz-selon-les-ventes-de-lid-4\/#primaryimage","url":"https:\/\/news.canadamotorjobs.com\/wp-content\/uploads\/2024\/10\/Volkswagen-ID-Buzz-2025-09.jpg","contentUrl":"https:\/\/news.canadamotorjobs.com\/wp-content\/uploads\/2024\/10\/Volkswagen-ID-Buzz-2025-09.jpg","width":1200,"height":800},{"@type":"BreadcrumbList","@id":"https:\/\/news.canadamotorjobs.com\/fr\/volkswagen-va-baser-lallocation-did-buzz-selon-les-ventes-de-lid-4\/#breadcrumb","itemListElement":[{"@type":"ListItem","position":1,"name":"Home","item":"https:\/\/news.canadamotorjobs.com\/fr\/blog\/"},{"@type":"ListItem","position":2,"name":"Volkswagen va baser l\u2019allocation d\u2019ID.Buzz selon les ventes de l\u2019ID.4"}]},{"@type":"WebSite","@id":"https:\/\/news.canadamotorjobs.com\/#website","url":"https:\/\/news.canadamotorjobs.com\/","name":"CanadaMotorJobs.com","description":"Automotive Jobs","publisher":{"@id":"https:\/\/news.canadamotorjobs.com\/#organization"},"potentialAction":[{"@type":"SearchAction","target":{"@type":"EntryPoint","urlTemplate":"https:\/\/news.canadamotorjobs.com\/?s={search_term_string}"},"query-input":"required name=search_term_string"}],"inLanguage":"fr-CA"},{"@type":"Organization","@id":"https:\/\/news.canadamotorjobs.com\/#organization","name":"Canada Motor Jobs","url":"https:\/\/news.canadamotorjobs.com\/","logo":{"@type":"ImageObject","inLanguage":"fr-CA","@id":"https:\/\/news.canadamotorjobs.com\/#\/schema\/logo\/image\/","url":"https:\/\/news.canadamotorjobs.com\/wp-content\/uploads\/2022\/10\/logo-canada-motor-jobs-1.png","contentUrl":"https:\/\/news.canadamotorjobs.com\/wp-content\/uploads\/2022\/10\/logo-canada-motor-jobs-1.png","width":800,"height":400,"caption":"Canada Motor Jobs"},"image":{"@id":"https:\/\/news.canadamotorjobs.com\/#\/schema\/logo\/image\/"},"sameAs":["https:\/\/www.facebook.com\/canadamotorjobs\/","https:\/\/x.com\/canadamotorjobs","https:\/\/www.instagram.com\/canadamotorjobs\/","https:\/\/www.linkedin.com\/company\/canadamotorjobs"]},{"@type":"Person","@id":"https:\/\/news.canadamotorjobs.com\/#\/schema\/person\/51793d1f87d44011d7bcc2ed99269a90","name":"Benoit Charette","image":{"@type":"ImageObject","inLanguage":"fr-CA","@id":"https:\/\/news.canadamotorjobs.com\/#\/schema\/person\/image\/","url":"https:\/\/secure.gravatar.com\/avatar\/45f3d2eebcccd909668d7ce7ea7267b6?s=96&d=mm&r=g","contentUrl":"https:\/\/secure.gravatar.com\/avatar\/45f3d2eebcccd909668d7ce7ea7267b6?s=96&d=mm&r=g","caption":"Benoit Charette"},"description":"Benoit Charette \/ Propri\u00e9taire et r\u00e9dacteur en chef Benoit Charette pratique le journalisme automobile depuis bient\u00f4t 30 ans. Il a fait ses classes au c\u00f4t\u00e9 de Daniel H\u00e9raud et au Carnet de route de 1992 \u00e0 2001. Il est fondateur, copropri\u00e9taire et r\u00e9dacteur en chef de L\u2019Annuel de l\u2019automobile, qu\u2019il publie depuis 2001. Il a anim\u00e9 les \u00e9missions RPM et RPM+ sur V et les L\u00e9gendes de la route sur Historia. \u00c0 la radio depuis 1986, il reprend l\u2019antenne cette ann\u00e9e sur les ondes de Cogeco et participe pour la deuxi\u00e8me ann\u00e9e \u00e0 l\u2019\u00e9mission Passion Auto sur RDS en plus de mettre en ligne le site Web officiel de L\u2019Annuel de l\u2019automobile sur annuelauto.ca.","sameAs":["https:\/\/annuelauto.ca\/"],"url":"https:\/\/news.canadamotorjobs.com\/fr\/author\/benoit-charette\/"}]}},"_links":{"self":[{"href":"https:\/\/news.canadamotorjobs.com\/fr\/wp-json\/wp\/v2\/posts\/175308"}],"collection":[{"href":"https:\/\/news.canadamotorjobs.com\/fr\/wp-json\/wp\/v2\/posts"}],"about":[{"href":"https:\/\/news.canadamotorjobs.com\/fr\/wp-json\/wp\/v2\/types\/post"}],"author":[{"embeddable":true,"href":"https:\/\/news.canadamotorjobs.com\/fr\/wp-json\/wp\/v2\/users\/8"}],"replies":[{"embeddable":true,"href":"https:\/\/news.canadamotorjobs.com\/fr\/wp-json\/wp\/v2\/comments?post=175308"}],"version-history":[{"count":3,"href":"https:\/\/news.canadamotorjobs.com\/fr\/wp-json\/wp\/v2\/posts\/175308\/revisions"}],"predecessor-version":[{"id":175343,"href":"https:\/\/news.canadamotorjobs.com\/fr\/wp-json\/wp\/v2\/posts\/175308\/revisions\/175343"}],"wp:featuredmedia":[{"embeddable":true,"href":"https:\/\/news.canadamotorjobs.com\/fr\/wp-json\/wp\/v2\/media\/175310"}],"wp:attachment":[{"href":"https:\/\/news.canadamotorjobs.com\/fr\/wp-json\/wp\/v2\/media?parent=175308"}],"wp:term":[{"taxonomy":"category","embeddable":true,"href":"https:\/\/news.canadamotorjobs.com\/fr\/wp-json\/wp\/v2\/categories?post=175308"},{"taxonomy":"post_tag","embeddable":true,"href":"https:\/\/news.canadamotorjobs.com\/fr\/wp-json\/wp\/v2\/tags?post=175308"}],"curies":[{"name":"wp","href":"https:\/\/api.w.org\/{rel}","templated":true}]}}