{"id":175272,"date":"2024-10-02T03:24:27","date_gmt":"2024-10-02T07:24:27","guid":{"rendered":"https:\/\/news.canadamotorjobs.com\/?p=175272"},"modified":"2024-10-02T03:29:19","modified_gmt":"2024-10-02T07:29:19","slug":"la-mazda-ez-6-ev-pour-environ-30-000-en-chine","status":"publish","type":"post","link":"https:\/\/news.canadamotorjobs.com\/fr\/la-mazda-ez-6-ev-pour-environ-30-000-en-chine\/","title":{"rendered":"La Mazda EZ-6 EV pour environ 30\u2009000 $ en Chine"},"content":{"rendered":"<\/p>\n<p>Mazda a officiellement ouvert les pr\u00e9commandes pour sa nouvelle Mazda EZ-6 EV, ainsi que des versions EREV (avec prolongateur d\u2019autonomie), hier en Chine. Le point fort de ce lancement ? Un prix de base sous la barre des 25 000 dollars am\u00e9ricains (\u00e0 peu pr\u00e8s 30 000 dollars canadiens).<\/p>\n<p>Fruit d\u2019une collaboration entre Mazda et le constructeur national chinois Changan Auto, la Mazda EZ-6 est l\u2019une des deux nouvelles offres \u00e9lectriques d\u00e9voil\u00e9es en avril dernier. Aux c\u00f4t\u00e9s du VUS Arata, semblable au CX-5, la Mazda EZ-6 semblait \u00eatre le plus pr\u00e8s de la production, avec une date de mise en vente pr\u00e9vue avant la fin de l\u2019ann\u00e9e.<\/p>\n<p><strong>Promesses tenues<\/strong><\/p>\n<p>Selon les blogues automobiles chinois Autohome et CarNewsChina, le prix de base du mod\u00e8le serait fix\u00e9 \u00e0 environ 160 000 yuans, soit un peu plus de 30 800 $. Bien que les d\u00e9tails exacts concernant le prix soient encore flous, cette nouvelle offre de Mazda promet de bouleverser le march\u00e9 des v\u00e9hicules \u00e9lectriques.<\/p>\n<p><\/p>\n<figure><img decoding=\"async\" src=\"https:\/\/news.canadamotorjobs.com\/wp-content\/uploads\/2024\/10\/mazda_ez-6_66-5.jpeg\" alt=\"Mazda EZ-6, avant\" \/><figcaption>Mazda EZ-6, avant | Auto123.com<\/figcaption><\/figure>\n<p><strong>Versions et caract\u00e9ristiques<\/strong><\/p>\n<p>Sept mod\u00e8les sont propos\u00e9s en pr\u00e9commande : quatre versions \u00e0 autonomie prolong\u00e9e (EREV) et trois variantes 100 % \u00e9lectriques (BEV).<\/p>\n<p>Malgr\u00e9 un prix attractif, la version de base de la Mazda EZ-6 offre un int\u00e9rieur en cuir, et les versions haut de gamme m\u00ealent cuir et Alcantara. Parmi les \u00e9quipements disponibles, on retrouve un syst\u00e8me audio Sony \u00e0 14 haut-parleurs, un \u00e9clairage d\u2019ambiance personnalisable offrant 64 couleurs, des si\u00e8ges avant \u00ab z\u00e9ro gravit\u00e9 \u00bb et un toit panoramique en verre.<\/p>\n<p>Le mod\u00e8le 100 % \u00e9lectrique (BEV) est \u00e9quip\u00e9 d\u2019un moteur de 190 kW (environ 254 chevaux) et propose deux choix de batteries : 56,1 kWh ou 68,8 kWh, offrant une autonomie allant jusqu\u2019\u00e0 600 km selon le cycle chinois CLTC (China light-duty vehicle test cycle).<\/p>\n<p>La version EREV associe un moteur \u00e0 essence de 93 chevaux \u00e0 un moteur \u00e9lectrique de 160 kW, offrant une autonomie combin\u00e9e impressionnante de 1301 km.<\/p>\n<p>\u00a0<\/p>\n<p><\/p>\n<figure><img decoding=\"async\" src=\"https:\/\/news.canadamotorjobs.com\/wp-content\/uploads\/2024\/10\/mazda_ez-6_3-1.jpeg\" alt=\"Mazda EZ-6, int\u00e9rieur\" \/><figcaption>Mazda EZ-6, int\u00e9rieur | Auto123.com<\/figcaption><\/figure>\n<p><strong>Un avenir prometteur pour Mazda<\/strong><\/p>\n<p>Mazda s\u2019efforce de redynamiser son activit\u00e9 en Chine, et l\u2019EZ-6 joue un r\u00f4le central \u00e0 l\u2019int\u00e9rieur de cette strat\u00e9gie. Bien que ce mod\u00e8le soit qualifi\u00e9 de \u00ab premi\u00e8re berline mondiale \u00bb de Mazda, il est peu probable qu\u2019elle soit commercialis\u00e9e aux \u00c9tats-Unis. Dommage, car cette solution \u00e9lectrique aurait toute sa place sur les routes am\u00e9ricaines.<\/p>\n<p>Avec son prix comp\u00e9titif et ses caract\u00e9ristiques haut de gamme, la Mazda EZ-6 pourrait bien s\u2019imposer comme un mod\u00e8le phare du march\u00e9 chinois, marquant un tournant dans la strat\u00e9gie \u00e9lectrique de Mazda.<\/p>\n<p><\/p>\n<figure><img decoding=\"async\" src=\"https:\/\/news.canadamotorjobs.com\/wp-content\/uploads\/2024\/10\/mazda_ez-6_60-1.jpeg\" alt=\"La Mazda EZ-6, au chargement\" \/><figcaption>La Mazda EZ-6, au chargement | Auto123.com<\/figcaption><\/figure>\n<p style=\"padding-top: 15px\">Contenu original de <a href=\"https:\/\/www.auto123.com\/fr\/actualites\/mazda-ez-6-electrique-precommandes-chine\/71891\/\">auto123<\/a>.<\/p>\n<p>Le texte <a rel=\"nofollow\" href=\"https:\/\/annuelauto.ca\/la-mazda-ez-6-ev-pour-environ-30%e2%80%89000-en-chine\/\">La Mazda EZ-6 EV pour environ 30\u2009000 $ en Chine<\/a> provient de <a rel=\"nofollow\" href=\"https:\/\/annuelauto.ca\">L&#8217;annuel de l&#8217;automobile &#8211; Actualit\u00e9 automobile<\/a><\/p>\n<p><\/p>\n","protected":false},"excerpt":{"rendered":"<p>Mazda a officiellement ouvert les pr\u00e9commandes pour sa nouvelle Mazda EZ-6 EV, ainsi que des versions EREV (avec prolongateur d\u2019autonomie), hier en Chine. Le point fort de ce lancement ? Un prix de base sous la barre des 25 000 dollars am\u00e9ricains (\u00e0 peu pr\u00e8s 30 000 dollars canadiens). Fruit d\u2019une collaboration entre Mazda et [&hellip;]<\/p>\n","protected":false},"author":8,"featured_media":175274,"comment_status":"close","ping_status":"closed","sticky":false,"template":"","format":"standard","meta":{"_monsterinsights_skip_tracking":false,"_monsterinsights_sitenote_active":false,"_monsterinsights_sitenote_note":"","_monsterinsights_sitenote_category":0,"footnotes":""},"categories":[101],"tags":[],"yoast_head":"<!-- This site is optimized with the Yoast SEO plugin v23.2 - https:\/\/yoast.com\/wordpress\/plugins\/seo\/ -->\n<title>La Mazda EZ-6 EV pour environ 30\u2009000 $ en Chine - CanadaMotorJobs.com<\/title>\n<meta name=\"description\" content=\"La Mazda EZ-6 EV pour environ 30\u2009000 $ en Chine - Benoit Charette - Annuel automobile - CanadaMotorJobs.com.\" \/>\n<meta name=\"robots\" content=\"index, follow, max-snippet:-1, max-image-preview:large, max-video-preview:-1\" \/>\n<meta property=\"og:locale\" content=\"fr_CA\" \/>\n<meta property=\"og:type\" content=\"article\" \/>\n<meta property=\"og:title\" content=\"La Mazda EZ-6 EV pour environ 30\u2009000 $ en Chine - CanadaMotorJobs.com\" \/>\n<meta property=\"og:description\" content=\"La Mazda EZ-6 EV pour environ 30\u2009000 $ en Chine - Benoit Charette - Annuel automobile - CanadaMotorJobs.com.\" \/>\n<meta property=\"og:url\" content=\"https:\/\/news.canadamotorjobs.com\/fr\/la-mazda-ez-6-ev-pour-environ-30-000-en-chine\/\" \/>\n<meta property=\"og:site_name\" content=\"CanadaMotorJobs.com\" \/>\n<meta property=\"article:publisher\" content=\"https:\/\/www.facebook.com\/canadamotorjobs\/\" \/>\n<meta property=\"article:published_time\" content=\"2024-10-02T07:24:27+00:00\" \/>\n<meta property=\"article:modified_time\" content=\"2024-10-02T07:29:19+00:00\" \/>\n<meta property=\"og:image\" content=\"https:\/\/news.canadamotorjobs.com\/wp-content\/uploads\/2024\/10\/mazda_ez-6_66.jpeg\" \/>\n\t<meta property=\"og:image:width\" content=\"1200\" \/>\n\t<meta property=\"og:image:height\" content=\"675\" \/>\n\t<meta property=\"og:image:type\" content=\"image\/jpeg\" \/>\n<meta name=\"author\" content=\"Benoit Charette\" \/>\n<meta name=\"twitter:card\" content=\"summary_large_image\" \/>\n<meta name=\"twitter:creator\" content=\"@canadamotorjobs\" \/>\n<meta name=\"twitter:site\" content=\"@canadamotorjobs\" \/>\n<meta name=\"twitter:label1\" content=\"\u00c9crit par\" \/>\n\t<meta name=\"twitter:data1\" content=\"Benoit Charette\" \/>\n\t<meta name=\"twitter:label2\" content=\"Estimation du temps de lecture\" \/>\n\t<meta name=\"twitter:data2\" content=\"2 minutes\" \/>\n<!-- \/ Yoast SEO plugin. -->","yoast_head_json":{"title":"La Mazda EZ-6 EV pour environ 30\u2009000 $ en Chine - CanadaMotorJobs.com","description":"La Mazda EZ-6 EV pour environ 30\u2009000 $ en Chine - Benoit Charette - Annuel automobile - CanadaMotorJobs.com.","robots":{"index":"index","follow":"follow","max-snippet":"max-snippet:-1","max-image-preview":"max-image-preview:large","max-video-preview":"max-video-preview:-1"},"og_locale":"fr_CA","og_type":"article","og_title":"La Mazda EZ-6 EV pour environ 30\u2009000 $ en Chine - CanadaMotorJobs.com","og_description":"La Mazda EZ-6 EV pour environ 30\u2009000 $ en Chine - Benoit Charette - Annuel automobile - CanadaMotorJobs.com.","og_url":"https:\/\/news.canadamotorjobs.com\/fr\/la-mazda-ez-6-ev-pour-environ-30-000-en-chine\/","og_site_name":"CanadaMotorJobs.com","article_publisher":"https:\/\/www.facebook.com\/canadamotorjobs\/","article_published_time":"2024-10-02T07:24:27+00:00","article_modified_time":"2024-10-02T07:29:19+00:00","og_image":[{"width":1200,"height":675,"url":"https:\/\/news.canadamotorjobs.com\/wp-content\/uploads\/2024\/10\/mazda_ez-6_66.jpeg","type":"image\/jpeg"}],"author":"Benoit Charette","twitter_card":"summary_large_image","twitter_creator":"@canadamotorjobs","twitter_site":"@canadamotorjobs","twitter_misc":{"\u00c9crit par":"Benoit Charette","Estimation du temps de lecture":"2 minutes"},"schema":{"@context":"https:\/\/schema.org","@graph":[{"@type":"Article","@id":"https:\/\/news.canadamotorjobs.com\/fr\/la-mazda-ez-6-ev-pour-environ-30-000-en-chine\/#article","isPartOf":{"@id":"https:\/\/news.canadamotorjobs.com\/fr\/la-mazda-ez-6-ev-pour-environ-30-000-en-chine\/"},"author":{"name":"Benoit Charette","@id":"https:\/\/news.canadamotorjobs.com\/#\/schema\/person\/51793d1f87d44011d7bcc2ed99269a90"},"headline":"La Mazda EZ-6 EV pour environ 30\u2009000 $ en Chine","datePublished":"2024-10-02T07:24:27+00:00","dateModified":"2024-10-02T07:29:19+00:00","mainEntityOfPage":{"@id":"https:\/\/news.canadamotorjobs.com\/fr\/la-mazda-ez-6-ev-pour-environ-30-000-en-chine\/"},"wordCount":468,"publisher":{"@id":"https:\/\/news.canadamotorjobs.com\/#organization"},"image":{"@id":"https:\/\/news.canadamotorjobs.com\/fr\/la-mazda-ez-6-ev-pour-environ-30-000-en-chine\/#primaryimage"},"thumbnailUrl":"https:\/\/news.canadamotorjobs.com\/wp-content\/uploads\/2024\/10\/mazda_ez-6_66.jpeg","articleSection":["Annuel automobile"],"inLanguage":"fr-CA"},{"@type":"WebPage","@id":"https:\/\/news.canadamotorjobs.com\/fr\/la-mazda-ez-6-ev-pour-environ-30-000-en-chine\/","url":"https:\/\/news.canadamotorjobs.com\/fr\/la-mazda-ez-6-ev-pour-environ-30-000-en-chine\/","name":"La Mazda EZ-6 EV pour environ 30\u2009000 $ en Chine - CanadaMotorJobs.com","isPartOf":{"@id":"https:\/\/news.canadamotorjobs.com\/#website"},"primaryImageOfPage":{"@id":"https:\/\/news.canadamotorjobs.com\/fr\/la-mazda-ez-6-ev-pour-environ-30-000-en-chine\/#primaryimage"},"image":{"@id":"https:\/\/news.canadamotorjobs.com\/fr\/la-mazda-ez-6-ev-pour-environ-30-000-en-chine\/#primaryimage"},"thumbnailUrl":"https:\/\/news.canadamotorjobs.com\/wp-content\/uploads\/2024\/10\/mazda_ez-6_66.jpeg","datePublished":"2024-10-02T07:24:27+00:00","dateModified":"2024-10-02T07:29:19+00:00","description":"La Mazda EZ-6 EV pour environ 30\u2009000 $ en Chine - Benoit Charette - Annuel automobile - CanadaMotorJobs.com.","breadcrumb":{"@id":"https:\/\/news.canadamotorjobs.com\/fr\/la-mazda-ez-6-ev-pour-environ-30-000-en-chine\/#breadcrumb"},"inLanguage":"fr-CA","potentialAction":[{"@type":"ReadAction","target":["https:\/\/news.canadamotorjobs.com\/fr\/la-mazda-ez-6-ev-pour-environ-30-000-en-chine\/"]}]},{"@type":"ImageObject","inLanguage":"fr-CA","@id":"https:\/\/news.canadamotorjobs.com\/fr\/la-mazda-ez-6-ev-pour-environ-30-000-en-chine\/#primaryimage","url":"https:\/\/news.canadamotorjobs.com\/wp-content\/uploads\/2024\/10\/mazda_ez-6_66.jpeg","contentUrl":"https:\/\/news.canadamotorjobs.com\/wp-content\/uploads\/2024\/10\/mazda_ez-6_66.jpeg","width":1200,"height":675},{"@type":"BreadcrumbList","@id":"https:\/\/news.canadamotorjobs.com\/fr\/la-mazda-ez-6-ev-pour-environ-30-000-en-chine\/#breadcrumb","itemListElement":[{"@type":"ListItem","position":1,"name":"Home","item":"https:\/\/news.canadamotorjobs.com\/fr\/blog\/"},{"@type":"ListItem","position":2,"name":"La Mazda EZ-6 EV pour environ 30\u2009000 $ en Chine"}]},{"@type":"WebSite","@id":"https:\/\/news.canadamotorjobs.com\/#website","url":"https:\/\/news.canadamotorjobs.com\/","name":"CanadaMotorJobs.com","description":"Automotive Jobs","publisher":{"@id":"https:\/\/news.canadamotorjobs.com\/#organization"},"potentialAction":[{"@type":"SearchAction","target":{"@type":"EntryPoint","urlTemplate":"https:\/\/news.canadamotorjobs.com\/?s={search_term_string}"},"query-input":"required name=search_term_string"}],"inLanguage":"fr-CA"},{"@type":"Organization","@id":"https:\/\/news.canadamotorjobs.com\/#organization","name":"Canada Motor Jobs","url":"https:\/\/news.canadamotorjobs.com\/","logo":{"@type":"ImageObject","inLanguage":"fr-CA","@id":"https:\/\/news.canadamotorjobs.com\/#\/schema\/logo\/image\/","url":"https:\/\/news.canadamotorjobs.com\/wp-content\/uploads\/2022\/10\/logo-canada-motor-jobs-1.png","contentUrl":"https:\/\/news.canadamotorjobs.com\/wp-content\/uploads\/2022\/10\/logo-canada-motor-jobs-1.png","width":800,"height":400,"caption":"Canada Motor Jobs"},"image":{"@id":"https:\/\/news.canadamotorjobs.com\/#\/schema\/logo\/image\/"},"sameAs":["https:\/\/www.facebook.com\/canadamotorjobs\/","https:\/\/x.com\/canadamotorjobs","https:\/\/www.instagram.com\/canadamotorjobs\/","https:\/\/www.linkedin.com\/company\/canadamotorjobs"]},{"@type":"Person","@id":"https:\/\/news.canadamotorjobs.com\/#\/schema\/person\/51793d1f87d44011d7bcc2ed99269a90","name":"Benoit Charette","image":{"@type":"ImageObject","inLanguage":"fr-CA","@id":"https:\/\/news.canadamotorjobs.com\/#\/schema\/person\/image\/","url":"https:\/\/secure.gravatar.com\/avatar\/45f3d2eebcccd909668d7ce7ea7267b6?s=96&d=mm&r=g","contentUrl":"https:\/\/secure.gravatar.com\/avatar\/45f3d2eebcccd909668d7ce7ea7267b6?s=96&d=mm&r=g","caption":"Benoit Charette"},"description":"Benoit Charette \/ Propri\u00e9taire et r\u00e9dacteur en chef Benoit Charette pratique le journalisme automobile depuis bient\u00f4t 30 ans. Il a fait ses classes au c\u00f4t\u00e9 de Daniel H\u00e9raud et au Carnet de route de 1992 \u00e0 2001. Il est fondateur, copropri\u00e9taire et r\u00e9dacteur en chef de L\u2019Annuel de l\u2019automobile, qu\u2019il publie depuis 2001. Il a anim\u00e9 les \u00e9missions RPM et RPM+ sur V et les L\u00e9gendes de la route sur Historia. \u00c0 la radio depuis 1986, il reprend l\u2019antenne cette ann\u00e9e sur les ondes de Cogeco et participe pour la deuxi\u00e8me ann\u00e9e \u00e0 l\u2019\u00e9mission Passion Auto sur RDS en plus de mettre en ligne le site Web officiel de L\u2019Annuel de l\u2019automobile sur annuelauto.ca.","sameAs":["https:\/\/annuelauto.ca\/"],"url":"https:\/\/news.canadamotorjobs.com\/fr\/author\/benoit-charette\/"}]}},"_links":{"self":[{"href":"https:\/\/news.canadamotorjobs.com\/fr\/wp-json\/wp\/v2\/posts\/175272"}],"collection":[{"href":"https:\/\/news.canadamotorjobs.com\/fr\/wp-json\/wp\/v2\/posts"}],"about":[{"href":"https:\/\/news.canadamotorjobs.com\/fr\/wp-json\/wp\/v2\/types\/post"}],"author":[{"embeddable":true,"href":"https:\/\/news.canadamotorjobs.com\/fr\/wp-json\/wp\/v2\/users\/8"}],"replies":[{"embeddable":true,"href":"https:\/\/news.canadamotorjobs.com\/fr\/wp-json\/wp\/v2\/comments?post=175272"}],"version-history":[{"count":3,"href":"https:\/\/news.canadamotorjobs.com\/fr\/wp-json\/wp\/v2\/posts\/175272\/revisions"}],"predecessor-version":[{"id":175307,"href":"https:\/\/news.canadamotorjobs.com\/fr\/wp-json\/wp\/v2\/posts\/175272\/revisions\/175307"}],"wp:featuredmedia":[{"embeddable":true,"href":"https:\/\/news.canadamotorjobs.com\/fr\/wp-json\/wp\/v2\/media\/175274"}],"wp:attachment":[{"href":"https:\/\/news.canadamotorjobs.com\/fr\/wp-json\/wp\/v2\/media?parent=175272"}],"wp:term":[{"taxonomy":"category","embeddable":true,"href":"https:\/\/news.canadamotorjobs.com\/fr\/wp-json\/wp\/v2\/categories?post=175272"},{"taxonomy":"post_tag","embeddable":true,"href":"https:\/\/news.canadamotorjobs.com\/fr\/wp-json\/wp\/v2\/tags?post=175272"}],"curies":[{"name":"wp","href":"https:\/\/api.w.org\/{rel}","templated":true}]}}