{"id":175244,"date":"2024-10-02T03:24:27","date_gmt":"2024-10-02T07:24:27","guid":{"rendered":"https:\/\/news.canadamotorjobs.com\/?p=175244"},"modified":"2024-10-02T03:29:06","modified_gmt":"2024-10-02T07:29:06","slug":"volkswagen-revoit-ses-previsions-a-la-baisse-pour-2024-alors-que-la-demande-de-voitures-flechit","status":"publish","type":"post","link":"https:\/\/news.canadamotorjobs.com\/fr\/volkswagen-revoit-ses-previsions-a-la-baisse-pour-2024-alors-que-la-demande-de-voitures-flechit\/","title":{"rendered":"Volkswagen revoit ses pr\u00e9visions \u00e0 la baisse pour 2024 alors que la demande de voitures fl\u00e9chit"},"content":{"rendered":"<\/p>\n<p><strong>Une nouvelle r\u00e9duction des pr\u00e9visions<\/strong><\/p>\n<p>Vendredi dernier, Volkswagen a annonc\u00e9 qu\u2019elle r\u00e9duisait ses pr\u00e9visions annuelles, et ce, pour la deuxi\u00e8me fois en moins de trois mois. La principale raison \u00e9voqu\u00e9e est une performance plus faible que pr\u00e9vu au sein de sa division de voitures. Cette situation augmente la pression sur le premier constructeur automobile d\u2019Europe. Cette annonce s\u2019inscrit dans un contexte difficile pour les g\u00e9ants automobiles allemands, avec Mercedes-Benz et BMW qui ont \u00e9galement revu \u00e0 la baisse leurs pr\u00e9visions annuelles plus t\u00f4t ce mois-ci, en raison d\u2019un affaiblissement de la demande en Chine, le plus grand march\u00e9 automobile mondial.<\/p>\n<p><strong>Contexte social tendu<\/strong><\/p>\n<p>Cette nouvelle intervient deux jours apr\u00e8s que Volkswagen a entam\u00e9 des n\u00e9gociations cruciales avec IG Metall, le plus puissant syndicat d\u2019Allemagne, sur les questions de salaires et de protection de l\u2019emploi. Ce conflit historique pourrait conduire aux premi\u00e8res fermetures d\u2019usines allemandes dans l\u2019histoire du constructeur. Volkswagen pr\u00e9voit d\u00e9sormais une marge b\u00e9n\u00e9ficiaire d\u2019environ 5,6 % en 2024, contre une estimation initiale de 6,5 \u00e0 7,0 %. Ses pr\u00e9visions de ventes, initialement en hausse de 5 %, ont \u00e9galement \u00e9t\u00e9 r\u00e9vis\u00e9es \u00e0 la baisse, avec un recul attendu de 0,7 %, \u00e0 320 milliards d\u2019euros (356,7 milliards de dollars).<\/p>\n<p><strong>D\u00e9fis du march\u00e9 mondial<\/strong><\/p>\n<p>Volkswagen a d\u00e9clar\u00e9 qu\u2019elle abaissait ses pr\u00e9visions \u00ab en raison d\u2019un environnement de march\u00e9 difficile et de d\u00e9veloppements inf\u00e9rieurs aux attentes initiales \u00bb. Le constructeur allemand, qui d\u00e9tient des participations majoritaires dans Porsche et le g\u00e9ant des camions Traton, a \u00e9galement revu \u00e0 la baisse ses pr\u00e9visions de livraisons mondiales \u00e0 environ neuf millions de v\u00e9hicules, contre une pr\u00e9c\u00e9dente pr\u00e9vision d\u2019augmentation de 3 % par rapport aux 9,24 millions d\u2019unit\u00e9s livr\u00e9es en 2023.<\/p>\n<p><\/p>\n<figure><img decoding=\"async\" src=\"https:\/\/news.canadamotorjobs.com\/wp-content\/uploads\/2024\/10\/Volkswagen_ID.3_-10138-5.jpg\" alt=\"La Volkswagen ID.3 (Europe)\" \/><figcaption>La Volkswagen ID.3 (Europe) | Auto123.com<\/figcaption><\/figure>\n<p><strong>R\u00e9action du march\u00e9<\/strong><\/p>\n<p>Les actions de Volkswagen et de Porsche, cot\u00e9es \u00e0 Francfort, ont baiss\u00e9 respectivement de 0,7 % et de 1,6 % \u00e0 la suite de cette annonce. L\u2019\u00e9conomie mondiale, en ralentissement, a particuli\u00e8rement touch\u00e9 l\u2019Allemagne, un pays dont l\u2019\u00e9conomie repose sur les exportations, d\u00e9j\u00e0 affaibli par une p\u00e9nurie de main-d\u2019\u0153uvre qualifi\u00e9e, des prix de l\u2019\u00e9nergie \u00e9lev\u00e9s et la concurrence des rivaux asiatiques, moins chers.<\/p>\n<p><strong>Tensions g\u00e9opolitiques et perspectives am\u00e9ricaines<\/strong><\/p>\n<p>Comme le rapporte le site Reuters, les probl\u00e8mes rencontr\u00e9s par Volkswagen refl\u00e8tent une pression mondiale qui p\u00e8se sur l\u2019industrie automobile europ\u00e9enne. En outre, la Chine, acteur majeur de l\u2019industrie automobile, a \u00e9t\u00e9 au centre des d\u00e9bats lors de l\u2019\u00e9lection pr\u00e9sidentielle am\u00e9ricaine. Le candidat r\u00e9publicain, Donald Trump, a sugg\u00e9r\u00e9 que la Chine pourrait dominer la production automobile \u00e0 l\u2019avenir, tandis que l\u2019administration d\u00e9mocrate de Joe Biden a accus\u00e9 la Chine de saturer les march\u00e9s mondiaux avec ses exportations automobiles en raison d\u2019une surcapacit\u00e9.<\/p>\n<p>Volkswagen, qui doit publier ses r\u00e9sultats du troisi\u00e8me trimestre le 30 octobre, a annonc\u00e9 qu\u2019elle pr\u00e9voyait d\u00e9sormais un flux de tr\u00e9sorerie net de sa division automobile d\u2019environ 2 milliards d\u2019euros, contre une fourchette initiale de 2,5 \u00e0 4,5 milliards d\u2019euros.<\/p>\n<p><strong>Un avenir incertain<\/strong><\/p>\n<p>Les d\u00e9fis auxquels fait face Volkswagen et l\u2019industrie automobile europ\u00e9enne sont multiples, allant de la baisse de la demande \u00e0 des tensions g\u00e9opolitiques, en passant par des conflits sociaux internes.<\/p>\n<p>L\u2019ann\u00e9e 2024 s\u2019annonce difficile pour le constructeur, qui devra s\u2019adapter \u00e0 un environnement \u00e9conomique global en pleine mutation.<\/p>\n<p><\/p>\n<p style=\"padding-top: 15px\">Contenu original de <a href=\"https:\/\/www.auto123.com\/fr\/actualites\/volkswagen-revision-prevision-ventes-baisse\/71890\/\">auto123<\/a>.<\/p>\n<p>Le texte <a rel=\"nofollow\" href=\"https:\/\/annuelauto.ca\/volkswagen-revoit-ses-previsions-a-la-baisse-pour-2024-alors-que-la-demande-de-voitures-flechit\/\">Volkswagen revoit ses pr\u00e9visions \u00e0 la baisse pour 2024 alors que la demande de voitures fl\u00e9chit<\/a> provient de <a rel=\"nofollow\" href=\"https:\/\/annuelauto.ca\">L&#8217;annuel de l&#8217;automobile &#8211; Actualit\u00e9 automobile<\/a><\/p>\n<p><\/p>\n","protected":false},"excerpt":{"rendered":"<p>Une nouvelle r\u00e9duction des pr\u00e9visions Vendredi dernier, Volkswagen a annonc\u00e9 qu\u2019elle r\u00e9duisait ses pr\u00e9visions annuelles, et ce, pour la deuxi\u00e8me fois en moins de trois mois. La principale raison \u00e9voqu\u00e9e est une performance plus faible que pr\u00e9vu au sein de sa division de voitures. Cette situation augmente la pression sur le premier constructeur automobile d\u2019Europe. [&hellip;]<\/p>\n","protected":false},"author":8,"featured_media":175246,"comment_status":"close","ping_status":"closed","sticky":false,"template":"","format":"standard","meta":{"_monsterinsights_skip_tracking":false,"_monsterinsights_sitenote_active":false,"_monsterinsights_sitenote_note":"","_monsterinsights_sitenote_category":0,"footnotes":""},"categories":[101],"tags":[],"yoast_head":"<!-- This site is optimized with the Yoast SEO plugin v23.2 - https:\/\/yoast.com\/wordpress\/plugins\/seo\/ -->\n<title>Volkswagen revoit ses pr\u00e9visions \u00e0 la baisse pour 2024 alors que la demande de voitures fl\u00e9chit - CanadaMotorJobs.com<\/title>\n<meta name=\"description\" content=\"Volkswagen revoit ses pr\u00e9visions \u00e0 la baisse pour 2024 alors que la demande de voitures fl\u00e9chit - Benoit Charette - Annuel automobile - CanadaMotorJobs.com.\" \/>\n<meta name=\"robots\" content=\"index, follow, max-snippet:-1, max-image-preview:large, max-video-preview:-1\" \/>\n<meta property=\"og:locale\" content=\"fr_CA\" \/>\n<meta property=\"og:type\" content=\"article\" \/>\n<meta property=\"og:title\" content=\"Volkswagen revoit ses pr\u00e9visions \u00e0 la baisse pour 2024 alors que la demande de voitures fl\u00e9chit - CanadaMotorJobs.com\" \/>\n<meta property=\"og:description\" content=\"Volkswagen revoit ses pr\u00e9visions \u00e0 la baisse pour 2024 alors que la demande de voitures fl\u00e9chit - Benoit Charette - Annuel automobile - CanadaMotorJobs.com.\" \/>\n<meta property=\"og:url\" content=\"https:\/\/news.canadamotorjobs.com\/fr\/volkswagen-revoit-ses-previsions-a-la-baisse-pour-2024-alors-que-la-demande-de-voitures-flechit\/\" \/>\n<meta property=\"og:site_name\" content=\"CanadaMotorJobs.com\" \/>\n<meta property=\"article:publisher\" content=\"https:\/\/www.facebook.com\/canadamotorjobs\/\" \/>\n<meta property=\"article:published_time\" content=\"2024-10-02T07:24:27+00:00\" \/>\n<meta property=\"article:modified_time\" content=\"2024-10-02T07:29:06+00:00\" \/>\n<meta property=\"og:image\" content=\"https:\/\/news.canadamotorjobs.com\/wp-content\/uploads\/2024\/10\/Volkswagen_ID.3_-10138.jpg\" \/>\n\t<meta property=\"og:image:width\" content=\"1200\" \/>\n\t<meta property=\"og:image:height\" content=\"660\" \/>\n\t<meta property=\"og:image:type\" content=\"image\/jpeg\" \/>\n<meta name=\"author\" content=\"Benoit Charette\" \/>\n<meta name=\"twitter:card\" content=\"summary_large_image\" \/>\n<meta name=\"twitter:creator\" content=\"@canadamotorjobs\" \/>\n<meta name=\"twitter:site\" content=\"@canadamotorjobs\" \/>\n<meta name=\"twitter:label1\" content=\"\u00c9crit par\" \/>\n\t<meta name=\"twitter:data1\" content=\"Benoit Charette\" \/>\n\t<meta name=\"twitter:label2\" content=\"Estimation du temps de lecture\" \/>\n\t<meta name=\"twitter:data2\" content=\"3 minutes\" \/>\n<!-- \/ Yoast SEO plugin. -->","yoast_head_json":{"title":"Volkswagen revoit ses pr\u00e9visions \u00e0 la baisse pour 2024 alors que la demande de voitures fl\u00e9chit - CanadaMotorJobs.com","description":"Volkswagen revoit ses pr\u00e9visions \u00e0 la baisse pour 2024 alors que la demande de voitures fl\u00e9chit - Benoit Charette - Annuel automobile - CanadaMotorJobs.com.","robots":{"index":"index","follow":"follow","max-snippet":"max-snippet:-1","max-image-preview":"max-image-preview:large","max-video-preview":"max-video-preview:-1"},"og_locale":"fr_CA","og_type":"article","og_title":"Volkswagen revoit ses pr\u00e9visions \u00e0 la baisse pour 2024 alors que la demande de voitures fl\u00e9chit - CanadaMotorJobs.com","og_description":"Volkswagen revoit ses pr\u00e9visions \u00e0 la baisse pour 2024 alors que la demande de voitures fl\u00e9chit - Benoit Charette - Annuel automobile - CanadaMotorJobs.com.","og_url":"https:\/\/news.canadamotorjobs.com\/fr\/volkswagen-revoit-ses-previsions-a-la-baisse-pour-2024-alors-que-la-demande-de-voitures-flechit\/","og_site_name":"CanadaMotorJobs.com","article_publisher":"https:\/\/www.facebook.com\/canadamotorjobs\/","article_published_time":"2024-10-02T07:24:27+00:00","article_modified_time":"2024-10-02T07:29:06+00:00","og_image":[{"width":1200,"height":660,"url":"https:\/\/news.canadamotorjobs.com\/wp-content\/uploads\/2024\/10\/Volkswagen_ID.3_-10138.jpg","type":"image\/jpeg"}],"author":"Benoit Charette","twitter_card":"summary_large_image","twitter_creator":"@canadamotorjobs","twitter_site":"@canadamotorjobs","twitter_misc":{"\u00c9crit par":"Benoit Charette","Estimation du temps de lecture":"3 minutes"},"schema":{"@context":"https:\/\/schema.org","@graph":[{"@type":"Article","@id":"https:\/\/news.canadamotorjobs.com\/fr\/volkswagen-revoit-ses-previsions-a-la-baisse-pour-2024-alors-que-la-demande-de-voitures-flechit\/#article","isPartOf":{"@id":"https:\/\/news.canadamotorjobs.com\/fr\/volkswagen-revoit-ses-previsions-a-la-baisse-pour-2024-alors-que-la-demande-de-voitures-flechit\/"},"author":{"name":"Benoit Charette","@id":"https:\/\/news.canadamotorjobs.com\/#\/schema\/person\/51793d1f87d44011d7bcc2ed99269a90"},"headline":"Volkswagen revoit ses pr\u00e9visions \u00e0 la baisse pour 2024 alors que la demande de voitures fl\u00e9chit","datePublished":"2024-10-02T07:24:27+00:00","dateModified":"2024-10-02T07:29:06+00:00","mainEntityOfPage":{"@id":"https:\/\/news.canadamotorjobs.com\/fr\/volkswagen-revoit-ses-previsions-a-la-baisse-pour-2024-alors-que-la-demande-de-voitures-flechit\/"},"wordCount":633,"publisher":{"@id":"https:\/\/news.canadamotorjobs.com\/#organization"},"image":{"@id":"https:\/\/news.canadamotorjobs.com\/fr\/volkswagen-revoit-ses-previsions-a-la-baisse-pour-2024-alors-que-la-demande-de-voitures-flechit\/#primaryimage"},"thumbnailUrl":"https:\/\/news.canadamotorjobs.com\/wp-content\/uploads\/2024\/10\/Volkswagen_ID.3_-10138.jpg","articleSection":["Annuel automobile"],"inLanguage":"fr-CA"},{"@type":"WebPage","@id":"https:\/\/news.canadamotorjobs.com\/fr\/volkswagen-revoit-ses-previsions-a-la-baisse-pour-2024-alors-que-la-demande-de-voitures-flechit\/","url":"https:\/\/news.canadamotorjobs.com\/fr\/volkswagen-revoit-ses-previsions-a-la-baisse-pour-2024-alors-que-la-demande-de-voitures-flechit\/","name":"Volkswagen revoit ses pr\u00e9visions \u00e0 la baisse pour 2024 alors que la demande de voitures fl\u00e9chit - CanadaMotorJobs.com","isPartOf":{"@id":"https:\/\/news.canadamotorjobs.com\/#website"},"primaryImageOfPage":{"@id":"https:\/\/news.canadamotorjobs.com\/fr\/volkswagen-revoit-ses-previsions-a-la-baisse-pour-2024-alors-que-la-demande-de-voitures-flechit\/#primaryimage"},"image":{"@id":"https:\/\/news.canadamotorjobs.com\/fr\/volkswagen-revoit-ses-previsions-a-la-baisse-pour-2024-alors-que-la-demande-de-voitures-flechit\/#primaryimage"},"thumbnailUrl":"https:\/\/news.canadamotorjobs.com\/wp-content\/uploads\/2024\/10\/Volkswagen_ID.3_-10138.jpg","datePublished":"2024-10-02T07:24:27+00:00","dateModified":"2024-10-02T07:29:06+00:00","description":"Volkswagen revoit ses pr\u00e9visions \u00e0 la baisse pour 2024 alors que la demande de voitures fl\u00e9chit - Benoit Charette - Annuel automobile - CanadaMotorJobs.com.","breadcrumb":{"@id":"https:\/\/news.canadamotorjobs.com\/fr\/volkswagen-revoit-ses-previsions-a-la-baisse-pour-2024-alors-que-la-demande-de-voitures-flechit\/#breadcrumb"},"inLanguage":"fr-CA","potentialAction":[{"@type":"ReadAction","target":["https:\/\/news.canadamotorjobs.com\/fr\/volkswagen-revoit-ses-previsions-a-la-baisse-pour-2024-alors-que-la-demande-de-voitures-flechit\/"]}]},{"@type":"ImageObject","inLanguage":"fr-CA","@id":"https:\/\/news.canadamotorjobs.com\/fr\/volkswagen-revoit-ses-previsions-a-la-baisse-pour-2024-alors-que-la-demande-de-voitures-flechit\/#primaryimage","url":"https:\/\/news.canadamotorjobs.com\/wp-content\/uploads\/2024\/10\/Volkswagen_ID.3_-10138.jpg","contentUrl":"https:\/\/news.canadamotorjobs.com\/wp-content\/uploads\/2024\/10\/Volkswagen_ID.3_-10138.jpg","width":1200,"height":660},{"@type":"BreadcrumbList","@id":"https:\/\/news.canadamotorjobs.com\/fr\/volkswagen-revoit-ses-previsions-a-la-baisse-pour-2024-alors-que-la-demande-de-voitures-flechit\/#breadcrumb","itemListElement":[{"@type":"ListItem","position":1,"name":"Home","item":"https:\/\/news.canadamotorjobs.com\/fr\/blog\/"},{"@type":"ListItem","position":2,"name":"Volkswagen revoit ses pr\u00e9visions \u00e0 la baisse pour 2024 alors que la demande de voitures fl\u00e9chit"}]},{"@type":"WebSite","@id":"https:\/\/news.canadamotorjobs.com\/#website","url":"https:\/\/news.canadamotorjobs.com\/","name":"CanadaMotorJobs.com","description":"Automotive Jobs","publisher":{"@id":"https:\/\/news.canadamotorjobs.com\/#organization"},"potentialAction":[{"@type":"SearchAction","target":{"@type":"EntryPoint","urlTemplate":"https:\/\/news.canadamotorjobs.com\/?s={search_term_string}"},"query-input":"required name=search_term_string"}],"inLanguage":"fr-CA"},{"@type":"Organization","@id":"https:\/\/news.canadamotorjobs.com\/#organization","name":"Canada Motor Jobs","url":"https:\/\/news.canadamotorjobs.com\/","logo":{"@type":"ImageObject","inLanguage":"fr-CA","@id":"https:\/\/news.canadamotorjobs.com\/#\/schema\/logo\/image\/","url":"https:\/\/news.canadamotorjobs.com\/wp-content\/uploads\/2022\/10\/logo-canada-motor-jobs-1.png","contentUrl":"https:\/\/news.canadamotorjobs.com\/wp-content\/uploads\/2022\/10\/logo-canada-motor-jobs-1.png","width":800,"height":400,"caption":"Canada Motor Jobs"},"image":{"@id":"https:\/\/news.canadamotorjobs.com\/#\/schema\/logo\/image\/"},"sameAs":["https:\/\/www.facebook.com\/canadamotorjobs\/","https:\/\/x.com\/canadamotorjobs","https:\/\/www.instagram.com\/canadamotorjobs\/","https:\/\/www.linkedin.com\/company\/canadamotorjobs"]},{"@type":"Person","@id":"https:\/\/news.canadamotorjobs.com\/#\/schema\/person\/51793d1f87d44011d7bcc2ed99269a90","name":"Benoit Charette","image":{"@type":"ImageObject","inLanguage":"fr-CA","@id":"https:\/\/news.canadamotorjobs.com\/#\/schema\/person\/image\/","url":"https:\/\/secure.gravatar.com\/avatar\/45f3d2eebcccd909668d7ce7ea7267b6?s=96&d=mm&r=g","contentUrl":"https:\/\/secure.gravatar.com\/avatar\/45f3d2eebcccd909668d7ce7ea7267b6?s=96&d=mm&r=g","caption":"Benoit Charette"},"description":"Benoit Charette \/ Propri\u00e9taire et r\u00e9dacteur en chef Benoit Charette pratique le journalisme automobile depuis bient\u00f4t 30 ans. Il a fait ses classes au c\u00f4t\u00e9 de Daniel H\u00e9raud et au Carnet de route de 1992 \u00e0 2001. Il est fondateur, copropri\u00e9taire et r\u00e9dacteur en chef de L\u2019Annuel de l\u2019automobile, qu\u2019il publie depuis 2001. Il a anim\u00e9 les \u00e9missions RPM et RPM+ sur V et les L\u00e9gendes de la route sur Historia. \u00c0 la radio depuis 1986, il reprend l\u2019antenne cette ann\u00e9e sur les ondes de Cogeco et participe pour la deuxi\u00e8me ann\u00e9e \u00e0 l\u2019\u00e9mission Passion Auto sur RDS en plus de mettre en ligne le site Web officiel de L\u2019Annuel de l\u2019automobile sur annuelauto.ca.","sameAs":["https:\/\/annuelauto.ca\/"],"url":"https:\/\/news.canadamotorjobs.com\/fr\/author\/benoit-charette\/"}]}},"_links":{"self":[{"href":"https:\/\/news.canadamotorjobs.com\/fr\/wp-json\/wp\/v2\/posts\/175244"}],"collection":[{"href":"https:\/\/news.canadamotorjobs.com\/fr\/wp-json\/wp\/v2\/posts"}],"about":[{"href":"https:\/\/news.canadamotorjobs.com\/fr\/wp-json\/wp\/v2\/types\/post"}],"author":[{"embeddable":true,"href":"https:\/\/news.canadamotorjobs.com\/fr\/wp-json\/wp\/v2\/users\/8"}],"replies":[{"embeddable":true,"href":"https:\/\/news.canadamotorjobs.com\/fr\/wp-json\/wp\/v2\/comments?post=175244"}],"version-history":[{"count":3,"href":"https:\/\/news.canadamotorjobs.com\/fr\/wp-json\/wp\/v2\/posts\/175244\/revisions"}],"predecessor-version":[{"id":175271,"href":"https:\/\/news.canadamotorjobs.com\/fr\/wp-json\/wp\/v2\/posts\/175244\/revisions\/175271"}],"wp:featuredmedia":[{"embeddable":true,"href":"https:\/\/news.canadamotorjobs.com\/fr\/wp-json\/wp\/v2\/media\/175246"}],"wp:attachment":[{"href":"https:\/\/news.canadamotorjobs.com\/fr\/wp-json\/wp\/v2\/media?parent=175244"}],"wp:term":[{"taxonomy":"category","embeddable":true,"href":"https:\/\/news.canadamotorjobs.com\/fr\/wp-json\/wp\/v2\/categories?post=175244"},{"taxonomy":"post_tag","embeddable":true,"href":"https:\/\/news.canadamotorjobs.com\/fr\/wp-json\/wp\/v2\/tags?post=175244"}],"curies":[{"name":"wp","href":"https:\/\/api.w.org\/{rel}","templated":true}]}}