{"id":175189,"date":"2024-10-01T03:24:40","date_gmt":"2024-10-01T07:24:40","guid":{"rendered":"https:\/\/news.canadamotorjobs.com\/?p=175189"},"modified":"2024-10-01T03:29:22","modified_gmt":"2024-10-01T07:29:22","slug":"alfa-romeo-reduit-son-offre-a-une-variante-par-modele-en-2025","status":"publish","type":"post","link":"https:\/\/news.canadamotorjobs.com\/fr\/alfa-romeo-reduit-son-offre-a-une-variante-par-modele-en-2025\/","title":{"rendered":"Alfa Romeo r\u00e9duit son offre \u00e0 une variante par mod\u00e8le en 2025"},"content":{"rendered":"<\/p>\n<p>Alfa Romeo va r\u00e9duire son offre en Am\u00e9rique du Nord pour l\u2019ann\u00e9e mod\u00e8le 2025. Non, elle ne retirera pas l\u2019un de ses mod\u00e8les du march\u00e9, mais va plut\u00f4t r\u00e9duire la famille de chacun \u00e0 une seule d\u00e9clinaison.<\/p>\n<p>Le geste en dit long sur la situation fragile d\u2019Alfa Romeo, du moins de ce c\u00f4t\u00e9-ci de l\u2019Atlantique.<\/p>\n<p>Jusqu\u2019\u00e0 maintenant, on pouvait retrouver chacun des produits avec plusieurs niveaux de finition, soit Sprint, Ti, Veloce, Competizione, ainsi que Quadrifoglio (dont le d\u00e9part a d\u00e9j\u00e0 \u00e9t\u00e9 annonc\u00e9 pour 2025) dans le cas de la Giulia et du Stelvio. Pour le Tonale, au Canada, on retrouvait deux versions, soit Veloce et Sprint.<\/p>\n<p>Maintenant, ce sera une version, sans nom.<\/p>\n<p>Si jamais l\u2019un de ces mod\u00e8les est sur votre liste, il sera grand temps d\u2019agir, car ce genre de nouvelle n\u2019annonce rien d\u2019int\u00e9ressant pour la suite. Depuis son grand retour en Am\u00e9rique du Nord, les ventes n\u2019ont pas \u00e9t\u00e9 au rendez-vous pour Alfa Romeo. Aux \u00c9tats-Unis, la marque a vendu seulement 4,777 unit\u00e9s au cours des six premiers mois de l\u2019ann\u00e9e.<\/p>\n<p><\/p>\n<figure><img decoding=\"async\" src=\"https:\/\/news.canadamotorjobs.com\/wp-content\/uploads\/2024\/10\/alfa-romeo-giulia-estrema-2023_10-5.jpg\" \/><figcaption>Alfa Romeo r\u00e9duit son offre \u00e0 une variante par mod\u00e8le en 2025 | Auto123.com<\/figcaption><\/figure>\n<p><strong>Des changements \u00e0 venir ?<\/strong><\/p>\n<p>Ce que le geste pourrait signifier \u00e9galement, c\u2019est le remplacement de la gamme par des produits tout \u00e9lectriques. C\u2019est ce qui a d\u00e9j\u00e0 \u00e9t\u00e9 annonc\u00e9, mais les nouvelles ont \u00e9t\u00e9 rares sur les plans de la marque depuis un certain temps. Les Giulia et Stelvio \u00e9lectriques devraient reposer sur la m\u00eame plateforme STLA Large que la Dodge Charger 2025. Et, comme c\u2019est le cas avec la berline de Dodge, on pourrait voir des solutions \u00e0 essence c\u00f4toyer celle tout \u00e9lectrique pendant quelques ann\u00e9es.<\/p>\n<p>Il faudra suivre ce dossier de pr\u00e8s. Le moins que l\u2019on puisse dire, c\u2019est que \u00e7a brasse en interne chez Stellantis, o\u00f9 il y a du sable dans l\u2019engrenage. Les revenus sont \u00e0 la baisse cette ann\u00e9e, le chef de la direction (Carlos Tavares) est critiqu\u00e9 du c\u00f4t\u00e9 am\u00e9ricain, certaines marques peinent \u00e0 se faire une place, on vit toujours des probl\u00e8mes de qualit\u00e9s avec certains produits, sans compter qu\u2019avec d\u2019autres, la fiabilit\u00e9 demeure douteuse. Il y a du m\u00e9nage \u00e0 faire chez Stellantis.<\/p>\n<p>Et bien malin celui ou celle qui va deviner par quelle pi\u00e8ce de la maison le tout va s\u2019amorcer.<\/p>\n<p><\/p>\n<figure><img decoding=\"async\" src=\"https:\/\/news.canadamotorjobs.com\/wp-content\/uploads\/2024\/10\/Alfa-Romeo-Tonale-PHEV-2024-12-1.jpg\" alt=\"L&#039;Alfa Romeo Tonale\" \/><figcaption>L&#8217;Alfa Romeo Tonale | Auto123.com<\/figcaption><\/figure>\n<p style=\"padding-top: 15px\">Contenu original de <a href=\"https:\/\/www.auto123.com\/fr\/actualites\/alfa-romeo-2025-version-unique-modele\/71889\/\">auto123<\/a>.<\/p>\n<p>Le texte <a rel=\"nofollow\" href=\"https:\/\/annuelauto.ca\/alfa-romeo-reduit-son-offre-a-une-variante-par-modele-en-2025\/\">Alfa Romeo r\u00e9duit son offre \u00e0 une variante par mod\u00e8le en 2025<\/a> provient de <a rel=\"nofollow\" href=\"https:\/\/annuelauto.ca\">L&#8217;annuel de l&#8217;automobile &#8211; Actualit\u00e9 automobile<\/a><\/p>\n<p><\/p>\n","protected":false},"excerpt":{"rendered":"<p>Alfa Romeo va r\u00e9duire son offre en Am\u00e9rique du Nord pour l\u2019ann\u00e9e mod\u00e8le 2025. Non, elle ne retirera pas l\u2019un de ses mod\u00e8les du march\u00e9, mais va plut\u00f4t r\u00e9duire la famille de chacun \u00e0 une seule d\u00e9clinaison. Le geste en dit long sur la situation fragile d\u2019Alfa Romeo, du moins de ce c\u00f4t\u00e9-ci de l\u2019Atlantique. [&hellip;]<\/p>\n","protected":false},"author":8,"featured_media":175191,"comment_status":"close","ping_status":"closed","sticky":false,"template":"","format":"standard","meta":{"_monsterinsights_skip_tracking":false,"_monsterinsights_sitenote_active":false,"_monsterinsights_sitenote_note":"","_monsterinsights_sitenote_category":0,"footnotes":""},"categories":[101],"tags":[],"yoast_head":"<!-- This site is optimized with the Yoast SEO plugin v23.2 - https:\/\/yoast.com\/wordpress\/plugins\/seo\/ -->\n<title>Alfa Romeo r\u00e9duit son offre \u00e0 une variante par mod\u00e8le en 2025 - CanadaMotorJobs.com<\/title>\n<meta name=\"description\" content=\"Alfa Romeo r\u00e9duit son offre \u00e0 une variante par mod\u00e8le en 2025 - Benoit Charette - Annuel automobile - CanadaMotorJobs.com.\" \/>\n<meta name=\"robots\" content=\"index, follow, max-snippet:-1, max-image-preview:large, max-video-preview:-1\" \/>\n<meta property=\"og:locale\" content=\"fr_CA\" \/>\n<meta property=\"og:type\" content=\"article\" \/>\n<meta property=\"og:title\" content=\"Alfa Romeo r\u00e9duit son offre \u00e0 une variante par mod\u00e8le en 2025 - CanadaMotorJobs.com\" \/>\n<meta property=\"og:description\" content=\"Alfa Romeo r\u00e9duit son offre \u00e0 une variante par mod\u00e8le en 2025 - Benoit Charette - Annuel automobile - CanadaMotorJobs.com.\" \/>\n<meta property=\"og:url\" content=\"https:\/\/news.canadamotorjobs.com\/fr\/alfa-romeo-reduit-son-offre-a-une-variante-par-modele-en-2025\/\" \/>\n<meta property=\"og:site_name\" content=\"CanadaMotorJobs.com\" \/>\n<meta property=\"article:publisher\" content=\"https:\/\/www.facebook.com\/canadamotorjobs\/\" \/>\n<meta property=\"article:published_time\" content=\"2024-10-01T07:24:40+00:00\" \/>\n<meta property=\"article:modified_time\" content=\"2024-10-01T07:29:22+00:00\" \/>\n<meta property=\"og:image\" content=\"https:\/\/news.canadamotorjobs.com\/wp-content\/uploads\/2024\/10\/alfa-romeo-giulia-estrema-2023_10.jpg\" \/>\n\t<meta property=\"og:image:width\" content=\"1200\" \/>\n\t<meta property=\"og:image:height\" content=\"800\" \/>\n\t<meta property=\"og:image:type\" content=\"image\/jpeg\" \/>\n<meta name=\"author\" content=\"Benoit Charette\" \/>\n<meta name=\"twitter:card\" content=\"summary_large_image\" \/>\n<meta name=\"twitter:creator\" content=\"@canadamotorjobs\" \/>\n<meta name=\"twitter:site\" content=\"@canadamotorjobs\" \/>\n<meta name=\"twitter:label1\" content=\"\u00c9crit par\" \/>\n\t<meta name=\"twitter:data1\" content=\"Benoit Charette\" \/>\n\t<meta name=\"twitter:label2\" content=\"Estimation du temps de lecture\" \/>\n\t<meta name=\"twitter:data2\" content=\"2 minutes\" \/>\n<!-- \/ Yoast SEO plugin. -->","yoast_head_json":{"title":"Alfa Romeo r\u00e9duit son offre \u00e0 une variante par mod\u00e8le en 2025 - CanadaMotorJobs.com","description":"Alfa Romeo r\u00e9duit son offre \u00e0 une variante par mod\u00e8le en 2025 - Benoit Charette - Annuel automobile - CanadaMotorJobs.com.","robots":{"index":"index","follow":"follow","max-snippet":"max-snippet:-1","max-image-preview":"max-image-preview:large","max-video-preview":"max-video-preview:-1"},"og_locale":"fr_CA","og_type":"article","og_title":"Alfa Romeo r\u00e9duit son offre \u00e0 une variante par mod\u00e8le en 2025 - CanadaMotorJobs.com","og_description":"Alfa Romeo r\u00e9duit son offre \u00e0 une variante par mod\u00e8le en 2025 - Benoit Charette - Annuel automobile - CanadaMotorJobs.com.","og_url":"https:\/\/news.canadamotorjobs.com\/fr\/alfa-romeo-reduit-son-offre-a-une-variante-par-modele-en-2025\/","og_site_name":"CanadaMotorJobs.com","article_publisher":"https:\/\/www.facebook.com\/canadamotorjobs\/","article_published_time":"2024-10-01T07:24:40+00:00","article_modified_time":"2024-10-01T07:29:22+00:00","og_image":[{"width":1200,"height":800,"url":"https:\/\/news.canadamotorjobs.com\/wp-content\/uploads\/2024\/10\/alfa-romeo-giulia-estrema-2023_10.jpg","type":"image\/jpeg"}],"author":"Benoit Charette","twitter_card":"summary_large_image","twitter_creator":"@canadamotorjobs","twitter_site":"@canadamotorjobs","twitter_misc":{"\u00c9crit par":"Benoit Charette","Estimation du temps de lecture":"2 minutes"},"schema":{"@context":"https:\/\/schema.org","@graph":[{"@type":"Article","@id":"https:\/\/news.canadamotorjobs.com\/fr\/alfa-romeo-reduit-son-offre-a-une-variante-par-modele-en-2025\/#article","isPartOf":{"@id":"https:\/\/news.canadamotorjobs.com\/fr\/alfa-romeo-reduit-son-offre-a-une-variante-par-modele-en-2025\/"},"author":{"name":"Benoit Charette","@id":"https:\/\/news.canadamotorjobs.com\/#\/schema\/person\/51793d1f87d44011d7bcc2ed99269a90"},"headline":"Alfa Romeo r\u00e9duit son offre \u00e0 une variante par mod\u00e8le en 2025","datePublished":"2024-10-01T07:24:40+00:00","dateModified":"2024-10-01T07:29:22+00:00","mainEntityOfPage":{"@id":"https:\/\/news.canadamotorjobs.com\/fr\/alfa-romeo-reduit-son-offre-a-une-variante-par-modele-en-2025\/"},"wordCount":463,"publisher":{"@id":"https:\/\/news.canadamotorjobs.com\/#organization"},"image":{"@id":"https:\/\/news.canadamotorjobs.com\/fr\/alfa-romeo-reduit-son-offre-a-une-variante-par-modele-en-2025\/#primaryimage"},"thumbnailUrl":"https:\/\/news.canadamotorjobs.com\/wp-content\/uploads\/2024\/10\/alfa-romeo-giulia-estrema-2023_10.jpg","articleSection":["Annuel automobile"],"inLanguage":"fr-CA"},{"@type":"WebPage","@id":"https:\/\/news.canadamotorjobs.com\/fr\/alfa-romeo-reduit-son-offre-a-une-variante-par-modele-en-2025\/","url":"https:\/\/news.canadamotorjobs.com\/fr\/alfa-romeo-reduit-son-offre-a-une-variante-par-modele-en-2025\/","name":"Alfa Romeo r\u00e9duit son offre \u00e0 une variante par mod\u00e8le en 2025 - CanadaMotorJobs.com","isPartOf":{"@id":"https:\/\/news.canadamotorjobs.com\/#website"},"primaryImageOfPage":{"@id":"https:\/\/news.canadamotorjobs.com\/fr\/alfa-romeo-reduit-son-offre-a-une-variante-par-modele-en-2025\/#primaryimage"},"image":{"@id":"https:\/\/news.canadamotorjobs.com\/fr\/alfa-romeo-reduit-son-offre-a-une-variante-par-modele-en-2025\/#primaryimage"},"thumbnailUrl":"https:\/\/news.canadamotorjobs.com\/wp-content\/uploads\/2024\/10\/alfa-romeo-giulia-estrema-2023_10.jpg","datePublished":"2024-10-01T07:24:40+00:00","dateModified":"2024-10-01T07:29:22+00:00","description":"Alfa Romeo r\u00e9duit son offre \u00e0 une variante par mod\u00e8le en 2025 - Benoit Charette - Annuel automobile - CanadaMotorJobs.com.","breadcrumb":{"@id":"https:\/\/news.canadamotorjobs.com\/fr\/alfa-romeo-reduit-son-offre-a-une-variante-par-modele-en-2025\/#breadcrumb"},"inLanguage":"fr-CA","potentialAction":[{"@type":"ReadAction","target":["https:\/\/news.canadamotorjobs.com\/fr\/alfa-romeo-reduit-son-offre-a-une-variante-par-modele-en-2025\/"]}]},{"@type":"ImageObject","inLanguage":"fr-CA","@id":"https:\/\/news.canadamotorjobs.com\/fr\/alfa-romeo-reduit-son-offre-a-une-variante-par-modele-en-2025\/#primaryimage","url":"https:\/\/news.canadamotorjobs.com\/wp-content\/uploads\/2024\/10\/alfa-romeo-giulia-estrema-2023_10.jpg","contentUrl":"https:\/\/news.canadamotorjobs.com\/wp-content\/uploads\/2024\/10\/alfa-romeo-giulia-estrema-2023_10.jpg","width":1200,"height":800},{"@type":"BreadcrumbList","@id":"https:\/\/news.canadamotorjobs.com\/fr\/alfa-romeo-reduit-son-offre-a-une-variante-par-modele-en-2025\/#breadcrumb","itemListElement":[{"@type":"ListItem","position":1,"name":"Home","item":"https:\/\/news.canadamotorjobs.com\/fr\/blog\/"},{"@type":"ListItem","position":2,"name":"Alfa Romeo r\u00e9duit son offre \u00e0 une variante par mod\u00e8le en 2025"}]},{"@type":"WebSite","@id":"https:\/\/news.canadamotorjobs.com\/#website","url":"https:\/\/news.canadamotorjobs.com\/","name":"CanadaMotorJobs.com","description":"Automotive Jobs","publisher":{"@id":"https:\/\/news.canadamotorjobs.com\/#organization"},"potentialAction":[{"@type":"SearchAction","target":{"@type":"EntryPoint","urlTemplate":"https:\/\/news.canadamotorjobs.com\/?s={search_term_string}"},"query-input":"required name=search_term_string"}],"inLanguage":"fr-CA"},{"@type":"Organization","@id":"https:\/\/news.canadamotorjobs.com\/#organization","name":"Canada Motor Jobs","url":"https:\/\/news.canadamotorjobs.com\/","logo":{"@type":"ImageObject","inLanguage":"fr-CA","@id":"https:\/\/news.canadamotorjobs.com\/#\/schema\/logo\/image\/","url":"https:\/\/news.canadamotorjobs.com\/wp-content\/uploads\/2022\/10\/logo-canada-motor-jobs-1.png","contentUrl":"https:\/\/news.canadamotorjobs.com\/wp-content\/uploads\/2022\/10\/logo-canada-motor-jobs-1.png","width":800,"height":400,"caption":"Canada Motor Jobs"},"image":{"@id":"https:\/\/news.canadamotorjobs.com\/#\/schema\/logo\/image\/"},"sameAs":["https:\/\/www.facebook.com\/canadamotorjobs\/","https:\/\/x.com\/canadamotorjobs","https:\/\/www.instagram.com\/canadamotorjobs\/","https:\/\/www.linkedin.com\/company\/canadamotorjobs"]},{"@type":"Person","@id":"https:\/\/news.canadamotorjobs.com\/#\/schema\/person\/51793d1f87d44011d7bcc2ed99269a90","name":"Benoit Charette","image":{"@type":"ImageObject","inLanguage":"fr-CA","@id":"https:\/\/news.canadamotorjobs.com\/#\/schema\/person\/image\/","url":"https:\/\/secure.gravatar.com\/avatar\/45f3d2eebcccd909668d7ce7ea7267b6?s=96&d=mm&r=g","contentUrl":"https:\/\/secure.gravatar.com\/avatar\/45f3d2eebcccd909668d7ce7ea7267b6?s=96&d=mm&r=g","caption":"Benoit Charette"},"description":"Benoit Charette \/ Propri\u00e9taire et r\u00e9dacteur en chef Benoit Charette pratique le journalisme automobile depuis bient\u00f4t 30 ans. Il a fait ses classes au c\u00f4t\u00e9 de Daniel H\u00e9raud et au Carnet de route de 1992 \u00e0 2001. Il est fondateur, copropri\u00e9taire et r\u00e9dacteur en chef de L\u2019Annuel de l\u2019automobile, qu\u2019il publie depuis 2001. Il a anim\u00e9 les \u00e9missions RPM et RPM+ sur V et les L\u00e9gendes de la route sur Historia. \u00c0 la radio depuis 1986, il reprend l\u2019antenne cette ann\u00e9e sur les ondes de Cogeco et participe pour la deuxi\u00e8me ann\u00e9e \u00e0 l\u2019\u00e9mission Passion Auto sur RDS en plus de mettre en ligne le site Web officiel de L\u2019Annuel de l\u2019automobile sur annuelauto.ca.","sameAs":["https:\/\/annuelauto.ca\/"],"url":"https:\/\/news.canadamotorjobs.com\/fr\/author\/benoit-charette\/"}]}},"_links":{"self":[{"href":"https:\/\/news.canadamotorjobs.com\/fr\/wp-json\/wp\/v2\/posts\/175189"}],"collection":[{"href":"https:\/\/news.canadamotorjobs.com\/fr\/wp-json\/wp\/v2\/posts"}],"about":[{"href":"https:\/\/news.canadamotorjobs.com\/fr\/wp-json\/wp\/v2\/types\/post"}],"author":[{"embeddable":true,"href":"https:\/\/news.canadamotorjobs.com\/fr\/wp-json\/wp\/v2\/users\/8"}],"replies":[{"embeddable":true,"href":"https:\/\/news.canadamotorjobs.com\/fr\/wp-json\/wp\/v2\/comments?post=175189"}],"version-history":[{"count":3,"href":"https:\/\/news.canadamotorjobs.com\/fr\/wp-json\/wp\/v2\/posts\/175189\/revisions"}],"predecessor-version":[{"id":175220,"href":"https:\/\/news.canadamotorjobs.com\/fr\/wp-json\/wp\/v2\/posts\/175189\/revisions\/175220"}],"wp:featuredmedia":[{"embeddable":true,"href":"https:\/\/news.canadamotorjobs.com\/fr\/wp-json\/wp\/v2\/media\/175191"}],"wp:attachment":[{"href":"https:\/\/news.canadamotorjobs.com\/fr\/wp-json\/wp\/v2\/media?parent=175189"}],"wp:term":[{"taxonomy":"category","embeddable":true,"href":"https:\/\/news.canadamotorjobs.com\/fr\/wp-json\/wp\/v2\/categories?post=175189"},{"taxonomy":"post_tag","embeddable":true,"href":"https:\/\/news.canadamotorjobs.com\/fr\/wp-json\/wp\/v2\/tags?post=175189"}],"curies":[{"name":"wp","href":"https:\/\/api.w.org\/{rel}","templated":true}]}}