{"id":175077,"date":"2024-09-30T07:37:06","date_gmt":"2024-09-30T11:37:06","guid":{"rendered":"https:\/\/news.canadamotorjobs.com\/?p=175077"},"modified":"2024-09-30T07:44:11","modified_gmt":"2024-09-30T11:44:11","slug":"pourquoi-les-voitures-electriques-sont-moins-volees","status":"publish","type":"post","link":"https:\/\/news.canadamotorjobs.com\/fr\/pourquoi-les-voitures-electriques-sont-moins-volees\/","title":{"rendered":"Pourquoi les voitures \u00e9lectriques sont moins vol\u00e9es?"},"content":{"rendered":"<\/p>\n<p>Au Canada, le vol de voitures continue d&#8217;\u00eatre un probl\u00e8me important. En 2022, plus de <strong>78 000 v\u00e9hicules<\/strong> ont \u00e9t\u00e9 vol\u00e9s \u00e0 travers le pays, selon le <strong>Bureau d\u2019assurance du Canada (BAC)<\/strong>. Les voitures de luxe et les VUS restent les cibles principales des voleurs, en raison de leur grande valeur et de leur facilit\u00e9 \u00e0 \u00eatre revendues \u00e0 l&#8217;international, notamment en Afrique et au Moyen-Orient. Les mod\u00e8les les plus vol\u00e9s incluent des marques comme <strong>Lexus, Toyota<\/strong> et <strong>Honda<\/strong>.<\/p>\n<p>Le Qu\u00e9bec, quant \u00e0 lui, conna\u00eet une augmentation notable des vols de voitures. En 2022, la province a enregistr\u00e9 environ <strong>25 000 vols de v\u00e9hicules<\/strong>, un chiffre en hausse par rapport aux ann\u00e9es pr\u00e9c\u00e9dentes. Les v\u00e9hicules utilitaires sport (VUS) sont les cibles privil\u00e9gi\u00e9es, notamment les mod\u00e8les <strong>Toyota Highlander<\/strong>, <strong>Honda CR-V<\/strong> et <strong>Jeep Grand Cherokee<\/strong>. Montr\u00e9al est particuli\u00e8rement touch\u00e9e par cette recrudescence, repr\u00e9sentant pr\u00e8s de <strong>50 %<\/strong> des vols dans la province. Le ph\u00e9nom\u00e8ne des vols &#8220;\u00e0 la rel\u00e2che&#8221; (vols facilit\u00e9s par les syst\u00e8mes d&#8217;entr\u00e9e sans cl\u00e9) s\u2019est amplifi\u00e9, les voleurs utilisant des dispositifs pour amplifier le signal des porte-cl\u00e9s afin de d\u00e9marrer le v\u00e9hicule sans effraction.<\/p>\n<p>La majorit\u00e9 des voitures vol\u00e9es au Qu\u00e9bec sont destin\u00e9es \u00e0 \u00eatre export\u00e9es vers des march\u00e9s internationaux. Toutefois, certaines sont d\u00e9soss\u00e9es pour revendre les pi\u00e8ces sur le march\u00e9 noir. Le vol de <strong>convertisseurs catalytiques<\/strong> s\u2019ajoute \u00e9galement \u00e0 la liste des crimes croissants, en raison de la pr\u00e9sence de m\u00e9taux pr\u00e9cieux comme le palladium et le rhodium.Malgr\u00e9 ces tendances, les v\u00e9hicules \u00e9lectriques sont nettement moins vol\u00e9s que les voitures \u00e0 moteur thermique. Selon un rapport de l\u2019<strong>Highway Loss Data Institute<\/strong>, le mod\u00e8le <strong>Tesla Model 3<\/strong> (2021-2023) enregistre seulement <strong>1 vol pour 100 000 v\u00e9hicules assur\u00e9s<\/strong>.<\/p>\n<h3>Voici cinq raisons principales expliquant pourquoi les voleurs \u00e9vitent les voitures \u00e9lectriques :<\/h3>\n<p><\/p>\n<h4>1. Les voitures \u00e9lectriques sont des syst\u00e8mes de surveillance mobiles<\/h4>\n<p>\nLes voitures \u00e9lectriques, en particulier les <strong>Tesla<\/strong>, sont \u00e9quip\u00e9es de syst\u00e8mes de surveillance avanc\u00e9s comme le <strong>Sentry Mode<\/strong>. Cette fonctionnalit\u00e9 permet de filmer l\u2019environnement du v\u00e9hicule en permanence, d\u00e9courageant ainsi les voleurs. D&#8217;autres constructeurs suivent progressivement cette tendance, rendant leurs v\u00e9hicules plus s\u00fbrs.<\/p>\n<h4>2. Les logiciels des EV sont difficiles \u00e0 pirater<\/h4>\n<p>\nLes v\u00e9hicules \u00e9lectriques sont fortement d\u00e9pendants de leurs logiciels. Des entreprises comme <strong>Tesla<\/strong> emploient des sp\u00e9cialistes en s\u00e9curit\u00e9 pour d\u00e9tecter les failles, rendant leurs syst\u00e8mes plus difficiles \u00e0 pirater. Les concours de hacking sponsoris\u00e9s par Tesla ont renforc\u00e9 la s\u00e9curit\u00e9 de leurs v\u00e9hicules, dissuadant les voleurs.<\/p>\n<h4>3. Les voitures \u00e9lectriques rapportent leur position GPS en continu<\/h4>\n<p>\nGr\u00e2ce \u00e0 leur connexion permanente \u00e0 internet et \u00e0 leurs modules GPS, les voitures \u00e9lectriques peuvent \u00eatre facilement localis\u00e9es en cas de vol. M\u00eame si les voleurs d\u00e9sactivent les dispositifs de communication, cela reste une t\u00e2che complexe, ce qui d\u00e9courage la plupart des criminels.<\/p>\n<h4>4. Manque d&#8217;infrastructures de recharge dans les march\u00e9s de destination des v\u00e9hicules vol\u00e9s<\/h4>\n<p>\nLes v\u00e9hicules de grande valeur sont souvent vol\u00e9s pour \u00eatre revendus \u00e0 l\u2019\u00e9tranger, notamment en Afrique ou au Moyen-Orient. Cependant, dans ces r\u00e9gions, les infrastructures de recharge pour v\u00e9hicules \u00e9lectriques sont encore limit\u00e9es, rendant les voitures \u00e9lectriques moins attractives pour les voleurs.<\/p>\n<h4>5. Les pi\u00e8ces d\u00e9tach\u00e9es des EV sont difficiles \u00e0 vendre<\/h4>\n<p>\nLe march\u00e9 des pi\u00e8ces d\u00e9tach\u00e9es pour voitures \u00e9lectriques est limit\u00e9. La plupart des composants des v\u00e9hicules \u00e9lectriques sont suivis par les fabricants, et il est difficile de les r\u00e9utiliser sans une reconfiguration. Cela r\u00e9duit consid\u00e9rablement la valeur des pi\u00e8ces vol\u00e9es, rendant le vol d\u2019un v\u00e9hicule \u00e9lectrique moins rentable.<\/p>\n<p>\u00a0<\/p>\n<p>Le texte <a rel=\"nofollow\" href=\"https:\/\/annuelauto.ca\/pourquoi-les-voitures-electriques-sont-moins-volees\/\">Pourquoi les voitures \u00e9lectriques sont moins vol\u00e9es?<\/a> provient de <a rel=\"nofollow\" href=\"https:\/\/annuelauto.ca\">L&#8217;annuel de l&#8217;automobile &#8211; Actualit\u00e9 automobile<\/a><\/p>\n<p><\/p>\n","protected":false},"excerpt":{"rendered":"<p>Au Canada, le vol de voitures continue d&#8217;\u00eatre un probl\u00e8me important. En 2022, plus de 78 000 v\u00e9hicules ont \u00e9t\u00e9 vol\u00e9s \u00e0 travers le pays, selon le Bureau d\u2019assurance du Canada (BAC). Les voitures de luxe et les VUS restent les cibles principales des voleurs, en raison de leur grande valeur et de leur facilit\u00e9 [&hellip;]<\/p>\n","protected":false},"author":8,"featured_media":175079,"comment_status":"close","ping_status":"closed","sticky":false,"template":"","format":"standard","meta":{"_monsterinsights_skip_tracking":false,"_monsterinsights_sitenote_active":false,"_monsterinsights_sitenote_note":"","_monsterinsights_sitenote_category":0,"footnotes":""},"categories":[101],"tags":[],"yoast_head":"<!-- This site is optimized with the Yoast SEO plugin v23.2 - https:\/\/yoast.com\/wordpress\/plugins\/seo\/ -->\n<title>Pourquoi les voitures \u00e9lectriques sont moins vol\u00e9es? - CanadaMotorJobs.com<\/title>\n<meta name=\"description\" content=\"Pourquoi les voitures \u00e9lectriques sont moins vol\u00e9es? - Benoit Charette - Annuel automobile - CanadaMotorJobs.com.\" \/>\n<meta name=\"robots\" content=\"index, follow, max-snippet:-1, max-image-preview:large, max-video-preview:-1\" \/>\n<meta property=\"og:locale\" content=\"fr_CA\" \/>\n<meta property=\"og:type\" content=\"article\" \/>\n<meta property=\"og:title\" content=\"Pourquoi les voitures \u00e9lectriques sont moins vol\u00e9es? - CanadaMotorJobs.com\" \/>\n<meta property=\"og:description\" content=\"Pourquoi les voitures \u00e9lectriques sont moins vol\u00e9es? - Benoit Charette - Annuel automobile - CanadaMotorJobs.com.\" \/>\n<meta property=\"og:url\" content=\"https:\/\/news.canadamotorjobs.com\/fr\/pourquoi-les-voitures-electriques-sont-moins-volees\/\" \/>\n<meta property=\"og:site_name\" content=\"CanadaMotorJobs.com\" \/>\n<meta property=\"article:publisher\" content=\"https:\/\/www.facebook.com\/canadamotorjobs\/\" \/>\n<meta property=\"article:published_time\" content=\"2024-09-30T11:37:06+00:00\" \/>\n<meta property=\"article:modified_time\" content=\"2024-09-30T11:44:11+00:00\" \/>\n<meta property=\"og:image\" content=\"https:\/\/news.canadamotorjobs.com\/wp-content\/uploads\/2024\/09\/vol-auto.jpg\" \/>\n\t<meta property=\"og:image:width\" content=\"1200\" \/>\n\t<meta property=\"og:image:height\" content=\"675\" \/>\n\t<meta property=\"og:image:type\" content=\"image\/jpeg\" \/>\n<meta name=\"author\" content=\"Benoit Charette\" \/>\n<meta name=\"twitter:card\" content=\"summary_large_image\" \/>\n<meta name=\"twitter:creator\" content=\"@canadamotorjobs\" \/>\n<meta name=\"twitter:site\" content=\"@canadamotorjobs\" \/>\n<meta name=\"twitter:label1\" content=\"\u00c9crit par\" \/>\n\t<meta name=\"twitter:data1\" content=\"Benoit Charette\" \/>\n\t<meta name=\"twitter:label2\" content=\"Estimation du temps de lecture\" \/>\n\t<meta name=\"twitter:data2\" content=\"3 minutes\" \/>\n<!-- \/ Yoast SEO plugin. -->","yoast_head_json":{"title":"Pourquoi les voitures \u00e9lectriques sont moins vol\u00e9es? - CanadaMotorJobs.com","description":"Pourquoi les voitures \u00e9lectriques sont moins vol\u00e9es? - Benoit Charette - Annuel automobile - CanadaMotorJobs.com.","robots":{"index":"index","follow":"follow","max-snippet":"max-snippet:-1","max-image-preview":"max-image-preview:large","max-video-preview":"max-video-preview:-1"},"og_locale":"fr_CA","og_type":"article","og_title":"Pourquoi les voitures \u00e9lectriques sont moins vol\u00e9es? - CanadaMotorJobs.com","og_description":"Pourquoi les voitures \u00e9lectriques sont moins vol\u00e9es? - Benoit Charette - Annuel automobile - CanadaMotorJobs.com.","og_url":"https:\/\/news.canadamotorjobs.com\/fr\/pourquoi-les-voitures-electriques-sont-moins-volees\/","og_site_name":"CanadaMotorJobs.com","article_publisher":"https:\/\/www.facebook.com\/canadamotorjobs\/","article_published_time":"2024-09-30T11:37:06+00:00","article_modified_time":"2024-09-30T11:44:11+00:00","og_image":[{"width":1200,"height":675,"url":"https:\/\/news.canadamotorjobs.com\/wp-content\/uploads\/2024\/09\/vol-auto.jpg","type":"image\/jpeg"}],"author":"Benoit Charette","twitter_card":"summary_large_image","twitter_creator":"@canadamotorjobs","twitter_site":"@canadamotorjobs","twitter_misc":{"\u00c9crit par":"Benoit Charette","Estimation du temps de lecture":"3 minutes"},"schema":{"@context":"https:\/\/schema.org","@graph":[{"@type":"Article","@id":"https:\/\/news.canadamotorjobs.com\/fr\/pourquoi-les-voitures-electriques-sont-moins-volees\/#article","isPartOf":{"@id":"https:\/\/news.canadamotorjobs.com\/fr\/pourquoi-les-voitures-electriques-sont-moins-volees\/"},"author":{"name":"Benoit Charette","@id":"https:\/\/news.canadamotorjobs.com\/#\/schema\/person\/51793d1f87d44011d7bcc2ed99269a90"},"headline":"Pourquoi les voitures \u00e9lectriques sont moins vol\u00e9es?","datePublished":"2024-09-30T11:37:06+00:00","dateModified":"2024-09-30T11:44:11+00:00","mainEntityOfPage":{"@id":"https:\/\/news.canadamotorjobs.com\/fr\/pourquoi-les-voitures-electriques-sont-moins-volees\/"},"wordCount":663,"publisher":{"@id":"https:\/\/news.canadamotorjobs.com\/#organization"},"image":{"@id":"https:\/\/news.canadamotorjobs.com\/fr\/pourquoi-les-voitures-electriques-sont-moins-volees\/#primaryimage"},"thumbnailUrl":"https:\/\/news.canadamotorjobs.com\/wp-content\/uploads\/2024\/09\/vol-auto.jpg","articleSection":["Annuel automobile"],"inLanguage":"fr-CA"},{"@type":"WebPage","@id":"https:\/\/news.canadamotorjobs.com\/fr\/pourquoi-les-voitures-electriques-sont-moins-volees\/","url":"https:\/\/news.canadamotorjobs.com\/fr\/pourquoi-les-voitures-electriques-sont-moins-volees\/","name":"Pourquoi les voitures \u00e9lectriques sont moins vol\u00e9es? - CanadaMotorJobs.com","isPartOf":{"@id":"https:\/\/news.canadamotorjobs.com\/#website"},"primaryImageOfPage":{"@id":"https:\/\/news.canadamotorjobs.com\/fr\/pourquoi-les-voitures-electriques-sont-moins-volees\/#primaryimage"},"image":{"@id":"https:\/\/news.canadamotorjobs.com\/fr\/pourquoi-les-voitures-electriques-sont-moins-volees\/#primaryimage"},"thumbnailUrl":"https:\/\/news.canadamotorjobs.com\/wp-content\/uploads\/2024\/09\/vol-auto.jpg","datePublished":"2024-09-30T11:37:06+00:00","dateModified":"2024-09-30T11:44:11+00:00","description":"Pourquoi les voitures \u00e9lectriques sont moins vol\u00e9es? - Benoit Charette - Annuel automobile - CanadaMotorJobs.com.","breadcrumb":{"@id":"https:\/\/news.canadamotorjobs.com\/fr\/pourquoi-les-voitures-electriques-sont-moins-volees\/#breadcrumb"},"inLanguage":"fr-CA","potentialAction":[{"@type":"ReadAction","target":["https:\/\/news.canadamotorjobs.com\/fr\/pourquoi-les-voitures-electriques-sont-moins-volees\/"]}]},{"@type":"ImageObject","inLanguage":"fr-CA","@id":"https:\/\/news.canadamotorjobs.com\/fr\/pourquoi-les-voitures-electriques-sont-moins-volees\/#primaryimage","url":"https:\/\/news.canadamotorjobs.com\/wp-content\/uploads\/2024\/09\/vol-auto.jpg","contentUrl":"https:\/\/news.canadamotorjobs.com\/wp-content\/uploads\/2024\/09\/vol-auto.jpg","width":1200,"height":675},{"@type":"BreadcrumbList","@id":"https:\/\/news.canadamotorjobs.com\/fr\/pourquoi-les-voitures-electriques-sont-moins-volees\/#breadcrumb","itemListElement":[{"@type":"ListItem","position":1,"name":"Home","item":"https:\/\/news.canadamotorjobs.com\/fr\/blog\/"},{"@type":"ListItem","position":2,"name":"Pourquoi les voitures \u00e9lectriques sont moins vol\u00e9es?"}]},{"@type":"WebSite","@id":"https:\/\/news.canadamotorjobs.com\/#website","url":"https:\/\/news.canadamotorjobs.com\/","name":"CanadaMotorJobs.com","description":"Automotive Jobs","publisher":{"@id":"https:\/\/news.canadamotorjobs.com\/#organization"},"potentialAction":[{"@type":"SearchAction","target":{"@type":"EntryPoint","urlTemplate":"https:\/\/news.canadamotorjobs.com\/?s={search_term_string}"},"query-input":"required name=search_term_string"}],"inLanguage":"fr-CA"},{"@type":"Organization","@id":"https:\/\/news.canadamotorjobs.com\/#organization","name":"Canada Motor Jobs","url":"https:\/\/news.canadamotorjobs.com\/","logo":{"@type":"ImageObject","inLanguage":"fr-CA","@id":"https:\/\/news.canadamotorjobs.com\/#\/schema\/logo\/image\/","url":"https:\/\/news.canadamotorjobs.com\/wp-content\/uploads\/2022\/10\/logo-canada-motor-jobs-1.png","contentUrl":"https:\/\/news.canadamotorjobs.com\/wp-content\/uploads\/2022\/10\/logo-canada-motor-jobs-1.png","width":800,"height":400,"caption":"Canada Motor Jobs"},"image":{"@id":"https:\/\/news.canadamotorjobs.com\/#\/schema\/logo\/image\/"},"sameAs":["https:\/\/www.facebook.com\/canadamotorjobs\/","https:\/\/x.com\/canadamotorjobs","https:\/\/www.instagram.com\/canadamotorjobs\/","https:\/\/www.linkedin.com\/company\/canadamotorjobs"]},{"@type":"Person","@id":"https:\/\/news.canadamotorjobs.com\/#\/schema\/person\/51793d1f87d44011d7bcc2ed99269a90","name":"Benoit Charette","image":{"@type":"ImageObject","inLanguage":"fr-CA","@id":"https:\/\/news.canadamotorjobs.com\/#\/schema\/person\/image\/","url":"https:\/\/secure.gravatar.com\/avatar\/45f3d2eebcccd909668d7ce7ea7267b6?s=96&d=mm&r=g","contentUrl":"https:\/\/secure.gravatar.com\/avatar\/45f3d2eebcccd909668d7ce7ea7267b6?s=96&d=mm&r=g","caption":"Benoit Charette"},"description":"Benoit Charette \/ Propri\u00e9taire et r\u00e9dacteur en chef Benoit Charette pratique le journalisme automobile depuis bient\u00f4t 30 ans. Il a fait ses classes au c\u00f4t\u00e9 de Daniel H\u00e9raud et au Carnet de route de 1992 \u00e0 2001. Il est fondateur, copropri\u00e9taire et r\u00e9dacteur en chef de L\u2019Annuel de l\u2019automobile, qu\u2019il publie depuis 2001. Il a anim\u00e9 les \u00e9missions RPM et RPM+ sur V et les L\u00e9gendes de la route sur Historia. \u00c0 la radio depuis 1986, il reprend l\u2019antenne cette ann\u00e9e sur les ondes de Cogeco et participe pour la deuxi\u00e8me ann\u00e9e \u00e0 l\u2019\u00e9mission Passion Auto sur RDS en plus de mettre en ligne le site Web officiel de L\u2019Annuel de l\u2019automobile sur annuelauto.ca.","sameAs":["https:\/\/annuelauto.ca\/"],"url":"https:\/\/news.canadamotorjobs.com\/fr\/author\/benoit-charette\/"}]}},"_links":{"self":[{"href":"https:\/\/news.canadamotorjobs.com\/fr\/wp-json\/wp\/v2\/posts\/175077"}],"collection":[{"href":"https:\/\/news.canadamotorjobs.com\/fr\/wp-json\/wp\/v2\/posts"}],"about":[{"href":"https:\/\/news.canadamotorjobs.com\/fr\/wp-json\/wp\/v2\/types\/post"}],"author":[{"embeddable":true,"href":"https:\/\/news.canadamotorjobs.com\/fr\/wp-json\/wp\/v2\/users\/8"}],"replies":[{"embeddable":true,"href":"https:\/\/news.canadamotorjobs.com\/fr\/wp-json\/wp\/v2\/comments?post=175077"}],"version-history":[{"count":2,"href":"https:\/\/news.canadamotorjobs.com\/fr\/wp-json\/wp\/v2\/posts\/175077\/revisions"}],"predecessor-version":[{"id":175081,"href":"https:\/\/news.canadamotorjobs.com\/fr\/wp-json\/wp\/v2\/posts\/175077\/revisions\/175081"}],"wp:featuredmedia":[{"embeddable":true,"href":"https:\/\/news.canadamotorjobs.com\/fr\/wp-json\/wp\/v2\/media\/175079"}],"wp:attachment":[{"href":"https:\/\/news.canadamotorjobs.com\/fr\/wp-json\/wp\/v2\/media?parent=175077"}],"wp:term":[{"taxonomy":"category","embeddable":true,"href":"https:\/\/news.canadamotorjobs.com\/fr\/wp-json\/wp\/v2\/categories?post=175077"},{"taxonomy":"post_tag","embeddable":true,"href":"https:\/\/news.canadamotorjobs.com\/fr\/wp-json\/wp\/v2\/tags?post=175077"}],"curies":[{"name":"wp","href":"https:\/\/api.w.org\/{rel}","templated":true}]}}