{"id":175058,"date":"2024-09-29T21:12:27","date_gmt":"2024-09-30T01:12:27","guid":{"rendered":"https:\/\/news.canadamotorjobs.com\/?p=175058"},"modified":"2024-09-29T21:29:26","modified_gmt":"2024-09-30T01:29:26","slug":"toyota-se-prepare-a-feter-les-30-ans-du-rav4-en-allemagne","status":"publish","type":"post","link":"https:\/\/news.canadamotorjobs.com\/fr\/toyota-se-prepare-a-feter-les-30-ans-du-rav4-en-allemagne\/","title":{"rendered":"Toyota se pr\u00e9pare \u00e0 f\u00eater les 30 ans du RAV4\u2026 en Allemagne"},"content":{"rendered":"<\/p>\n<p>Alors qu\u2019en Am\u00e9rique du Nord, <a href=\"https:\/\/annuelauto.ca\/toyota-a-produit-11-millions-de-vehicules-au-canada-et-ca-continue\/\" target=\"_blank\" rel=\"noopener noreferrer\">Toyota<\/a> annon\u00e7ait cette semaine que le <a href=\"https:\/\/annuelauto.ca\/toyota-abandonne-le-nom-prime-au-profit-de-plug-in-hybrid\/\" target=\"_blank\" rel=\"noopener noreferrer\">RAV4\u00a0Prime<\/a> s\u2019appellerait d\u00e9sormais tout simplement RAV4 hybride branchage, en Allemagne, on se pr\u00e9pare \u00e0 une c\u00e9l\u00e9bration entourant ce v\u00e9hicule. Car le samedi 5\u00a0octobre prochain, au mus\u00e9e Toyota Collection de Cologne, on f\u00eatera le 30e\u00a0anniversaire de cet utilitaire hautement populaire \u00e0 travers le monde.<\/p>\n<p>M\u00eame si son histoire remonte \u00e0 octobre\u00a01989, avec le d\u00e9voilement d\u2019un v\u00e9hicule-concept \u00ab\u00a0n\u00e9o-urbain\u00a0\u00bb appel\u00e9 RAV-Four, qui ressemblait \u00e0 un jouet Tonka grandeur nature, c\u2019est le 10\u00a0mai\u00a01994 que le RAV4, mod\u00e8le de s\u00e9rie qui en d\u00e9coulait, a \u00e9t\u00e9 lanc\u00e9 sur le march\u00e9 nippon. Un communiqu\u00e9 publi\u00e9 \u00e0 cette occasion fait d\u2019ailleurs l\u2019\u00e9loge de son design polyvalent sur les loisirs, d\u2019o\u00f9 son nom issu d\u2019une contraction de l\u2019expression \u00ab <em><strong>R<\/strong>ecreational <strong>A<\/strong>ctive <strong>V<\/strong>ehicle <strong>4<\/strong>-wheel drive<\/em> \u00bb.<\/p>\n<p>\u00c0 ses premi\u00e8res heures, Toyota n\u2019offrira que des versions \u00e0 3\u00a0portes affubl\u00e9es d\u2019appellations \u00e9voquant, toujours selon le communiqu\u00e9, la libert\u00e9 (RAV4\u00a0L pour <em>Liberty<\/em>) et son caract\u00e8re enjou\u00e9 (RAV4\u00a0J pour <em>Joyful<\/em>). Un peu plus long que le Suzuki <a href=\"https:\/\/annuelauto.ca\/ces-2024-a-las-vegas-vinfast-confirme-la-commercialisation-du-vf-3-en-amerique-du-nord\/\" target=\"_blank\" rel=\"noopener noreferrer\">Sidekick<\/a> d\u2019alors (3\u00a0695\u00a0mm contre 3\u00a0560), le RAV4 originel est offert avec deux ou quatre roues motrices et un 4-cylindres de 2,0\u00a0L produisant 135\u00a0ch.<\/p>\n<p>En mars 1995, Toyota lance une variante \u00e0 5-portes, mod\u00e8le qui fera son entr\u00e9e chez les concessionnaires canadiens en septembre de l\u2019ann\u00e9e suivante, \u00e0 l\u2019instar du 3-portes. Dans <em>Le\u00a0Soleil<\/em>, le chroniqueur Marcel Collard qualifie \u00e0 juste de titre ce nouveau venu de \u00ab 4&#215;4 pour la ville qui n\u2019aspire pas \u00e0 une r\u00e9putation de coureur des bois \u00bb, alors que Denis Duquet, dans <em>La\u00a0Presse<\/em>, le d\u00e9crit comme le fruit d\u2019un \u00ab march\u00e9 en \u00e9bullition \u00bb. Car c\u2019est une \u00e9poque o\u00f9, chez nous, les petits utilitaires du genre se multiplient.<\/p>\n<p>En Am\u00e9rique du Nord, le premier RAV4 devra se contenter de 120\u00a0ch et il sera relativement co\u00fbteux. Offert \u00e0 partir de 23\u00a0078\u00a0$, le mod\u00e8le \u00e0 5\u00a0portes sera aussi co\u00fbteux qu\u2019une berline Corolla tout \u00e9quip\u00e9e (22\u00a0978\u00a0$). Pour Toyota, cependant, ce mod\u00e8le ouvrira la porte d\u2019un cr\u00e9neau naissant, ce qui permettra au RAV4 de cinqui\u00e8me g\u00e9n\u00e9ration, 28\u00a0ans plus tard, de devenir son mod\u00e8le le plus populaire au Canada, et de loin\u00a0!<\/p>\n<p>Au cours des trois d\u00e9cennies de son existence, plus de 14 millions de RAV4 trouveront preneur sur la plan\u00e8te. La version 3-portes de la premi\u00e8re heure ne fera toutefois pas long feu sur notre march\u00e9. Elle dispara\u00eetra du catalogue canadien avec l\u2019arriv\u00e9e de la seconde g\u00e9n\u00e9ration, au tournant du 21e si\u00e8cle. Puis, trop t\u00f4t, on verra appara\u00eetre des versions \u00e9lectriques qui resteront sans lendemain. Car jusqu\u2019ici, le constructeur a pr\u00e9f\u00e9r\u00e9 limiter l\u2019\u00e9lectrification de son chouchou \u00e0 deux motorisations hybrides\u00a0: une non branchable avare de carburant, de m\u00eame qu\u2019une branchable, qui para\u00eet d\u00e9brid\u00e9e et procure 302\u00a0ch avec un 0-96\u00a0km\/h d\u2019environ 5,5\u00a0s\u00a0! Visiblement, l\u2019histoire du RAV4 est loin d\u2019\u00eatre termin\u00e9e.<\/p>\n<p><em>Photos : Toyota<\/em><\/p>\n<p>Le texte <a rel=\"nofollow\" href=\"https:\/\/annuelauto.ca\/toyota-se-prepare-a-feter-les-30-ans-du-rav4-en-allemagne\/\">Toyota se pr\u00e9pare \u00e0 f\u00eater les 30 ans du RAV4\u2026 en Allemagne<\/a> provient de <a rel=\"nofollow\" href=\"https:\/\/annuelauto.ca\">L&#8217;annuel de l&#8217;automobile &#8211; Actualit\u00e9 automobile<\/a><\/p>\n<p><\/p>\n","protected":false},"excerpt":{"rendered":"<p>Alors qu\u2019en Am\u00e9rique du Nord, Toyota annon\u00e7ait cette semaine que le RAV4\u00a0Prime s\u2019appellerait d\u00e9sormais tout simplement RAV4 hybride branchage, en Allemagne, on se pr\u00e9pare \u00e0 une c\u00e9l\u00e9bration entourant ce v\u00e9hicule. Car le samedi 5\u00a0octobre prochain, au mus\u00e9e Toyota Collection de Cologne, on f\u00eatera le 30e\u00a0anniversaire de cet utilitaire hautement populaire \u00e0 travers le monde. M\u00eame [&hellip;]<\/p>\n","protected":false},"author":8,"featured_media":175060,"comment_status":"close","ping_status":"closed","sticky":false,"template":"","format":"standard","meta":{"_monsterinsights_skip_tracking":false,"_monsterinsights_sitenote_active":false,"_monsterinsights_sitenote_note":"","_monsterinsights_sitenote_category":0,"footnotes":""},"categories":[101],"tags":[],"yoast_head":"<!-- This site is optimized with the Yoast SEO plugin v23.2 - https:\/\/yoast.com\/wordpress\/plugins\/seo\/ -->\n<title>Toyota se pr\u00e9pare \u00e0 f\u00eater les 30 ans du RAV4\u2026 en Allemagne - CanadaMotorJobs.com<\/title>\n<meta name=\"description\" content=\"Toyota se pr\u00e9pare \u00e0 f\u00eater les 30 ans du RAV4\u2026 en Allemagne - Benoit Charette - Annuel automobile - CanadaMotorJobs.com.\" \/>\n<meta name=\"robots\" content=\"index, follow, max-snippet:-1, max-image-preview:large, max-video-preview:-1\" \/>\n<meta property=\"og:locale\" content=\"fr_CA\" \/>\n<meta property=\"og:type\" content=\"article\" \/>\n<meta property=\"og:title\" content=\"Toyota se pr\u00e9pare \u00e0 f\u00eater les 30 ans du RAV4\u2026 en Allemagne - CanadaMotorJobs.com\" \/>\n<meta property=\"og:description\" content=\"Toyota se pr\u00e9pare \u00e0 f\u00eater les 30 ans du RAV4\u2026 en Allemagne - Benoit Charette - Annuel automobile - CanadaMotorJobs.com.\" \/>\n<meta property=\"og:url\" content=\"https:\/\/news.canadamotorjobs.com\/fr\/toyota-se-prepare-a-feter-les-30-ans-du-rav4-en-allemagne\/\" \/>\n<meta property=\"og:site_name\" content=\"CanadaMotorJobs.com\" \/>\n<meta property=\"article:publisher\" content=\"https:\/\/www.facebook.com\/canadamotorjobs\/\" \/>\n<meta property=\"article:published_time\" content=\"2024-09-30T01:12:27+00:00\" \/>\n<meta property=\"article:modified_time\" content=\"2024-09-30T01:29:26+00:00\" \/>\n<meta property=\"og:image\" content=\"https:\/\/news.canadamotorjobs.com\/wp-content\/uploads\/2024\/09\/Toyota-RAV4-1ere-GEN-1.jpg\" \/>\n\t<meta property=\"og:image:width\" content=\"1024\" \/>\n\t<meta property=\"og:image:height\" content=\"683\" \/>\n\t<meta property=\"og:image:type\" content=\"image\/jpeg\" \/>\n<meta name=\"author\" content=\"Benoit Charette\" \/>\n<meta name=\"twitter:card\" content=\"summary_large_image\" \/>\n<meta name=\"twitter:creator\" content=\"@canadamotorjobs\" \/>\n<meta name=\"twitter:site\" content=\"@canadamotorjobs\" \/>\n<meta name=\"twitter:label1\" content=\"\u00c9crit par\" \/>\n\t<meta name=\"twitter:data1\" content=\"Benoit Charette\" \/>\n\t<meta name=\"twitter:label2\" content=\"Estimation du temps de lecture\" \/>\n\t<meta name=\"twitter:data2\" content=\"3 minutes\" \/>\n<!-- \/ Yoast SEO plugin. -->","yoast_head_json":{"title":"Toyota se pr\u00e9pare \u00e0 f\u00eater les 30 ans du RAV4\u2026 en Allemagne - CanadaMotorJobs.com","description":"Toyota se pr\u00e9pare \u00e0 f\u00eater les 30 ans du RAV4\u2026 en Allemagne - Benoit Charette - Annuel automobile - CanadaMotorJobs.com.","robots":{"index":"index","follow":"follow","max-snippet":"max-snippet:-1","max-image-preview":"max-image-preview:large","max-video-preview":"max-video-preview:-1"},"og_locale":"fr_CA","og_type":"article","og_title":"Toyota se pr\u00e9pare \u00e0 f\u00eater les 30 ans du RAV4\u2026 en Allemagne - CanadaMotorJobs.com","og_description":"Toyota se pr\u00e9pare \u00e0 f\u00eater les 30 ans du RAV4\u2026 en Allemagne - Benoit Charette - Annuel automobile - CanadaMotorJobs.com.","og_url":"https:\/\/news.canadamotorjobs.com\/fr\/toyota-se-prepare-a-feter-les-30-ans-du-rav4-en-allemagne\/","og_site_name":"CanadaMotorJobs.com","article_publisher":"https:\/\/www.facebook.com\/canadamotorjobs\/","article_published_time":"2024-09-30T01:12:27+00:00","article_modified_time":"2024-09-30T01:29:26+00:00","og_image":[{"width":1024,"height":683,"url":"https:\/\/news.canadamotorjobs.com\/wp-content\/uploads\/2024\/09\/Toyota-RAV4-1ere-GEN-1.jpg","type":"image\/jpeg"}],"author":"Benoit Charette","twitter_card":"summary_large_image","twitter_creator":"@canadamotorjobs","twitter_site":"@canadamotorjobs","twitter_misc":{"\u00c9crit par":"Benoit Charette","Estimation du temps de lecture":"3 minutes"},"schema":{"@context":"https:\/\/schema.org","@graph":[{"@type":"Article","@id":"https:\/\/news.canadamotorjobs.com\/fr\/toyota-se-prepare-a-feter-les-30-ans-du-rav4-en-allemagne\/#article","isPartOf":{"@id":"https:\/\/news.canadamotorjobs.com\/fr\/toyota-se-prepare-a-feter-les-30-ans-du-rav4-en-allemagne\/"},"author":{"name":"Benoit Charette","@id":"https:\/\/news.canadamotorjobs.com\/#\/schema\/person\/51793d1f87d44011d7bcc2ed99269a90"},"headline":"Toyota se pr\u00e9pare \u00e0 f\u00eater les 30 ans du RAV4\u2026 en Allemagne","datePublished":"2024-09-30T01:12:27+00:00","dateModified":"2024-09-30T01:29:26+00:00","mainEntityOfPage":{"@id":"https:\/\/news.canadamotorjobs.com\/fr\/toyota-se-prepare-a-feter-les-30-ans-du-rav4-en-allemagne\/"},"wordCount":552,"publisher":{"@id":"https:\/\/news.canadamotorjobs.com\/#organization"},"image":{"@id":"https:\/\/news.canadamotorjobs.com\/fr\/toyota-se-prepare-a-feter-les-30-ans-du-rav4-en-allemagne\/#primaryimage"},"thumbnailUrl":"https:\/\/news.canadamotorjobs.com\/wp-content\/uploads\/2024\/09\/Toyota-RAV4-1ere-GEN-1.jpg","articleSection":["Annuel automobile"],"inLanguage":"fr-CA"},{"@type":"WebPage","@id":"https:\/\/news.canadamotorjobs.com\/fr\/toyota-se-prepare-a-feter-les-30-ans-du-rav4-en-allemagne\/","url":"https:\/\/news.canadamotorjobs.com\/fr\/toyota-se-prepare-a-feter-les-30-ans-du-rav4-en-allemagne\/","name":"Toyota se pr\u00e9pare \u00e0 f\u00eater les 30 ans du RAV4\u2026 en Allemagne - CanadaMotorJobs.com","isPartOf":{"@id":"https:\/\/news.canadamotorjobs.com\/#website"},"primaryImageOfPage":{"@id":"https:\/\/news.canadamotorjobs.com\/fr\/toyota-se-prepare-a-feter-les-30-ans-du-rav4-en-allemagne\/#primaryimage"},"image":{"@id":"https:\/\/news.canadamotorjobs.com\/fr\/toyota-se-prepare-a-feter-les-30-ans-du-rav4-en-allemagne\/#primaryimage"},"thumbnailUrl":"https:\/\/news.canadamotorjobs.com\/wp-content\/uploads\/2024\/09\/Toyota-RAV4-1ere-GEN-1.jpg","datePublished":"2024-09-30T01:12:27+00:00","dateModified":"2024-09-30T01:29:26+00:00","description":"Toyota se pr\u00e9pare \u00e0 f\u00eater les 30 ans du RAV4\u2026 en Allemagne - Benoit Charette - Annuel automobile - CanadaMotorJobs.com.","breadcrumb":{"@id":"https:\/\/news.canadamotorjobs.com\/fr\/toyota-se-prepare-a-feter-les-30-ans-du-rav4-en-allemagne\/#breadcrumb"},"inLanguage":"fr-CA","potentialAction":[{"@type":"ReadAction","target":["https:\/\/news.canadamotorjobs.com\/fr\/toyota-se-prepare-a-feter-les-30-ans-du-rav4-en-allemagne\/"]}]},{"@type":"ImageObject","inLanguage":"fr-CA","@id":"https:\/\/news.canadamotorjobs.com\/fr\/toyota-se-prepare-a-feter-les-30-ans-du-rav4-en-allemagne\/#primaryimage","url":"https:\/\/news.canadamotorjobs.com\/wp-content\/uploads\/2024\/09\/Toyota-RAV4-1ere-GEN-1.jpg","contentUrl":"https:\/\/news.canadamotorjobs.com\/wp-content\/uploads\/2024\/09\/Toyota-RAV4-1ere-GEN-1.jpg","width":1024,"height":683},{"@type":"BreadcrumbList","@id":"https:\/\/news.canadamotorjobs.com\/fr\/toyota-se-prepare-a-feter-les-30-ans-du-rav4-en-allemagne\/#breadcrumb","itemListElement":[{"@type":"ListItem","position":1,"name":"Home","item":"https:\/\/news.canadamotorjobs.com\/fr\/blog\/"},{"@type":"ListItem","position":2,"name":"Toyota se pr\u00e9pare \u00e0 f\u00eater les 30 ans du RAV4\u2026 en Allemagne"}]},{"@type":"WebSite","@id":"https:\/\/news.canadamotorjobs.com\/#website","url":"https:\/\/news.canadamotorjobs.com\/","name":"CanadaMotorJobs.com","description":"Automotive Jobs","publisher":{"@id":"https:\/\/news.canadamotorjobs.com\/#organization"},"potentialAction":[{"@type":"SearchAction","target":{"@type":"EntryPoint","urlTemplate":"https:\/\/news.canadamotorjobs.com\/?s={search_term_string}"},"query-input":"required name=search_term_string"}],"inLanguage":"fr-CA"},{"@type":"Organization","@id":"https:\/\/news.canadamotorjobs.com\/#organization","name":"Canada Motor Jobs","url":"https:\/\/news.canadamotorjobs.com\/","logo":{"@type":"ImageObject","inLanguage":"fr-CA","@id":"https:\/\/news.canadamotorjobs.com\/#\/schema\/logo\/image\/","url":"https:\/\/news.canadamotorjobs.com\/wp-content\/uploads\/2022\/10\/logo-canada-motor-jobs-1.png","contentUrl":"https:\/\/news.canadamotorjobs.com\/wp-content\/uploads\/2022\/10\/logo-canada-motor-jobs-1.png","width":800,"height":400,"caption":"Canada Motor Jobs"},"image":{"@id":"https:\/\/news.canadamotorjobs.com\/#\/schema\/logo\/image\/"},"sameAs":["https:\/\/www.facebook.com\/canadamotorjobs\/","https:\/\/x.com\/canadamotorjobs","https:\/\/www.instagram.com\/canadamotorjobs\/","https:\/\/www.linkedin.com\/company\/canadamotorjobs"]},{"@type":"Person","@id":"https:\/\/news.canadamotorjobs.com\/#\/schema\/person\/51793d1f87d44011d7bcc2ed99269a90","name":"Benoit Charette","image":{"@type":"ImageObject","inLanguage":"fr-CA","@id":"https:\/\/news.canadamotorjobs.com\/#\/schema\/person\/image\/","url":"https:\/\/secure.gravatar.com\/avatar\/45f3d2eebcccd909668d7ce7ea7267b6?s=96&d=mm&r=g","contentUrl":"https:\/\/secure.gravatar.com\/avatar\/45f3d2eebcccd909668d7ce7ea7267b6?s=96&d=mm&r=g","caption":"Benoit Charette"},"description":"Benoit Charette \/ Propri\u00e9taire et r\u00e9dacteur en chef Benoit Charette pratique le journalisme automobile depuis bient\u00f4t 30 ans. Il a fait ses classes au c\u00f4t\u00e9 de Daniel H\u00e9raud et au Carnet de route de 1992 \u00e0 2001. Il est fondateur, copropri\u00e9taire et r\u00e9dacteur en chef de L\u2019Annuel de l\u2019automobile, qu\u2019il publie depuis 2001. Il a anim\u00e9 les \u00e9missions RPM et RPM+ sur V et les L\u00e9gendes de la route sur Historia. \u00c0 la radio depuis 1986, il reprend l\u2019antenne cette ann\u00e9e sur les ondes de Cogeco et participe pour la deuxi\u00e8me ann\u00e9e \u00e0 l\u2019\u00e9mission Passion Auto sur RDS en plus de mettre en ligne le site Web officiel de L\u2019Annuel de l\u2019automobile sur annuelauto.ca.","sameAs":["https:\/\/annuelauto.ca\/"],"url":"https:\/\/news.canadamotorjobs.com\/fr\/author\/benoit-charette\/"}]}},"_links":{"self":[{"href":"https:\/\/news.canadamotorjobs.com\/fr\/wp-json\/wp\/v2\/posts\/175058"}],"collection":[{"href":"https:\/\/news.canadamotorjobs.com\/fr\/wp-json\/wp\/v2\/posts"}],"about":[{"href":"https:\/\/news.canadamotorjobs.com\/fr\/wp-json\/wp\/v2\/types\/post"}],"author":[{"embeddable":true,"href":"https:\/\/news.canadamotorjobs.com\/fr\/wp-json\/wp\/v2\/users\/8"}],"replies":[{"embeddable":true,"href":"https:\/\/news.canadamotorjobs.com\/fr\/wp-json\/wp\/v2\/comments?post=175058"}],"version-history":[{"count":2,"href":"https:\/\/news.canadamotorjobs.com\/fr\/wp-json\/wp\/v2\/posts\/175058\/revisions"}],"predecessor-version":[{"id":175062,"href":"https:\/\/news.canadamotorjobs.com\/fr\/wp-json\/wp\/v2\/posts\/175058\/revisions\/175062"}],"wp:featuredmedia":[{"embeddable":true,"href":"https:\/\/news.canadamotorjobs.com\/fr\/wp-json\/wp\/v2\/media\/175060"}],"wp:attachment":[{"href":"https:\/\/news.canadamotorjobs.com\/fr\/wp-json\/wp\/v2\/media?parent=175058"}],"wp:term":[{"taxonomy":"category","embeddable":true,"href":"https:\/\/news.canadamotorjobs.com\/fr\/wp-json\/wp\/v2\/categories?post=175058"},{"taxonomy":"post_tag","embeddable":true,"href":"https:\/\/news.canadamotorjobs.com\/fr\/wp-json\/wp\/v2\/tags?post=175058"}],"curies":[{"name":"wp","href":"https:\/\/api.w.org\/{rel}","templated":true}]}}