{"id":175011,"date":"2024-09-29T03:25:01","date_gmt":"2024-09-29T07:25:01","guid":{"rendered":"https:\/\/news.canadamotorjobs.com\/?p=175011"},"modified":"2024-09-29T03:30:41","modified_gmt":"2024-09-29T07:30:41","slug":"notre-prochain-volkswagen-tiguan-sera-presente-au-salon-de-los-angeles","status":"publish","type":"post","link":"https:\/\/news.canadamotorjobs.com\/fr\/notre-prochain-volkswagen-tiguan-sera-presente-au-salon-de-los-angeles\/","title":{"rendered":"Notre prochain Volkswagen Tiguan sera pr\u00e9sent\u00e9 au Salon de Los Angeles"},"content":{"rendered":"<\/p>\n<p>Lorsqu\u2019il est question du Volkswagen Tiguan, il faut toujours faire attention de quelle version il s\u2019agit. Si, avec la premi\u00e8re g\u00e9n\u00e9ration du mod\u00e8le, notre march\u00e9 nord-am\u00e9ricain avait droit \u00e0 la m\u00eame variante qui \u00e9tait propos\u00e9e en sol europ\u00e9en, on a eu droit \u00e0 une coupure en 2018, alors que Volkswagen r\u00e9servait aux consommateurs d\u2019ici une variante plus endimanch\u00e9e du mod\u00e8le, plus grosse, plus spacieuse, plus\u2026 am\u00e9ricaine.<\/p>\n<p>L\u2019automne dernier, Volkswagen a d\u00e9voil\u00e9 une nouvelle g\u00e9n\u00e9ration de son VUS compact, mais ce n\u2019\u00e9tait pas la d\u00e9clinaison qui nous \u00e9tait destin\u00e9e.<\/p>\n<p>On conna\u00eet maintenant le moment o\u00f9 elle nous sera pr\u00e9sent\u00e9e, soit au prochain Salon de l\u2019auto de Los Angeles, qui doit se mettre en branle au cours de la troisi\u00e8me semaine du mois de novembre.<\/p>\n<p>La date a \u00e9t\u00e9 confirm\u00e9e par le grand patron du groupe Volkswagen pour l\u2019Am\u00e9rique, Pablo Di Si, lors d\u2019une entrevue accord\u00e9e au site Automotive News.<\/p>\n<p><\/p>\n<figure><img decoding=\"async\" src=\"https:\/\/news.canadamotorjobs.com\/wp-content\/uploads\/2024\/09\/volkswagen_tiguan_etsi_elegance_844-5.jpeg\" alt=\"Le Volkswagen Tiguan europ\u00e9en\" \/><figcaption>Le Volkswagen Tiguan europ\u00e9en | Auto123.com<\/figcaption><\/figure>\n<p><strong>Une variante hybride ?<\/strong><\/p>\n<p>Dans ce m\u00eame entretien, le dirigeant a d\u00e9clar\u00e9 qu\u2019il souhaitait que Volkswagen propose des v\u00e9hicules hybrides sur notre march\u00e9, et il a ajout\u00e9 que le dernier Tiguan propos\u00e9 au reste du monde offrait une option hybride rechargeable. Autrement dit, \u00ab Nous avons la technologie, nous savons comment le faire, et nous ajusterons notre portfolio au cours des deux prochaines ann\u00e9es. \u00bb<\/p>\n<p>La voix du grand patron s\u2019ajoute \u00e0 celle de plusieurs autres qui ont r\u00e9cemment mentionn\u00e9 qu\u2019il y aurait plus de mod\u00e8les v\u00e9hicules hybrides dans leur offre, afin de r\u00e9pondre \u00e0 la demande croissante pour ce type de solution \u00e9lectrifi\u00e9e. De nombreux constructeurs sont \u00e0 revoir leurs plans d\u2019\u00e9lectrification, afin de mieux l\u2019aligner sur la r\u00e9ponse des consommateurs vis-\u00e0-vis leur gamme.<\/p>\n<p><strong>Le nouveau Tiguan, en 2025<\/strong><\/p>\n<p>Notre prochain Tiguan devrait arriver sur les routes l\u2019ann\u00e9e prochaine. Il va utiliser la m\u00eame plateforme (MQB) mise \u00e0 jour que celle du Tiguan qui est vendu \u00e0 l\u2019\u00e9tranger, mais son design devrait ressembler \u00e0 celui du Tayron qui est offert en Chine. On ne devrait pas tarder \u00e0 en savoir plus.<\/p>\n<p>Nous serons au Salon de l\u2019auto de Los Angeles pour le d\u00e9voilement de la nouvelle mouture de ce mod\u00e8le, ainsi que de toutes les autres nouveaut\u00e9s qui seront pr\u00e9sent\u00e9es par les constructeurs d\u2019ici et d\u2019ailleurs.<\/p>\n<p><\/p>\n<p style=\"padding-top: 15px\">Contenu original de <a href=\"https:\/\/www.auto123.com\/fr\/actualites\/volkswagen-tiguan-salon-auto-los-angeles\/71887\/\">auto123<\/a>.<\/p>\n<p>Le texte <a rel=\"nofollow\" href=\"https:\/\/annuelauto.ca\/notre-prochain-volkswagen-tiguan-sera-presente-au-salon-de-los-angeles\/\">Notre prochain Volkswagen Tiguan sera pr\u00e9sent\u00e9 au Salon de Los Angeles<\/a> provient de <a rel=\"nofollow\" href=\"https:\/\/annuelauto.ca\">L&#8217;annuel de l&#8217;automobile &#8211; Actualit\u00e9 automobile<\/a><\/p>\n<p><\/p>\n","protected":false},"excerpt":{"rendered":"<p>Lorsqu\u2019il est question du Volkswagen Tiguan, il faut toujours faire attention de quelle version il s\u2019agit. Si, avec la premi\u00e8re g\u00e9n\u00e9ration du mod\u00e8le, notre march\u00e9 nord-am\u00e9ricain avait droit \u00e0 la m\u00eame variante qui \u00e9tait propos\u00e9e en sol europ\u00e9en, on a eu droit \u00e0 une coupure en 2018, alors que Volkswagen r\u00e9servait aux consommateurs d\u2019ici une [&hellip;]<\/p>\n","protected":false},"author":8,"featured_media":175013,"comment_status":"close","ping_status":"closed","sticky":false,"template":"","format":"standard","meta":{"_monsterinsights_skip_tracking":false,"_monsterinsights_sitenote_active":false,"_monsterinsights_sitenote_note":"","_monsterinsights_sitenote_category":0,"footnotes":""},"categories":[101],"tags":[],"yoast_head":"<!-- This site is optimized with the Yoast SEO plugin v23.2 - https:\/\/yoast.com\/wordpress\/plugins\/seo\/ -->\n<title>Notre prochain Volkswagen Tiguan sera pr\u00e9sent\u00e9 au Salon de Los Angeles - CanadaMotorJobs.com<\/title>\n<meta name=\"description\" content=\"Notre prochain Volkswagen Tiguan sera pr\u00e9sent\u00e9 au Salon de Los Angeles - Benoit Charette - Annuel automobile - CanadaMotorJobs.com.\" \/>\n<meta name=\"robots\" content=\"index, follow, max-snippet:-1, max-image-preview:large, max-video-preview:-1\" \/>\n<meta property=\"og:locale\" content=\"fr_CA\" \/>\n<meta property=\"og:type\" content=\"article\" \/>\n<meta property=\"og:title\" content=\"Notre prochain Volkswagen Tiguan sera pr\u00e9sent\u00e9 au Salon de Los Angeles - CanadaMotorJobs.com\" \/>\n<meta property=\"og:description\" content=\"Notre prochain Volkswagen Tiguan sera pr\u00e9sent\u00e9 au Salon de Los Angeles - Benoit Charette - Annuel automobile - CanadaMotorJobs.com.\" \/>\n<meta property=\"og:url\" content=\"https:\/\/news.canadamotorjobs.com\/fr\/notre-prochain-volkswagen-tiguan-sera-presente-au-salon-de-los-angeles\/\" \/>\n<meta property=\"og:site_name\" content=\"CanadaMotorJobs.com\" \/>\n<meta property=\"article:publisher\" content=\"https:\/\/www.facebook.com\/canadamotorjobs\/\" \/>\n<meta property=\"article:published_time\" content=\"2024-09-29T07:25:01+00:00\" \/>\n<meta property=\"article:modified_time\" content=\"2024-09-29T07:30:41+00:00\" \/>\n<meta property=\"og:image\" content=\"https:\/\/news.canadamotorjobs.com\/wp-content\/uploads\/2024\/09\/volkswagen_tiguan_etsi_elegance_844.jpeg\" \/>\n\t<meta property=\"og:image:width\" content=\"1200\" \/>\n\t<meta property=\"og:image:height\" content=\"801\" \/>\n\t<meta property=\"og:image:type\" content=\"image\/jpeg\" \/>\n<meta name=\"author\" content=\"Benoit Charette\" \/>\n<meta name=\"twitter:card\" content=\"summary_large_image\" \/>\n<meta name=\"twitter:creator\" content=\"@canadamotorjobs\" \/>\n<meta name=\"twitter:site\" content=\"@canadamotorjobs\" \/>\n<meta name=\"twitter:label1\" content=\"\u00c9crit par\" \/>\n\t<meta name=\"twitter:data1\" content=\"Benoit Charette\" \/>\n\t<meta name=\"twitter:label2\" content=\"Estimation du temps de lecture\" \/>\n\t<meta name=\"twitter:data2\" content=\"2 minutes\" \/>\n<!-- \/ Yoast SEO plugin. -->","yoast_head_json":{"title":"Notre prochain Volkswagen Tiguan sera pr\u00e9sent\u00e9 au Salon de Los Angeles - CanadaMotorJobs.com","description":"Notre prochain Volkswagen Tiguan sera pr\u00e9sent\u00e9 au Salon de Los Angeles - Benoit Charette - Annuel automobile - CanadaMotorJobs.com.","robots":{"index":"index","follow":"follow","max-snippet":"max-snippet:-1","max-image-preview":"max-image-preview:large","max-video-preview":"max-video-preview:-1"},"og_locale":"fr_CA","og_type":"article","og_title":"Notre prochain Volkswagen Tiguan sera pr\u00e9sent\u00e9 au Salon de Los Angeles - CanadaMotorJobs.com","og_description":"Notre prochain Volkswagen Tiguan sera pr\u00e9sent\u00e9 au Salon de Los Angeles - Benoit Charette - Annuel automobile - CanadaMotorJobs.com.","og_url":"https:\/\/news.canadamotorjobs.com\/fr\/notre-prochain-volkswagen-tiguan-sera-presente-au-salon-de-los-angeles\/","og_site_name":"CanadaMotorJobs.com","article_publisher":"https:\/\/www.facebook.com\/canadamotorjobs\/","article_published_time":"2024-09-29T07:25:01+00:00","article_modified_time":"2024-09-29T07:30:41+00:00","og_image":[{"width":1200,"height":801,"url":"https:\/\/news.canadamotorjobs.com\/wp-content\/uploads\/2024\/09\/volkswagen_tiguan_etsi_elegance_844.jpeg","type":"image\/jpeg"}],"author":"Benoit Charette","twitter_card":"summary_large_image","twitter_creator":"@canadamotorjobs","twitter_site":"@canadamotorjobs","twitter_misc":{"\u00c9crit par":"Benoit Charette","Estimation du temps de lecture":"2 minutes"},"schema":{"@context":"https:\/\/schema.org","@graph":[{"@type":"Article","@id":"https:\/\/news.canadamotorjobs.com\/fr\/notre-prochain-volkswagen-tiguan-sera-presente-au-salon-de-los-angeles\/#article","isPartOf":{"@id":"https:\/\/news.canadamotorjobs.com\/fr\/notre-prochain-volkswagen-tiguan-sera-presente-au-salon-de-los-angeles\/"},"author":{"name":"Benoit Charette","@id":"https:\/\/news.canadamotorjobs.com\/#\/schema\/person\/51793d1f87d44011d7bcc2ed99269a90"},"headline":"Notre prochain Volkswagen Tiguan sera pr\u00e9sent\u00e9 au Salon de Los Angeles","datePublished":"2024-09-29T07:25:01+00:00","dateModified":"2024-09-29T07:30:41+00:00","mainEntityOfPage":{"@id":"https:\/\/news.canadamotorjobs.com\/fr\/notre-prochain-volkswagen-tiguan-sera-presente-au-salon-de-los-angeles\/"},"wordCount":458,"publisher":{"@id":"https:\/\/news.canadamotorjobs.com\/#organization"},"image":{"@id":"https:\/\/news.canadamotorjobs.com\/fr\/notre-prochain-volkswagen-tiguan-sera-presente-au-salon-de-los-angeles\/#primaryimage"},"thumbnailUrl":"https:\/\/news.canadamotorjobs.com\/wp-content\/uploads\/2024\/09\/volkswagen_tiguan_etsi_elegance_844.jpeg","articleSection":["Annuel automobile"],"inLanguage":"fr-CA"},{"@type":"WebPage","@id":"https:\/\/news.canadamotorjobs.com\/fr\/notre-prochain-volkswagen-tiguan-sera-presente-au-salon-de-los-angeles\/","url":"https:\/\/news.canadamotorjobs.com\/fr\/notre-prochain-volkswagen-tiguan-sera-presente-au-salon-de-los-angeles\/","name":"Notre prochain Volkswagen Tiguan sera pr\u00e9sent\u00e9 au Salon de Los Angeles - CanadaMotorJobs.com","isPartOf":{"@id":"https:\/\/news.canadamotorjobs.com\/#website"},"primaryImageOfPage":{"@id":"https:\/\/news.canadamotorjobs.com\/fr\/notre-prochain-volkswagen-tiguan-sera-presente-au-salon-de-los-angeles\/#primaryimage"},"image":{"@id":"https:\/\/news.canadamotorjobs.com\/fr\/notre-prochain-volkswagen-tiguan-sera-presente-au-salon-de-los-angeles\/#primaryimage"},"thumbnailUrl":"https:\/\/news.canadamotorjobs.com\/wp-content\/uploads\/2024\/09\/volkswagen_tiguan_etsi_elegance_844.jpeg","datePublished":"2024-09-29T07:25:01+00:00","dateModified":"2024-09-29T07:30:41+00:00","description":"Notre prochain Volkswagen Tiguan sera pr\u00e9sent\u00e9 au Salon de Los Angeles - Benoit Charette - Annuel automobile - CanadaMotorJobs.com.","breadcrumb":{"@id":"https:\/\/news.canadamotorjobs.com\/fr\/notre-prochain-volkswagen-tiguan-sera-presente-au-salon-de-los-angeles\/#breadcrumb"},"inLanguage":"fr-CA","potentialAction":[{"@type":"ReadAction","target":["https:\/\/news.canadamotorjobs.com\/fr\/notre-prochain-volkswagen-tiguan-sera-presente-au-salon-de-los-angeles\/"]}]},{"@type":"ImageObject","inLanguage":"fr-CA","@id":"https:\/\/news.canadamotorjobs.com\/fr\/notre-prochain-volkswagen-tiguan-sera-presente-au-salon-de-los-angeles\/#primaryimage","url":"https:\/\/news.canadamotorjobs.com\/wp-content\/uploads\/2024\/09\/volkswagen_tiguan_etsi_elegance_844.jpeg","contentUrl":"https:\/\/news.canadamotorjobs.com\/wp-content\/uploads\/2024\/09\/volkswagen_tiguan_etsi_elegance_844.jpeg","width":1200,"height":801},{"@type":"BreadcrumbList","@id":"https:\/\/news.canadamotorjobs.com\/fr\/notre-prochain-volkswagen-tiguan-sera-presente-au-salon-de-los-angeles\/#breadcrumb","itemListElement":[{"@type":"ListItem","position":1,"name":"Home","item":"https:\/\/news.canadamotorjobs.com\/fr\/blog\/"},{"@type":"ListItem","position":2,"name":"Notre prochain Volkswagen Tiguan sera pr\u00e9sent\u00e9 au Salon de Los Angeles"}]},{"@type":"WebSite","@id":"https:\/\/news.canadamotorjobs.com\/#website","url":"https:\/\/news.canadamotorjobs.com\/","name":"CanadaMotorJobs.com","description":"Automotive Jobs","publisher":{"@id":"https:\/\/news.canadamotorjobs.com\/#organization"},"potentialAction":[{"@type":"SearchAction","target":{"@type":"EntryPoint","urlTemplate":"https:\/\/news.canadamotorjobs.com\/?s={search_term_string}"},"query-input":"required name=search_term_string"}],"inLanguage":"fr-CA"},{"@type":"Organization","@id":"https:\/\/news.canadamotorjobs.com\/#organization","name":"Canada Motor Jobs","url":"https:\/\/news.canadamotorjobs.com\/","logo":{"@type":"ImageObject","inLanguage":"fr-CA","@id":"https:\/\/news.canadamotorjobs.com\/#\/schema\/logo\/image\/","url":"https:\/\/news.canadamotorjobs.com\/wp-content\/uploads\/2022\/10\/logo-canada-motor-jobs-1.png","contentUrl":"https:\/\/news.canadamotorjobs.com\/wp-content\/uploads\/2022\/10\/logo-canada-motor-jobs-1.png","width":800,"height":400,"caption":"Canada Motor Jobs"},"image":{"@id":"https:\/\/news.canadamotorjobs.com\/#\/schema\/logo\/image\/"},"sameAs":["https:\/\/www.facebook.com\/canadamotorjobs\/","https:\/\/x.com\/canadamotorjobs","https:\/\/www.instagram.com\/canadamotorjobs\/","https:\/\/www.linkedin.com\/company\/canadamotorjobs"]},{"@type":"Person","@id":"https:\/\/news.canadamotorjobs.com\/#\/schema\/person\/51793d1f87d44011d7bcc2ed99269a90","name":"Benoit Charette","image":{"@type":"ImageObject","inLanguage":"fr-CA","@id":"https:\/\/news.canadamotorjobs.com\/#\/schema\/person\/image\/","url":"https:\/\/secure.gravatar.com\/avatar\/45f3d2eebcccd909668d7ce7ea7267b6?s=96&d=mm&r=g","contentUrl":"https:\/\/secure.gravatar.com\/avatar\/45f3d2eebcccd909668d7ce7ea7267b6?s=96&d=mm&r=g","caption":"Benoit Charette"},"description":"Benoit Charette \/ Propri\u00e9taire et r\u00e9dacteur en chef Benoit Charette pratique le journalisme automobile depuis bient\u00f4t 30 ans. Il a fait ses classes au c\u00f4t\u00e9 de Daniel H\u00e9raud et au Carnet de route de 1992 \u00e0 2001. Il est fondateur, copropri\u00e9taire et r\u00e9dacteur en chef de L\u2019Annuel de l\u2019automobile, qu\u2019il publie depuis 2001. Il a anim\u00e9 les \u00e9missions RPM et RPM+ sur V et les L\u00e9gendes de la route sur Historia. \u00c0 la radio depuis 1986, il reprend l\u2019antenne cette ann\u00e9e sur les ondes de Cogeco et participe pour la deuxi\u00e8me ann\u00e9e \u00e0 l\u2019\u00e9mission Passion Auto sur RDS en plus de mettre en ligne le site Web officiel de L\u2019Annuel de l\u2019automobile sur annuelauto.ca.","sameAs":["https:\/\/annuelauto.ca\/"],"url":"https:\/\/news.canadamotorjobs.com\/fr\/author\/benoit-charette\/"}]}},"_links":{"self":[{"href":"https:\/\/news.canadamotorjobs.com\/fr\/wp-json\/wp\/v2\/posts\/175011"}],"collection":[{"href":"https:\/\/news.canadamotorjobs.com\/fr\/wp-json\/wp\/v2\/posts"}],"about":[{"href":"https:\/\/news.canadamotorjobs.com\/fr\/wp-json\/wp\/v2\/types\/post"}],"author":[{"embeddable":true,"href":"https:\/\/news.canadamotorjobs.com\/fr\/wp-json\/wp\/v2\/users\/8"}],"replies":[{"embeddable":true,"href":"https:\/\/news.canadamotorjobs.com\/fr\/wp-json\/wp\/v2\/comments?post=175011"}],"version-history":[{"count":3,"href":"https:\/\/news.canadamotorjobs.com\/fr\/wp-json\/wp\/v2\/posts\/175011\/revisions"}],"predecessor-version":[{"id":175038,"href":"https:\/\/news.canadamotorjobs.com\/fr\/wp-json\/wp\/v2\/posts\/175011\/revisions\/175038"}],"wp:featuredmedia":[{"embeddable":true,"href":"https:\/\/news.canadamotorjobs.com\/fr\/wp-json\/wp\/v2\/media\/175013"}],"wp:attachment":[{"href":"https:\/\/news.canadamotorjobs.com\/fr\/wp-json\/wp\/v2\/media?parent=175011"}],"wp:term":[{"taxonomy":"category","embeddable":true,"href":"https:\/\/news.canadamotorjobs.com\/fr\/wp-json\/wp\/v2\/categories?post=175011"},{"taxonomy":"post_tag","embeddable":true,"href":"https:\/\/news.canadamotorjobs.com\/fr\/wp-json\/wp\/v2\/tags?post=175011"}],"curies":[{"name":"wp","href":"https:\/\/api.w.org\/{rel}","templated":true}]}}