{"id":174796,"date":"2024-09-28T03:24:38","date_gmt":"2024-09-28T07:24:38","guid":{"rendered":"https:\/\/news.canadamotorjobs.com\/?p=174796"},"modified":"2024-09-28T03:30:17","modified_gmt":"2024-09-28T07:30:17","slug":"electrify-canada-etend-son-reseau-en-nouvelle-ecosse-et-au-quebec","status":"publish","type":"post","link":"https:\/\/news.canadamotorjobs.com\/fr\/electrify-canada-etend-son-reseau-en-nouvelle-ecosse-et-au-quebec\/","title":{"rendered":"Electrify Canada \u00e9tend son r\u00e9seau en Nouvelle-\u00c9cosse et au Qu\u00e9bec"},"content":{"rendered":"<\/p>\n<p>Le r\u00e9seau de bornes de recharges pour v\u00e9hicules \u00e9lectriques Electrify Canada prend de l\u2019expansion en introduisant de nouvelles bornes en Nouvelle-\u00c9cosse et en renfor\u00e7ant sa pr\u00e9sence au Qu\u00e9bec.<\/p>\n<p>La compagnie a annonc\u00e9 l\u2019ajout de 40 chargeurs hyper rapides, capables d\u2019atteindre une vitesse de 350 kW, situ\u00e9s le long de routes populaires et achaland\u00e9es, ainsi qu\u2019\u00e0 proximit\u00e9 de zones commerciales et de restaurants. L\u2019objectif derri\u00e8re cette d\u00e9cision est de soutenir et d\u2019encourager l\u2019adoption des v\u00e9hicules \u00e9lectriques \u00e0 travers le Canada.<\/p>\n<p>Et les chiffres le prouvent, \u00e7a va bien au Canada alors que la croissance des ventes se poursuit au pays. Le rythme est un peu plus lent qu\u2019anticip\u00e9 il y a quelques ann\u00e9es, mais il se vend de plus en plus de v\u00e9hicules \u00e9lectriques, en nombre et en proportion.<\/p>\n<p>L\u2019expansion au Qu\u00e9bec comprend l\u2019ajout de cinq nouvelles stations, soit \u00e0 Greenfield Park, au Mont-Tremblant, \u00e0 Laval, \u00e0 Qu\u00e9bec et \u00e0 Saint-Hyacinthe. Ces derni\u00e8res se greffent \u00e0 celles de Drummondville, de Mirabel, de Repentigny, de Sherbrooke, de Saint-Romuald et de Trois-Rivi\u00e8res.<\/p>\n<p>Greenfield Park et Laval accueilleront les premi\u00e8res stations de recharge de huit v\u00e9hicules du r\u00e9seau.<\/p>\n<p><\/p>\n<figure><img decoding=\"async\" src=\"https:\/\/news.canadamotorjobs.com\/wp-content\/uploads\/2024\/09\/ElectrifyCanadaSherbrooke-5.jpg\" alt=\"Une station de recharge Electrify Canada \u00e0 Sherbrooke, au Qu\u00e9bec\" \/><figcaption>Une station de recharge Electrify Canada \u00e0 Sherbrooke, au Qu\u00e9bec | Auto123.com<\/figcaption><\/figure>\n<p>Electrify Canada a \u00e9galement \u00e9tabli une pr\u00e9sence en Nouvelle-\u00c9cosse avec de nouvelles stations \u00e0 Amherst et \u00e0 Bedford. Ces emplacements sont strat\u00e9giquement situ\u00e9s pr\u00e8s de la fronti\u00e8re du Nouveau-Brunswick et \u00e0 proximit\u00e9 de Halifax afin de faciliter les d\u00e9placements interprovinciaux.<\/p>\n<p>Avec cette d\u00e9cision, Electrify Canada s\u2019installe dans une septi\u00e8me province au pays. Steven Guilbeault, le ministre de l\u2019Environnement et du Changement climatique au f\u00e9d\u00e9ral, avait ceci \u00e0 d\u00e9clarer concernant l\u2019annonce :<\/p>\n<p>\u00a0\u00ab Chaque ann\u00e9e, des centaines de milliers de Canadiens \u00e9conomisent en passant du paiement \u00e0 la pompe \u00e0 la conduite de v\u00e9hicules \u00e9lectriques \u2014 et ils ont raison de s\u2019attendre \u00e0 des options de recharge abordables, fiables et accessibles o\u00f9 qu\u2019ils aillent. Nous sommes heureux de travailler avec Electrify Canada pour fournir des douzaines de nouvelles stations de recharge hyper rapides aux conducteurs du Qu\u00e9bec, de la Nouvelle-\u00c9cosse et d\u2019ailleurs \u00bb.<\/p>\n<p>Si la nouvelle est excellente pour le Qu\u00e9bec, elle l\u2019est encore plus pour la Nouvelle-\u00c9cosse, o\u00f9 le r\u00e9seau a besoin d\u2019un coup de pouce pour s\u00e9duire plus de consommateurs.<\/p>\n<p><\/p>\n<p style=\"padding-top: 15px\">Contenu original de <a href=\"https:\/\/www.auto123.com\/fr\/actualites\/electrify-canada-nouvelle-ecosse-quebec\/71881\/\">auto123<\/a>.<\/p>\n<p>Le texte <a rel=\"nofollow\" href=\"https:\/\/annuelauto.ca\/electrify-canada-etend-son-reseau-en-nouvelle-ecosse-et-au-quebec\/\">Electrify Canada \u00e9tend son r\u00e9seau en Nouvelle-\u00c9cosse et au Qu\u00e9bec<\/a> provient de <a rel=\"nofollow\" href=\"https:\/\/annuelauto.ca\">L&#8217;annuel de l&#8217;automobile &#8211; Actualit\u00e9 automobile<\/a><\/p>\n<p><\/p>\n","protected":false},"excerpt":{"rendered":"<p>Le r\u00e9seau de bornes de recharges pour v\u00e9hicules \u00e9lectriques Electrify Canada prend de l\u2019expansion en introduisant de nouvelles bornes en Nouvelle-\u00c9cosse et en renfor\u00e7ant sa pr\u00e9sence au Qu\u00e9bec. La compagnie a annonc\u00e9 l\u2019ajout de 40 chargeurs hyper rapides, capables d\u2019atteindre une vitesse de 350 kW, situ\u00e9s le long de routes populaires et achaland\u00e9es, ainsi qu\u2019\u00e0 [&hellip;]<\/p>\n","protected":false},"author":8,"featured_media":174798,"comment_status":"close","ping_status":"closed","sticky":false,"template":"","format":"standard","meta":{"_monsterinsights_skip_tracking":false,"_monsterinsights_sitenote_active":false,"_monsterinsights_sitenote_note":"","_monsterinsights_sitenote_category":0,"footnotes":""},"categories":[101],"tags":[],"yoast_head":"<!-- This site is optimized with the Yoast SEO plugin v23.2 - https:\/\/yoast.com\/wordpress\/plugins\/seo\/ -->\n<title>Electrify Canada \u00e9tend son r\u00e9seau en Nouvelle-\u00c9cosse et au Qu\u00e9bec - CanadaMotorJobs.com<\/title>\n<meta name=\"description\" content=\"Electrify Canada \u00e9tend son r\u00e9seau en Nouvelle-\u00c9cosse et au Qu\u00e9bec - Benoit Charette - Annuel automobile - CanadaMotorJobs.com.\" \/>\n<meta name=\"robots\" content=\"index, follow, max-snippet:-1, max-image-preview:large, max-video-preview:-1\" \/>\n<meta property=\"og:locale\" content=\"fr_CA\" \/>\n<meta property=\"og:type\" content=\"article\" \/>\n<meta property=\"og:title\" content=\"Electrify Canada \u00e9tend son r\u00e9seau en Nouvelle-\u00c9cosse et au Qu\u00e9bec - CanadaMotorJobs.com\" \/>\n<meta property=\"og:description\" content=\"Electrify Canada \u00e9tend son r\u00e9seau en Nouvelle-\u00c9cosse et au Qu\u00e9bec - Benoit Charette - Annuel automobile - CanadaMotorJobs.com.\" \/>\n<meta property=\"og:url\" content=\"https:\/\/news.canadamotorjobs.com\/fr\/electrify-canada-etend-son-reseau-en-nouvelle-ecosse-et-au-quebec\/\" \/>\n<meta property=\"og:site_name\" content=\"CanadaMotorJobs.com\" \/>\n<meta property=\"article:publisher\" content=\"https:\/\/www.facebook.com\/canadamotorjobs\/\" \/>\n<meta property=\"article:published_time\" content=\"2024-09-28T07:24:38+00:00\" \/>\n<meta property=\"article:modified_time\" content=\"2024-09-28T07:30:17+00:00\" \/>\n<meta property=\"og:image\" content=\"https:\/\/news.canadamotorjobs.com\/wp-content\/uploads\/2024\/09\/ElectrifyCanadaSherbrooke.jpg\" \/>\n\t<meta property=\"og:image:width\" content=\"1200\" \/>\n\t<meta property=\"og:image:height\" content=\"800\" \/>\n\t<meta property=\"og:image:type\" content=\"image\/jpeg\" \/>\n<meta name=\"author\" content=\"Benoit Charette\" \/>\n<meta name=\"twitter:card\" content=\"summary_large_image\" \/>\n<meta name=\"twitter:creator\" content=\"@canadamotorjobs\" \/>\n<meta name=\"twitter:site\" content=\"@canadamotorjobs\" \/>\n<meta name=\"twitter:label1\" content=\"\u00c9crit par\" \/>\n\t<meta name=\"twitter:data1\" content=\"Benoit Charette\" \/>\n\t<meta name=\"twitter:label2\" content=\"Estimation du temps de lecture\" \/>\n\t<meta name=\"twitter:data2\" content=\"2 minutes\" \/>\n<!-- \/ Yoast SEO plugin. -->","yoast_head_json":{"title":"Electrify Canada \u00e9tend son r\u00e9seau en Nouvelle-\u00c9cosse et au Qu\u00e9bec - CanadaMotorJobs.com","description":"Electrify Canada \u00e9tend son r\u00e9seau en Nouvelle-\u00c9cosse et au Qu\u00e9bec - Benoit Charette - Annuel automobile - CanadaMotorJobs.com.","robots":{"index":"index","follow":"follow","max-snippet":"max-snippet:-1","max-image-preview":"max-image-preview:large","max-video-preview":"max-video-preview:-1"},"og_locale":"fr_CA","og_type":"article","og_title":"Electrify Canada \u00e9tend son r\u00e9seau en Nouvelle-\u00c9cosse et au Qu\u00e9bec - CanadaMotorJobs.com","og_description":"Electrify Canada \u00e9tend son r\u00e9seau en Nouvelle-\u00c9cosse et au Qu\u00e9bec - Benoit Charette - Annuel automobile - CanadaMotorJobs.com.","og_url":"https:\/\/news.canadamotorjobs.com\/fr\/electrify-canada-etend-son-reseau-en-nouvelle-ecosse-et-au-quebec\/","og_site_name":"CanadaMotorJobs.com","article_publisher":"https:\/\/www.facebook.com\/canadamotorjobs\/","article_published_time":"2024-09-28T07:24:38+00:00","article_modified_time":"2024-09-28T07:30:17+00:00","og_image":[{"width":1200,"height":800,"url":"https:\/\/news.canadamotorjobs.com\/wp-content\/uploads\/2024\/09\/ElectrifyCanadaSherbrooke.jpg","type":"image\/jpeg"}],"author":"Benoit Charette","twitter_card":"summary_large_image","twitter_creator":"@canadamotorjobs","twitter_site":"@canadamotorjobs","twitter_misc":{"\u00c9crit par":"Benoit Charette","Estimation du temps de lecture":"2 minutes"},"schema":{"@context":"https:\/\/schema.org","@graph":[{"@type":"Article","@id":"https:\/\/news.canadamotorjobs.com\/fr\/electrify-canada-etend-son-reseau-en-nouvelle-ecosse-et-au-quebec\/#article","isPartOf":{"@id":"https:\/\/news.canadamotorjobs.com\/fr\/electrify-canada-etend-son-reseau-en-nouvelle-ecosse-et-au-quebec\/"},"author":{"name":"Benoit Charette","@id":"https:\/\/news.canadamotorjobs.com\/#\/schema\/person\/51793d1f87d44011d7bcc2ed99269a90"},"headline":"Electrify Canada \u00e9tend son r\u00e9seau en Nouvelle-\u00c9cosse et au Qu\u00e9bec","datePublished":"2024-09-28T07:24:38+00:00","dateModified":"2024-09-28T07:30:17+00:00","mainEntityOfPage":{"@id":"https:\/\/news.canadamotorjobs.com\/fr\/electrify-canada-etend-son-reseau-en-nouvelle-ecosse-et-au-quebec\/"},"wordCount":447,"publisher":{"@id":"https:\/\/news.canadamotorjobs.com\/#organization"},"image":{"@id":"https:\/\/news.canadamotorjobs.com\/fr\/electrify-canada-etend-son-reseau-en-nouvelle-ecosse-et-au-quebec\/#primaryimage"},"thumbnailUrl":"https:\/\/news.canadamotorjobs.com\/wp-content\/uploads\/2024\/09\/ElectrifyCanadaSherbrooke.jpg","articleSection":["Annuel automobile"],"inLanguage":"fr-CA"},{"@type":"WebPage","@id":"https:\/\/news.canadamotorjobs.com\/fr\/electrify-canada-etend-son-reseau-en-nouvelle-ecosse-et-au-quebec\/","url":"https:\/\/news.canadamotorjobs.com\/fr\/electrify-canada-etend-son-reseau-en-nouvelle-ecosse-et-au-quebec\/","name":"Electrify Canada \u00e9tend son r\u00e9seau en Nouvelle-\u00c9cosse et au Qu\u00e9bec - CanadaMotorJobs.com","isPartOf":{"@id":"https:\/\/news.canadamotorjobs.com\/#website"},"primaryImageOfPage":{"@id":"https:\/\/news.canadamotorjobs.com\/fr\/electrify-canada-etend-son-reseau-en-nouvelle-ecosse-et-au-quebec\/#primaryimage"},"image":{"@id":"https:\/\/news.canadamotorjobs.com\/fr\/electrify-canada-etend-son-reseau-en-nouvelle-ecosse-et-au-quebec\/#primaryimage"},"thumbnailUrl":"https:\/\/news.canadamotorjobs.com\/wp-content\/uploads\/2024\/09\/ElectrifyCanadaSherbrooke.jpg","datePublished":"2024-09-28T07:24:38+00:00","dateModified":"2024-09-28T07:30:17+00:00","description":"Electrify Canada \u00e9tend son r\u00e9seau en Nouvelle-\u00c9cosse et au Qu\u00e9bec - Benoit Charette - Annuel automobile - CanadaMotorJobs.com.","breadcrumb":{"@id":"https:\/\/news.canadamotorjobs.com\/fr\/electrify-canada-etend-son-reseau-en-nouvelle-ecosse-et-au-quebec\/#breadcrumb"},"inLanguage":"fr-CA","potentialAction":[{"@type":"ReadAction","target":["https:\/\/news.canadamotorjobs.com\/fr\/electrify-canada-etend-son-reseau-en-nouvelle-ecosse-et-au-quebec\/"]}]},{"@type":"ImageObject","inLanguage":"fr-CA","@id":"https:\/\/news.canadamotorjobs.com\/fr\/electrify-canada-etend-son-reseau-en-nouvelle-ecosse-et-au-quebec\/#primaryimage","url":"https:\/\/news.canadamotorjobs.com\/wp-content\/uploads\/2024\/09\/ElectrifyCanadaSherbrooke.jpg","contentUrl":"https:\/\/news.canadamotorjobs.com\/wp-content\/uploads\/2024\/09\/ElectrifyCanadaSherbrooke.jpg","width":1200,"height":800},{"@type":"BreadcrumbList","@id":"https:\/\/news.canadamotorjobs.com\/fr\/electrify-canada-etend-son-reseau-en-nouvelle-ecosse-et-au-quebec\/#breadcrumb","itemListElement":[{"@type":"ListItem","position":1,"name":"Home","item":"https:\/\/news.canadamotorjobs.com\/fr\/blog\/"},{"@type":"ListItem","position":2,"name":"Electrify Canada \u00e9tend son r\u00e9seau en Nouvelle-\u00c9cosse et au Qu\u00e9bec"}]},{"@type":"WebSite","@id":"https:\/\/news.canadamotorjobs.com\/#website","url":"https:\/\/news.canadamotorjobs.com\/","name":"CanadaMotorJobs.com","description":"Automotive Jobs","publisher":{"@id":"https:\/\/news.canadamotorjobs.com\/#organization"},"potentialAction":[{"@type":"SearchAction","target":{"@type":"EntryPoint","urlTemplate":"https:\/\/news.canadamotorjobs.com\/?s={search_term_string}"},"query-input":"required name=search_term_string"}],"inLanguage":"fr-CA"},{"@type":"Organization","@id":"https:\/\/news.canadamotorjobs.com\/#organization","name":"Canada Motor Jobs","url":"https:\/\/news.canadamotorjobs.com\/","logo":{"@type":"ImageObject","inLanguage":"fr-CA","@id":"https:\/\/news.canadamotorjobs.com\/#\/schema\/logo\/image\/","url":"https:\/\/news.canadamotorjobs.com\/wp-content\/uploads\/2022\/10\/logo-canada-motor-jobs-1.png","contentUrl":"https:\/\/news.canadamotorjobs.com\/wp-content\/uploads\/2022\/10\/logo-canada-motor-jobs-1.png","width":800,"height":400,"caption":"Canada Motor Jobs"},"image":{"@id":"https:\/\/news.canadamotorjobs.com\/#\/schema\/logo\/image\/"},"sameAs":["https:\/\/www.facebook.com\/canadamotorjobs\/","https:\/\/x.com\/canadamotorjobs","https:\/\/www.instagram.com\/canadamotorjobs\/","https:\/\/www.linkedin.com\/company\/canadamotorjobs"]},{"@type":"Person","@id":"https:\/\/news.canadamotorjobs.com\/#\/schema\/person\/51793d1f87d44011d7bcc2ed99269a90","name":"Benoit Charette","image":{"@type":"ImageObject","inLanguage":"fr-CA","@id":"https:\/\/news.canadamotorjobs.com\/#\/schema\/person\/image\/","url":"https:\/\/secure.gravatar.com\/avatar\/45f3d2eebcccd909668d7ce7ea7267b6?s=96&d=mm&r=g","contentUrl":"https:\/\/secure.gravatar.com\/avatar\/45f3d2eebcccd909668d7ce7ea7267b6?s=96&d=mm&r=g","caption":"Benoit Charette"},"description":"Benoit Charette \/ Propri\u00e9taire et r\u00e9dacteur en chef Benoit Charette pratique le journalisme automobile depuis bient\u00f4t 30 ans. Il a fait ses classes au c\u00f4t\u00e9 de Daniel H\u00e9raud et au Carnet de route de 1992 \u00e0 2001. Il est fondateur, copropri\u00e9taire et r\u00e9dacteur en chef de L\u2019Annuel de l\u2019automobile, qu\u2019il publie depuis 2001. Il a anim\u00e9 les \u00e9missions RPM et RPM+ sur V et les L\u00e9gendes de la route sur Historia. \u00c0 la radio depuis 1986, il reprend l\u2019antenne cette ann\u00e9e sur les ondes de Cogeco et participe pour la deuxi\u00e8me ann\u00e9e \u00e0 l\u2019\u00e9mission Passion Auto sur RDS en plus de mettre en ligne le site Web officiel de L\u2019Annuel de l\u2019automobile sur annuelauto.ca.","sameAs":["https:\/\/annuelauto.ca\/"],"url":"https:\/\/news.canadamotorjobs.com\/fr\/author\/benoit-charette\/"}]}},"_links":{"self":[{"href":"https:\/\/news.canadamotorjobs.com\/fr\/wp-json\/wp\/v2\/posts\/174796"}],"collection":[{"href":"https:\/\/news.canadamotorjobs.com\/fr\/wp-json\/wp\/v2\/posts"}],"about":[{"href":"https:\/\/news.canadamotorjobs.com\/fr\/wp-json\/wp\/v2\/types\/post"}],"author":[{"embeddable":true,"href":"https:\/\/news.canadamotorjobs.com\/fr\/wp-json\/wp\/v2\/users\/8"}],"replies":[{"embeddable":true,"href":"https:\/\/news.canadamotorjobs.com\/fr\/wp-json\/wp\/v2\/comments?post=174796"}],"version-history":[{"count":3,"href":"https:\/\/news.canadamotorjobs.com\/fr\/wp-json\/wp\/v2\/posts\/174796\/revisions"}],"predecessor-version":[{"id":174823,"href":"https:\/\/news.canadamotorjobs.com\/fr\/wp-json\/wp\/v2\/posts\/174796\/revisions\/174823"}],"wp:featuredmedia":[{"embeddable":true,"href":"https:\/\/news.canadamotorjobs.com\/fr\/wp-json\/wp\/v2\/media\/174798"}],"wp:attachment":[{"href":"https:\/\/news.canadamotorjobs.com\/fr\/wp-json\/wp\/v2\/media?parent=174796"}],"wp:term":[{"taxonomy":"category","embeddable":true,"href":"https:\/\/news.canadamotorjobs.com\/fr\/wp-json\/wp\/v2\/categories?post=174796"},{"taxonomy":"post_tag","embeddable":true,"href":"https:\/\/news.canadamotorjobs.com\/fr\/wp-json\/wp\/v2\/tags?post=174796"}],"curies":[{"name":"wp","href":"https:\/\/api.w.org\/{rel}","templated":true}]}}