{"id":174774,"date":"2024-09-27T13:09:12","date_gmt":"2024-09-27T17:09:12","guid":{"rendered":"https:\/\/news.canadamotorjobs.com\/?p=174774"},"modified":"2024-09-27T13:29:08","modified_gmt":"2024-09-27T17:29:08","slug":"hh-classics-offrira-bientot-la-jaguar-de-madonna","status":"publish","type":"post","link":"https:\/\/news.canadamotorjobs.com\/fr\/hh-classics-offrira-bientot-la-jaguar-de-madonna\/","title":{"rendered":"H&amp;H Classics offrira bient\u00f4t la Jaguar de Madonna"},"content":{"rendered":"<\/p>\n<p>Les amateurs d\u2019art classique connaissent <em>La Madone au chat<\/em> (<em>Madonna del gatto<\/em>), ce tableau r\u00e9alis\u00e9 par le peintre italien Baroccio, au 16e si\u00e8cle. Mais aujourd\u2019hui, c\u2019est de la <a href=\"https:\/\/annuelauto.ca\/les-concessionnaires-jaguar-land-rover-au-canada-veulent-pour-suivre-le-constructeur\/\" target=\"_blank\" rel=\"noopener noreferrer\">Jaguar<\/a> de la madone qu\u2019il est question, plus pr\u00e9cis\u00e9ment celle de Madonna. En effet, cette \u00e9l\u00e9gante Jaguar Mk X qui appartient \u00e0 la c\u00e9l\u00e8bre chanteuse sera en vedette lors d\u2019une <a href=\"https:\/\/annuelauto.ca\/la-porsche-917k-conduite-par-steve-mcqueen-dans-le-mans-est-a-vendre\/\" target=\"_blank\" rel=\"noopener noreferrer\">vente aux ench\u00e8res<\/a> pr\u00e9sent\u00e9e par <a href=\"https:\/\/annuelauto.ca\/hh-classics-offrira-bientot-la-bentley-s2-continental-de-linspecteur-clouseau-aux-encheres\/\" target=\"_blank\" rel=\"noopener noreferrer\">H&amp;H Classics<\/a> en Angleterre, en octobre.<\/p>\n<p>C\u2019est en 2021 que la reine de la pop a achet\u00e9 cette voiture pour son fils Rocco Ritchie. Depuis, Madonna et Rocco ont \u00e9t\u00e9 vus r\u00e9guli\u00e8rement \u00e0 son bord \u00e0 Londres et dans ses environs.<\/p>\n<p>M\u00eame s\u2019il s\u2019agit d\u2019une berline, cette Jaguar est un mod\u00e8le relativement rare de la marque puisqu\u2019il s\u2019agit d\u2019une Mark\u00a0X 4.2\u00a01967. La Mark\u00a0X (X pour 10) \u00e9tait la berline haut de gamme du constructeur britannique des ann\u00e9es 60. Elle \u00e9tait destin\u00e9e principalement au march\u00e9 nord-am\u00e9ricain. Les dirigeants de Jaguar esp\u00e9raient qu\u2019elle plairait aux chefs d&#8217;\u00c9tat, aux diplomates et surtout aux vedettes de Hollywood. Et elle en a s\u00e9duit au moins une\u00a0: Yvonne de\u00a0Carlo, qu\u2019on a mieux connu sous le nom de Lily Munster, dans la s\u00e9rie t\u00e9l\u00e9vis\u00e9e humoristique <em>The Munsters<\/em>.<\/p>\n<h3><strong>Lanc\u00e9e la m\u00eame ann\u00e9e que la Type\u00a0E<\/strong><\/h3>\n<p>\nLanc\u00e9e la m\u00eame ann\u00e9e que l&#8217;embl\u00e9matique Jaguar Type\u00a0E, la Mk\u00a0X mettait de l\u2019avant certaines formules innovantes. \u00c0 l\u2019\u00e9poque, c\u2019\u00e9tait la plus grande voiture \u00e0 ch\u00e2ssis monocoque fabriqu\u00e9e au Royaume-Uni. Elle avait aussi une suspension arri\u00e8re ind\u00e9pendante, ce qui \u00e9tait in\u00e9dit sur les voitures de luxe britanniques du d\u00e9but des ann\u00e9es 1960.<\/p>\n<p>Initialement, elle partageait le 6-cylindres en ligne de 3,8\u00a0litres \u00e0 triple carburateur de la Type\u00a0E. Fort de ses 265\u00a0ch, il permettait au vaisseau amiral de Jaguar d\u2019atteindre 193 km\/h avec un confort et un luxe princier, pour la moiti\u00e9 du prix d\u2019une <a href=\"https:\/\/annuelauto.ca\/lunaz-design-revalorise-la-rolls-royce-de-sophia-loren-en-lelectrifiant\/\" target=\"_blank\" rel=\"noopener noreferrer\">Rolls-Royce Silver\u00a0Cloud<\/a>.<\/p>\n<p>Puis, en octobre 1964, au Salon de Londres, Jaguar pr\u00e9sente un nouveau 6-cylindres en ligne de 4,2\u00a0L. Aussi puissant que son pr\u00e9d\u00e9cesseur, ce moteur livrait plus de couple\u00a0: 283\u00a0lb-pi plut\u00f4t que 260. Il haussait \u00e9galement la vitesse de pointe de 3\u00a0km\/h.<\/p>\n<p>La Mk\u00a0X\u00a04.2 aura toutefois une courte existence puisque, au Salon de Londres, en octobre 1966, le constructeur annonce qu\u2019il change l\u2019appellation de cette berline, qui devient la 420G. Les derniers exemplaires nomm\u00e9s Mark\u00a0X seront fabriqu\u00e9s au courant de 1967, si bien que la version \u00e9quip\u00e9e du moteur de 4,2\u00a0L deviendra la Mk\u00a0X la plus rare avec seulement 5\u00a0137 exemplaires fabriqu\u00e9s.<\/p>\n<h3><strong>Une des derni\u00e8res Mark\u00a0X<\/strong><\/h3>\n<p>\nL\u2019histoire de la Mk\u00a0X de Madonna remonte justement \u00e0 1967. Sa berline a \u00e9t\u00e9 immatricul\u00e9e \u00ab\u00a0RLO\u00a0378E\u00a0\u00bb par University Motors de Richmond, une banlieue de Londres, le 17 mai 1967, pour ensuite \u00eatre vendue \u00e0 une entreprise de Kingston-on-Thames, le 22 d\u00e9cembre. En 1995, elle a subi une restauration et, cinq ans plus tard, elle a \u00e9t\u00e9 acquise par la Birks MotorWorks, une entreprise sp\u00e9cialis\u00e9e dans les Jaguar anciennes et modernes. Madonna l\u2019a achet\u00e9e du propri\u00e9taire auquel Birks l\u2019avait vendue.<\/p>\n<p>Depuis, elle a subi de nouveaux travaux pour l\u2019embellir et la remettre au go\u00fbt du jour. On lui a notamment donn\u00e9 une nouvelle peinture marron opalescent, en plus d\u2019ajouter une petite console au bas de la planche de bord, entre les deux si\u00e8ges baquets, pour loger l\u2019\u00e9cran tactile d\u2019un syst\u00e8me d\u2019infodivertissement Pioneer.<\/p>\n<p>Plus t\u00f4t cette ann\u00e9e, Madonna s\u2019est pr\u00eat\u00e9e au jeu d\u2019une s\u00e9ance de photographie avec cette f\u00e9line motoris\u00e9e. Peu apr\u00e8s, ces images, qui sont d\u2019abord apparues dans son compte Instagram, ont fait le tour de la presse britannique. Cet exercice servait sans doute \u00e0 pr\u00e9parer la vente de cette Jaguar pour en tirer le maximum, car sa valeur pourrait ne pas \u00eatre aussi \u00e9lev\u00e9e qu\u2019on l\u2019imagine. Les experts de la soci\u00e9t\u00e9 \u00e9tatsunienne Hargerty attribuent \u00e0 la Mk X 4.2 1967 une valeur allant d\u2019environ 18 000 $ \u00e0 un peu moins de 65 000 $.<\/p>\n<p>La filiation avec cette artiste populaire et le fait qu\u2019elle soit offerte sans r\u00e9serve contribueront sans doute \u00e0 accro\u00eetre l\u2019engouement des acheteurs \u00e0 l\u2019\u00e9gard de cette Mark\u00a0X, lorsqu\u2019elle sera pr\u00e9sent\u00e9e par H&amp;H Classics \u00e0 la vente de l\u2019Imperial War Museum de Duxford, dans le Cambridgeshire, le 9 octobre prochain.<\/p>\n<p><em>Photos : H&amp;H Classics et Madonna\/Instagram<br \/>\n<\/em><\/p>\n<p>Le texte <a rel=\"nofollow\" href=\"https:\/\/annuelauto.ca\/hh-classics-offrira-bientot-la-jaguar-de-madonna\/\">H&amp;H Classics offrira bient\u00f4t la Jaguar de Madonna<\/a> provient de <a rel=\"nofollow\" href=\"https:\/\/annuelauto.ca\">L&#8217;annuel de l&#8217;automobile &#8211; Actualit\u00e9 automobile<\/a><\/p>\n<p><\/p>\n","protected":false},"excerpt":{"rendered":"<p>Les amateurs d\u2019art classique connaissent La Madone au chat (Madonna del gatto), ce tableau r\u00e9alis\u00e9 par le peintre italien Baroccio, au 16e si\u00e8cle. Mais aujourd\u2019hui, c\u2019est de la Jaguar de la madone qu\u2019il est question, plus pr\u00e9cis\u00e9ment celle de Madonna. En effet, cette \u00e9l\u00e9gante Jaguar Mk X qui appartient \u00e0 la c\u00e9l\u00e8bre chanteuse sera en [&hellip;]<\/p>\n","protected":false},"author":8,"featured_media":174776,"comment_status":"close","ping_status":"closed","sticky":false,"template":"","format":"standard","meta":{"_monsterinsights_skip_tracking":false,"_monsterinsights_sitenote_active":false,"_monsterinsights_sitenote_note":"","_monsterinsights_sitenote_category":0,"footnotes":""},"categories":[101],"tags":[],"yoast_head":"<!-- This site is optimized with the Yoast SEO plugin v23.2 - https:\/\/yoast.com\/wordpress\/plugins\/seo\/ -->\n<title>H&amp;H Classics offrira bient\u00f4t la Jaguar de Madonna - CanadaMotorJobs.com<\/title>\n<meta name=\"description\" content=\"H&amp;H Classics offrira bient\u00f4t la Jaguar de Madonna - Benoit Charette - Annuel automobile - CanadaMotorJobs.com.\" \/>\n<meta name=\"robots\" content=\"index, follow, max-snippet:-1, max-image-preview:large, max-video-preview:-1\" \/>\n<meta property=\"og:locale\" content=\"fr_CA\" \/>\n<meta property=\"og:type\" content=\"article\" \/>\n<meta property=\"og:title\" content=\"H&amp;H Classics offrira bient\u00f4t la Jaguar de Madonna - CanadaMotorJobs.com\" \/>\n<meta property=\"og:description\" content=\"H&amp;H Classics offrira bient\u00f4t la Jaguar de Madonna - Benoit Charette - Annuel automobile - CanadaMotorJobs.com.\" \/>\n<meta property=\"og:url\" content=\"https:\/\/news.canadamotorjobs.com\/fr\/hh-classics-offrira-bientot-la-jaguar-de-madonna\/\" \/>\n<meta property=\"og:site_name\" content=\"CanadaMotorJobs.com\" \/>\n<meta property=\"article:publisher\" content=\"https:\/\/www.facebook.com\/canadamotorjobs\/\" \/>\n<meta property=\"article:published_time\" content=\"2024-09-27T17:09:12+00:00\" \/>\n<meta property=\"article:modified_time\" content=\"2024-09-27T17:29:08+00:00\" \/>\n<meta property=\"og:image\" content=\"https:\/\/news.canadamotorjobs.com\/wp-content\/uploads\/2024\/09\/Jaguar-Mark-X-4.2-1967-ex-Madonna-13.jpg\" \/>\n\t<meta property=\"og:image:width\" content=\"1024\" \/>\n\t<meta property=\"og:image:height\" content=\"683\" \/>\n\t<meta property=\"og:image:type\" content=\"image\/jpeg\" \/>\n<meta name=\"author\" content=\"Benoit Charette\" \/>\n<meta name=\"twitter:card\" content=\"summary_large_image\" \/>\n<meta name=\"twitter:creator\" content=\"@canadamotorjobs\" \/>\n<meta name=\"twitter:site\" content=\"@canadamotorjobs\" \/>\n<meta name=\"twitter:label1\" content=\"\u00c9crit par\" \/>\n\t<meta name=\"twitter:data1\" content=\"Benoit Charette\" \/>\n\t<meta name=\"twitter:label2\" content=\"Estimation du temps de lecture\" \/>\n\t<meta name=\"twitter:data2\" content=\"4 minutes\" \/>\n<!-- \/ Yoast SEO plugin. -->","yoast_head_json":{"title":"H&amp;H Classics offrira bient\u00f4t la Jaguar de Madonna - CanadaMotorJobs.com","description":"H&amp;H Classics offrira bient\u00f4t la Jaguar de Madonna - Benoit Charette - Annuel automobile - CanadaMotorJobs.com.","robots":{"index":"index","follow":"follow","max-snippet":"max-snippet:-1","max-image-preview":"max-image-preview:large","max-video-preview":"max-video-preview:-1"},"og_locale":"fr_CA","og_type":"article","og_title":"H&amp;H Classics offrira bient\u00f4t la Jaguar de Madonna - CanadaMotorJobs.com","og_description":"H&amp;H Classics offrira bient\u00f4t la Jaguar de Madonna - Benoit Charette - Annuel automobile - CanadaMotorJobs.com.","og_url":"https:\/\/news.canadamotorjobs.com\/fr\/hh-classics-offrira-bientot-la-jaguar-de-madonna\/","og_site_name":"CanadaMotorJobs.com","article_publisher":"https:\/\/www.facebook.com\/canadamotorjobs\/","article_published_time":"2024-09-27T17:09:12+00:00","article_modified_time":"2024-09-27T17:29:08+00:00","og_image":[{"width":1024,"height":683,"url":"https:\/\/news.canadamotorjobs.com\/wp-content\/uploads\/2024\/09\/Jaguar-Mark-X-4.2-1967-ex-Madonna-13.jpg","type":"image\/jpeg"}],"author":"Benoit Charette","twitter_card":"summary_large_image","twitter_creator":"@canadamotorjobs","twitter_site":"@canadamotorjobs","twitter_misc":{"\u00c9crit par":"Benoit Charette","Estimation du temps de lecture":"4 minutes"},"schema":{"@context":"https:\/\/schema.org","@graph":[{"@type":"Article","@id":"https:\/\/news.canadamotorjobs.com\/fr\/hh-classics-offrira-bientot-la-jaguar-de-madonna\/#article","isPartOf":{"@id":"https:\/\/news.canadamotorjobs.com\/fr\/hh-classics-offrira-bientot-la-jaguar-de-madonna\/"},"author":{"name":"Benoit Charette","@id":"https:\/\/news.canadamotorjobs.com\/#\/schema\/person\/51793d1f87d44011d7bcc2ed99269a90"},"headline":"H&amp;H Classics offrira bient\u00f4t la Jaguar de Madonna","datePublished":"2024-09-27T17:09:12+00:00","dateModified":"2024-09-27T17:29:08+00:00","mainEntityOfPage":{"@id":"https:\/\/news.canadamotorjobs.com\/fr\/hh-classics-offrira-bientot-la-jaguar-de-madonna\/"},"wordCount":810,"publisher":{"@id":"https:\/\/news.canadamotorjobs.com\/#organization"},"image":{"@id":"https:\/\/news.canadamotorjobs.com\/fr\/hh-classics-offrira-bientot-la-jaguar-de-madonna\/#primaryimage"},"thumbnailUrl":"https:\/\/news.canadamotorjobs.com\/wp-content\/uploads\/2024\/09\/Jaguar-Mark-X-4.2-1967-ex-Madonna-13.jpg","articleSection":["Annuel automobile"],"inLanguage":"fr-CA"},{"@type":"WebPage","@id":"https:\/\/news.canadamotorjobs.com\/fr\/hh-classics-offrira-bientot-la-jaguar-de-madonna\/","url":"https:\/\/news.canadamotorjobs.com\/fr\/hh-classics-offrira-bientot-la-jaguar-de-madonna\/","name":"H&amp;H Classics offrira bient\u00f4t la Jaguar de Madonna - CanadaMotorJobs.com","isPartOf":{"@id":"https:\/\/news.canadamotorjobs.com\/#website"},"primaryImageOfPage":{"@id":"https:\/\/news.canadamotorjobs.com\/fr\/hh-classics-offrira-bientot-la-jaguar-de-madonna\/#primaryimage"},"image":{"@id":"https:\/\/news.canadamotorjobs.com\/fr\/hh-classics-offrira-bientot-la-jaguar-de-madonna\/#primaryimage"},"thumbnailUrl":"https:\/\/news.canadamotorjobs.com\/wp-content\/uploads\/2024\/09\/Jaguar-Mark-X-4.2-1967-ex-Madonna-13.jpg","datePublished":"2024-09-27T17:09:12+00:00","dateModified":"2024-09-27T17:29:08+00:00","description":"H&amp;H Classics offrira bient\u00f4t la Jaguar de Madonna - Benoit Charette - Annuel automobile - CanadaMotorJobs.com.","breadcrumb":{"@id":"https:\/\/news.canadamotorjobs.com\/fr\/hh-classics-offrira-bientot-la-jaguar-de-madonna\/#breadcrumb"},"inLanguage":"fr-CA","potentialAction":[{"@type":"ReadAction","target":["https:\/\/news.canadamotorjobs.com\/fr\/hh-classics-offrira-bientot-la-jaguar-de-madonna\/"]}]},{"@type":"ImageObject","inLanguage":"fr-CA","@id":"https:\/\/news.canadamotorjobs.com\/fr\/hh-classics-offrira-bientot-la-jaguar-de-madonna\/#primaryimage","url":"https:\/\/news.canadamotorjobs.com\/wp-content\/uploads\/2024\/09\/Jaguar-Mark-X-4.2-1967-ex-Madonna-13.jpg","contentUrl":"https:\/\/news.canadamotorjobs.com\/wp-content\/uploads\/2024\/09\/Jaguar-Mark-X-4.2-1967-ex-Madonna-13.jpg","width":1024,"height":683},{"@type":"BreadcrumbList","@id":"https:\/\/news.canadamotorjobs.com\/fr\/hh-classics-offrira-bientot-la-jaguar-de-madonna\/#breadcrumb","itemListElement":[{"@type":"ListItem","position":1,"name":"Home","item":"https:\/\/news.canadamotorjobs.com\/fr\/blog\/"},{"@type":"ListItem","position":2,"name":"H&amp;H Classics offrira bient\u00f4t la Jaguar de Madonna"}]},{"@type":"WebSite","@id":"https:\/\/news.canadamotorjobs.com\/#website","url":"https:\/\/news.canadamotorjobs.com\/","name":"CanadaMotorJobs.com","description":"Automotive Jobs","publisher":{"@id":"https:\/\/news.canadamotorjobs.com\/#organization"},"potentialAction":[{"@type":"SearchAction","target":{"@type":"EntryPoint","urlTemplate":"https:\/\/news.canadamotorjobs.com\/?s={search_term_string}"},"query-input":"required name=search_term_string"}],"inLanguage":"fr-CA"},{"@type":"Organization","@id":"https:\/\/news.canadamotorjobs.com\/#organization","name":"Canada Motor Jobs","url":"https:\/\/news.canadamotorjobs.com\/","logo":{"@type":"ImageObject","inLanguage":"fr-CA","@id":"https:\/\/news.canadamotorjobs.com\/#\/schema\/logo\/image\/","url":"https:\/\/news.canadamotorjobs.com\/wp-content\/uploads\/2022\/10\/logo-canada-motor-jobs-1.png","contentUrl":"https:\/\/news.canadamotorjobs.com\/wp-content\/uploads\/2022\/10\/logo-canada-motor-jobs-1.png","width":800,"height":400,"caption":"Canada Motor Jobs"},"image":{"@id":"https:\/\/news.canadamotorjobs.com\/#\/schema\/logo\/image\/"},"sameAs":["https:\/\/www.facebook.com\/canadamotorjobs\/","https:\/\/x.com\/canadamotorjobs","https:\/\/www.instagram.com\/canadamotorjobs\/","https:\/\/www.linkedin.com\/company\/canadamotorjobs"]},{"@type":"Person","@id":"https:\/\/news.canadamotorjobs.com\/#\/schema\/person\/51793d1f87d44011d7bcc2ed99269a90","name":"Benoit Charette","image":{"@type":"ImageObject","inLanguage":"fr-CA","@id":"https:\/\/news.canadamotorjobs.com\/#\/schema\/person\/image\/","url":"https:\/\/secure.gravatar.com\/avatar\/45f3d2eebcccd909668d7ce7ea7267b6?s=96&d=mm&r=g","contentUrl":"https:\/\/secure.gravatar.com\/avatar\/45f3d2eebcccd909668d7ce7ea7267b6?s=96&d=mm&r=g","caption":"Benoit Charette"},"description":"Benoit Charette \/ Propri\u00e9taire et r\u00e9dacteur en chef Benoit Charette pratique le journalisme automobile depuis bient\u00f4t 30 ans. Il a fait ses classes au c\u00f4t\u00e9 de Daniel H\u00e9raud et au Carnet de route de 1992 \u00e0 2001. Il est fondateur, copropri\u00e9taire et r\u00e9dacteur en chef de L\u2019Annuel de l\u2019automobile, qu\u2019il publie depuis 2001. Il a anim\u00e9 les \u00e9missions RPM et RPM+ sur V et les L\u00e9gendes de la route sur Historia. \u00c0 la radio depuis 1986, il reprend l\u2019antenne cette ann\u00e9e sur les ondes de Cogeco et participe pour la deuxi\u00e8me ann\u00e9e \u00e0 l\u2019\u00e9mission Passion Auto sur RDS en plus de mettre en ligne le site Web officiel de L\u2019Annuel de l\u2019automobile sur annuelauto.ca.","sameAs":["https:\/\/annuelauto.ca\/"],"url":"https:\/\/news.canadamotorjobs.com\/fr\/author\/benoit-charette\/"}]}},"_links":{"self":[{"href":"https:\/\/news.canadamotorjobs.com\/fr\/wp-json\/wp\/v2\/posts\/174774"}],"collection":[{"href":"https:\/\/news.canadamotorjobs.com\/fr\/wp-json\/wp\/v2\/posts"}],"about":[{"href":"https:\/\/news.canadamotorjobs.com\/fr\/wp-json\/wp\/v2\/types\/post"}],"author":[{"embeddable":true,"href":"https:\/\/news.canadamotorjobs.com\/fr\/wp-json\/wp\/v2\/users\/8"}],"replies":[{"embeddable":true,"href":"https:\/\/news.canadamotorjobs.com\/fr\/wp-json\/wp\/v2\/comments?post=174774"}],"version-history":[{"count":2,"href":"https:\/\/news.canadamotorjobs.com\/fr\/wp-json\/wp\/v2\/posts\/174774\/revisions"}],"predecessor-version":[{"id":174778,"href":"https:\/\/news.canadamotorjobs.com\/fr\/wp-json\/wp\/v2\/posts\/174774\/revisions\/174778"}],"wp:featuredmedia":[{"embeddable":true,"href":"https:\/\/news.canadamotorjobs.com\/fr\/wp-json\/wp\/v2\/media\/174776"}],"wp:attachment":[{"href":"https:\/\/news.canadamotorjobs.com\/fr\/wp-json\/wp\/v2\/media?parent=174774"}],"wp:term":[{"taxonomy":"category","embeddable":true,"href":"https:\/\/news.canadamotorjobs.com\/fr\/wp-json\/wp\/v2\/categories?post=174774"},{"taxonomy":"post_tag","embeddable":true,"href":"https:\/\/news.canadamotorjobs.com\/fr\/wp-json\/wp\/v2\/tags?post=174774"}],"curies":[{"name":"wp","href":"https:\/\/api.w.org\/{rel}","templated":true}]}}