{"id":174685,"date":"2024-09-27T03:24:46","date_gmt":"2024-09-27T07:24:46","guid":{"rendered":"https:\/\/news.canadamotorjobs.com\/?p=174685"},"modified":"2024-09-27T03:31:09","modified_gmt":"2024-09-27T07:31:09","slug":"mclaren-devoilera-la-successeure-de-la-p1-le-6-octobre","status":"publish","type":"post","link":"https:\/\/news.canadamotorjobs.com\/fr\/mclaren-devoilera-la-successeure-de-la-p1-le-6-octobre\/","title":{"rendered":"McLaren d\u00e9voilera la successeure de la P1 le 6 octobre"},"content":{"rendered":"<\/p>\n<p>McLaren est sur le point de r\u00e9v\u00e9ler sa prochaine voiture ultime, le 6 octobre prochain, dix ans apr\u00e8s l\u2019arriv\u00e9e de la l\u00e9gendaire P1, successeure de la F1, capable d\u2019atteindre 386 km\/h. Baptis\u00e9 sous le nom de code P18, ce nouveau mod\u00e8le promet des avanc\u00e9es importantes en mati\u00e8re d\u2019a\u00e9rodynamisme et sera dot\u00e9 d\u2019une motorisation hybride sur mesure.<\/p>\n<p><strong>Une motorisation hybride V8 l\u00e9g\u00e8re et puissante<\/strong><\/p>\n<p>Bien que le nom officiel de cette voiture exotique n\u2019ait pas encore \u00e9t\u00e9 confirm\u00e9, McLaren a lev\u00e9 un coin du voile en pr\u00e9cisant que la P18 sera \u00e9quip\u00e9e d\u2019un V8 unique associ\u00e9 \u00e0 un syst\u00e8me hybride ultral\u00e9ger, environ 70 % de moins que ceux actuellement utilis\u00e9s par la marque. La puissance devrait d\u00e9passer largement la barre des 1000 chevaux, ce qui place ce mod\u00e8le parmi les v\u00e9hicules les plus performants jamais produits par McLaren.<\/p>\n<p><strong>Retour sur les l\u00e9gendes F1 et P1<\/strong><\/p>\n<p>Il y a quelques jours, McLaren a publi\u00e9 une vid\u00e9o c\u00e9l\u00e9brant les mod\u00e8les embl\u00e9matiques F1 et P1, tout en laissant entendre qu\u2019une nouveaut\u00e9 r\u00e9volutionnaire \u00e9tait en pr\u00e9paration. Une autre s\u00e9quence titillante, encore plus intrigante, a suivi. Dans cette nouvelle vid\u00e9o, certains cadres et employ\u00e9s de McLaren expliquent ce qui fait l\u2019essence des voitures portant le chiffre \u00ab 1&#8243; au sein de la marque.<\/p>\n<p><\/p>\n<p><strong>Qu\u2019est-ce qu\u2019une McLaren \u00ab 1 \u00bb ?<\/strong><\/p>\n<p>Selon McLaren, une voiture \u00ab 1 \u00bb se doit d\u2019\u00eatre intemporelle, spectaculaire, et offrir les meilleures performances sonores, visuelles et dynamiques de sa cat\u00e9gorie. La s\u00e9quence se termine par ces mots : \u00ab Il est temps que le monde d\u00e9couvre ce que McLaren va faire ensuite \u00bb, avec la date (et l\u2019heure) du 6 octobre \u00e0 13 h (Angleterre) affich\u00e9e \u00e0 l\u2019\u00e9cran. \u00c7a signifie \u00e0 huit heures en Am\u00e9rique du Nord, \u00e0 l\u2019heure de l\u2019Est.<\/p>\n<p><strong>Le myst\u00e8re autour du nom<\/strong><\/p>\n<p>Le nom d\u00e9finitif de cette voiture reste un secret bien gard\u00e9. Actuellement d\u00e9sign\u00e9e sous le code P18, il est peu probable que cette appellation soit conserv\u00e9e pour le mod\u00e8le de production. Au vu des r\u00e9f\u00e9rences au chiffre \u00ab 1 \u00bb, on peut s\u2019attendre \u00e0 un nom similaire \u00e0 la F1 et \u00e0 la P1, avec une lettre pr\u00e9c\u00e9dant le chiffre. Trouver une lettre qui r\u00e9sonne aussi bien que celles de ses pr\u00e9d\u00e9cesseurs pourrait s\u2019av\u00e9rer complexe. Bien que des noms comme \u00ab R1 \u00bb ou \u00ab Z1 \u00bb aient \u00e9t\u00e9 \u00e9voqu\u00e9s, ils sont d\u00e9j\u00e0 utilis\u00e9s par d\u2019autres constructeurs.<\/p>\n<p><strong>Un futur mod\u00e8le exceptionnel<\/strong><\/p>\n<p>Quel que soit son nom, la nouvelle exotique de McLaren s\u2019annonce comme une v\u00e9ritable r\u00e9volution. Avec un moteur V8 sur mesure et un syst\u00e8me hybride ultral\u00e9ger, elle devrait surclasser ses pr\u00e9d\u00e9cesseurs et marquer l\u2019histoire de la marque. Rendez-vous le 6 octobre pour d\u00e9couvrir cette cr\u00e9ation attendue avec impatience.<\/p>\n<p><\/p>\n<p style=\"padding-top: 15px\">Contenu original de <a href=\"https:\/\/www.auto123.com\/fr\/actualites\/mclaren-p18-hypercar-teaser-devoilement\/71880\/\">auto123<\/a>.<\/p>\n<p>Le texte <a rel=\"nofollow\" href=\"https:\/\/annuelauto.ca\/mclaren-devoilera-la-successeure-de-la-p1-le-6-octobre\/\">McLaren d\u00e9voilera la successeure de la P1 le 6 octobre<\/a> provient de <a rel=\"nofollow\" href=\"https:\/\/annuelauto.ca\">L&#8217;annuel de l&#8217;automobile &#8211; Actualit\u00e9 automobile<\/a><\/p>\n<p><\/p>\n","protected":false},"excerpt":{"rendered":"<p>McLaren est sur le point de r\u00e9v\u00e9ler sa prochaine voiture ultime, le 6 octobre prochain, dix ans apr\u00e8s l\u2019arriv\u00e9e de la l\u00e9gendaire P1, successeure de la F1, capable d\u2019atteindre 386 km\/h. Baptis\u00e9 sous le nom de code P18, ce nouveau mod\u00e8le promet des avanc\u00e9es importantes en mati\u00e8re d\u2019a\u00e9rodynamisme et sera dot\u00e9 d\u2019une motorisation hybride sur [&hellip;]<\/p>\n","protected":false},"author":8,"featured_media":174687,"comment_status":"close","ping_status":"closed","sticky":false,"template":"","format":"standard","meta":{"_monsterinsights_skip_tracking":false,"_monsterinsights_sitenote_active":false,"_monsterinsights_sitenote_note":"","_monsterinsights_sitenote_category":0,"footnotes":""},"categories":[101],"tags":[],"yoast_head":"<!-- This site is optimized with the Yoast SEO plugin v23.2 - https:\/\/yoast.com\/wordpress\/plugins\/seo\/ -->\n<title>McLaren d\u00e9voilera la successeure de la P1 le 6 octobre - CanadaMotorJobs.com<\/title>\n<meta name=\"description\" content=\"McLaren d\u00e9voilera la successeure de la P1 le 6 octobre - Benoit Charette - Annuel automobile - CanadaMotorJobs.com.\" \/>\n<meta name=\"robots\" content=\"index, follow, max-snippet:-1, max-image-preview:large, max-video-preview:-1\" \/>\n<meta property=\"og:locale\" content=\"fr_CA\" \/>\n<meta property=\"og:type\" content=\"article\" \/>\n<meta property=\"og:title\" content=\"McLaren d\u00e9voilera la successeure de la P1 le 6 octobre - CanadaMotorJobs.com\" \/>\n<meta property=\"og:description\" content=\"McLaren d\u00e9voilera la successeure de la P1 le 6 octobre - Benoit Charette - Annuel automobile - CanadaMotorJobs.com.\" \/>\n<meta property=\"og:url\" content=\"https:\/\/news.canadamotorjobs.com\/fr\/mclaren-devoilera-la-successeure-de-la-p1-le-6-octobre\/\" \/>\n<meta property=\"og:site_name\" content=\"CanadaMotorJobs.com\" \/>\n<meta property=\"article:publisher\" content=\"https:\/\/www.facebook.com\/canadamotorjobs\/\" \/>\n<meta property=\"article:published_time\" content=\"2024-09-27T07:24:46+00:00\" \/>\n<meta property=\"article:modified_time\" content=\"2024-09-27T07:31:09+00:00\" \/>\n<meta property=\"og:image\" content=\"https:\/\/news.canadamotorjobs.com\/wp-content\/uploads\/2024\/09\/mclaren_p1_330fr.jpeg\" \/>\n\t<meta property=\"og:image:width\" content=\"1200\" \/>\n\t<meta property=\"og:image:height\" content=\"900\" \/>\n\t<meta property=\"og:image:type\" content=\"image\/jpeg\" \/>\n<meta name=\"author\" content=\"Benoit Charette\" \/>\n<meta name=\"twitter:card\" content=\"summary_large_image\" \/>\n<meta name=\"twitter:creator\" content=\"@canadamotorjobs\" \/>\n<meta name=\"twitter:site\" content=\"@canadamotorjobs\" \/>\n<meta name=\"twitter:label1\" content=\"\u00c9crit par\" \/>\n\t<meta name=\"twitter:data1\" content=\"Benoit Charette\" \/>\n\t<meta name=\"twitter:label2\" content=\"Estimation du temps de lecture\" \/>\n\t<meta name=\"twitter:data2\" content=\"3 minutes\" \/>\n<!-- \/ Yoast SEO plugin. -->","yoast_head_json":{"title":"McLaren d\u00e9voilera la successeure de la P1 le 6 octobre - CanadaMotorJobs.com","description":"McLaren d\u00e9voilera la successeure de la P1 le 6 octobre - Benoit Charette - Annuel automobile - CanadaMotorJobs.com.","robots":{"index":"index","follow":"follow","max-snippet":"max-snippet:-1","max-image-preview":"max-image-preview:large","max-video-preview":"max-video-preview:-1"},"og_locale":"fr_CA","og_type":"article","og_title":"McLaren d\u00e9voilera la successeure de la P1 le 6 octobre - CanadaMotorJobs.com","og_description":"McLaren d\u00e9voilera la successeure de la P1 le 6 octobre - Benoit Charette - Annuel automobile - CanadaMotorJobs.com.","og_url":"https:\/\/news.canadamotorjobs.com\/fr\/mclaren-devoilera-la-successeure-de-la-p1-le-6-octobre\/","og_site_name":"CanadaMotorJobs.com","article_publisher":"https:\/\/www.facebook.com\/canadamotorjobs\/","article_published_time":"2024-09-27T07:24:46+00:00","article_modified_time":"2024-09-27T07:31:09+00:00","og_image":[{"width":1200,"height":900,"url":"https:\/\/news.canadamotorjobs.com\/wp-content\/uploads\/2024\/09\/mclaren_p1_330fr.jpeg","type":"image\/jpeg"}],"author":"Benoit Charette","twitter_card":"summary_large_image","twitter_creator":"@canadamotorjobs","twitter_site":"@canadamotorjobs","twitter_misc":{"\u00c9crit par":"Benoit Charette","Estimation du temps de lecture":"3 minutes"},"schema":{"@context":"https:\/\/schema.org","@graph":[{"@type":"Article","@id":"https:\/\/news.canadamotorjobs.com\/fr\/mclaren-devoilera-la-successeure-de-la-p1-le-6-octobre\/#article","isPartOf":{"@id":"https:\/\/news.canadamotorjobs.com\/fr\/mclaren-devoilera-la-successeure-de-la-p1-le-6-octobre\/"},"author":{"name":"Benoit Charette","@id":"https:\/\/news.canadamotorjobs.com\/#\/schema\/person\/51793d1f87d44011d7bcc2ed99269a90"},"headline":"McLaren d\u00e9voilera la successeure de la P1 le 6 octobre","datePublished":"2024-09-27T07:24:46+00:00","dateModified":"2024-09-27T07:31:09+00:00","mainEntityOfPage":{"@id":"https:\/\/news.canadamotorjobs.com\/fr\/mclaren-devoilera-la-successeure-de-la-p1-le-6-octobre\/"},"wordCount":526,"publisher":{"@id":"https:\/\/news.canadamotorjobs.com\/#organization"},"image":{"@id":"https:\/\/news.canadamotorjobs.com\/fr\/mclaren-devoilera-la-successeure-de-la-p1-le-6-octobre\/#primaryimage"},"thumbnailUrl":"https:\/\/news.canadamotorjobs.com\/wp-content\/uploads\/2024\/09\/mclaren_p1_330fr.jpeg","articleSection":["Annuel automobile"],"inLanguage":"fr-CA"},{"@type":"WebPage","@id":"https:\/\/news.canadamotorjobs.com\/fr\/mclaren-devoilera-la-successeure-de-la-p1-le-6-octobre\/","url":"https:\/\/news.canadamotorjobs.com\/fr\/mclaren-devoilera-la-successeure-de-la-p1-le-6-octobre\/","name":"McLaren d\u00e9voilera la successeure de la P1 le 6 octobre - CanadaMotorJobs.com","isPartOf":{"@id":"https:\/\/news.canadamotorjobs.com\/#website"},"primaryImageOfPage":{"@id":"https:\/\/news.canadamotorjobs.com\/fr\/mclaren-devoilera-la-successeure-de-la-p1-le-6-octobre\/#primaryimage"},"image":{"@id":"https:\/\/news.canadamotorjobs.com\/fr\/mclaren-devoilera-la-successeure-de-la-p1-le-6-octobre\/#primaryimage"},"thumbnailUrl":"https:\/\/news.canadamotorjobs.com\/wp-content\/uploads\/2024\/09\/mclaren_p1_330fr.jpeg","datePublished":"2024-09-27T07:24:46+00:00","dateModified":"2024-09-27T07:31:09+00:00","description":"McLaren d\u00e9voilera la successeure de la P1 le 6 octobre - Benoit Charette - Annuel automobile - CanadaMotorJobs.com.","breadcrumb":{"@id":"https:\/\/news.canadamotorjobs.com\/fr\/mclaren-devoilera-la-successeure-de-la-p1-le-6-octobre\/#breadcrumb"},"inLanguage":"fr-CA","potentialAction":[{"@type":"ReadAction","target":["https:\/\/news.canadamotorjobs.com\/fr\/mclaren-devoilera-la-successeure-de-la-p1-le-6-octobre\/"]}]},{"@type":"ImageObject","inLanguage":"fr-CA","@id":"https:\/\/news.canadamotorjobs.com\/fr\/mclaren-devoilera-la-successeure-de-la-p1-le-6-octobre\/#primaryimage","url":"https:\/\/news.canadamotorjobs.com\/wp-content\/uploads\/2024\/09\/mclaren_p1_330fr.jpeg","contentUrl":"https:\/\/news.canadamotorjobs.com\/wp-content\/uploads\/2024\/09\/mclaren_p1_330fr.jpeg","width":1200,"height":900},{"@type":"BreadcrumbList","@id":"https:\/\/news.canadamotorjobs.com\/fr\/mclaren-devoilera-la-successeure-de-la-p1-le-6-octobre\/#breadcrumb","itemListElement":[{"@type":"ListItem","position":1,"name":"Home","item":"https:\/\/news.canadamotorjobs.com\/fr\/blog\/"},{"@type":"ListItem","position":2,"name":"McLaren d\u00e9voilera la successeure de la P1 le 6 octobre"}]},{"@type":"WebSite","@id":"https:\/\/news.canadamotorjobs.com\/#website","url":"https:\/\/news.canadamotorjobs.com\/","name":"CanadaMotorJobs.com","description":"Automotive Jobs","publisher":{"@id":"https:\/\/news.canadamotorjobs.com\/#organization"},"potentialAction":[{"@type":"SearchAction","target":{"@type":"EntryPoint","urlTemplate":"https:\/\/news.canadamotorjobs.com\/?s={search_term_string}"},"query-input":"required name=search_term_string"}],"inLanguage":"fr-CA"},{"@type":"Organization","@id":"https:\/\/news.canadamotorjobs.com\/#organization","name":"Canada Motor Jobs","url":"https:\/\/news.canadamotorjobs.com\/","logo":{"@type":"ImageObject","inLanguage":"fr-CA","@id":"https:\/\/news.canadamotorjobs.com\/#\/schema\/logo\/image\/","url":"https:\/\/news.canadamotorjobs.com\/wp-content\/uploads\/2022\/10\/logo-canada-motor-jobs-1.png","contentUrl":"https:\/\/news.canadamotorjobs.com\/wp-content\/uploads\/2022\/10\/logo-canada-motor-jobs-1.png","width":800,"height":400,"caption":"Canada Motor Jobs"},"image":{"@id":"https:\/\/news.canadamotorjobs.com\/#\/schema\/logo\/image\/"},"sameAs":["https:\/\/www.facebook.com\/canadamotorjobs\/","https:\/\/x.com\/canadamotorjobs","https:\/\/www.instagram.com\/canadamotorjobs\/","https:\/\/www.linkedin.com\/company\/canadamotorjobs"]},{"@type":"Person","@id":"https:\/\/news.canadamotorjobs.com\/#\/schema\/person\/51793d1f87d44011d7bcc2ed99269a90","name":"Benoit Charette","image":{"@type":"ImageObject","inLanguage":"fr-CA","@id":"https:\/\/news.canadamotorjobs.com\/#\/schema\/person\/image\/","url":"https:\/\/secure.gravatar.com\/avatar\/45f3d2eebcccd909668d7ce7ea7267b6?s=96&d=mm&r=g","contentUrl":"https:\/\/secure.gravatar.com\/avatar\/45f3d2eebcccd909668d7ce7ea7267b6?s=96&d=mm&r=g","caption":"Benoit Charette"},"description":"Benoit Charette \/ Propri\u00e9taire et r\u00e9dacteur en chef Benoit Charette pratique le journalisme automobile depuis bient\u00f4t 30 ans. Il a fait ses classes au c\u00f4t\u00e9 de Daniel H\u00e9raud et au Carnet de route de 1992 \u00e0 2001. Il est fondateur, copropri\u00e9taire et r\u00e9dacteur en chef de L\u2019Annuel de l\u2019automobile, qu\u2019il publie depuis 2001. Il a anim\u00e9 les \u00e9missions RPM et RPM+ sur V et les L\u00e9gendes de la route sur Historia. \u00c0 la radio depuis 1986, il reprend l\u2019antenne cette ann\u00e9e sur les ondes de Cogeco et participe pour la deuxi\u00e8me ann\u00e9e \u00e0 l\u2019\u00e9mission Passion Auto sur RDS en plus de mettre en ligne le site Web officiel de L\u2019Annuel de l\u2019automobile sur annuelauto.ca.","sameAs":["https:\/\/annuelauto.ca\/"],"url":"https:\/\/news.canadamotorjobs.com\/fr\/author\/benoit-charette\/"}]}},"_links":{"self":[{"href":"https:\/\/news.canadamotorjobs.com\/fr\/wp-json\/wp\/v2\/posts\/174685"}],"collection":[{"href":"https:\/\/news.canadamotorjobs.com\/fr\/wp-json\/wp\/v2\/posts"}],"about":[{"href":"https:\/\/news.canadamotorjobs.com\/fr\/wp-json\/wp\/v2\/types\/post"}],"author":[{"embeddable":true,"href":"https:\/\/news.canadamotorjobs.com\/fr\/wp-json\/wp\/v2\/users\/8"}],"replies":[{"embeddable":true,"href":"https:\/\/news.canadamotorjobs.com\/fr\/wp-json\/wp\/v2\/comments?post=174685"}],"version-history":[{"count":2,"href":"https:\/\/news.canadamotorjobs.com\/fr\/wp-json\/wp\/v2\/posts\/174685\/revisions"}],"predecessor-version":[{"id":174689,"href":"https:\/\/news.canadamotorjobs.com\/fr\/wp-json\/wp\/v2\/posts\/174685\/revisions\/174689"}],"wp:featuredmedia":[{"embeddable":true,"href":"https:\/\/news.canadamotorjobs.com\/fr\/wp-json\/wp\/v2\/media\/174687"}],"wp:attachment":[{"href":"https:\/\/news.canadamotorjobs.com\/fr\/wp-json\/wp\/v2\/media?parent=174685"}],"wp:term":[{"taxonomy":"category","embeddable":true,"href":"https:\/\/news.canadamotorjobs.com\/fr\/wp-json\/wp\/v2\/categories?post=174685"},{"taxonomy":"post_tag","embeddable":true,"href":"https:\/\/news.canadamotorjobs.com\/fr\/wp-json\/wp\/v2\/tags?post=174685"}],"curies":[{"name":"wp","href":"https:\/\/api.w.org\/{rel}","templated":true}]}}