{"id":174601,"date":"2024-09-27T03:24:47","date_gmt":"2024-09-27T07:24:47","guid":{"rendered":"https:\/\/news.canadamotorjobs.com\/?p=174601"},"modified":"2024-09-27T03:30:37","modified_gmt":"2024-09-27T07:30:37","slug":"hyundai-et-kia-sassocient-a-samsung-pour-une-nouvelle-generation-de-systeme-multimedia","status":"publish","type":"post","link":"https:\/\/news.canadamotorjobs.com\/fr\/hyundai-et-kia-sassocient-a-samsung-pour-une-nouvelle-generation-de-systeme-multimedia\/","title":{"rendered":"Hyundai et Kia s\u2019associent \u00e0 Samsung pour une nouvelle g\u00e9n\u00e9ration de syst\u00e8me multim\u00e9dia"},"content":{"rendered":"<\/p>\n<p>Hyundai et Kia ont annonc\u00e9 mercredi un partenariat avec le g\u00e9ant de l\u2019\u00e9lectronique Samsung pour le d\u00e9veloppement d\u2019un syst\u00e8me multim\u00e9dia de nouvelle g\u00e9n\u00e9ration. L\u2019objectif sera pour le nouveau syst\u00e8me de tirer parti des nouvelles capacit\u00e9s logicielles offertes par les futurs v\u00e9hicules du groupe.<\/p>\n<p>Les compagnies ont parl\u00e9 dans leur annonce d\u2019un v\u00e9hicule d\u00e9fini par logiciel. Ce que \u00e7a signifie, c\u2019est que l\u2019architecture \u00e9lectronique dudit mod\u00e8le va faire en sorte que tout au long de sa vie utile, il pourra profiter des mises \u00e0 jour via la voie des airs.<\/p>\n<p>Le nouveau syst\u00e8me multim\u00e9dia pr\u00e9vu par Hyundai et Kia va permettre aux utilisateurs de contr\u00f4ler beaucoup plus de fonctions du v\u00e9hicule \u00e0 l\u2019aide d\u2019un t\u00e9l\u00e9phone intelligent, plus que ce qui est actuellement possible, disons. Cela va \u00eatre rendu possible gr\u00e2ce \u00e0 l\u2019int\u00e9gration de l\u2019application SmartThings de Samsung. Cette derni\u00e8re permet de contr\u00f4ler plusieurs appareils connect\u00e9s via une seule application. Pour simplifier le processus d\u2019enregistrement, les comptes utilisateurs seront li\u00e9s au compte du t\u00e9l\u00e9phone de l\u2019utilisateur, ont pr\u00e9cis\u00e9 Hyundai et Kia.<\/p>\n<p>Cette nouvelle g\u00e9n\u00e9ration de syst\u00e8me multim\u00e9dia sera d\u00e9voil\u00e9e en 2026. On ne sait pas encore avec quels mod\u00e8les elle sera utilis\u00e9e, mais g\u00e9n\u00e9ralement, avec ce genre d\u2019innovation, on voit le tout appara\u00eetre avec des produits fra\u00eechement con\u00e7us ou grandement renouvel\u00e9s, et les autres v\u00e9hicules de la marque suivent au fur et \u00e0 mesure qu\u2019ils sont repens\u00e9s.<\/p>\n<p><\/p>\n<figure><img decoding=\"async\" src=\"https:\/\/news.canadamotorjobs.com\/wp-content\/uploads\/2024\/09\/56812-2024SonataHybridLimited-5.jpg\" alt=\"Hyundai Sonata 2024, tableau de bord\" \/><figcaption>Hyundai Sonata 2024, tableau de bord | Auto123.com<\/figcaption><\/figure>\n<p>Les deux entreprises ont pr\u00e9cis\u00e9 que le nouveau syst\u00e8me va profiter d\u2019une s\u00e9rie de fonctionnalit\u00e9s qui seront d\u00e9velopp\u00e9es en interne, mais aussi par des tiers. L\u2019une d\u2019elles sera un localisateur de v\u00e9hicules qui fonctionnera \u00e0 l\u2019\u00e9chelle mondiale. Il s\u2019appuiera sur un r\u00e9seau de centaines de millions de t\u00e9l\u00e9phones Samsung utilisant la connectivit\u00e9 Bluetooth, ce qui signifie qu\u2019il n\u2019aura pas besoin d\u2019une couverture cellulaire pour fonctionner.<\/p>\n<p>Des fonctionnalit\u00e9s li\u00e9es au style de vie et aux go\u00fbts de l\u2019utilisateur, des \u00e9l\u00e9ments qui vont au-del\u00e0 du v\u00e9hicule, seront \u00e9ventuellement propos\u00e9es par le syst\u00e8me. Les domaines de la sant\u00e9 et du soin des animaux ont \u00e9t\u00e9 mentionn\u00e9s par les compagnies.<\/p>\n<p>Plusieurs d\u00e9tails restent \u00e0 venir. On devine la pr\u00e9sence de l\u2019application Android Auto, puisque Samsung utilise ce syst\u00e8me pour l\u2019exploitation de ses propres appareils. Il faudra voir pour Apple CarPlay, mais on peut deviner que la compatibilit\u00e9 en sera aussi assur\u00e9e.<\/p>\n<p>On s\u2019en reparle en temps et lieu.<\/p>\n<p><\/p>\n<p style=\"padding-top: 15px\">Contenu original de <a href=\"https:\/\/www.auto123.com\/fr\/actualites\/hyundai-kia-samsung-collaboration-systeme-multimedia\/71877\/\">auto123<\/a>.<\/p>\n<p>Le texte <a rel=\"nofollow\" href=\"https:\/\/annuelauto.ca\/hyundai-et-kia-sassocient-a-samsung-pour-une-nouvelle-generation-de-systeme-multimedia\/\">Hyundai et Kia s\u2019associent \u00e0 Samsung pour une nouvelle g\u00e9n\u00e9ration de syst\u00e8me multim\u00e9dia<\/a> provient de <a rel=\"nofollow\" href=\"https:\/\/annuelauto.ca\">L&#8217;annuel de l&#8217;automobile &#8211; Actualit\u00e9 automobile<\/a><\/p>\n<p><\/p>\n","protected":false},"excerpt":{"rendered":"<p>Hyundai et Kia ont annonc\u00e9 mercredi un partenariat avec le g\u00e9ant de l\u2019\u00e9lectronique Samsung pour le d\u00e9veloppement d\u2019un syst\u00e8me multim\u00e9dia de nouvelle g\u00e9n\u00e9ration. L\u2019objectif sera pour le nouveau syst\u00e8me de tirer parti des nouvelles capacit\u00e9s logicielles offertes par les futurs v\u00e9hicules du groupe. Les compagnies ont parl\u00e9 dans leur annonce d\u2019un v\u00e9hicule d\u00e9fini par logiciel. [&hellip;]<\/p>\n","protected":false},"author":8,"featured_media":174603,"comment_status":"close","ping_status":"closed","sticky":false,"template":"","format":"standard","meta":{"_monsterinsights_skip_tracking":false,"_monsterinsights_sitenote_active":false,"_monsterinsights_sitenote_note":"","_monsterinsights_sitenote_category":0,"footnotes":""},"categories":[101],"tags":[],"yoast_head":"<!-- This site is optimized with the Yoast SEO plugin v23.2 - https:\/\/yoast.com\/wordpress\/plugins\/seo\/ -->\n<title>Hyundai et Kia s\u2019associent \u00e0 Samsung pour une nouvelle g\u00e9n\u00e9ration de syst\u00e8me multim\u00e9dia - CanadaMotorJobs.com<\/title>\n<meta name=\"description\" content=\"Hyundai et Kia s\u2019associent \u00e0 Samsung pour une nouvelle g\u00e9n\u00e9ration de syst\u00e8me multim\u00e9dia - Benoit Charette - Annuel automobile - CanadaMotorJobs.com.\" \/>\n<meta name=\"robots\" content=\"index, follow, max-snippet:-1, max-image-preview:large, max-video-preview:-1\" \/>\n<meta property=\"og:locale\" content=\"fr_CA\" \/>\n<meta property=\"og:type\" content=\"article\" \/>\n<meta property=\"og:title\" content=\"Hyundai et Kia s\u2019associent \u00e0 Samsung pour une nouvelle g\u00e9n\u00e9ration de syst\u00e8me multim\u00e9dia - CanadaMotorJobs.com\" \/>\n<meta property=\"og:description\" content=\"Hyundai et Kia s\u2019associent \u00e0 Samsung pour une nouvelle g\u00e9n\u00e9ration de syst\u00e8me multim\u00e9dia - Benoit Charette - Annuel automobile - CanadaMotorJobs.com.\" \/>\n<meta property=\"og:url\" content=\"https:\/\/news.canadamotorjobs.com\/fr\/hyundai-et-kia-sassocient-a-samsung-pour-une-nouvelle-generation-de-systeme-multimedia\/\" \/>\n<meta property=\"og:site_name\" content=\"CanadaMotorJobs.com\" \/>\n<meta property=\"article:publisher\" content=\"https:\/\/www.facebook.com\/canadamotorjobs\/\" \/>\n<meta property=\"article:published_time\" content=\"2024-09-27T07:24:47+00:00\" \/>\n<meta property=\"article:modified_time\" content=\"2024-09-27T07:30:37+00:00\" \/>\n<meta property=\"og:image\" content=\"https:\/\/news.canadamotorjobs.com\/wp-content\/uploads\/2024\/09\/56812-2024SonataHybridLimited.jpg\" \/>\n\t<meta property=\"og:image:width\" content=\"1200\" \/>\n\t<meta property=\"og:image:height\" content=\"800\" \/>\n\t<meta property=\"og:image:type\" content=\"image\/jpeg\" \/>\n<meta name=\"author\" content=\"Benoit Charette\" \/>\n<meta name=\"twitter:card\" content=\"summary_large_image\" \/>\n<meta name=\"twitter:creator\" content=\"@canadamotorjobs\" \/>\n<meta name=\"twitter:site\" content=\"@canadamotorjobs\" \/>\n<meta name=\"twitter:label1\" content=\"\u00c9crit par\" \/>\n\t<meta name=\"twitter:data1\" content=\"Benoit Charette\" \/>\n\t<meta name=\"twitter:label2\" content=\"Estimation du temps de lecture\" \/>\n\t<meta name=\"twitter:data2\" content=\"3 minutes\" \/>\n<!-- \/ Yoast SEO plugin. -->","yoast_head_json":{"title":"Hyundai et Kia s\u2019associent \u00e0 Samsung pour une nouvelle g\u00e9n\u00e9ration de syst\u00e8me multim\u00e9dia - CanadaMotorJobs.com","description":"Hyundai et Kia s\u2019associent \u00e0 Samsung pour une nouvelle g\u00e9n\u00e9ration de syst\u00e8me multim\u00e9dia - Benoit Charette - Annuel automobile - CanadaMotorJobs.com.","robots":{"index":"index","follow":"follow","max-snippet":"max-snippet:-1","max-image-preview":"max-image-preview:large","max-video-preview":"max-video-preview:-1"},"og_locale":"fr_CA","og_type":"article","og_title":"Hyundai et Kia s\u2019associent \u00e0 Samsung pour une nouvelle g\u00e9n\u00e9ration de syst\u00e8me multim\u00e9dia - CanadaMotorJobs.com","og_description":"Hyundai et Kia s\u2019associent \u00e0 Samsung pour une nouvelle g\u00e9n\u00e9ration de syst\u00e8me multim\u00e9dia - Benoit Charette - Annuel automobile - CanadaMotorJobs.com.","og_url":"https:\/\/news.canadamotorjobs.com\/fr\/hyundai-et-kia-sassocient-a-samsung-pour-une-nouvelle-generation-de-systeme-multimedia\/","og_site_name":"CanadaMotorJobs.com","article_publisher":"https:\/\/www.facebook.com\/canadamotorjobs\/","article_published_time":"2024-09-27T07:24:47+00:00","article_modified_time":"2024-09-27T07:30:37+00:00","og_image":[{"width":1200,"height":800,"url":"https:\/\/news.canadamotorjobs.com\/wp-content\/uploads\/2024\/09\/56812-2024SonataHybridLimited.jpg","type":"image\/jpeg"}],"author":"Benoit Charette","twitter_card":"summary_large_image","twitter_creator":"@canadamotorjobs","twitter_site":"@canadamotorjobs","twitter_misc":{"\u00c9crit par":"Benoit Charette","Estimation du temps de lecture":"3 minutes"},"schema":{"@context":"https:\/\/schema.org","@graph":[{"@type":"Article","@id":"https:\/\/news.canadamotorjobs.com\/fr\/hyundai-et-kia-sassocient-a-samsung-pour-une-nouvelle-generation-de-systeme-multimedia\/#article","isPartOf":{"@id":"https:\/\/news.canadamotorjobs.com\/fr\/hyundai-et-kia-sassocient-a-samsung-pour-une-nouvelle-generation-de-systeme-multimedia\/"},"author":{"name":"Benoit Charette","@id":"https:\/\/news.canadamotorjobs.com\/#\/schema\/person\/51793d1f87d44011d7bcc2ed99269a90"},"headline":"Hyundai et Kia s\u2019associent \u00e0 Samsung pour une nouvelle g\u00e9n\u00e9ration de syst\u00e8me multim\u00e9dia","datePublished":"2024-09-27T07:24:47+00:00","dateModified":"2024-09-27T07:30:37+00:00","mainEntityOfPage":{"@id":"https:\/\/news.canadamotorjobs.com\/fr\/hyundai-et-kia-sassocient-a-samsung-pour-une-nouvelle-generation-de-systeme-multimedia\/"},"wordCount":521,"publisher":{"@id":"https:\/\/news.canadamotorjobs.com\/#organization"},"image":{"@id":"https:\/\/news.canadamotorjobs.com\/fr\/hyundai-et-kia-sassocient-a-samsung-pour-une-nouvelle-generation-de-systeme-multimedia\/#primaryimage"},"thumbnailUrl":"https:\/\/news.canadamotorjobs.com\/wp-content\/uploads\/2024\/09\/56812-2024SonataHybridLimited.jpg","articleSection":["Annuel automobile"],"inLanguage":"fr-CA"},{"@type":"WebPage","@id":"https:\/\/news.canadamotorjobs.com\/fr\/hyundai-et-kia-sassocient-a-samsung-pour-une-nouvelle-generation-de-systeme-multimedia\/","url":"https:\/\/news.canadamotorjobs.com\/fr\/hyundai-et-kia-sassocient-a-samsung-pour-une-nouvelle-generation-de-systeme-multimedia\/","name":"Hyundai et Kia s\u2019associent \u00e0 Samsung pour une nouvelle g\u00e9n\u00e9ration de syst\u00e8me multim\u00e9dia - CanadaMotorJobs.com","isPartOf":{"@id":"https:\/\/news.canadamotorjobs.com\/#website"},"primaryImageOfPage":{"@id":"https:\/\/news.canadamotorjobs.com\/fr\/hyundai-et-kia-sassocient-a-samsung-pour-une-nouvelle-generation-de-systeme-multimedia\/#primaryimage"},"image":{"@id":"https:\/\/news.canadamotorjobs.com\/fr\/hyundai-et-kia-sassocient-a-samsung-pour-une-nouvelle-generation-de-systeme-multimedia\/#primaryimage"},"thumbnailUrl":"https:\/\/news.canadamotorjobs.com\/wp-content\/uploads\/2024\/09\/56812-2024SonataHybridLimited.jpg","datePublished":"2024-09-27T07:24:47+00:00","dateModified":"2024-09-27T07:30:37+00:00","description":"Hyundai et Kia s\u2019associent \u00e0 Samsung pour une nouvelle g\u00e9n\u00e9ration de syst\u00e8me multim\u00e9dia - Benoit Charette - Annuel automobile - CanadaMotorJobs.com.","breadcrumb":{"@id":"https:\/\/news.canadamotorjobs.com\/fr\/hyundai-et-kia-sassocient-a-samsung-pour-une-nouvelle-generation-de-systeme-multimedia\/#breadcrumb"},"inLanguage":"fr-CA","potentialAction":[{"@type":"ReadAction","target":["https:\/\/news.canadamotorjobs.com\/fr\/hyundai-et-kia-sassocient-a-samsung-pour-une-nouvelle-generation-de-systeme-multimedia\/"]}]},{"@type":"ImageObject","inLanguage":"fr-CA","@id":"https:\/\/news.canadamotorjobs.com\/fr\/hyundai-et-kia-sassocient-a-samsung-pour-une-nouvelle-generation-de-systeme-multimedia\/#primaryimage","url":"https:\/\/news.canadamotorjobs.com\/wp-content\/uploads\/2024\/09\/56812-2024SonataHybridLimited.jpg","contentUrl":"https:\/\/news.canadamotorjobs.com\/wp-content\/uploads\/2024\/09\/56812-2024SonataHybridLimited.jpg","width":1200,"height":800},{"@type":"BreadcrumbList","@id":"https:\/\/news.canadamotorjobs.com\/fr\/hyundai-et-kia-sassocient-a-samsung-pour-une-nouvelle-generation-de-systeme-multimedia\/#breadcrumb","itemListElement":[{"@type":"ListItem","position":1,"name":"Home","item":"https:\/\/news.canadamotorjobs.com\/fr\/blog\/"},{"@type":"ListItem","position":2,"name":"Hyundai et Kia s\u2019associent \u00e0 Samsung pour une nouvelle g\u00e9n\u00e9ration de syst\u00e8me multim\u00e9dia"}]},{"@type":"WebSite","@id":"https:\/\/news.canadamotorjobs.com\/#website","url":"https:\/\/news.canadamotorjobs.com\/","name":"CanadaMotorJobs.com","description":"Automotive Jobs","publisher":{"@id":"https:\/\/news.canadamotorjobs.com\/#organization"},"potentialAction":[{"@type":"SearchAction","target":{"@type":"EntryPoint","urlTemplate":"https:\/\/news.canadamotorjobs.com\/?s={search_term_string}"},"query-input":"required name=search_term_string"}],"inLanguage":"fr-CA"},{"@type":"Organization","@id":"https:\/\/news.canadamotorjobs.com\/#organization","name":"Canada Motor Jobs","url":"https:\/\/news.canadamotorjobs.com\/","logo":{"@type":"ImageObject","inLanguage":"fr-CA","@id":"https:\/\/news.canadamotorjobs.com\/#\/schema\/logo\/image\/","url":"https:\/\/news.canadamotorjobs.com\/wp-content\/uploads\/2022\/10\/logo-canada-motor-jobs-1.png","contentUrl":"https:\/\/news.canadamotorjobs.com\/wp-content\/uploads\/2022\/10\/logo-canada-motor-jobs-1.png","width":800,"height":400,"caption":"Canada Motor Jobs"},"image":{"@id":"https:\/\/news.canadamotorjobs.com\/#\/schema\/logo\/image\/"},"sameAs":["https:\/\/www.facebook.com\/canadamotorjobs\/","https:\/\/x.com\/canadamotorjobs","https:\/\/www.instagram.com\/canadamotorjobs\/","https:\/\/www.linkedin.com\/company\/canadamotorjobs"]},{"@type":"Person","@id":"https:\/\/news.canadamotorjobs.com\/#\/schema\/person\/51793d1f87d44011d7bcc2ed99269a90","name":"Benoit Charette","image":{"@type":"ImageObject","inLanguage":"fr-CA","@id":"https:\/\/news.canadamotorjobs.com\/#\/schema\/person\/image\/","url":"https:\/\/secure.gravatar.com\/avatar\/45f3d2eebcccd909668d7ce7ea7267b6?s=96&d=mm&r=g","contentUrl":"https:\/\/secure.gravatar.com\/avatar\/45f3d2eebcccd909668d7ce7ea7267b6?s=96&d=mm&r=g","caption":"Benoit Charette"},"description":"Benoit Charette \/ Propri\u00e9taire et r\u00e9dacteur en chef Benoit Charette pratique le journalisme automobile depuis bient\u00f4t 30 ans. Il a fait ses classes au c\u00f4t\u00e9 de Daniel H\u00e9raud et au Carnet de route de 1992 \u00e0 2001. Il est fondateur, copropri\u00e9taire et r\u00e9dacteur en chef de L\u2019Annuel de l\u2019automobile, qu\u2019il publie depuis 2001. Il a anim\u00e9 les \u00e9missions RPM et RPM+ sur V et les L\u00e9gendes de la route sur Historia. \u00c0 la radio depuis 1986, il reprend l\u2019antenne cette ann\u00e9e sur les ondes de Cogeco et participe pour la deuxi\u00e8me ann\u00e9e \u00e0 l\u2019\u00e9mission Passion Auto sur RDS en plus de mettre en ligne le site Web officiel de L\u2019Annuel de l\u2019automobile sur annuelauto.ca.","sameAs":["https:\/\/annuelauto.ca\/"],"url":"https:\/\/news.canadamotorjobs.com\/fr\/author\/benoit-charette\/"}]}},"_links":{"self":[{"href":"https:\/\/news.canadamotorjobs.com\/fr\/wp-json\/wp\/v2\/posts\/174601"}],"collection":[{"href":"https:\/\/news.canadamotorjobs.com\/fr\/wp-json\/wp\/v2\/posts"}],"about":[{"href":"https:\/\/news.canadamotorjobs.com\/fr\/wp-json\/wp\/v2\/types\/post"}],"author":[{"embeddable":true,"href":"https:\/\/news.canadamotorjobs.com\/fr\/wp-json\/wp\/v2\/users\/8"}],"replies":[{"embeddable":true,"href":"https:\/\/news.canadamotorjobs.com\/fr\/wp-json\/wp\/v2\/comments?post=174601"}],"version-history":[{"count":3,"href":"https:\/\/news.canadamotorjobs.com\/fr\/wp-json\/wp\/v2\/posts\/174601\/revisions"}],"predecessor-version":[{"id":174628,"href":"https:\/\/news.canadamotorjobs.com\/fr\/wp-json\/wp\/v2\/posts\/174601\/revisions\/174628"}],"wp:featuredmedia":[{"embeddable":true,"href":"https:\/\/news.canadamotorjobs.com\/fr\/wp-json\/wp\/v2\/media\/174603"}],"wp:attachment":[{"href":"https:\/\/news.canadamotorjobs.com\/fr\/wp-json\/wp\/v2\/media?parent=174601"}],"wp:term":[{"taxonomy":"category","embeddable":true,"href":"https:\/\/news.canadamotorjobs.com\/fr\/wp-json\/wp\/v2\/categories?post=174601"},{"taxonomy":"post_tag","embeddable":true,"href":"https:\/\/news.canadamotorjobs.com\/fr\/wp-json\/wp\/v2\/tags?post=174601"}],"curies":[{"name":"wp","href":"https:\/\/api.w.org\/{rel}","templated":true}]}}