{"id":174561,"date":"2024-09-27T03:24:47","date_gmt":"2024-09-27T07:24:47","guid":{"rendered":"https:\/\/news.canadamotorjobs.com\/?p=174561"},"modified":"2024-09-27T03:30:25","modified_gmt":"2024-09-27T07:30:25","slug":"le-range-rover-electrique-2025-arrive-voici-ce-que-nous-pouvons-vous-dire","status":"publish","type":"post","link":"https:\/\/news.canadamotorjobs.com\/fr\/le-range-rover-electrique-2025-arrive-voici-ce-que-nous-pouvons-vous-dire\/","title":{"rendered":"Le Range Rover \u00e9lectrique 2025 arrive : voici ce que nous pouvons vous dire"},"content":{"rendered":"<\/p>\n<p><strong>Londres, Angleterre \u2014<\/strong> Pour 2025, Range Rover se pr\u00e9pare \u00e0 plonger dans le segment des v\u00e9hicules tout \u00e9lectriques avec le Range Rover Electric. Ce n\u2019est pas la premi\u00e8re fois qu\u2019on voit une version \u00e9lectrifi\u00e9e du mod\u00e8le, puisqu\u2019il existe une variante hybride rechargeable depuis 2023, mais il s\u2019agira du premier produit tout \u00e9lectrique chez Land Rover.<\/p>\n<p>En effet, avec la prolif\u00e9ration des v\u00e9hicules \u00e9lectriques de luxe comme le GMC Hummer, le Mercedes Classe G 580 et le Cadillac Escalade IQ, le moment est venu pour Range Rover de proposer sa propre formule. Et il a de l\u2019enthousiasme parmi les amateurs de la marque britannique : 40 000 personnes ont d\u00e9j\u00e0 signifi\u00e9 leur int\u00e9r\u00eat pour un Range Rover Electric.<\/p>\n<h2>\u00a0<\/h2>\n<p><\/p>\n<figure><img decoding=\"async\" src=\"https:\/\/news.canadamotorjobs.com\/wp-content\/uploads\/2024\/09\/range-rover-electric-001-5.jpg\" alt=\"Le Range Rover Electric\" \/><figcaption>Le Range Rover Electric | Auto123.com<\/figcaption><\/figure>\n<h2>Design du Range Rover Electric 2025<\/h2>\n<p>Visuellement, il n\u2019y a pas grand-chose qui distingue cette nouvelle version de celles \u00e0 moteur \u00e0 combustion. Le Range Rover \u00e9lectrique est ind\u00e9niablement un Range Rover, avec sa grande cabine, son long capot et sa lunette arri\u00e8re au design agressif, une signature que l\u2019on retrouve depuis sa cr\u00e9ation en 1970.<\/p>\n<p>\u00c0 l\u2019\u00e9poque, son style avait impressionn\u00e9, au point d\u2019\u00eatre le premier v\u00e9hicule \u00e0 \u00eatre montr\u00e9 au c\u00e9l\u00e8bre Mus\u00e9e du Louvre \u00e0 Paris.<\/p>\n<p>La calandre orn\u00e9e de bijoux, les jantes (\u00e9tincelantes) et la peinture haut de gamme de la version \u00e9lectrique t\u00e9moignent de cette tradition. Si BMW, Mercedes et Cadillac ont chacun leurs propres v\u00e9hicules de luxe, aucun n\u2019a la prestance d\u2019un Range Rover.<\/p>\n<p>Selon Range Rover, la d\u00e9cision de maintenir le style du Range Rover Electric fid\u00e8le \u00e0 forme traditionnelle du mod\u00e8le \u00e0 essence n\u2019a pas \u00e9t\u00e9 difficile \u00e0 prendre.<\/p>\n<p>\u00ab Les deux choses essentielles qui sont ressorties de nos recherches aupr\u00e8s de la client\u00e8le sont les suivantes : premi\u00e8rement, faire en sorte qu\u2019il s\u2019agisse d\u2019un Range Rover avant tout et d\u2019un v\u00e9hicule \u00e9lectrique ensuite \u00bb, a d\u00e9clar\u00e9 Rory O\u2019Murchu, directeur de la gamme de v\u00e9hicules chez Jaguar Land Rover. \u00ab La deuxi\u00e8me chose que les clients nous ont dite, c\u2019est qu\u2019\u00e0 chaque fois que nous lan\u00e7ons un Range Rover, ils reconnaissent que c\u2019est toujours le meilleur. Il doit \u00eatre le meilleur, et il montrera toujours l\u2019exemple. \u00bb Cela signifiait l\u2019obligation de faire du Range Rover Electric le VUS le plus performant et le plus luxueux au monde, sans compromis.<\/p>\n<p><\/p>\n<figure><img decoding=\"async\" src=\"https:\/\/news.canadamotorjobs.com\/wp-content\/uploads\/2024\/09\/range-rover-electric-003-1.jpg\" alt=\"Le Range Rover Electric, de haut\" \/><figcaption>Le Range Rover Electric, de haut | Auto123.com<\/figcaption><\/figure>\n<figure><img decoding=\"async\" src=\"https:\/\/news.canadamotorjobs.com\/wp-content\/uploads\/2024\/09\/range-rover-electric-005-1.jpg\" alt=\"Le Range Rover Electric, port de chargement\" \/><figcaption>Le Range Rover Electric, port de chargement | Auto123.com<\/figcaption><\/figure>\n<p><strong>Quelques diff\u00e9rences<\/strong><\/p>\n<p>Bien entendu, certains \u00e9l\u00e9ments distinguent le Range Rover Electric des autres Range Rover. La calandre est en grande partie pleine, parce qu\u2019un v\u00e9hicule \u00e9lectrique a besoin d\u2019a\u00e9rodynamisme bien plus qu\u2019il n\u2019a besoin d\u2019air pour refroidir un compartiment moteur vide. Le design des roues a \u00e9galement \u00e9t\u00e9 optimis\u00e9 pour l\u2019a\u00e9rodynamisme \u00e9galement, avec un logo unique sur leur moyeu. Le dessous est presque enti\u00e8rement plat. On a m\u00eame consacr\u00e9 du temps sur la conception du port de recharge, qui s\u2019ouvre en douceur sous l\u2019effet de l\u2019\u00e9nergie \u00e9lectrique.<\/p>\n<p>Un Range Rover se doit \u00e9galement d\u2019\u00eatre performant. \u00c0 cette fin, le mod\u00e8le \u00e9lectrique pourra lui aussi traverser 900 mm d\u2019eau et sera \u00e9galement dot\u00e9 d\u2019un syst\u00e8me de recharge \u00e0 grande vitesse (architecture de 800 V). La compagnie affirme que 97 % des trajets qui seront effectu\u00e9s par les propri\u00e9taires ne n\u00e9cessiteront pas de recharge sur la route. Le mod\u00e8le propose la conduite \u00e0 une p\u00e9dale qui permet aux conducteurs de recharger la batterie chaque fois qu\u2019ils l\u00e8vent le pied de l\u2019acc\u00e9l\u00e9rateur, ce qui est tr\u00e8s efficace dans les embouteillages.<\/p>\n<p>Parlant de circulation, pour aider \u00e0 rester aussi d\u00e9tendu que possible \u00e0 l\u2019int\u00e9rieur, quelle que soit la situation, le nouveau mod\u00e8le est \u00e9quip\u00e9 d\u2019appuis-t\u00eate \u00e0 r\u00e9duction de bruit, ainsi que des nouveaux si\u00e8ges Body And Soul (BASS) de la marque. Pour les non-initi\u00e9s, ces derniers (\u00e0 l\u2019avant) utilisent des actionneurs \u00e0 l\u2019int\u00e9rieur pour s\u2019activer avec la musique que vous \u00e9coutez, ou avec un certain nombre de pr\u00e9r\u00e9glages. Vous pouvez choisir d\u2019\u00e9couter les sons d\u2019un spa dans vos haut-parleurs (une ambiance qui sera certainement compl\u00e9t\u00e9e par le tout premier syst\u00e8me de parfumerie embarqu\u00e9 du Range Rover) ou quelque chose de plus entra\u00eenant, le tout en utilisant les actionneurs des si\u00e8ges pour offrir une exp\u00e9rience en 4 D.<\/p>\n<p>Le Range Rover \u00e9lectrique sera construit sur la m\u00eame cha\u00eene de montage que les versions \u00e0 essence et l\u2019on peut s\u2019attendre \u00e0 voir le mod\u00e8le chez les concessionnaires au troisi\u00e8me trimestre de 2025. Auto123 vous pr\u00e9sentera une analyse plus d\u00e9taill\u00e9e et un premier essai routier de cette variante \u00e9lectrique au d\u00e9but du mois de d\u00e9cembre, alors soyez \u00e0 l\u2019aff\u00fbt.<\/p>\n<p><\/p>\n<figure><img decoding=\"async\" src=\"https:\/\/news.canadamotorjobs.com\/wp-content\/uploads\/2024\/09\/range-rover-electric-004-1.jpg\" alt=\"Le Range Rover Electric, au coucher du soleil\" \/><figcaption>Le Range Rover Electric, au coucher du soleil | Auto123.com<\/figcaption><\/figure>\n<p style=\"padding-top: 15px\">Contenu original de <a href=\"https:\/\/www.auto123.com\/fr\/actualites\/range-rover-electric-arrive-2025\/71875\/\">auto123<\/a>.<\/p>\n<p>Le texte <a rel=\"nofollow\" href=\"https:\/\/annuelauto.ca\/le-range-rover-electrique-2025-arrive-voici-ce-que-nous-pouvons-vous-dire\/\">Le Range Rover \u00e9lectrique 2025 arrive : voici ce que nous pouvons vous dire<\/a> provient de <a rel=\"nofollow\" href=\"https:\/\/annuelauto.ca\">L&#8217;annuel de l&#8217;automobile &#8211; Actualit\u00e9 automobile<\/a><\/p>\n<p><\/p>\n","protected":false},"excerpt":{"rendered":"<p>Londres, Angleterre \u2014 Pour 2025, Range Rover se pr\u00e9pare \u00e0 plonger dans le segment des v\u00e9hicules tout \u00e9lectriques avec le Range Rover Electric. Ce n\u2019est pas la premi\u00e8re fois qu\u2019on voit une version \u00e9lectrifi\u00e9e du mod\u00e8le, puisqu\u2019il existe une variante hybride rechargeable depuis 2023, mais il s\u2019agira du premier produit tout \u00e9lectrique chez Land Rover. [&hellip;]<\/p>\n","protected":false},"author":8,"featured_media":174563,"comment_status":"close","ping_status":"closed","sticky":false,"template":"","format":"standard","meta":{"_monsterinsights_skip_tracking":false,"_monsterinsights_sitenote_active":false,"_monsterinsights_sitenote_note":"","_monsterinsights_sitenote_category":0,"footnotes":""},"categories":[101],"tags":[],"yoast_head":"<!-- This site is optimized with the Yoast SEO plugin v23.2 - https:\/\/yoast.com\/wordpress\/plugins\/seo\/ -->\n<title>Le Range Rover \u00e9lectrique 2025 arrive : voici ce que nous pouvons vous dire - CanadaMotorJobs.com<\/title>\n<meta name=\"description\" content=\"Le Range Rover \u00e9lectrique 2025 arrive : voici ce que nous pouvons vous dire - Benoit Charette - Annuel automobile - CanadaMotorJobs.com.\" \/>\n<meta name=\"robots\" content=\"index, follow, max-snippet:-1, max-image-preview:large, max-video-preview:-1\" \/>\n<meta property=\"og:locale\" content=\"fr_CA\" \/>\n<meta property=\"og:type\" content=\"article\" \/>\n<meta property=\"og:title\" content=\"Le Range Rover \u00e9lectrique 2025 arrive : voici ce que nous pouvons vous dire - CanadaMotorJobs.com\" \/>\n<meta property=\"og:description\" content=\"Le Range Rover \u00e9lectrique 2025 arrive : voici ce que nous pouvons vous dire - Benoit Charette - Annuel automobile - CanadaMotorJobs.com.\" \/>\n<meta property=\"og:url\" content=\"https:\/\/news.canadamotorjobs.com\/fr\/le-range-rover-electrique-2025-arrive-voici-ce-que-nous-pouvons-vous-dire\/\" \/>\n<meta property=\"og:site_name\" content=\"CanadaMotorJobs.com\" \/>\n<meta property=\"article:publisher\" content=\"https:\/\/www.facebook.com\/canadamotorjobs\/\" \/>\n<meta property=\"article:published_time\" content=\"2024-09-27T07:24:47+00:00\" \/>\n<meta property=\"article:modified_time\" content=\"2024-09-27T07:30:25+00:00\" \/>\n<meta property=\"og:image\" content=\"https:\/\/news.canadamotorjobs.com\/wp-content\/uploads\/2024\/09\/range-rover-electric-001.jpg\" \/>\n\t<meta property=\"og:image:width\" content=\"1200\" \/>\n\t<meta property=\"og:image:height\" content=\"803\" \/>\n\t<meta property=\"og:image:type\" content=\"image\/jpeg\" \/>\n<meta name=\"author\" content=\"Benoit Charette\" \/>\n<meta name=\"twitter:card\" content=\"summary_large_image\" \/>\n<meta name=\"twitter:creator\" content=\"@canadamotorjobs\" \/>\n<meta name=\"twitter:site\" content=\"@canadamotorjobs\" \/>\n<meta name=\"twitter:label1\" content=\"\u00c9crit par\" \/>\n\t<meta name=\"twitter:data1\" content=\"Benoit Charette\" \/>\n\t<meta name=\"twitter:label2\" content=\"Estimation du temps de lecture\" \/>\n\t<meta name=\"twitter:data2\" content=\"4 minutes\" \/>\n<!-- \/ Yoast SEO plugin. -->","yoast_head_json":{"title":"Le Range Rover \u00e9lectrique 2025 arrive : voici ce que nous pouvons vous dire - CanadaMotorJobs.com","description":"Le Range Rover \u00e9lectrique 2025 arrive : voici ce que nous pouvons vous dire - Benoit Charette - Annuel automobile - CanadaMotorJobs.com.","robots":{"index":"index","follow":"follow","max-snippet":"max-snippet:-1","max-image-preview":"max-image-preview:large","max-video-preview":"max-video-preview:-1"},"og_locale":"fr_CA","og_type":"article","og_title":"Le Range Rover \u00e9lectrique 2025 arrive : voici ce que nous pouvons vous dire - CanadaMotorJobs.com","og_description":"Le Range Rover \u00e9lectrique 2025 arrive : voici ce que nous pouvons vous dire - Benoit Charette - Annuel automobile - CanadaMotorJobs.com.","og_url":"https:\/\/news.canadamotorjobs.com\/fr\/le-range-rover-electrique-2025-arrive-voici-ce-que-nous-pouvons-vous-dire\/","og_site_name":"CanadaMotorJobs.com","article_publisher":"https:\/\/www.facebook.com\/canadamotorjobs\/","article_published_time":"2024-09-27T07:24:47+00:00","article_modified_time":"2024-09-27T07:30:25+00:00","og_image":[{"width":1200,"height":803,"url":"https:\/\/news.canadamotorjobs.com\/wp-content\/uploads\/2024\/09\/range-rover-electric-001.jpg","type":"image\/jpeg"}],"author":"Benoit Charette","twitter_card":"summary_large_image","twitter_creator":"@canadamotorjobs","twitter_site":"@canadamotorjobs","twitter_misc":{"\u00c9crit par":"Benoit Charette","Estimation du temps de lecture":"4 minutes"},"schema":{"@context":"https:\/\/schema.org","@graph":[{"@type":"Article","@id":"https:\/\/news.canadamotorjobs.com\/fr\/le-range-rover-electrique-2025-arrive-voici-ce-que-nous-pouvons-vous-dire\/#article","isPartOf":{"@id":"https:\/\/news.canadamotorjobs.com\/fr\/le-range-rover-electrique-2025-arrive-voici-ce-que-nous-pouvons-vous-dire\/"},"author":{"name":"Benoit Charette","@id":"https:\/\/news.canadamotorjobs.com\/#\/schema\/person\/51793d1f87d44011d7bcc2ed99269a90"},"headline":"Le Range Rover \u00e9lectrique 2025 arrive : voici ce que nous pouvons vous dire","datePublished":"2024-09-27T07:24:47+00:00","dateModified":"2024-09-27T07:30:25+00:00","mainEntityOfPage":{"@id":"https:\/\/news.canadamotorjobs.com\/fr\/le-range-rover-electrique-2025-arrive-voici-ce-que-nous-pouvons-vous-dire\/"},"wordCount":878,"publisher":{"@id":"https:\/\/news.canadamotorjobs.com\/#organization"},"image":{"@id":"https:\/\/news.canadamotorjobs.com\/fr\/le-range-rover-electrique-2025-arrive-voici-ce-que-nous-pouvons-vous-dire\/#primaryimage"},"thumbnailUrl":"https:\/\/news.canadamotorjobs.com\/wp-content\/uploads\/2024\/09\/range-rover-electric-001.jpg","articleSection":["Annuel automobile"],"inLanguage":"fr-CA"},{"@type":"WebPage","@id":"https:\/\/news.canadamotorjobs.com\/fr\/le-range-rover-electrique-2025-arrive-voici-ce-que-nous-pouvons-vous-dire\/","url":"https:\/\/news.canadamotorjobs.com\/fr\/le-range-rover-electrique-2025-arrive-voici-ce-que-nous-pouvons-vous-dire\/","name":"Le Range Rover \u00e9lectrique 2025 arrive : voici ce que nous pouvons vous dire - CanadaMotorJobs.com","isPartOf":{"@id":"https:\/\/news.canadamotorjobs.com\/#website"},"primaryImageOfPage":{"@id":"https:\/\/news.canadamotorjobs.com\/fr\/le-range-rover-electrique-2025-arrive-voici-ce-que-nous-pouvons-vous-dire\/#primaryimage"},"image":{"@id":"https:\/\/news.canadamotorjobs.com\/fr\/le-range-rover-electrique-2025-arrive-voici-ce-que-nous-pouvons-vous-dire\/#primaryimage"},"thumbnailUrl":"https:\/\/news.canadamotorjobs.com\/wp-content\/uploads\/2024\/09\/range-rover-electric-001.jpg","datePublished":"2024-09-27T07:24:47+00:00","dateModified":"2024-09-27T07:30:25+00:00","description":"Le Range Rover \u00e9lectrique 2025 arrive : voici ce que nous pouvons vous dire - Benoit Charette - Annuel automobile - CanadaMotorJobs.com.","breadcrumb":{"@id":"https:\/\/news.canadamotorjobs.com\/fr\/le-range-rover-electrique-2025-arrive-voici-ce-que-nous-pouvons-vous-dire\/#breadcrumb"},"inLanguage":"fr-CA","potentialAction":[{"@type":"ReadAction","target":["https:\/\/news.canadamotorjobs.com\/fr\/le-range-rover-electrique-2025-arrive-voici-ce-que-nous-pouvons-vous-dire\/"]}]},{"@type":"ImageObject","inLanguage":"fr-CA","@id":"https:\/\/news.canadamotorjobs.com\/fr\/le-range-rover-electrique-2025-arrive-voici-ce-que-nous-pouvons-vous-dire\/#primaryimage","url":"https:\/\/news.canadamotorjobs.com\/wp-content\/uploads\/2024\/09\/range-rover-electric-001.jpg","contentUrl":"https:\/\/news.canadamotorjobs.com\/wp-content\/uploads\/2024\/09\/range-rover-electric-001.jpg","width":1200,"height":803},{"@type":"BreadcrumbList","@id":"https:\/\/news.canadamotorjobs.com\/fr\/le-range-rover-electrique-2025-arrive-voici-ce-que-nous-pouvons-vous-dire\/#breadcrumb","itemListElement":[{"@type":"ListItem","position":1,"name":"Home","item":"https:\/\/news.canadamotorjobs.com\/fr\/blog\/"},{"@type":"ListItem","position":2,"name":"Le Range Rover \u00e9lectrique 2025 arrive : voici ce que nous pouvons vous dire"}]},{"@type":"WebSite","@id":"https:\/\/news.canadamotorjobs.com\/#website","url":"https:\/\/news.canadamotorjobs.com\/","name":"CanadaMotorJobs.com","description":"Automotive Jobs","publisher":{"@id":"https:\/\/news.canadamotorjobs.com\/#organization"},"potentialAction":[{"@type":"SearchAction","target":{"@type":"EntryPoint","urlTemplate":"https:\/\/news.canadamotorjobs.com\/?s={search_term_string}"},"query-input":"required name=search_term_string"}],"inLanguage":"fr-CA"},{"@type":"Organization","@id":"https:\/\/news.canadamotorjobs.com\/#organization","name":"Canada Motor Jobs","url":"https:\/\/news.canadamotorjobs.com\/","logo":{"@type":"ImageObject","inLanguage":"fr-CA","@id":"https:\/\/news.canadamotorjobs.com\/#\/schema\/logo\/image\/","url":"https:\/\/news.canadamotorjobs.com\/wp-content\/uploads\/2022\/10\/logo-canada-motor-jobs-1.png","contentUrl":"https:\/\/news.canadamotorjobs.com\/wp-content\/uploads\/2022\/10\/logo-canada-motor-jobs-1.png","width":800,"height":400,"caption":"Canada Motor Jobs"},"image":{"@id":"https:\/\/news.canadamotorjobs.com\/#\/schema\/logo\/image\/"},"sameAs":["https:\/\/www.facebook.com\/canadamotorjobs\/","https:\/\/x.com\/canadamotorjobs","https:\/\/www.instagram.com\/canadamotorjobs\/","https:\/\/www.linkedin.com\/company\/canadamotorjobs"]},{"@type":"Person","@id":"https:\/\/news.canadamotorjobs.com\/#\/schema\/person\/51793d1f87d44011d7bcc2ed99269a90","name":"Benoit Charette","image":{"@type":"ImageObject","inLanguage":"fr-CA","@id":"https:\/\/news.canadamotorjobs.com\/#\/schema\/person\/image\/","url":"https:\/\/secure.gravatar.com\/avatar\/45f3d2eebcccd909668d7ce7ea7267b6?s=96&d=mm&r=g","contentUrl":"https:\/\/secure.gravatar.com\/avatar\/45f3d2eebcccd909668d7ce7ea7267b6?s=96&d=mm&r=g","caption":"Benoit Charette"},"description":"Benoit Charette \/ Propri\u00e9taire et r\u00e9dacteur en chef Benoit Charette pratique le journalisme automobile depuis bient\u00f4t 30 ans. Il a fait ses classes au c\u00f4t\u00e9 de Daniel H\u00e9raud et au Carnet de route de 1992 \u00e0 2001. Il est fondateur, copropri\u00e9taire et r\u00e9dacteur en chef de L\u2019Annuel de l\u2019automobile, qu\u2019il publie depuis 2001. Il a anim\u00e9 les \u00e9missions RPM et RPM+ sur V et les L\u00e9gendes de la route sur Historia. \u00c0 la radio depuis 1986, il reprend l\u2019antenne cette ann\u00e9e sur les ondes de Cogeco et participe pour la deuxi\u00e8me ann\u00e9e \u00e0 l\u2019\u00e9mission Passion Auto sur RDS en plus de mettre en ligne le site Web officiel de L\u2019Annuel de l\u2019automobile sur annuelauto.ca.","sameAs":["https:\/\/annuelauto.ca\/"],"url":"https:\/\/news.canadamotorjobs.com\/fr\/author\/benoit-charette\/"}]}},"_links":{"self":[{"href":"https:\/\/news.canadamotorjobs.com\/fr\/wp-json\/wp\/v2\/posts\/174561"}],"collection":[{"href":"https:\/\/news.canadamotorjobs.com\/fr\/wp-json\/wp\/v2\/posts"}],"about":[{"href":"https:\/\/news.canadamotorjobs.com\/fr\/wp-json\/wp\/v2\/types\/post"}],"author":[{"embeddable":true,"href":"https:\/\/news.canadamotorjobs.com\/fr\/wp-json\/wp\/v2\/users\/8"}],"replies":[{"embeddable":true,"href":"https:\/\/news.canadamotorjobs.com\/fr\/wp-json\/wp\/v2\/comments?post=174561"}],"version-history":[{"count":3,"href":"https:\/\/news.canadamotorjobs.com\/fr\/wp-json\/wp\/v2\/posts\/174561\/revisions"}],"predecessor-version":[{"id":174600,"href":"https:\/\/news.canadamotorjobs.com\/fr\/wp-json\/wp\/v2\/posts\/174561\/revisions\/174600"}],"wp:featuredmedia":[{"embeddable":true,"href":"https:\/\/news.canadamotorjobs.com\/fr\/wp-json\/wp\/v2\/media\/174563"}],"wp:attachment":[{"href":"https:\/\/news.canadamotorjobs.com\/fr\/wp-json\/wp\/v2\/media?parent=174561"}],"wp:term":[{"taxonomy":"category","embeddable":true,"href":"https:\/\/news.canadamotorjobs.com\/fr\/wp-json\/wp\/v2\/categories?post=174561"},{"taxonomy":"post_tag","embeddable":true,"href":"https:\/\/news.canadamotorjobs.com\/fr\/wp-json\/wp\/v2\/tags?post=174561"}],"curies":[{"name":"wp","href":"https:\/\/api.w.org\/{rel}","templated":true}]}}