{"id":174533,"date":"2024-09-27T03:24:48","date_gmt":"2024-09-27T07:24:48","guid":{"rendered":"https:\/\/news.canadamotorjobs.com\/?p=174533"},"modified":"2024-09-27T03:30:09","modified_gmt":"2024-09-27T07:30:09","slug":"des-adaptateurs-nasc-gratuits-pour-certains-proprietaires-de-vehicules-kia","status":"publish","type":"post","link":"https:\/\/news.canadamotorjobs.com\/fr\/des-adaptateurs-nasc-gratuits-pour-certains-proprietaires-de-vehicules-kia\/","title":{"rendered":"Des adaptateurs NASC gratuits pour certains propri\u00e9taires de v\u00e9hicules Kia"},"content":{"rendered":"<\/p>\n<p><strong>\u2022\u00a0\u00a0\u00a0 Kia offrira des adaptateurs NACS sans frais \u00e0 certains propri\u00e9taires de leurs v\u00e9hicules \u00e9lectriques.<\/strong><\/p>\n<p>Depuis un peu plus d\u2019une ann\u00e9e, on a vu la majorit\u00e9 des constructeurs annoncer qu\u2019ils allaient opter pour la norme de recharge NACS (North American Charging Standard) de Tesla, plut\u00f4t que la CCS (Combined Charging System), qui est toujours utilis\u00e9e par la majorit\u00e9 des v\u00e9hicules \u00e9lectriques actuels.<\/p>\n<p>Le geste va donner acc\u00e8s aux propri\u00e9taires de v\u00e9hicules d\u2019autres marques \u00e0 des milliers de bornes de recharges du r\u00e9seau de Tesla.<\/p>\n<p>Dans la tr\u00e8s grande majorit\u00e9 des cas, ce sont les v\u00e9hicules assembl\u00e9s \u00e0 partir de 2025 qui vont sortir de l\u2019usine avec le port NACS. D\u2019ici l\u00e0, pour profiter des bornes de Tesla, un adaptateur est n\u00e9cessaire. On a vu Ford l\u2019offrir gratuitement au d\u00e9part, et plus r\u00e9cemment General Motors le proposer aux propri\u00e9taires de ses v\u00e9hicules, moyennant quelques centaines de dollars.<\/p>\n<p>Et voil\u00e0 que Kia vient d\u2019annoncer son propre adaptateur. Ce dernier sera remis gratuitement \u00e0 certains clients.<\/p>\n<p>La nuance est importante.<\/p>\n<p><\/p>\n<figure><img decoding=\"async\" src=\"https:\/\/news.canadamotorjobs.com\/wp-content\/uploads\/2024\/09\/kia_ev6_gt-line_2024-5.jpeg\" alt=\"Kia EV6 GT-Line 2024\" \/><figcaption>Kia EV6 GT-Line 2024 | Auto123.com<\/figcaption><\/figure>\n<p>Pour obtenir un adaptateur gratuit, les gens doivent avoir achet\u00e9 leur nouveau Kia EV9 ou Kia EV6 apr\u00e8s le 4 septembre 2024. L\u2019offre s\u2019applique aux EV6 de 2024, mais \u00e9galement aux EV9 des 2024 ET 2025. Ces adaptateurs gratuits seront envoy\u00e9s aux clients au d\u00e9but de l\u2019ann\u00e9e 2025. La compagnie a pr\u00e9cis\u00e9 que l\u2019acc\u00e8s aux bornes de Tesla sera possible \u00e0 partir du 15 janvier 2025.<\/p>\n<p>Les propri\u00e9taires des Kia EV9, EV6 et Niro EV qui ont achet\u00e9 leur v\u00e9hicule avant le 4 septembre pourront se procurer l\u2019adaptateur aupr\u00e8s d\u2019un concessionnaire Kia. Le moment o\u00f9 ce dernier sera rendu accessible n\u2019a pas \u00e9t\u00e9 pr\u00e9cis\u00e9.<\/p>\n<p>Et afin de complexifier les choses un peu, Kia va proposer trois types d\u2019adaptateurs NACS.<\/p>\n<p>\u2022\u00a0\u00a0\u00a0 Un premier (NACS \u00e0 CCS) va permettre aux v\u00e9hicules \u00e9lectriques Kia actuels d\u2019utiliser les chargeurs rapides \u00e0 courant continu de type NACS qui devraient \u00eatre d\u00e9ploy\u00e9s aux \u00c9tats-Unis \u00e0 partir de l\u2019ann\u00e9e prochaine, ainsi que les chargeurs existants de Tesla.<\/p>\n<p>\u2022\u00a0\u00a0\u00a0 Un deuxi\u00e8me (CCS \u00e0 NACS) va permettre aux futurs v\u00e9hicules \u00e9lectriques de Kia, qui seront \u00e9quip\u00e9s du port NACS, de se recharger sur les chargeurs rapides \u00e9quip\u00e9s du port CCS que l\u2019on trouve actuellement sur les bornes exploit\u00e9es par des organisations telles qu\u2019Electrify Canada.<\/p>\n<p>\u2022\u00a0\u00a0\u00a0 Enfin, un troisi\u00e8me adaptateur (J1772 \u00e0 NACS) va permettre aux propri\u00e9taires de v\u00e9hicules \u00e9lectriques Kia \u00e9quip\u00e9s du port NACS de se recharger sur les bornes \u00e0 courant alternatif de niveau 2.<\/p>\n<p>Nous avons contact\u00e9 Kia Canada afin de savoir si les modalit\u00e9s et les dates annonc\u00e9es pour la mise en \u0153uvre de la nouvelle norme seront les m\u00eames chez nous. Pour le moment, la r\u00e9ponse de la compagnie est simple ; les d\u00e9tails ne sont pas encore finalis\u00e9s pour le Canada. Ce que \u00e7a nous indique, c\u2019est que c\u2019est en pr\u00e9paration et que les d\u00e9tails seront annonc\u00e9s bient\u00f4t.<\/p>\n<p>On vous tient au courant.<\/p>\n<p>\u00a0<\/p>\n<p><\/p>\n<p style=\"padding-top: 15px\">Contenu original de <a href=\"https:\/\/www.auto123.com\/fr\/actualites\/kia-adaptateurs-nacs-gratuits-ev9-ev6\/71876\/\">auto123<\/a>.<\/p>\n<p>Le texte <a rel=\"nofollow\" href=\"https:\/\/annuelauto.ca\/des-adaptateurs-nasc-gratuits-pour-certains-proprietaires-de-vehicules-kia\/\">Des adaptateurs NASC gratuits pour certains propri\u00e9taires de v\u00e9hicules Kia<\/a> provient de <a rel=\"nofollow\" href=\"https:\/\/annuelauto.ca\">L&#8217;annuel de l&#8217;automobile &#8211; Actualit\u00e9 automobile<\/a><\/p>\n<p><\/p>\n","protected":false},"excerpt":{"rendered":"<p>\u2022\u00a0\u00a0\u00a0 Kia offrira des adaptateurs NACS sans frais \u00e0 certains propri\u00e9taires de leurs v\u00e9hicules \u00e9lectriques. Depuis un peu plus d\u2019une ann\u00e9e, on a vu la majorit\u00e9 des constructeurs annoncer qu\u2019ils allaient opter pour la norme de recharge NACS (North American Charging Standard) de Tesla, plut\u00f4t que la CCS (Combined Charging System), qui est toujours utilis\u00e9e [&hellip;]<\/p>\n","protected":false},"author":8,"featured_media":174535,"comment_status":"close","ping_status":"closed","sticky":false,"template":"","format":"standard","meta":{"_monsterinsights_skip_tracking":false,"_monsterinsights_sitenote_active":false,"_monsterinsights_sitenote_note":"","_monsterinsights_sitenote_category":0,"footnotes":""},"categories":[101],"tags":[],"yoast_head":"<!-- This site is optimized with the Yoast SEO plugin v23.2 - https:\/\/yoast.com\/wordpress\/plugins\/seo\/ -->\n<title>Des adaptateurs NASC gratuits pour certains propri\u00e9taires de v\u00e9hicules Kia - CanadaMotorJobs.com<\/title>\n<meta name=\"description\" content=\"Des adaptateurs NASC gratuits pour certains propri\u00e9taires de v\u00e9hicules Kia - Benoit Charette - Annuel automobile - CanadaMotorJobs.com.\" \/>\n<meta name=\"robots\" content=\"index, follow, max-snippet:-1, max-image-preview:large, max-video-preview:-1\" \/>\n<meta property=\"og:locale\" content=\"fr_CA\" \/>\n<meta property=\"og:type\" content=\"article\" \/>\n<meta property=\"og:title\" content=\"Des adaptateurs NASC gratuits pour certains propri\u00e9taires de v\u00e9hicules Kia - CanadaMotorJobs.com\" \/>\n<meta property=\"og:description\" content=\"Des adaptateurs NASC gratuits pour certains propri\u00e9taires de v\u00e9hicules Kia - Benoit Charette - Annuel automobile - CanadaMotorJobs.com.\" \/>\n<meta property=\"og:url\" content=\"https:\/\/news.canadamotorjobs.com\/fr\/des-adaptateurs-nasc-gratuits-pour-certains-proprietaires-de-vehicules-kia\/\" \/>\n<meta property=\"og:site_name\" content=\"CanadaMotorJobs.com\" \/>\n<meta property=\"article:publisher\" content=\"https:\/\/www.facebook.com\/canadamotorjobs\/\" \/>\n<meta property=\"article:published_time\" content=\"2024-09-27T07:24:48+00:00\" \/>\n<meta property=\"article:modified_time\" content=\"2024-09-27T07:30:09+00:00\" \/>\n<meta property=\"og:image\" content=\"https:\/\/news.canadamotorjobs.com\/wp-content\/uploads\/2024\/09\/kia_ev6_gt-line_2024.jpeg\" \/>\n\t<meta property=\"og:image:width\" content=\"1200\" \/>\n\t<meta property=\"og:image:height\" content=\"675\" \/>\n\t<meta property=\"og:image:type\" content=\"image\/jpeg\" \/>\n<meta name=\"author\" content=\"Benoit Charette\" \/>\n<meta name=\"twitter:card\" content=\"summary_large_image\" \/>\n<meta name=\"twitter:creator\" content=\"@canadamotorjobs\" \/>\n<meta name=\"twitter:site\" content=\"@canadamotorjobs\" \/>\n<meta name=\"twitter:label1\" content=\"\u00c9crit par\" \/>\n\t<meta name=\"twitter:data1\" content=\"Benoit Charette\" \/>\n\t<meta name=\"twitter:label2\" content=\"Estimation du temps de lecture\" \/>\n\t<meta name=\"twitter:data2\" content=\"3 minutes\" \/>\n<!-- \/ Yoast SEO plugin. -->","yoast_head_json":{"title":"Des adaptateurs NASC gratuits pour certains propri\u00e9taires de v\u00e9hicules Kia - CanadaMotorJobs.com","description":"Des adaptateurs NASC gratuits pour certains propri\u00e9taires de v\u00e9hicules Kia - Benoit Charette - Annuel automobile - CanadaMotorJobs.com.","robots":{"index":"index","follow":"follow","max-snippet":"max-snippet:-1","max-image-preview":"max-image-preview:large","max-video-preview":"max-video-preview:-1"},"og_locale":"fr_CA","og_type":"article","og_title":"Des adaptateurs NASC gratuits pour certains propri\u00e9taires de v\u00e9hicules Kia - CanadaMotorJobs.com","og_description":"Des adaptateurs NASC gratuits pour certains propri\u00e9taires de v\u00e9hicules Kia - Benoit Charette - Annuel automobile - CanadaMotorJobs.com.","og_url":"https:\/\/news.canadamotorjobs.com\/fr\/des-adaptateurs-nasc-gratuits-pour-certains-proprietaires-de-vehicules-kia\/","og_site_name":"CanadaMotorJobs.com","article_publisher":"https:\/\/www.facebook.com\/canadamotorjobs\/","article_published_time":"2024-09-27T07:24:48+00:00","article_modified_time":"2024-09-27T07:30:09+00:00","og_image":[{"width":1200,"height":675,"url":"https:\/\/news.canadamotorjobs.com\/wp-content\/uploads\/2024\/09\/kia_ev6_gt-line_2024.jpeg","type":"image\/jpeg"}],"author":"Benoit Charette","twitter_card":"summary_large_image","twitter_creator":"@canadamotorjobs","twitter_site":"@canadamotorjobs","twitter_misc":{"\u00c9crit par":"Benoit Charette","Estimation du temps de lecture":"3 minutes"},"schema":{"@context":"https:\/\/schema.org","@graph":[{"@type":"Article","@id":"https:\/\/news.canadamotorjobs.com\/fr\/des-adaptateurs-nasc-gratuits-pour-certains-proprietaires-de-vehicules-kia\/#article","isPartOf":{"@id":"https:\/\/news.canadamotorjobs.com\/fr\/des-adaptateurs-nasc-gratuits-pour-certains-proprietaires-de-vehicules-kia\/"},"author":{"name":"Benoit Charette","@id":"https:\/\/news.canadamotorjobs.com\/#\/schema\/person\/51793d1f87d44011d7bcc2ed99269a90"},"headline":"Des adaptateurs NASC gratuits pour certains propri\u00e9taires de v\u00e9hicules Kia","datePublished":"2024-09-27T07:24:48+00:00","dateModified":"2024-09-27T07:30:09+00:00","mainEntityOfPage":{"@id":"https:\/\/news.canadamotorjobs.com\/fr\/des-adaptateurs-nasc-gratuits-pour-certains-proprietaires-de-vehicules-kia\/"},"wordCount":566,"publisher":{"@id":"https:\/\/news.canadamotorjobs.com\/#organization"},"image":{"@id":"https:\/\/news.canadamotorjobs.com\/fr\/des-adaptateurs-nasc-gratuits-pour-certains-proprietaires-de-vehicules-kia\/#primaryimage"},"thumbnailUrl":"https:\/\/news.canadamotorjobs.com\/wp-content\/uploads\/2024\/09\/kia_ev6_gt-line_2024.jpeg","articleSection":["Annuel automobile"],"inLanguage":"fr-CA"},{"@type":"WebPage","@id":"https:\/\/news.canadamotorjobs.com\/fr\/des-adaptateurs-nasc-gratuits-pour-certains-proprietaires-de-vehicules-kia\/","url":"https:\/\/news.canadamotorjobs.com\/fr\/des-adaptateurs-nasc-gratuits-pour-certains-proprietaires-de-vehicules-kia\/","name":"Des adaptateurs NASC gratuits pour certains propri\u00e9taires de v\u00e9hicules Kia - CanadaMotorJobs.com","isPartOf":{"@id":"https:\/\/news.canadamotorjobs.com\/#website"},"primaryImageOfPage":{"@id":"https:\/\/news.canadamotorjobs.com\/fr\/des-adaptateurs-nasc-gratuits-pour-certains-proprietaires-de-vehicules-kia\/#primaryimage"},"image":{"@id":"https:\/\/news.canadamotorjobs.com\/fr\/des-adaptateurs-nasc-gratuits-pour-certains-proprietaires-de-vehicules-kia\/#primaryimage"},"thumbnailUrl":"https:\/\/news.canadamotorjobs.com\/wp-content\/uploads\/2024\/09\/kia_ev6_gt-line_2024.jpeg","datePublished":"2024-09-27T07:24:48+00:00","dateModified":"2024-09-27T07:30:09+00:00","description":"Des adaptateurs NASC gratuits pour certains propri\u00e9taires de v\u00e9hicules Kia - Benoit Charette - Annuel automobile - CanadaMotorJobs.com.","breadcrumb":{"@id":"https:\/\/news.canadamotorjobs.com\/fr\/des-adaptateurs-nasc-gratuits-pour-certains-proprietaires-de-vehicules-kia\/#breadcrumb"},"inLanguage":"fr-CA","potentialAction":[{"@type":"ReadAction","target":["https:\/\/news.canadamotorjobs.com\/fr\/des-adaptateurs-nasc-gratuits-pour-certains-proprietaires-de-vehicules-kia\/"]}]},{"@type":"ImageObject","inLanguage":"fr-CA","@id":"https:\/\/news.canadamotorjobs.com\/fr\/des-adaptateurs-nasc-gratuits-pour-certains-proprietaires-de-vehicules-kia\/#primaryimage","url":"https:\/\/news.canadamotorjobs.com\/wp-content\/uploads\/2024\/09\/kia_ev6_gt-line_2024.jpeg","contentUrl":"https:\/\/news.canadamotorjobs.com\/wp-content\/uploads\/2024\/09\/kia_ev6_gt-line_2024.jpeg","width":1200,"height":675},{"@type":"BreadcrumbList","@id":"https:\/\/news.canadamotorjobs.com\/fr\/des-adaptateurs-nasc-gratuits-pour-certains-proprietaires-de-vehicules-kia\/#breadcrumb","itemListElement":[{"@type":"ListItem","position":1,"name":"Home","item":"https:\/\/news.canadamotorjobs.com\/fr\/blog\/"},{"@type":"ListItem","position":2,"name":"Des adaptateurs NASC gratuits pour certains propri\u00e9taires de v\u00e9hicules Kia"}]},{"@type":"WebSite","@id":"https:\/\/news.canadamotorjobs.com\/#website","url":"https:\/\/news.canadamotorjobs.com\/","name":"CanadaMotorJobs.com","description":"Automotive Jobs","publisher":{"@id":"https:\/\/news.canadamotorjobs.com\/#organization"},"potentialAction":[{"@type":"SearchAction","target":{"@type":"EntryPoint","urlTemplate":"https:\/\/news.canadamotorjobs.com\/?s={search_term_string}"},"query-input":"required name=search_term_string"}],"inLanguage":"fr-CA"},{"@type":"Organization","@id":"https:\/\/news.canadamotorjobs.com\/#organization","name":"Canada Motor Jobs","url":"https:\/\/news.canadamotorjobs.com\/","logo":{"@type":"ImageObject","inLanguage":"fr-CA","@id":"https:\/\/news.canadamotorjobs.com\/#\/schema\/logo\/image\/","url":"https:\/\/news.canadamotorjobs.com\/wp-content\/uploads\/2022\/10\/logo-canada-motor-jobs-1.png","contentUrl":"https:\/\/news.canadamotorjobs.com\/wp-content\/uploads\/2022\/10\/logo-canada-motor-jobs-1.png","width":800,"height":400,"caption":"Canada Motor Jobs"},"image":{"@id":"https:\/\/news.canadamotorjobs.com\/#\/schema\/logo\/image\/"},"sameAs":["https:\/\/www.facebook.com\/canadamotorjobs\/","https:\/\/x.com\/canadamotorjobs","https:\/\/www.instagram.com\/canadamotorjobs\/","https:\/\/www.linkedin.com\/company\/canadamotorjobs"]},{"@type":"Person","@id":"https:\/\/news.canadamotorjobs.com\/#\/schema\/person\/51793d1f87d44011d7bcc2ed99269a90","name":"Benoit Charette","image":{"@type":"ImageObject","inLanguage":"fr-CA","@id":"https:\/\/news.canadamotorjobs.com\/#\/schema\/person\/image\/","url":"https:\/\/secure.gravatar.com\/avatar\/45f3d2eebcccd909668d7ce7ea7267b6?s=96&d=mm&r=g","contentUrl":"https:\/\/secure.gravatar.com\/avatar\/45f3d2eebcccd909668d7ce7ea7267b6?s=96&d=mm&r=g","caption":"Benoit Charette"},"description":"Benoit Charette \/ Propri\u00e9taire et r\u00e9dacteur en chef Benoit Charette pratique le journalisme automobile depuis bient\u00f4t 30 ans. Il a fait ses classes au c\u00f4t\u00e9 de Daniel H\u00e9raud et au Carnet de route de 1992 \u00e0 2001. Il est fondateur, copropri\u00e9taire et r\u00e9dacteur en chef de L\u2019Annuel de l\u2019automobile, qu\u2019il publie depuis 2001. Il a anim\u00e9 les \u00e9missions RPM et RPM+ sur V et les L\u00e9gendes de la route sur Historia. \u00c0 la radio depuis 1986, il reprend l\u2019antenne cette ann\u00e9e sur les ondes de Cogeco et participe pour la deuxi\u00e8me ann\u00e9e \u00e0 l\u2019\u00e9mission Passion Auto sur RDS en plus de mettre en ligne le site Web officiel de L\u2019Annuel de l\u2019automobile sur annuelauto.ca.","sameAs":["https:\/\/annuelauto.ca\/"],"url":"https:\/\/news.canadamotorjobs.com\/fr\/author\/benoit-charette\/"}]}},"_links":{"self":[{"href":"https:\/\/news.canadamotorjobs.com\/fr\/wp-json\/wp\/v2\/posts\/174533"}],"collection":[{"href":"https:\/\/news.canadamotorjobs.com\/fr\/wp-json\/wp\/v2\/posts"}],"about":[{"href":"https:\/\/news.canadamotorjobs.com\/fr\/wp-json\/wp\/v2\/types\/post"}],"author":[{"embeddable":true,"href":"https:\/\/news.canadamotorjobs.com\/fr\/wp-json\/wp\/v2\/users\/8"}],"replies":[{"embeddable":true,"href":"https:\/\/news.canadamotorjobs.com\/fr\/wp-json\/wp\/v2\/comments?post=174533"}],"version-history":[{"count":3,"href":"https:\/\/news.canadamotorjobs.com\/fr\/wp-json\/wp\/v2\/posts\/174533\/revisions"}],"predecessor-version":[{"id":174560,"href":"https:\/\/news.canadamotorjobs.com\/fr\/wp-json\/wp\/v2\/posts\/174533\/revisions\/174560"}],"wp:featuredmedia":[{"embeddable":true,"href":"https:\/\/news.canadamotorjobs.com\/fr\/wp-json\/wp\/v2\/media\/174535"}],"wp:attachment":[{"href":"https:\/\/news.canadamotorjobs.com\/fr\/wp-json\/wp\/v2\/media?parent=174533"}],"wp:term":[{"taxonomy":"category","embeddable":true,"href":"https:\/\/news.canadamotorjobs.com\/fr\/wp-json\/wp\/v2\/categories?post=174533"},{"taxonomy":"post_tag","embeddable":true,"href":"https:\/\/news.canadamotorjobs.com\/fr\/wp-json\/wp\/v2\/tags?post=174533"}],"curies":[{"name":"wp","href":"https:\/\/api.w.org\/{rel}","templated":true}]}}