{"id":174466,"date":"2024-09-26T03:24:29","date_gmt":"2024-09-26T07:24:29","guid":{"rendered":"https:\/\/news.canadamotorjobs.com\/?p=174466"},"modified":"2024-09-26T03:29:51","modified_gmt":"2024-09-26T07:29:51","slug":"cadillac-optiq-2025-offert-a-partir-de-59-999-au-canada","status":"publish","type":"post","link":"https:\/\/news.canadamotorjobs.com\/fr\/cadillac-optiq-2025-offert-a-partir-de-59-999-au-canada\/","title":{"rendered":"Cadillac Optiq 2025 : offert \u00e0 partir de 59\u2009999 $ au Canada"},"content":{"rendered":"<\/p>\n<p>Cadillac a d\u00e9voil\u00e9 les prix canadiens de l\u2019Optiq 2025. Avec un PDSF (prix de d\u00e9tail sugg\u00e9r\u00e9 du fabricant) d\u00e9butant \u00e0 59 999 $, le nouveau VUS \u00e9lectrique d\u2019entr\u00e9e de gamme de la marque de luxe se positionne comme une solution de rechange plus abordable aux mod\u00e8les \u00e9lectriques de luxe existants.<\/p>\n<p>Voir aussi : <a href=\"https:\/\/www.auto123.com\/fr\/actualites\/cadillac-optiq-2025-presente\/71503\/\">Cadillac Optiq 2025, premier contact : plus petit et plus \u00e9volu\u00e9<\/a><\/p>\n<h2>Cadillac Optiq 2025 \u2014 quoi de neuf ?<\/h2>\n<p>L\u2019Optiq 2025 est un tout nouveau mod\u00e8le qui marque l\u2019entr\u00e9e de Cadillac dans le segment des VUS \u00e9lectriques compacts. Il propose un design aux lignes \u00e9pur\u00e9es, ainsi qu\u2019une autonomie estim\u00e9e \u00e0 482 km. Cadillac vante son habitacle spacieux et sa haute technologie.<\/p>\n<p><\/p>\n<figure><img decoding=\"async\" src=\"https:\/\/news.canadamotorjobs.com\/wp-content\/uploads\/2024\/09\/MY25_Cadillac_Optiq_GMCB6570-5.jpg\" alt=\"Cadillac Optiq 2025, avant\" \/><figcaption>Cadillac Optiq 2025, avant | Auto123.com<\/figcaption><\/figure>\n<p><strong>Motorisation et performances<\/strong><\/p>\n<p>L\u2019Optiq est \u00e9quip\u00e9 de s\u00e9rie de la traction int\u00e9grale, aliment\u00e9e par un moteur \u00e9lectrique d\u00e9veloppant une puissance estim\u00e9e \u00e0 300 chevaux et un couple \u00e0 354 lb-pi. Bien que les donn\u00e9es officielles concernant les prestations sur route ne soient pas encore disponibles, on peut s\u2019attendre \u00e0 des acc\u00e9l\u00e9rations vives.<\/p>\n<h2>Prix canadiens du Cadillac Optiq 2025<\/h2>\n<p>L\u2019Optiq 2025 sera offert en quatre versions :<\/p>\n<ul><\/p>\n<li>\u2013 Luxury 1 4RM &#8211; 59 999 $<\/li>\n<p><\/p>\n<li>\u2013 Sport 1 4RM &#8211; 59 999 $<\/li>\n<p><\/p>\n<li>\u2013 Luxury 2 4RM &#8211; 63 999 $<\/li>\n<p><\/p>\n<li>\u2013 Sport 2 4RM &#8211; 63 999 $<\/li>\n<p>\n<\/ul>\n<p>En comparaison, le nouveau Chevrolet Equinox EV, le cousin germain de l\u2019Optiq, est vendu \u00e0 partir de 48 199 $.<\/p>\n<p>Les prix n\u2019incluent pas les frais de transport et de pr\u00e9paration ni les incitatifs gouvernementaux applicables. Avec ces derniers, le prix d\u2019entr\u00e9e de l\u2019Optiq devient encore plus attractif.<\/p>\n<p><\/p>\n<figure><img decoding=\"async\" src=\"https:\/\/news.canadamotorjobs.com\/wp-content\/uploads\/2024\/09\/MY25_Cadillac_Optiq_Optiq_Profife00093910-1.jpg\" alt=\"Cadillac Optiq 2025, de profil\" \/><figcaption>Cadillac Optiq 2025, de profil | Auto123.com<\/figcaption><\/figure>\n<p><strong>Positionnement dans le march\u00e9<\/strong><\/p>\n<p>L\u2019Optiq vient se positionner l\u00e0 o\u00f9 les Audi Q4 e-tron, Mercedes-Benz EQB ou encore Lexus RZ \u0153uvrent. Il vise \u00e9galement \u00e0 attirer les acheteurs de VUS compacts de luxe traditionnels qui souhaitent passer \u00e0 l\u2019\u00e9lectrique sans trop faire de compromis.<\/p>\n<p>Comparativement au Lyriq, le premier VUS \u00e9lectrique de luxe de la marque, l\u2019Optiq est environ 10 000 $ moins cher, car le Lyriq se vend \u00e0 partir de 69 499 $.<\/p>\n<p>Le mod\u00e8le enrichit le portefeuille \u00e9lectrique de General Motors, qui inclut d\u00e9j\u00e0 le GMC Hummer EV, les Chevrolet Blazer EV et Equinox EV et les camionnettes Silverado EV et GMC Sierra EV, sans oublier la prochaine g\u00e9n\u00e9ration de la Chevrolet Bolt, ainsi que le futur VUS \u00e9lectrique que va nous proposer Buick.<\/p>\n<p>L\u2019Optiq 2025 de Cadillac devrait arriver chez les concessionnaires en fin d\u2019ann\u00e9e 2024.<\/p>\n<p><\/p>\n<figure><img decoding=\"async\" src=\"https:\/\/news.canadamotorjobs.com\/wp-content\/uploads\/2024\/09\/2025_cadillac_optiq_interior_001-1.jpg\" alt=\"Cadillac Optiq 2025, int\u00e9rieur\" \/><figcaption>Cadillac Optiq 2025, int\u00e9rieur | Auto123.com<\/figcaption><\/figure>\n<figure><img decoding=\"async\" src=\"https:\/\/news.canadamotorjobs.com\/wp-content\/uploads\/2024\/09\/MY24_CADILLAC_OPTIQ_SPORT_GMCA1950-1.jpg\" alt=\"Cadillac Optiq 2025, trois quarts arri\u00e8re\" \/><figcaption>Cadillac Optiq 2025, trois quarts arri\u00e8re | Auto123.com<\/figcaption><\/figure>\n<p style=\"padding-top: 15px\">Contenu original de <a href=\"https:\/\/www.auto123.com\/fr\/actualites\/cadillac-Optiq-2025-prix-canada\/71874\/\">auto123<\/a>.<\/p>\n<p>Le texte <a rel=\"nofollow\" href=\"https:\/\/annuelauto.ca\/cadillac-optiq-2025-offert-a-partir-de-59%e2%80%89999-au-canada\/\">Cadillac Optiq 2025 : offert \u00e0 partir de 59\u2009999 $ au Canada<\/a> provient de <a rel=\"nofollow\" href=\"https:\/\/annuelauto.ca\">L&#8217;annuel de l&#8217;automobile &#8211; Actualit\u00e9 automobile<\/a><\/p>\n<p><\/p>\n","protected":false},"excerpt":{"rendered":"<p>Cadillac a d\u00e9voil\u00e9 les prix canadiens de l\u2019Optiq 2025. Avec un PDSF (prix de d\u00e9tail sugg\u00e9r\u00e9 du fabricant) d\u00e9butant \u00e0 59 999 $, le nouveau VUS \u00e9lectrique d\u2019entr\u00e9e de gamme de la marque de luxe se positionne comme une solution de rechange plus abordable aux mod\u00e8les \u00e9lectriques de luxe existants. Voir aussi : Cadillac Optiq [&hellip;]<\/p>\n","protected":false},"author":8,"featured_media":174468,"comment_status":"close","ping_status":"closed","sticky":false,"template":"","format":"standard","meta":{"_monsterinsights_skip_tracking":false,"_monsterinsights_sitenote_active":false,"_monsterinsights_sitenote_note":"","_monsterinsights_sitenote_category":0,"footnotes":""},"categories":[101],"tags":[],"yoast_head":"<!-- This site is optimized with the Yoast SEO plugin v23.2 - https:\/\/yoast.com\/wordpress\/plugins\/seo\/ -->\n<title>Cadillac Optiq 2025 : offert \u00e0 partir de 59\u2009999 $ au Canada - CanadaMotorJobs.com<\/title>\n<meta name=\"description\" content=\"Cadillac Optiq 2025 : offert \u00e0 partir de 59\u2009999 $ au Canada - Benoit Charette - Annuel automobile - CanadaMotorJobs.com.\" \/>\n<meta name=\"robots\" content=\"index, follow, max-snippet:-1, max-image-preview:large, max-video-preview:-1\" \/>\n<meta property=\"og:locale\" content=\"fr_CA\" \/>\n<meta property=\"og:type\" content=\"article\" \/>\n<meta property=\"og:title\" content=\"Cadillac Optiq 2025 : offert \u00e0 partir de 59\u2009999 $ au Canada - CanadaMotorJobs.com\" \/>\n<meta property=\"og:description\" content=\"Cadillac Optiq 2025 : offert \u00e0 partir de 59\u2009999 $ au Canada - Benoit Charette - Annuel automobile - CanadaMotorJobs.com.\" \/>\n<meta property=\"og:url\" content=\"https:\/\/news.canadamotorjobs.com\/fr\/cadillac-optiq-2025-offert-a-partir-de-59-999-au-canada\/\" \/>\n<meta property=\"og:site_name\" content=\"CanadaMotorJobs.com\" \/>\n<meta property=\"article:publisher\" content=\"https:\/\/www.facebook.com\/canadamotorjobs\/\" \/>\n<meta property=\"article:published_time\" content=\"2024-09-26T07:24:29+00:00\" \/>\n<meta property=\"article:modified_time\" content=\"2024-09-26T07:29:51+00:00\" \/>\n<meta property=\"og:image\" content=\"https:\/\/news.canadamotorjobs.com\/wp-content\/uploads\/2024\/09\/MY25_Cadillac_Optiq_GMCB6570.jpg\" \/>\n\t<meta property=\"og:image:width\" content=\"1200\" \/>\n\t<meta property=\"og:image:height\" content=\"801\" \/>\n\t<meta property=\"og:image:type\" content=\"image\/jpeg\" \/>\n<meta name=\"author\" content=\"Benoit Charette\" \/>\n<meta name=\"twitter:card\" content=\"summary_large_image\" \/>\n<meta name=\"twitter:creator\" content=\"@canadamotorjobs\" \/>\n<meta name=\"twitter:site\" content=\"@canadamotorjobs\" \/>\n<meta name=\"twitter:label1\" content=\"\u00c9crit par\" \/>\n\t<meta name=\"twitter:data1\" content=\"Benoit Charette\" \/>\n\t<meta name=\"twitter:label2\" content=\"Estimation du temps de lecture\" \/>\n\t<meta name=\"twitter:data2\" content=\"2 minutes\" \/>\n<!-- \/ Yoast SEO plugin. -->","yoast_head_json":{"title":"Cadillac Optiq 2025 : offert \u00e0 partir de 59\u2009999 $ au Canada - CanadaMotorJobs.com","description":"Cadillac Optiq 2025 : offert \u00e0 partir de 59\u2009999 $ au Canada - Benoit Charette - Annuel automobile - CanadaMotorJobs.com.","robots":{"index":"index","follow":"follow","max-snippet":"max-snippet:-1","max-image-preview":"max-image-preview:large","max-video-preview":"max-video-preview:-1"},"og_locale":"fr_CA","og_type":"article","og_title":"Cadillac Optiq 2025 : offert \u00e0 partir de 59\u2009999 $ au Canada - CanadaMotorJobs.com","og_description":"Cadillac Optiq 2025 : offert \u00e0 partir de 59\u2009999 $ au Canada - Benoit Charette - Annuel automobile - CanadaMotorJobs.com.","og_url":"https:\/\/news.canadamotorjobs.com\/fr\/cadillac-optiq-2025-offert-a-partir-de-59-999-au-canada\/","og_site_name":"CanadaMotorJobs.com","article_publisher":"https:\/\/www.facebook.com\/canadamotorjobs\/","article_published_time":"2024-09-26T07:24:29+00:00","article_modified_time":"2024-09-26T07:29:51+00:00","og_image":[{"width":1200,"height":801,"url":"https:\/\/news.canadamotorjobs.com\/wp-content\/uploads\/2024\/09\/MY25_Cadillac_Optiq_GMCB6570.jpg","type":"image\/jpeg"}],"author":"Benoit Charette","twitter_card":"summary_large_image","twitter_creator":"@canadamotorjobs","twitter_site":"@canadamotorjobs","twitter_misc":{"\u00c9crit par":"Benoit Charette","Estimation du temps de lecture":"2 minutes"},"schema":{"@context":"https:\/\/schema.org","@graph":[{"@type":"Article","@id":"https:\/\/news.canadamotorjobs.com\/fr\/cadillac-optiq-2025-offert-a-partir-de-59-999-au-canada\/#article","isPartOf":{"@id":"https:\/\/news.canadamotorjobs.com\/fr\/cadillac-optiq-2025-offert-a-partir-de-59-999-au-canada\/"},"author":{"name":"Benoit Charette","@id":"https:\/\/news.canadamotorjobs.com\/#\/schema\/person\/51793d1f87d44011d7bcc2ed99269a90"},"headline":"Cadillac Optiq 2025 : offert \u00e0 partir de 59\u2009999 $ au Canada","datePublished":"2024-09-26T07:24:29+00:00","dateModified":"2024-09-26T07:29:51+00:00","mainEntityOfPage":{"@id":"https:\/\/news.canadamotorjobs.com\/fr\/cadillac-optiq-2025-offert-a-partir-de-59-999-au-canada\/"},"wordCount":440,"publisher":{"@id":"https:\/\/news.canadamotorjobs.com\/#organization"},"image":{"@id":"https:\/\/news.canadamotorjobs.com\/fr\/cadillac-optiq-2025-offert-a-partir-de-59-999-au-canada\/#primaryimage"},"thumbnailUrl":"https:\/\/news.canadamotorjobs.com\/wp-content\/uploads\/2024\/09\/MY25_Cadillac_Optiq_GMCB6570.jpg","articleSection":["Annuel automobile"],"inLanguage":"fr-CA"},{"@type":"WebPage","@id":"https:\/\/news.canadamotorjobs.com\/fr\/cadillac-optiq-2025-offert-a-partir-de-59-999-au-canada\/","url":"https:\/\/news.canadamotorjobs.com\/fr\/cadillac-optiq-2025-offert-a-partir-de-59-999-au-canada\/","name":"Cadillac Optiq 2025 : offert \u00e0 partir de 59\u2009999 $ au Canada - CanadaMotorJobs.com","isPartOf":{"@id":"https:\/\/news.canadamotorjobs.com\/#website"},"primaryImageOfPage":{"@id":"https:\/\/news.canadamotorjobs.com\/fr\/cadillac-optiq-2025-offert-a-partir-de-59-999-au-canada\/#primaryimage"},"image":{"@id":"https:\/\/news.canadamotorjobs.com\/fr\/cadillac-optiq-2025-offert-a-partir-de-59-999-au-canada\/#primaryimage"},"thumbnailUrl":"https:\/\/news.canadamotorjobs.com\/wp-content\/uploads\/2024\/09\/MY25_Cadillac_Optiq_GMCB6570.jpg","datePublished":"2024-09-26T07:24:29+00:00","dateModified":"2024-09-26T07:29:51+00:00","description":"Cadillac Optiq 2025 : offert \u00e0 partir de 59\u2009999 $ au Canada - Benoit Charette - Annuel automobile - CanadaMotorJobs.com.","breadcrumb":{"@id":"https:\/\/news.canadamotorjobs.com\/fr\/cadillac-optiq-2025-offert-a-partir-de-59-999-au-canada\/#breadcrumb"},"inLanguage":"fr-CA","potentialAction":[{"@type":"ReadAction","target":["https:\/\/news.canadamotorjobs.com\/fr\/cadillac-optiq-2025-offert-a-partir-de-59-999-au-canada\/"]}]},{"@type":"ImageObject","inLanguage":"fr-CA","@id":"https:\/\/news.canadamotorjobs.com\/fr\/cadillac-optiq-2025-offert-a-partir-de-59-999-au-canada\/#primaryimage","url":"https:\/\/news.canadamotorjobs.com\/wp-content\/uploads\/2024\/09\/MY25_Cadillac_Optiq_GMCB6570.jpg","contentUrl":"https:\/\/news.canadamotorjobs.com\/wp-content\/uploads\/2024\/09\/MY25_Cadillac_Optiq_GMCB6570.jpg","width":1200,"height":801},{"@type":"BreadcrumbList","@id":"https:\/\/news.canadamotorjobs.com\/fr\/cadillac-optiq-2025-offert-a-partir-de-59-999-au-canada\/#breadcrumb","itemListElement":[{"@type":"ListItem","position":1,"name":"Home","item":"https:\/\/news.canadamotorjobs.com\/fr\/blog\/"},{"@type":"ListItem","position":2,"name":"Cadillac Optiq 2025 : offert \u00e0 partir de 59\u2009999 $ au Canada"}]},{"@type":"WebSite","@id":"https:\/\/news.canadamotorjobs.com\/#website","url":"https:\/\/news.canadamotorjobs.com\/","name":"CanadaMotorJobs.com","description":"Automotive Jobs","publisher":{"@id":"https:\/\/news.canadamotorjobs.com\/#organization"},"potentialAction":[{"@type":"SearchAction","target":{"@type":"EntryPoint","urlTemplate":"https:\/\/news.canadamotorjobs.com\/?s={search_term_string}"},"query-input":"required name=search_term_string"}],"inLanguage":"fr-CA"},{"@type":"Organization","@id":"https:\/\/news.canadamotorjobs.com\/#organization","name":"Canada Motor Jobs","url":"https:\/\/news.canadamotorjobs.com\/","logo":{"@type":"ImageObject","inLanguage":"fr-CA","@id":"https:\/\/news.canadamotorjobs.com\/#\/schema\/logo\/image\/","url":"https:\/\/news.canadamotorjobs.com\/wp-content\/uploads\/2022\/10\/logo-canada-motor-jobs-1.png","contentUrl":"https:\/\/news.canadamotorjobs.com\/wp-content\/uploads\/2022\/10\/logo-canada-motor-jobs-1.png","width":800,"height":400,"caption":"Canada Motor Jobs"},"image":{"@id":"https:\/\/news.canadamotorjobs.com\/#\/schema\/logo\/image\/"},"sameAs":["https:\/\/www.facebook.com\/canadamotorjobs\/","https:\/\/x.com\/canadamotorjobs","https:\/\/www.instagram.com\/canadamotorjobs\/","https:\/\/www.linkedin.com\/company\/canadamotorjobs"]},{"@type":"Person","@id":"https:\/\/news.canadamotorjobs.com\/#\/schema\/person\/51793d1f87d44011d7bcc2ed99269a90","name":"Benoit Charette","image":{"@type":"ImageObject","inLanguage":"fr-CA","@id":"https:\/\/news.canadamotorjobs.com\/#\/schema\/person\/image\/","url":"https:\/\/secure.gravatar.com\/avatar\/45f3d2eebcccd909668d7ce7ea7267b6?s=96&d=mm&r=g","contentUrl":"https:\/\/secure.gravatar.com\/avatar\/45f3d2eebcccd909668d7ce7ea7267b6?s=96&d=mm&r=g","caption":"Benoit Charette"},"description":"Benoit Charette \/ Propri\u00e9taire et r\u00e9dacteur en chef Benoit Charette pratique le journalisme automobile depuis bient\u00f4t 30 ans. Il a fait ses classes au c\u00f4t\u00e9 de Daniel H\u00e9raud et au Carnet de route de 1992 \u00e0 2001. Il est fondateur, copropri\u00e9taire et r\u00e9dacteur en chef de L\u2019Annuel de l\u2019automobile, qu\u2019il publie depuis 2001. Il a anim\u00e9 les \u00e9missions RPM et RPM+ sur V et les L\u00e9gendes de la route sur Historia. \u00c0 la radio depuis 1986, il reprend l\u2019antenne cette ann\u00e9e sur les ondes de Cogeco et participe pour la deuxi\u00e8me ann\u00e9e \u00e0 l\u2019\u00e9mission Passion Auto sur RDS en plus de mettre en ligne le site Web officiel de L\u2019Annuel de l\u2019automobile sur annuelauto.ca.","sameAs":["https:\/\/annuelauto.ca\/"],"url":"https:\/\/news.canadamotorjobs.com\/fr\/author\/benoit-charette\/"}]}},"_links":{"self":[{"href":"https:\/\/news.canadamotorjobs.com\/fr\/wp-json\/wp\/v2\/posts\/174466"}],"collection":[{"href":"https:\/\/news.canadamotorjobs.com\/fr\/wp-json\/wp\/v2\/posts"}],"about":[{"href":"https:\/\/news.canadamotorjobs.com\/fr\/wp-json\/wp\/v2\/types\/post"}],"author":[{"embeddable":true,"href":"https:\/\/news.canadamotorjobs.com\/fr\/wp-json\/wp\/v2\/users\/8"}],"replies":[{"embeddable":true,"href":"https:\/\/news.canadamotorjobs.com\/fr\/wp-json\/wp\/v2\/comments?post=174466"}],"version-history":[{"count":3,"href":"https:\/\/news.canadamotorjobs.com\/fr\/wp-json\/wp\/v2\/posts\/174466\/revisions"}],"predecessor-version":[{"id":174505,"href":"https:\/\/news.canadamotorjobs.com\/fr\/wp-json\/wp\/v2\/posts\/174466\/revisions\/174505"}],"wp:featuredmedia":[{"embeddable":true,"href":"https:\/\/news.canadamotorjobs.com\/fr\/wp-json\/wp\/v2\/media\/174468"}],"wp:attachment":[{"href":"https:\/\/news.canadamotorjobs.com\/fr\/wp-json\/wp\/v2\/media?parent=174466"}],"wp:term":[{"taxonomy":"category","embeddable":true,"href":"https:\/\/news.canadamotorjobs.com\/fr\/wp-json\/wp\/v2\/categories?post=174466"},{"taxonomy":"post_tag","embeddable":true,"href":"https:\/\/news.canadamotorjobs.com\/fr\/wp-json\/wp\/v2\/tags?post=174466"}],"curies":[{"name":"wp","href":"https:\/\/api.w.org\/{rel}","templated":true}]}}