{"id":174374,"date":"2024-09-26T03:24:30","date_gmt":"2024-09-26T07:24:30","guid":{"rendered":"https:\/\/news.canadamotorjobs.com\/?p=174374"},"modified":"2024-09-26T03:29:18","modified_gmt":"2024-09-26T07:29:18","slug":"honda-partage-des-images-de-son-passport-2026","status":"publish","type":"post","link":"https:\/\/news.canadamotorjobs.com\/fr\/honda-partage-des-images-de-son-passport-2026\/","title":{"rendered":"Honda partage des images de son Passport 2026"},"content":{"rendered":"<\/p>\n<p><strong>\u2022\u00a0\u00a0\u00a0 Honda a partag\u00e9 aujourd\u2019hui des images de son Passport 2026, en version TrailSport.<\/strong><\/p>\n<p>Le Honda Passport se fait vieillissant au sein de la gamme Honda, lui dont les d\u00e9buts nous ram\u00e8nent \u00e0 l\u2019ann\u00e9e 2019. Pour 2026, nous aurons droit \u00e0 une nouvelle g\u00e9n\u00e9ration, et les mod\u00e8les sont pr\u00e9sentement \u00e0 l\u2019essai.<\/p>\n<p>Honda a publi\u00e9 aujourd\u2019hui des photos de son produit, plus pr\u00e9cis\u00e9ment de la variante TrailSport qui fera bien s\u00fbr partie de la famille, comme c\u2019est le cas depuis l\u2019ann\u00e9e mod\u00e8le 2022.<\/p>\n<p>La compagnie a aussi confirm\u00e9 une nouvelle qui va en r\u00e9jouir plusieurs ; le Passport sera toujours \u00e9quip\u00e9 de son moteur V6 de 3,5 litres. La plupart des concurrents ne proposent maintenant que des blocs 4-cylindres turbo. La capacit\u00e9 de remorquage sera donc intacte \u00e0 un minimum de 3500 livres, et un maximum de 5000 livres.<\/p>\n<p><\/p>\n<figure><img decoding=\"async\" src=\"https:\/\/news.canadamotorjobs.com\/wp-content\/uploads\/2024\/09\/10_2026_Honda_Passport_Prototype_Testing-5.jpg\" alt=\"Le Honda Passport TrailSport 2026, trois quarts arri\u00e8re\" \/><figcaption>Le Honda Passport TrailSport 2026, trois quarts arri\u00e8re | Auto123.com<\/figcaption><\/figure>\n<figure><img decoding=\"async\" src=\"https:\/\/news.canadamotorjobs.com\/wp-content\/uploads\/2024\/09\/09_2026_Honda_Passport_Prototype_Testing-1.jpg\" alt=\"Le Honda Passport TrailSport 2026, de profil\" \/><figcaption>Le Honda Passport TrailSport 2026, de profil | Auto123.com<\/figcaption><\/figure>\n<p>Le Passeport 2026 sera pr\u00e9sent\u00e9 cet automne, peut-\u00eatre au Salon de l\u2019auto de Los Angeles. Quoi qu\u2019il en soit, il va faire ses d\u00e9buts lors des premiers mois de 2025.<\/p>\n<p>Concernant ce qui nous attend avec ce v\u00e9hicule, Honda a d\u00e9crit la version TrailSport comme l\u2019utilitaire le plus performant de la marque \u00e0 ce jour. Esth\u00e9tiquement, ce que l\u2019on voit nous donne l\u2019impression que le VUS va afficher un style plus robuste, du moins dans cette d\u00e9clinaison. \u00c0 la calandre, c\u2019est \u00e0 la mode, on voit clairement le nom du mod\u00e8le, ainsi qu\u2019un logo TrailSport.<\/p>\n<p><\/p>\n<figure><img decoding=\"async\" src=\"https:\/\/news.canadamotorjobs.com\/wp-content\/uploads\/2024\/09\/06_2026_Honda_Passport_Prototype_Testing-1.jpg\" alt=\"Le Honda Passport TrailSport 2026, avant\" \/><figcaption>Le Honda Passport TrailSport 2026, avant | Auto123.com<\/figcaption><\/figure>\n<p>Les photos nous montrent \u00e9galement des phares de jour de couleur ambre qui seront exclusifs \u00e0 la livr\u00e9e TrailSport, selon Honda. Du reste, on peut s\u2019attendre \u00e0 ce que la variante TrailSport du Passport emprunte des \u00e9l\u00e9ments au cousin Pilot, soit une suspension pens\u00e9e pour la conduire hors route, une garde au sol plus \u00e9lev\u00e9e, des plaques de protection en acier, ainsi que des pneus tout-terrain.<\/p>\n<p>Nous verrons bien lorsque le mod\u00e8le nous sera d\u00e9voil\u00e9.<\/p>\n<p><\/p>\n<figure><img decoding=\"async\" src=\"https:\/\/news.canadamotorjobs.com\/wp-content\/uploads\/2024\/09\/04_2026_Honda_Passport_Prototype_Testing-1.jpg\" alt=\"Le Honda Passport TrailSport 2026, dans l&#039;eau\" \/><figcaption>Le Honda Passport TrailSport 2026, dans l&#8217;eau | Auto123.com<\/figcaption><\/figure>\n<figure><img decoding=\"async\" src=\"https:\/\/news.canadamotorjobs.com\/wp-content\/uploads\/2024\/09\/08_2026_Honda_Passport_Prototype_Testing-1.jpg\" alt=\"Le Honda Passport TrailSport 2026, en descente\" \/><figcaption>Le Honda Passport TrailSport 2026, en descente | Auto123.com<\/figcaption><\/figure>\n<figure><img decoding=\"async\" src=\"https:\/\/news.canadamotorjobs.com\/wp-content\/uploads\/2024\/09\/07_2026_Honda_Passport_Prototype_Testing-1.jpg\" alt=\"Le Honda Passport TrailSport 2026, en remont\u00e9e\" \/><figcaption>Le Honda Passport TrailSport 2026, en remont\u00e9e | Auto123.com<\/figcaption><\/figure>\n<figure><img decoding=\"async\" src=\"https:\/\/news.canadamotorjobs.com\/wp-content\/uploads\/2024\/09\/11_2026_Honda_Passport_Prototype_Testing-1.jpg\" alt=\"Le Honda Passport TrailSport 2026, profil\" \/><figcaption>Le Honda Passport TrailSport 2026, profil | Auto123.com<\/figcaption><\/figure>\n<figure><img decoding=\"async\" src=\"https:\/\/news.canadamotorjobs.com\/wp-content\/uploads\/2024\/09\/05_2026_Honda_Passport_Prototype_Testing-1.jpg\" alt=\"Le Honda Passport TrailSport 2026, au soleil\" \/><figcaption>Le Honda Passport TrailSport 2026, au soleil | Auto123.com<\/figcaption><\/figure>\n<p style=\"padding-top: 15px\">Contenu original de <a href=\"https:\/\/www.auto123.com\/fr\/actualites\/honda-images-passport-trailsport-2026\/71872\/\">auto123<\/a>.<\/p>\n<p>Le texte <a rel=\"nofollow\" href=\"https:\/\/annuelauto.ca\/honda-partage-des-images-de-son-passport-2026\/\">Honda partage des images de son Passport 2026<\/a> provient de <a rel=\"nofollow\" href=\"https:\/\/annuelauto.ca\">L&#8217;annuel de l&#8217;automobile &#8211; Actualit\u00e9 automobile<\/a><\/p>\n<p><\/p>\n","protected":false},"excerpt":{"rendered":"<p>\u2022\u00a0\u00a0\u00a0 Honda a partag\u00e9 aujourd\u2019hui des images de son Passport 2026, en version TrailSport. Le Honda Passport se fait vieillissant au sein de la gamme Honda, lui dont les d\u00e9buts nous ram\u00e8nent \u00e0 l\u2019ann\u00e9e 2019. Pour 2026, nous aurons droit \u00e0 une nouvelle g\u00e9n\u00e9ration, et les mod\u00e8les sont pr\u00e9sentement \u00e0 l\u2019essai. Honda a publi\u00e9 aujourd\u2019hui [&hellip;]<\/p>\n","protected":false},"author":8,"featured_media":174376,"comment_status":"close","ping_status":"closed","sticky":false,"template":"","format":"standard","meta":{"_monsterinsights_skip_tracking":false,"_monsterinsights_sitenote_active":false,"_monsterinsights_sitenote_note":"","_monsterinsights_sitenote_category":0,"footnotes":""},"categories":[101],"tags":[],"yoast_head":"<!-- This site is optimized with the Yoast SEO plugin v23.2 - https:\/\/yoast.com\/wordpress\/plugins\/seo\/ -->\n<title>Honda partage des images de son Passport 2026 - CanadaMotorJobs.com<\/title>\n<meta name=\"description\" content=\"Honda partage des images de son Passport 2026 - Benoit Charette - Annuel automobile - CanadaMotorJobs.com.\" \/>\n<meta name=\"robots\" content=\"index, follow, max-snippet:-1, max-image-preview:large, max-video-preview:-1\" \/>\n<meta property=\"og:locale\" content=\"fr_CA\" \/>\n<meta property=\"og:type\" content=\"article\" \/>\n<meta property=\"og:title\" content=\"Honda partage des images de son Passport 2026 - CanadaMotorJobs.com\" \/>\n<meta property=\"og:description\" content=\"Honda partage des images de son Passport 2026 - Benoit Charette - Annuel automobile - CanadaMotorJobs.com.\" \/>\n<meta property=\"og:url\" content=\"https:\/\/news.canadamotorjobs.com\/fr\/honda-partage-des-images-de-son-passport-2026\/\" \/>\n<meta property=\"og:site_name\" content=\"CanadaMotorJobs.com\" \/>\n<meta property=\"article:publisher\" content=\"https:\/\/www.facebook.com\/canadamotorjobs\/\" \/>\n<meta property=\"article:published_time\" content=\"2024-09-26T07:24:30+00:00\" \/>\n<meta property=\"article:modified_time\" content=\"2024-09-26T07:29:18+00:00\" \/>\n<meta property=\"og:image\" content=\"https:\/\/news.canadamotorjobs.com\/wp-content\/uploads\/2024\/09\/10_2026_Honda_Passport_Prototype_Testing.jpg\" \/>\n\t<meta property=\"og:image:width\" content=\"1200\" \/>\n\t<meta property=\"og:image:height\" content=\"801\" \/>\n\t<meta property=\"og:image:type\" content=\"image\/jpeg\" \/>\n<meta name=\"author\" content=\"Benoit Charette\" \/>\n<meta name=\"twitter:card\" content=\"summary_large_image\" \/>\n<meta name=\"twitter:creator\" content=\"@canadamotorjobs\" \/>\n<meta name=\"twitter:site\" content=\"@canadamotorjobs\" \/>\n<meta name=\"twitter:label1\" content=\"\u00c9crit par\" \/>\n\t<meta name=\"twitter:data1\" content=\"Benoit Charette\" \/>\n\t<meta name=\"twitter:label2\" content=\"Estimation du temps de lecture\" \/>\n\t<meta name=\"twitter:data2\" content=\"2 minutes\" \/>\n<!-- \/ Yoast SEO plugin. -->","yoast_head_json":{"title":"Honda partage des images de son Passport 2026 - CanadaMotorJobs.com","description":"Honda partage des images de son Passport 2026 - Benoit Charette - Annuel automobile - CanadaMotorJobs.com.","robots":{"index":"index","follow":"follow","max-snippet":"max-snippet:-1","max-image-preview":"max-image-preview:large","max-video-preview":"max-video-preview:-1"},"og_locale":"fr_CA","og_type":"article","og_title":"Honda partage des images de son Passport 2026 - CanadaMotorJobs.com","og_description":"Honda partage des images de son Passport 2026 - Benoit Charette - Annuel automobile - CanadaMotorJobs.com.","og_url":"https:\/\/news.canadamotorjobs.com\/fr\/honda-partage-des-images-de-son-passport-2026\/","og_site_name":"CanadaMotorJobs.com","article_publisher":"https:\/\/www.facebook.com\/canadamotorjobs\/","article_published_time":"2024-09-26T07:24:30+00:00","article_modified_time":"2024-09-26T07:29:18+00:00","og_image":[{"width":1200,"height":801,"url":"https:\/\/news.canadamotorjobs.com\/wp-content\/uploads\/2024\/09\/10_2026_Honda_Passport_Prototype_Testing.jpg","type":"image\/jpeg"}],"author":"Benoit Charette","twitter_card":"summary_large_image","twitter_creator":"@canadamotorjobs","twitter_site":"@canadamotorjobs","twitter_misc":{"\u00c9crit par":"Benoit Charette","Estimation du temps de lecture":"2 minutes"},"schema":{"@context":"https:\/\/schema.org","@graph":[{"@type":"Article","@id":"https:\/\/news.canadamotorjobs.com\/fr\/honda-partage-des-images-de-son-passport-2026\/#article","isPartOf":{"@id":"https:\/\/news.canadamotorjobs.com\/fr\/honda-partage-des-images-de-son-passport-2026\/"},"author":{"name":"Benoit Charette","@id":"https:\/\/news.canadamotorjobs.com\/#\/schema\/person\/51793d1f87d44011d7bcc2ed99269a90"},"headline":"Honda partage des images de son Passport 2026","datePublished":"2024-09-26T07:24:30+00:00","dateModified":"2024-09-26T07:29:18+00:00","mainEntityOfPage":{"@id":"https:\/\/news.canadamotorjobs.com\/fr\/honda-partage-des-images-de-son-passport-2026\/"},"wordCount":425,"publisher":{"@id":"https:\/\/news.canadamotorjobs.com\/#organization"},"image":{"@id":"https:\/\/news.canadamotorjobs.com\/fr\/honda-partage-des-images-de-son-passport-2026\/#primaryimage"},"thumbnailUrl":"https:\/\/news.canadamotorjobs.com\/wp-content\/uploads\/2024\/09\/10_2026_Honda_Passport_Prototype_Testing.jpg","articleSection":["Annuel automobile"],"inLanguage":"fr-CA"},{"@type":"WebPage","@id":"https:\/\/news.canadamotorjobs.com\/fr\/honda-partage-des-images-de-son-passport-2026\/","url":"https:\/\/news.canadamotorjobs.com\/fr\/honda-partage-des-images-de-son-passport-2026\/","name":"Honda partage des images de son Passport 2026 - CanadaMotorJobs.com","isPartOf":{"@id":"https:\/\/news.canadamotorjobs.com\/#website"},"primaryImageOfPage":{"@id":"https:\/\/news.canadamotorjobs.com\/fr\/honda-partage-des-images-de-son-passport-2026\/#primaryimage"},"image":{"@id":"https:\/\/news.canadamotorjobs.com\/fr\/honda-partage-des-images-de-son-passport-2026\/#primaryimage"},"thumbnailUrl":"https:\/\/news.canadamotorjobs.com\/wp-content\/uploads\/2024\/09\/10_2026_Honda_Passport_Prototype_Testing.jpg","datePublished":"2024-09-26T07:24:30+00:00","dateModified":"2024-09-26T07:29:18+00:00","description":"Honda partage des images de son Passport 2026 - Benoit Charette - Annuel automobile - CanadaMotorJobs.com.","breadcrumb":{"@id":"https:\/\/news.canadamotorjobs.com\/fr\/honda-partage-des-images-de-son-passport-2026\/#breadcrumb"},"inLanguage":"fr-CA","potentialAction":[{"@type":"ReadAction","target":["https:\/\/news.canadamotorjobs.com\/fr\/honda-partage-des-images-de-son-passport-2026\/"]}]},{"@type":"ImageObject","inLanguage":"fr-CA","@id":"https:\/\/news.canadamotorjobs.com\/fr\/honda-partage-des-images-de-son-passport-2026\/#primaryimage","url":"https:\/\/news.canadamotorjobs.com\/wp-content\/uploads\/2024\/09\/10_2026_Honda_Passport_Prototype_Testing.jpg","contentUrl":"https:\/\/news.canadamotorjobs.com\/wp-content\/uploads\/2024\/09\/10_2026_Honda_Passport_Prototype_Testing.jpg","width":1200,"height":801},{"@type":"BreadcrumbList","@id":"https:\/\/news.canadamotorjobs.com\/fr\/honda-partage-des-images-de-son-passport-2026\/#breadcrumb","itemListElement":[{"@type":"ListItem","position":1,"name":"Home","item":"https:\/\/news.canadamotorjobs.com\/fr\/blog\/"},{"@type":"ListItem","position":2,"name":"Honda partage des images de son Passport 2026"}]},{"@type":"WebSite","@id":"https:\/\/news.canadamotorjobs.com\/#website","url":"https:\/\/news.canadamotorjobs.com\/","name":"CanadaMotorJobs.com","description":"Automotive Jobs","publisher":{"@id":"https:\/\/news.canadamotorjobs.com\/#organization"},"potentialAction":[{"@type":"SearchAction","target":{"@type":"EntryPoint","urlTemplate":"https:\/\/news.canadamotorjobs.com\/?s={search_term_string}"},"query-input":"required name=search_term_string"}],"inLanguage":"fr-CA"},{"@type":"Organization","@id":"https:\/\/news.canadamotorjobs.com\/#organization","name":"Canada Motor Jobs","url":"https:\/\/news.canadamotorjobs.com\/","logo":{"@type":"ImageObject","inLanguage":"fr-CA","@id":"https:\/\/news.canadamotorjobs.com\/#\/schema\/logo\/image\/","url":"https:\/\/news.canadamotorjobs.com\/wp-content\/uploads\/2022\/10\/logo-canada-motor-jobs-1.png","contentUrl":"https:\/\/news.canadamotorjobs.com\/wp-content\/uploads\/2022\/10\/logo-canada-motor-jobs-1.png","width":800,"height":400,"caption":"Canada Motor Jobs"},"image":{"@id":"https:\/\/news.canadamotorjobs.com\/#\/schema\/logo\/image\/"},"sameAs":["https:\/\/www.facebook.com\/canadamotorjobs\/","https:\/\/x.com\/canadamotorjobs","https:\/\/www.instagram.com\/canadamotorjobs\/","https:\/\/www.linkedin.com\/company\/canadamotorjobs"]},{"@type":"Person","@id":"https:\/\/news.canadamotorjobs.com\/#\/schema\/person\/51793d1f87d44011d7bcc2ed99269a90","name":"Benoit Charette","image":{"@type":"ImageObject","inLanguage":"fr-CA","@id":"https:\/\/news.canadamotorjobs.com\/#\/schema\/person\/image\/","url":"https:\/\/secure.gravatar.com\/avatar\/45f3d2eebcccd909668d7ce7ea7267b6?s=96&d=mm&r=g","contentUrl":"https:\/\/secure.gravatar.com\/avatar\/45f3d2eebcccd909668d7ce7ea7267b6?s=96&d=mm&r=g","caption":"Benoit Charette"},"description":"Benoit Charette \/ Propri\u00e9taire et r\u00e9dacteur en chef Benoit Charette pratique le journalisme automobile depuis bient\u00f4t 30 ans. Il a fait ses classes au c\u00f4t\u00e9 de Daniel H\u00e9raud et au Carnet de route de 1992 \u00e0 2001. Il est fondateur, copropri\u00e9taire et r\u00e9dacteur en chef de L\u2019Annuel de l\u2019automobile, qu\u2019il publie depuis 2001. Il a anim\u00e9 les \u00e9missions RPM et RPM+ sur V et les L\u00e9gendes de la route sur Historia. \u00c0 la radio depuis 1986, il reprend l\u2019antenne cette ann\u00e9e sur les ondes de Cogeco et participe pour la deuxi\u00e8me ann\u00e9e \u00e0 l\u2019\u00e9mission Passion Auto sur RDS en plus de mettre en ligne le site Web officiel de L\u2019Annuel de l\u2019automobile sur annuelauto.ca.","sameAs":["https:\/\/annuelauto.ca\/"],"url":"https:\/\/news.canadamotorjobs.com\/fr\/author\/benoit-charette\/"}]}},"_links":{"self":[{"href":"https:\/\/news.canadamotorjobs.com\/fr\/wp-json\/wp\/v2\/posts\/174374"}],"collection":[{"href":"https:\/\/news.canadamotorjobs.com\/fr\/wp-json\/wp\/v2\/posts"}],"about":[{"href":"https:\/\/news.canadamotorjobs.com\/fr\/wp-json\/wp\/v2\/types\/post"}],"author":[{"embeddable":true,"href":"https:\/\/news.canadamotorjobs.com\/fr\/wp-json\/wp\/v2\/users\/8"}],"replies":[{"embeddable":true,"href":"https:\/\/news.canadamotorjobs.com\/fr\/wp-json\/wp\/v2\/comments?post=174374"}],"version-history":[{"count":3,"href":"https:\/\/news.canadamotorjobs.com\/fr\/wp-json\/wp\/v2\/posts\/174374\/revisions"}],"predecessor-version":[{"id":174429,"href":"https:\/\/news.canadamotorjobs.com\/fr\/wp-json\/wp\/v2\/posts\/174374\/revisions\/174429"}],"wp:featuredmedia":[{"embeddable":true,"href":"https:\/\/news.canadamotorjobs.com\/fr\/wp-json\/wp\/v2\/media\/174376"}],"wp:attachment":[{"href":"https:\/\/news.canadamotorjobs.com\/fr\/wp-json\/wp\/v2\/media?parent=174374"}],"wp:term":[{"taxonomy":"category","embeddable":true,"href":"https:\/\/news.canadamotorjobs.com\/fr\/wp-json\/wp\/v2\/categories?post=174374"},{"taxonomy":"post_tag","embeddable":true,"href":"https:\/\/news.canadamotorjobs.com\/fr\/wp-json\/wp\/v2\/tags?post=174374"}],"curies":[{"name":"wp","href":"https:\/\/api.w.org\/{rel}","templated":true}]}}