{"id":174346,"date":"2024-09-26T03:24:30","date_gmt":"2024-09-26T07:24:30","guid":{"rendered":"https:\/\/news.canadamotorjobs.com\/?p=174346"},"modified":"2024-09-26T03:28:54","modified_gmt":"2024-09-26T07:28:54","slug":"stellantis-se-chercherait-un-nouveau-dirigeant","status":"publish","type":"post","link":"https:\/\/news.canadamotorjobs.com\/fr\/stellantis-se-chercherait-un-nouveau-dirigeant\/","title":{"rendered":"Stellantis se chercherait un nouveau dirigeant"},"content":{"rendered":"<\/p>\n<p>Le pr\u00e9sident de Stellantis a confirm\u00e9 cette semaine que la recherche d\u2019un nouveau dirigeant a commenc\u00e9, alors que le contrat de Carlos Tavares se termine en 2026.<\/p>\n<p>\u00c7a fait plusieurs semaines qu\u2019on vous rapporte des nouvelles qui ne sont pas toujours roses en provenance de Stellantis, le g\u00e9ant automobile qui chapeaute les marques am\u00e9ricaines que sont Ram, Jeep, Chrysler et Dodge.<\/p>\n<p>Que ce soit les pertes de b\u00e9n\u00e9fices de 48 % au cours de la premi\u00e8re moiti\u00e9 de l\u2019ann\u00e9e 2024, le recul des ventes de 16 %, la d\u00e9cision <a href=\"https:\/\/www.auto123.com\/fr\/actualites\/stellantis-stock-americains-reduction-100000\/71869\/\">d\u2019abaisser les stocks de 100 000 unit\u00e9s<\/a> d\u2019ici le d\u00e9but de la prochaine ann\u00e9e, on sent que \u00e7a ne tourne pas rond.<\/p>\n<p>Et lorsque c\u2019est le cas, le grand patron se fait souvent pointer du doigt. Ainsi, plusieurs accusent Carlos Tavares d\u2019\u00eatre responsable du \u00ab d\u00e9sastre \u00bb et de la \u00ab d\u00e9gradation rapide \u00bb des marques am\u00e9ricaines.<\/p>\n<p>Or, le contrat de l\u2019actuel chef de la direction de l\u2019entreprise expire en janvier 2026, et l\u2019on apprend qu\u2019il pourrait ne pas \u00eatre renouvel\u00e9.<\/p>\n<p><\/p>\n<figure><img decoding=\"async\" src=\"https:\/\/news.canadamotorjobs.com\/wp-content\/uploads\/2024\/09\/John_Elkann_Carlos_Tavares-5.jpg\" alt=\"Carlos Tavares et John Elkann, en janvier 2021\" \/><figcaption>Carlos Tavares et John Elkann, en janvier 2021 | Auto123.com<\/figcaption><\/figure>\n<p><strong>La recherche pour un remplaceant \u00e0 Carlos Tavared est entam\u00e9e<\/strong><\/p>\n<p>Dans une entrevue accord\u00e9e au groupe Bloomberg, le pr\u00e9sident de Stellantis, John Elkann, a confirm\u00e9 que la recherche d\u2019un nouveau grand patron avait commenc\u00e9. Il n\u2019a pas exclu que le contrat de Carlos Tavares soit renouvel\u00e9 apr\u00e8s l\u2019expiration de l\u2019entente actuelle, cependant. Carlos Tavares est \u00e0 la t\u00eate de Stellantis depuis sa cr\u00e9ation, soit lorsque FCA (Fiat Chrysler Automobiles) et PSA (Peugot Soci\u00e9t\u00e9 Anonyme) ont fusionn\u00e9 en janvier 2021 pour cr\u00e9er ce qui est aujourd\u2019hui le quatri\u00e8me constructeur mondial en fait de ventes automobiles. En tout, Stellantis compte 14 marques.<\/p>\n<p>Lors de son entr\u00e9e en poste, Carlos Tavares avait mentionn\u00e9 que chacune avait 10 ans pour montrer qu\u2019elle m\u00e9ritait de demeurer au sein du groupe, et rien n\u2019aurait chang\u00e9 \u00e0 cet \u00e9gard. Cependant, on se souviendra que Carlos Tavares lui-m\u00eame avait mentionn\u00e9 il y a quelques mois que certaines marques moins rentables pourraient \u00eatre abandonn\u00e9es si elles ne rapportaient pas d\u2019argent. C\u2019est alors que les rumeurs concernant la disparition de Maserati avaient commenc\u00e9 \u00e0 circuler, des rumeurs qui avaient \u00e9t\u00e9 rapidement d\u00e9menties.<\/p>\n<p><strong>L&#8217;usine de Sterling Heights point\u00e9e du doigt<\/strong><\/p>\n<p>Chez Ram, Carlos Tavares a point\u00e9 du doigt l\u2019usine de Sterling Heights, au Michigan, o\u00f9 trop de camionnettes 1500 nouvellement construites doivent \u00eatre r\u00e9par\u00e9es d\u00e8s leur sortie de la cha\u00eene de montage. Les probl\u00e8mes de qualit\u00e9s doivent \u00eatre r\u00e9gl\u00e9s.<\/p>\n<p>Puis, il y a ce ralentissement de la croissance anticip\u00e9e pour les v\u00e9hicules \u00e9lectriques \u00e0 certains endroits sur la plan\u00e8te, une r\u00e9alit\u00e9 qui a contraint Stellantis \u00e0 interrompre la production de la 500e pendant quatre semaines.<\/p>\n<p>Cependant, il ne faut pas imaginer tout de suite que les jours de Carlos Tavares sont compt\u00e9s. Le site Bloomberg affirme que des sources pr\u00e8s du dossier pr\u00e9tendent que le dirigeant de 66 ans ne sera pas remplac\u00e9. Il est \u00ab normal \u00bb de lancer un processus de recherche pour un rempla\u00e7ant \u00e0 certains moments, et Carlos Tavares serait m\u00eame impliqu\u00e9 dans ledit processus. Il ne faut pas oublier son \u00e2ge, aussi ; peut-\u00eatre voudra-t-il tirer sa r\u00e9v\u00e9rence avant d\u2019avoir 70 ans.<\/p>\n<p>Un autre dossier \u00e0 suivre.<\/p>\n<p><\/p>\n<p style=\"padding-top: 15px\">Contenu original de <a href=\"https:\/\/www.auto123.com\/fr\/actualites\/stellantis-remplacement-carlos-tavares-dirigeant\/71871\/\">auto123<\/a>.<\/p>\n<p>Le texte <a rel=\"nofollow\" href=\"https:\/\/annuelauto.ca\/stellantis-se-chercherait-un-nouveau-dirigeant\/\">Stellantis se chercherait un nouveau dirigeant<\/a> provient de <a rel=\"nofollow\" href=\"https:\/\/annuelauto.ca\">L&#8217;annuel de l&#8217;automobile &#8211; Actualit\u00e9 automobile<\/a><\/p>\n<p><\/p>\n","protected":false},"excerpt":{"rendered":"<p>Le pr\u00e9sident de Stellantis a confirm\u00e9 cette semaine que la recherche d\u2019un nouveau dirigeant a commenc\u00e9, alors que le contrat de Carlos Tavares se termine en 2026. \u00c7a fait plusieurs semaines qu\u2019on vous rapporte des nouvelles qui ne sont pas toujours roses en provenance de Stellantis, le g\u00e9ant automobile qui chapeaute les marques am\u00e9ricaines que [&hellip;]<\/p>\n","protected":false},"author":8,"featured_media":174348,"comment_status":"close","ping_status":"closed","sticky":false,"template":"","format":"standard","meta":{"_monsterinsights_skip_tracking":false,"_monsterinsights_sitenote_active":false,"_monsterinsights_sitenote_note":"","_monsterinsights_sitenote_category":0,"footnotes":""},"categories":[101],"tags":[],"yoast_head":"<!-- This site is optimized with the Yoast SEO plugin v23.2 - https:\/\/yoast.com\/wordpress\/plugins\/seo\/ -->\n<title>Stellantis se chercherait un nouveau dirigeant - CanadaMotorJobs.com<\/title>\n<meta name=\"description\" content=\"Stellantis se chercherait un nouveau dirigeant - Benoit Charette - Annuel automobile - CanadaMotorJobs.com.\" \/>\n<meta name=\"robots\" content=\"index, follow, max-snippet:-1, max-image-preview:large, max-video-preview:-1\" \/>\n<meta property=\"og:locale\" content=\"fr_CA\" \/>\n<meta property=\"og:type\" content=\"article\" \/>\n<meta property=\"og:title\" content=\"Stellantis se chercherait un nouveau dirigeant - CanadaMotorJobs.com\" \/>\n<meta property=\"og:description\" content=\"Stellantis se chercherait un nouveau dirigeant - Benoit Charette - Annuel automobile - CanadaMotorJobs.com.\" \/>\n<meta property=\"og:url\" content=\"https:\/\/news.canadamotorjobs.com\/fr\/stellantis-se-chercherait-un-nouveau-dirigeant\/\" \/>\n<meta property=\"og:site_name\" content=\"CanadaMotorJobs.com\" \/>\n<meta property=\"article:publisher\" content=\"https:\/\/www.facebook.com\/canadamotorjobs\/\" \/>\n<meta property=\"article:published_time\" content=\"2024-09-26T07:24:30+00:00\" \/>\n<meta property=\"article:modified_time\" content=\"2024-09-26T07:28:54+00:00\" \/>\n<meta property=\"og:image\" content=\"https:\/\/news.canadamotorjobs.com\/wp-content\/uploads\/2024\/09\/John_Elkann_Carlos_Tavares.jpg\" \/>\n\t<meta property=\"og:image:width\" content=\"1200\" \/>\n\t<meta property=\"og:image:height\" content=\"800\" \/>\n\t<meta property=\"og:image:type\" content=\"image\/jpeg\" \/>\n<meta name=\"author\" content=\"Benoit Charette\" \/>\n<meta name=\"twitter:card\" content=\"summary_large_image\" \/>\n<meta name=\"twitter:creator\" content=\"@canadamotorjobs\" \/>\n<meta name=\"twitter:site\" content=\"@canadamotorjobs\" \/>\n<meta name=\"twitter:label1\" content=\"\u00c9crit par\" \/>\n\t<meta name=\"twitter:data1\" content=\"Benoit Charette\" \/>\n\t<meta name=\"twitter:label2\" content=\"Estimation du temps de lecture\" \/>\n\t<meta name=\"twitter:data2\" content=\"3 minutes\" \/>\n<!-- \/ Yoast SEO plugin. -->","yoast_head_json":{"title":"Stellantis se chercherait un nouveau dirigeant - CanadaMotorJobs.com","description":"Stellantis se chercherait un nouveau dirigeant - Benoit Charette - Annuel automobile - CanadaMotorJobs.com.","robots":{"index":"index","follow":"follow","max-snippet":"max-snippet:-1","max-image-preview":"max-image-preview:large","max-video-preview":"max-video-preview:-1"},"og_locale":"fr_CA","og_type":"article","og_title":"Stellantis se chercherait un nouveau dirigeant - CanadaMotorJobs.com","og_description":"Stellantis se chercherait un nouveau dirigeant - Benoit Charette - Annuel automobile - CanadaMotorJobs.com.","og_url":"https:\/\/news.canadamotorjobs.com\/fr\/stellantis-se-chercherait-un-nouveau-dirigeant\/","og_site_name":"CanadaMotorJobs.com","article_publisher":"https:\/\/www.facebook.com\/canadamotorjobs\/","article_published_time":"2024-09-26T07:24:30+00:00","article_modified_time":"2024-09-26T07:28:54+00:00","og_image":[{"width":1200,"height":800,"url":"https:\/\/news.canadamotorjobs.com\/wp-content\/uploads\/2024\/09\/John_Elkann_Carlos_Tavares.jpg","type":"image\/jpeg"}],"author":"Benoit Charette","twitter_card":"summary_large_image","twitter_creator":"@canadamotorjobs","twitter_site":"@canadamotorjobs","twitter_misc":{"\u00c9crit par":"Benoit Charette","Estimation du temps de lecture":"3 minutes"},"schema":{"@context":"https:\/\/schema.org","@graph":[{"@type":"Article","@id":"https:\/\/news.canadamotorjobs.com\/fr\/stellantis-se-chercherait-un-nouveau-dirigeant\/#article","isPartOf":{"@id":"https:\/\/news.canadamotorjobs.com\/fr\/stellantis-se-chercherait-un-nouveau-dirigeant\/"},"author":{"name":"Benoit Charette","@id":"https:\/\/news.canadamotorjobs.com\/#\/schema\/person\/51793d1f87d44011d7bcc2ed99269a90"},"headline":"Stellantis se chercherait un nouveau dirigeant","datePublished":"2024-09-26T07:24:30+00:00","dateModified":"2024-09-26T07:28:54+00:00","mainEntityOfPage":{"@id":"https:\/\/news.canadamotorjobs.com\/fr\/stellantis-se-chercherait-un-nouveau-dirigeant\/"},"wordCount":600,"publisher":{"@id":"https:\/\/news.canadamotorjobs.com\/#organization"},"image":{"@id":"https:\/\/news.canadamotorjobs.com\/fr\/stellantis-se-chercherait-un-nouveau-dirigeant\/#primaryimage"},"thumbnailUrl":"https:\/\/news.canadamotorjobs.com\/wp-content\/uploads\/2024\/09\/John_Elkann_Carlos_Tavares.jpg","articleSection":["Annuel automobile"],"inLanguage":"fr-CA"},{"@type":"WebPage","@id":"https:\/\/news.canadamotorjobs.com\/fr\/stellantis-se-chercherait-un-nouveau-dirigeant\/","url":"https:\/\/news.canadamotorjobs.com\/fr\/stellantis-se-chercherait-un-nouveau-dirigeant\/","name":"Stellantis se chercherait un nouveau dirigeant - CanadaMotorJobs.com","isPartOf":{"@id":"https:\/\/news.canadamotorjobs.com\/#website"},"primaryImageOfPage":{"@id":"https:\/\/news.canadamotorjobs.com\/fr\/stellantis-se-chercherait-un-nouveau-dirigeant\/#primaryimage"},"image":{"@id":"https:\/\/news.canadamotorjobs.com\/fr\/stellantis-se-chercherait-un-nouveau-dirigeant\/#primaryimage"},"thumbnailUrl":"https:\/\/news.canadamotorjobs.com\/wp-content\/uploads\/2024\/09\/John_Elkann_Carlos_Tavares.jpg","datePublished":"2024-09-26T07:24:30+00:00","dateModified":"2024-09-26T07:28:54+00:00","description":"Stellantis se chercherait un nouveau dirigeant - Benoit Charette - Annuel automobile - CanadaMotorJobs.com.","breadcrumb":{"@id":"https:\/\/news.canadamotorjobs.com\/fr\/stellantis-se-chercherait-un-nouveau-dirigeant\/#breadcrumb"},"inLanguage":"fr-CA","potentialAction":[{"@type":"ReadAction","target":["https:\/\/news.canadamotorjobs.com\/fr\/stellantis-se-chercherait-un-nouveau-dirigeant\/"]}]},{"@type":"ImageObject","inLanguage":"fr-CA","@id":"https:\/\/news.canadamotorjobs.com\/fr\/stellantis-se-chercherait-un-nouveau-dirigeant\/#primaryimage","url":"https:\/\/news.canadamotorjobs.com\/wp-content\/uploads\/2024\/09\/John_Elkann_Carlos_Tavares.jpg","contentUrl":"https:\/\/news.canadamotorjobs.com\/wp-content\/uploads\/2024\/09\/John_Elkann_Carlos_Tavares.jpg","width":1200,"height":800},{"@type":"BreadcrumbList","@id":"https:\/\/news.canadamotorjobs.com\/fr\/stellantis-se-chercherait-un-nouveau-dirigeant\/#breadcrumb","itemListElement":[{"@type":"ListItem","position":1,"name":"Home","item":"https:\/\/news.canadamotorjobs.com\/fr\/blog\/"},{"@type":"ListItem","position":2,"name":"Stellantis se chercherait un nouveau dirigeant"}]},{"@type":"WebSite","@id":"https:\/\/news.canadamotorjobs.com\/#website","url":"https:\/\/news.canadamotorjobs.com\/","name":"CanadaMotorJobs.com","description":"Automotive Jobs","publisher":{"@id":"https:\/\/news.canadamotorjobs.com\/#organization"},"potentialAction":[{"@type":"SearchAction","target":{"@type":"EntryPoint","urlTemplate":"https:\/\/news.canadamotorjobs.com\/?s={search_term_string}"},"query-input":"required name=search_term_string"}],"inLanguage":"fr-CA"},{"@type":"Organization","@id":"https:\/\/news.canadamotorjobs.com\/#organization","name":"Canada Motor Jobs","url":"https:\/\/news.canadamotorjobs.com\/","logo":{"@type":"ImageObject","inLanguage":"fr-CA","@id":"https:\/\/news.canadamotorjobs.com\/#\/schema\/logo\/image\/","url":"https:\/\/news.canadamotorjobs.com\/wp-content\/uploads\/2022\/10\/logo-canada-motor-jobs-1.png","contentUrl":"https:\/\/news.canadamotorjobs.com\/wp-content\/uploads\/2022\/10\/logo-canada-motor-jobs-1.png","width":800,"height":400,"caption":"Canada Motor Jobs"},"image":{"@id":"https:\/\/news.canadamotorjobs.com\/#\/schema\/logo\/image\/"},"sameAs":["https:\/\/www.facebook.com\/canadamotorjobs\/","https:\/\/x.com\/canadamotorjobs","https:\/\/www.instagram.com\/canadamotorjobs\/","https:\/\/www.linkedin.com\/company\/canadamotorjobs"]},{"@type":"Person","@id":"https:\/\/news.canadamotorjobs.com\/#\/schema\/person\/51793d1f87d44011d7bcc2ed99269a90","name":"Benoit Charette","image":{"@type":"ImageObject","inLanguage":"fr-CA","@id":"https:\/\/news.canadamotorjobs.com\/#\/schema\/person\/image\/","url":"https:\/\/secure.gravatar.com\/avatar\/45f3d2eebcccd909668d7ce7ea7267b6?s=96&d=mm&r=g","contentUrl":"https:\/\/secure.gravatar.com\/avatar\/45f3d2eebcccd909668d7ce7ea7267b6?s=96&d=mm&r=g","caption":"Benoit Charette"},"description":"Benoit Charette \/ Propri\u00e9taire et r\u00e9dacteur en chef Benoit Charette pratique le journalisme automobile depuis bient\u00f4t 30 ans. Il a fait ses classes au c\u00f4t\u00e9 de Daniel H\u00e9raud et au Carnet de route de 1992 \u00e0 2001. Il est fondateur, copropri\u00e9taire et r\u00e9dacteur en chef de L\u2019Annuel de l\u2019automobile, qu\u2019il publie depuis 2001. Il a anim\u00e9 les \u00e9missions RPM et RPM+ sur V et les L\u00e9gendes de la route sur Historia. \u00c0 la radio depuis 1986, il reprend l\u2019antenne cette ann\u00e9e sur les ondes de Cogeco et participe pour la deuxi\u00e8me ann\u00e9e \u00e0 l\u2019\u00e9mission Passion Auto sur RDS en plus de mettre en ligne le site Web officiel de L\u2019Annuel de l\u2019automobile sur annuelauto.ca.","sameAs":["https:\/\/annuelauto.ca\/"],"url":"https:\/\/news.canadamotorjobs.com\/fr\/author\/benoit-charette\/"}]}},"_links":{"self":[{"href":"https:\/\/news.canadamotorjobs.com\/fr\/wp-json\/wp\/v2\/posts\/174346"}],"collection":[{"href":"https:\/\/news.canadamotorjobs.com\/fr\/wp-json\/wp\/v2\/posts"}],"about":[{"href":"https:\/\/news.canadamotorjobs.com\/fr\/wp-json\/wp\/v2\/types\/post"}],"author":[{"embeddable":true,"href":"https:\/\/news.canadamotorjobs.com\/fr\/wp-json\/wp\/v2\/users\/8"}],"replies":[{"embeddable":true,"href":"https:\/\/news.canadamotorjobs.com\/fr\/wp-json\/wp\/v2\/comments?post=174346"}],"version-history":[{"count":3,"href":"https:\/\/news.canadamotorjobs.com\/fr\/wp-json\/wp\/v2\/posts\/174346\/revisions"}],"predecessor-version":[{"id":174373,"href":"https:\/\/news.canadamotorjobs.com\/fr\/wp-json\/wp\/v2\/posts\/174346\/revisions\/174373"}],"wp:featuredmedia":[{"embeddable":true,"href":"https:\/\/news.canadamotorjobs.com\/fr\/wp-json\/wp\/v2\/media\/174348"}],"wp:attachment":[{"href":"https:\/\/news.canadamotorjobs.com\/fr\/wp-json\/wp\/v2\/media?parent=174346"}],"wp:term":[{"taxonomy":"category","embeddable":true,"href":"https:\/\/news.canadamotorjobs.com\/fr\/wp-json\/wp\/v2\/categories?post=174346"},{"taxonomy":"post_tag","embeddable":true,"href":"https:\/\/news.canadamotorjobs.com\/fr\/wp-json\/wp\/v2\/tags?post=174346"}],"curies":[{"name":"wp","href":"https:\/\/api.w.org\/{rel}","templated":true}]}}