{"id":174281,"date":"2024-09-25T06:57:58","date_gmt":"2024-09-25T10:57:58","guid":{"rendered":"https:\/\/news.canadamotorjobs.com\/?p=174281"},"modified":"2024-09-25T07:00:53","modified_gmt":"2024-09-25T11:00:53","slug":"croulant-sous-la-demande-rolls-royce-veut-selectrifier-encore-plus","status":"publish","type":"post","link":"https:\/\/news.canadamotorjobs.com\/fr\/croulant-sous-la-demande-rolls-royce-veut-selectrifier-encore-plus\/","title":{"rendered":"Croulant sous la demande, Rolls Royce veut s\u2019\u00e9lectrifier encore plus"},"content":{"rendered":"<\/p>\n<p>\u00c7a fait un an que Rolls Royce a lanc\u00e9 les pr\u00e9commandes du coup\u00e9 Spectre, son premier v\u00e9hicule tout \u00e9lectrique, et la demande a \u00e9t\u00e9 si forte que la prestigieuse marque britannique veut tripler la mise, rien de moins. Rolls Royce songe \u00e0 lancer sous peu une berline et un VUS qui seront eux aussi tout \u00e9lectriques.<\/p>\n<p>Comme la plupart des autres marques de v\u00e9hicules de luxe, Rolls Royce esp\u00e8re vendre une grande majorit\u00e9 de ses v\u00e9hicules sous forme \u00e9lectrifi\u00e9e au plus tard en 2030. Il faut donc qu\u2019elle acc\u00e9l\u00e8re la cadence si elle esp\u00e8re y parvenir. Il faut dire que la marque Rolls-Royce Motor Cars appartient \u00e0 BMW, et donc, que la prestigieuse gamme britannique peut probablement puiser dans la technologie de sa soci\u00e9t\u00e9-m\u00e8re allemande pour trouver les composants \u00e9lectriques n\u00e9cessaires pour remplir ses ambitions.<\/p>\n<p>Cela dit, Rolls Royce a d\u00e9j\u00e0 une plateforme d\u00e9velopp\u00e9e \u00e0 l\u2019interne, un ch\u00e2ssis sur cadre tout en aluminium, sur laquelle pourrait \u00eatre produit les nouveaux venus. La marque n\u2019a vraiment laiss\u00e9 fuiter aucune information \u00e0 ce sujet, donc on ne peut que sp\u00e9culer. Ce qu\u2019on peut dire, en revanche, c\u2019est que leur autonomie devrait \u00eatre sensiblement sup\u00e9rieure aux 424 km permis par le coup\u00e9 Spectre, si on se fie \u00e0 la progression de la technologie motrice au sein de BMW.<\/p>\n<p>Le constructeur bavarois a r\u00e9cemment annonc\u00e9 que sa prochaine g\u00e9n\u00e9ration de v\u00e9hicules \u00e9lectriques aura droit \u00e0 une autonomie am\u00e9lior\u00e9e de 30% par rapport \u00e0 ses mod\u00e8les actuels, qui offrent d\u00e9j\u00e0 une autonomie plut\u00f4t int\u00e9ressante.<\/p>\n<p>Du c\u00f4t\u00e9 de Rolls Royce, pour le moment, aucune date de mise en march\u00e9 n\u2019est avanc\u00e9e, mais on pense que les nouveaux mod\u00e8les pourraient appara\u00eetre d\u2019ici 2028.<\/p>\n<p>Le texte <a rel=\"nofollow\" href=\"https:\/\/annuelauto.ca\/croulant-sous-la-demande-rolls-royce-veut-selectrifier-encore-plus\/\">Croulant sous la demande, Rolls Royce veut s\u2019\u00e9lectrifier encore plus<\/a> provient de <a rel=\"nofollow\" href=\"https:\/\/annuelauto.ca\">L&#8217;annuel de l&#8217;automobile &#8211; Actualit\u00e9 automobile<\/a><\/p>\n<p><\/p>\n","protected":false},"excerpt":{"rendered":"<p>\u00c7a fait un an que Rolls Royce a lanc\u00e9 les pr\u00e9commandes du coup\u00e9 Spectre, son premier v\u00e9hicule tout \u00e9lectrique, et la demande a \u00e9t\u00e9 si forte que la prestigieuse marque britannique veut tripler la mise, rien de moins. Rolls Royce songe \u00e0 lancer sous peu une berline et un VUS qui seront eux aussi tout [&hellip;]<\/p>\n","protected":false},"author":8,"featured_media":174283,"comment_status":"close","ping_status":"closed","sticky":false,"template":"","format":"standard","meta":{"_monsterinsights_skip_tracking":false,"_monsterinsights_sitenote_active":false,"_monsterinsights_sitenote_note":"","_monsterinsights_sitenote_category":0,"footnotes":""},"categories":[101],"tags":[],"yoast_head":"<!-- This site is optimized with the Yoast SEO plugin v23.2 - https:\/\/yoast.com\/wordpress\/plugins\/seo\/ -->\n<title>Croulant sous la demande, Rolls Royce veut s\u2019\u00e9lectrifier encore plus - CanadaMotorJobs.com<\/title>\n<meta name=\"description\" content=\"Croulant sous la demande, Rolls Royce veut s\u2019\u00e9lectrifier encore plus - Benoit Charette - Annuel automobile - CanadaMotorJobs.com.\" \/>\n<meta name=\"robots\" content=\"index, follow, max-snippet:-1, max-image-preview:large, max-video-preview:-1\" \/>\n<meta property=\"og:locale\" content=\"fr_CA\" \/>\n<meta property=\"og:type\" content=\"article\" \/>\n<meta property=\"og:title\" content=\"Croulant sous la demande, Rolls Royce veut s\u2019\u00e9lectrifier encore plus - CanadaMotorJobs.com\" \/>\n<meta property=\"og:description\" content=\"Croulant sous la demande, Rolls Royce veut s\u2019\u00e9lectrifier encore plus - Benoit Charette - Annuel automobile - CanadaMotorJobs.com.\" \/>\n<meta property=\"og:url\" content=\"https:\/\/news.canadamotorjobs.com\/fr\/croulant-sous-la-demande-rolls-royce-veut-selectrifier-encore-plus\/\" \/>\n<meta property=\"og:site_name\" content=\"CanadaMotorJobs.com\" \/>\n<meta property=\"article:publisher\" content=\"https:\/\/www.facebook.com\/canadamotorjobs\/\" \/>\n<meta property=\"article:published_time\" content=\"2024-09-25T10:57:58+00:00\" \/>\n<meta property=\"article:modified_time\" content=\"2024-09-25T11:00:53+00:00\" \/>\n<meta property=\"og:image\" content=\"https:\/\/news.canadamotorjobs.com\/wp-content\/uploads\/2024\/09\/P90483591_highRes_spectre-unveiled-the-1024x683-1.jpg\" \/>\n\t<meta property=\"og:image:width\" content=\"1024\" \/>\n\t<meta property=\"og:image:height\" content=\"683\" \/>\n\t<meta property=\"og:image:type\" content=\"image\/jpeg\" \/>\n<meta name=\"author\" content=\"Benoit Charette\" \/>\n<meta name=\"twitter:card\" content=\"summary_large_image\" \/>\n<meta name=\"twitter:creator\" content=\"@canadamotorjobs\" \/>\n<meta name=\"twitter:site\" content=\"@canadamotorjobs\" \/>\n<meta name=\"twitter:label1\" content=\"\u00c9crit par\" \/>\n\t<meta name=\"twitter:data1\" content=\"Benoit Charette\" \/>\n\t<meta name=\"twitter:label2\" content=\"Estimation du temps de lecture\" \/>\n\t<meta name=\"twitter:data2\" content=\"2 minutes\" \/>\n<!-- \/ Yoast SEO plugin. -->","yoast_head_json":{"title":"Croulant sous la demande, Rolls Royce veut s\u2019\u00e9lectrifier encore plus - CanadaMotorJobs.com","description":"Croulant sous la demande, Rolls Royce veut s\u2019\u00e9lectrifier encore plus - Benoit Charette - Annuel automobile - CanadaMotorJobs.com.","robots":{"index":"index","follow":"follow","max-snippet":"max-snippet:-1","max-image-preview":"max-image-preview:large","max-video-preview":"max-video-preview:-1"},"og_locale":"fr_CA","og_type":"article","og_title":"Croulant sous la demande, Rolls Royce veut s\u2019\u00e9lectrifier encore plus - CanadaMotorJobs.com","og_description":"Croulant sous la demande, Rolls Royce veut s\u2019\u00e9lectrifier encore plus - Benoit Charette - Annuel automobile - CanadaMotorJobs.com.","og_url":"https:\/\/news.canadamotorjobs.com\/fr\/croulant-sous-la-demande-rolls-royce-veut-selectrifier-encore-plus\/","og_site_name":"CanadaMotorJobs.com","article_publisher":"https:\/\/www.facebook.com\/canadamotorjobs\/","article_published_time":"2024-09-25T10:57:58+00:00","article_modified_time":"2024-09-25T11:00:53+00:00","og_image":[{"width":1024,"height":683,"url":"https:\/\/news.canadamotorjobs.com\/wp-content\/uploads\/2024\/09\/P90483591_highRes_spectre-unveiled-the-1024x683-1.jpg","type":"image\/jpeg"}],"author":"Benoit Charette","twitter_card":"summary_large_image","twitter_creator":"@canadamotorjobs","twitter_site":"@canadamotorjobs","twitter_misc":{"\u00c9crit par":"Benoit Charette","Estimation du temps de lecture":"2 minutes"},"schema":{"@context":"https:\/\/schema.org","@graph":[{"@type":"Article","@id":"https:\/\/news.canadamotorjobs.com\/fr\/croulant-sous-la-demande-rolls-royce-veut-selectrifier-encore-plus\/#article","isPartOf":{"@id":"https:\/\/news.canadamotorjobs.com\/fr\/croulant-sous-la-demande-rolls-royce-veut-selectrifier-encore-plus\/"},"author":{"name":"Benoit Charette","@id":"https:\/\/news.canadamotorjobs.com\/#\/schema\/person\/51793d1f87d44011d7bcc2ed99269a90"},"headline":"Croulant sous la demande, Rolls Royce veut s\u2019\u00e9lectrifier encore plus","datePublished":"2024-09-25T10:57:58+00:00","dateModified":"2024-09-25T11:00:53+00:00","mainEntityOfPage":{"@id":"https:\/\/news.canadamotorjobs.com\/fr\/croulant-sous-la-demande-rolls-royce-veut-selectrifier-encore-plus\/"},"wordCount":339,"publisher":{"@id":"https:\/\/news.canadamotorjobs.com\/#organization"},"image":{"@id":"https:\/\/news.canadamotorjobs.com\/fr\/croulant-sous-la-demande-rolls-royce-veut-selectrifier-encore-plus\/#primaryimage"},"thumbnailUrl":"https:\/\/news.canadamotorjobs.com\/wp-content\/uploads\/2024\/09\/P90483591_highRes_spectre-unveiled-the-1024x683-1.jpg","articleSection":["Annuel automobile"],"inLanguage":"fr-CA"},{"@type":"WebPage","@id":"https:\/\/news.canadamotorjobs.com\/fr\/croulant-sous-la-demande-rolls-royce-veut-selectrifier-encore-plus\/","url":"https:\/\/news.canadamotorjobs.com\/fr\/croulant-sous-la-demande-rolls-royce-veut-selectrifier-encore-plus\/","name":"Croulant sous la demande, Rolls Royce veut s\u2019\u00e9lectrifier encore plus - CanadaMotorJobs.com","isPartOf":{"@id":"https:\/\/news.canadamotorjobs.com\/#website"},"primaryImageOfPage":{"@id":"https:\/\/news.canadamotorjobs.com\/fr\/croulant-sous-la-demande-rolls-royce-veut-selectrifier-encore-plus\/#primaryimage"},"image":{"@id":"https:\/\/news.canadamotorjobs.com\/fr\/croulant-sous-la-demande-rolls-royce-veut-selectrifier-encore-plus\/#primaryimage"},"thumbnailUrl":"https:\/\/news.canadamotorjobs.com\/wp-content\/uploads\/2024\/09\/P90483591_highRes_spectre-unveiled-the-1024x683-1.jpg","datePublished":"2024-09-25T10:57:58+00:00","dateModified":"2024-09-25T11:00:53+00:00","description":"Croulant sous la demande, Rolls Royce veut s\u2019\u00e9lectrifier encore plus - Benoit Charette - Annuel automobile - CanadaMotorJobs.com.","breadcrumb":{"@id":"https:\/\/news.canadamotorjobs.com\/fr\/croulant-sous-la-demande-rolls-royce-veut-selectrifier-encore-plus\/#breadcrumb"},"inLanguage":"fr-CA","potentialAction":[{"@type":"ReadAction","target":["https:\/\/news.canadamotorjobs.com\/fr\/croulant-sous-la-demande-rolls-royce-veut-selectrifier-encore-plus\/"]}]},{"@type":"ImageObject","inLanguage":"fr-CA","@id":"https:\/\/news.canadamotorjobs.com\/fr\/croulant-sous-la-demande-rolls-royce-veut-selectrifier-encore-plus\/#primaryimage","url":"https:\/\/news.canadamotorjobs.com\/wp-content\/uploads\/2024\/09\/P90483591_highRes_spectre-unveiled-the-1024x683-1.jpg","contentUrl":"https:\/\/news.canadamotorjobs.com\/wp-content\/uploads\/2024\/09\/P90483591_highRes_spectre-unveiled-the-1024x683-1.jpg","width":1024,"height":683},{"@type":"BreadcrumbList","@id":"https:\/\/news.canadamotorjobs.com\/fr\/croulant-sous-la-demande-rolls-royce-veut-selectrifier-encore-plus\/#breadcrumb","itemListElement":[{"@type":"ListItem","position":1,"name":"Home","item":"https:\/\/news.canadamotorjobs.com\/fr\/blog\/"},{"@type":"ListItem","position":2,"name":"Croulant sous la demande, Rolls Royce veut s\u2019\u00e9lectrifier encore plus"}]},{"@type":"WebSite","@id":"https:\/\/news.canadamotorjobs.com\/#website","url":"https:\/\/news.canadamotorjobs.com\/","name":"CanadaMotorJobs.com","description":"Automotive Jobs","publisher":{"@id":"https:\/\/news.canadamotorjobs.com\/#organization"},"potentialAction":[{"@type":"SearchAction","target":{"@type":"EntryPoint","urlTemplate":"https:\/\/news.canadamotorjobs.com\/?s={search_term_string}"},"query-input":"required name=search_term_string"}],"inLanguage":"fr-CA"},{"@type":"Organization","@id":"https:\/\/news.canadamotorjobs.com\/#organization","name":"Canada Motor Jobs","url":"https:\/\/news.canadamotorjobs.com\/","logo":{"@type":"ImageObject","inLanguage":"fr-CA","@id":"https:\/\/news.canadamotorjobs.com\/#\/schema\/logo\/image\/","url":"https:\/\/news.canadamotorjobs.com\/wp-content\/uploads\/2022\/10\/logo-canada-motor-jobs-1.png","contentUrl":"https:\/\/news.canadamotorjobs.com\/wp-content\/uploads\/2022\/10\/logo-canada-motor-jobs-1.png","width":800,"height":400,"caption":"Canada Motor Jobs"},"image":{"@id":"https:\/\/news.canadamotorjobs.com\/#\/schema\/logo\/image\/"},"sameAs":["https:\/\/www.facebook.com\/canadamotorjobs\/","https:\/\/x.com\/canadamotorjobs","https:\/\/www.instagram.com\/canadamotorjobs\/","https:\/\/www.linkedin.com\/company\/canadamotorjobs"]},{"@type":"Person","@id":"https:\/\/news.canadamotorjobs.com\/#\/schema\/person\/51793d1f87d44011d7bcc2ed99269a90","name":"Benoit Charette","image":{"@type":"ImageObject","inLanguage":"fr-CA","@id":"https:\/\/news.canadamotorjobs.com\/#\/schema\/person\/image\/","url":"https:\/\/secure.gravatar.com\/avatar\/45f3d2eebcccd909668d7ce7ea7267b6?s=96&d=mm&r=g","contentUrl":"https:\/\/secure.gravatar.com\/avatar\/45f3d2eebcccd909668d7ce7ea7267b6?s=96&d=mm&r=g","caption":"Benoit Charette"},"description":"Benoit Charette \/ Propri\u00e9taire et r\u00e9dacteur en chef Benoit Charette pratique le journalisme automobile depuis bient\u00f4t 30 ans. Il a fait ses classes au c\u00f4t\u00e9 de Daniel H\u00e9raud et au Carnet de route de 1992 \u00e0 2001. Il est fondateur, copropri\u00e9taire et r\u00e9dacteur en chef de L\u2019Annuel de l\u2019automobile, qu\u2019il publie depuis 2001. Il a anim\u00e9 les \u00e9missions RPM et RPM+ sur V et les L\u00e9gendes de la route sur Historia. \u00c0 la radio depuis 1986, il reprend l\u2019antenne cette ann\u00e9e sur les ondes de Cogeco et participe pour la deuxi\u00e8me ann\u00e9e \u00e0 l\u2019\u00e9mission Passion Auto sur RDS en plus de mettre en ligne le site Web officiel de L\u2019Annuel de l\u2019automobile sur annuelauto.ca.","sameAs":["https:\/\/annuelauto.ca\/"],"url":"https:\/\/news.canadamotorjobs.com\/fr\/author\/benoit-charette\/"}]}},"_links":{"self":[{"href":"https:\/\/news.canadamotorjobs.com\/fr\/wp-json\/wp\/v2\/posts\/174281"}],"collection":[{"href":"https:\/\/news.canadamotorjobs.com\/fr\/wp-json\/wp\/v2\/posts"}],"about":[{"href":"https:\/\/news.canadamotorjobs.com\/fr\/wp-json\/wp\/v2\/types\/post"}],"author":[{"embeddable":true,"href":"https:\/\/news.canadamotorjobs.com\/fr\/wp-json\/wp\/v2\/users\/8"}],"replies":[{"embeddable":true,"href":"https:\/\/news.canadamotorjobs.com\/fr\/wp-json\/wp\/v2\/comments?post=174281"}],"version-history":[{"count":2,"href":"https:\/\/news.canadamotorjobs.com\/fr\/wp-json\/wp\/v2\/posts\/174281\/revisions"}],"predecessor-version":[{"id":174285,"href":"https:\/\/news.canadamotorjobs.com\/fr\/wp-json\/wp\/v2\/posts\/174281\/revisions\/174285"}],"wp:featuredmedia":[{"embeddable":true,"href":"https:\/\/news.canadamotorjobs.com\/fr\/wp-json\/wp\/v2\/media\/174283"}],"wp:attachment":[{"href":"https:\/\/news.canadamotorjobs.com\/fr\/wp-json\/wp\/v2\/media?parent=174281"}],"wp:term":[{"taxonomy":"category","embeddable":true,"href":"https:\/\/news.canadamotorjobs.com\/fr\/wp-json\/wp\/v2\/categories?post=174281"},{"taxonomy":"post_tag","embeddable":true,"href":"https:\/\/news.canadamotorjobs.com\/fr\/wp-json\/wp\/v2\/tags?post=174281"}],"curies":[{"name":"wp","href":"https:\/\/api.w.org\/{rel}","templated":true}]}}