{"id":174262,"date":"2024-09-24T19:59:42","date_gmt":"2024-09-24T23:59:42","guid":{"rendered":"https:\/\/news.canadamotorjobs.com\/?p=174262"},"modified":"2024-09-24T20:14:11","modified_gmt":"2024-09-25T00:14:11","slug":"thor-presente-un-vr-hybride-branchable-capable-de-parcourir-800-km","status":"publish","type":"post","link":"https:\/\/news.canadamotorjobs.com\/fr\/thor-presente-un-vr-hybride-branchable-capable-de-parcourir-800-km\/","title":{"rendered":"Thor pr\u00e9sente un VR hybride branchable capable de parcourir 800\u00a0km"},"content":{"rendered":"<\/p>\n<p>Les acheteurs d\u2019<a href=\"https:\/\/annuelauto.ca\/une-autocaravane-ford-modele-t-1914-pour-les-nostalgiques-des-voyages-dantan\/\" target=\"_blank\" rel=\"noopener noreferrer\">autocaravanes<\/a> de classe\u00a0A pourront s\u2019offrir un v\u00e9hicule \u00e0 motorisation hybride branchable d\u00e8s 2025. C\u2019est une promesse de la soci\u00e9t\u00e9 \u00e9tatsunienne Thor Industries qui a diffus\u00e9 cette semaine des images d\u2019un v\u00e9hicule du genre, le premier au monde, dit-elle. Mis au point en collaboration avec Harbinger, ce prototype qui a une autonomie d\u2019environ 800\u00a0kilom\u00e8tres pr\u00e9figure bel et bien un futur mod\u00e8le de s\u00e9rie.<\/p>\n<p>Thor Industries est un consortium \u00e9tabli \u00e0 Elkhart, en Indiana, qui, \u00e0 l\u2019instar de General Motors, r\u00e9unit une flop\u00e9e de marques qui proposent des roulottes et des v\u00e9hicules r\u00e9cr\u00e9atifs (VR) petits et grands. Parmi celles-ci, on retrouve notamment <a href=\"https:\/\/annuelauto.ca\/airstream-et-porsche-design-sassocient-pour-concevoir-la-roulotte-du-futur\/\" target=\"_blank\" rel=\"noopener noreferrer\">Airstream<\/a>.<\/p>\n<p>En novembre\u00a02022, pour amorcer l\u2019<a href=\"https:\/\/annuelauto.ca\/winnebago-laisse-entrevoir-un-futur-electrifie-avec-son-concept-erv2\/\" target=\"_blank\" rel=\"noopener noreferrer\">\u00e9lectrification<\/a> des VR qu\u2019il fabrique, ce consortium a form\u00e9 un partenariat strat\u00e9gique avec Harbinger Motors, un \u00e9quipementier de Garden Grove, en Californie. Encore toute jeune, cette entreprise fond\u00e9e en 2021 se sp\u00e9cialise dans la mise au point et la fabrication de ch\u00e2ssis et de motorisations 100\u00a0% \u00e9lectriques pour v\u00e9hicules commerciaux de poids moyen (classes\u00a04, 5 et 6) comme, par exemple, les fourgons de livraison sur\u00e9lev\u00e9s.<\/p>\n<p>Pour ce prototype, Thor et Harbinger n\u2019ont toutefois pas opt\u00e9 pour une \u00e9lectrification int\u00e9grale. On a plut\u00f4t choisi d\u2019utiliser une motorisation hybride branchable d\u2019un genre de celle qui a servi, entre autres, \u00e0 la Chevrolet Volt.<\/p>\n<p>En observant les photos diffus\u00e9es par Thor et Harbinger, on constate qu&#8217;elle r\u00e9unit un moteur \u00e9lectrique mont\u00e9 \u00e0 l&#8217;avant aliment\u00e9 par une batterie de 140 kWh et un moteur \u00e0 essence log\u00e9 transversalement entre les longerons du ch\u00e2ssis derri\u00e8re l&#8217;essieu arri\u00e8re. Ce dernier servirait de g\u00e9n\u00e9ratrice pour recharger la batterie. Tristement, les partenaires ne r\u00e9v\u00e8lent aucune caract\u00e9ristiques de ces deux moteurs, pas plus que sur l\u2019autonomie en propulsion \u00e9lectrique dont ce prototype serait capable. Ils se limitent \u00e0 faire miroiter l\u2019autonomie globale, soit 800 kilom\u00e8tres.<\/p>\n<p>Selon le m\u00e9dia \u00e9tatsunien <a href=\"https:\/\/insideevs.com\/news\/734936\/thor-harbinger-erev-rv\/\" target=\"_blank\" rel=\"noopener noreferrer\"><em>InsideEVs<\/em><\/a>, toutefois, cette motorisation serait constitu\u00e9e d\u2019un 4-cylindres \u00e0 essence de 1,4 L et d\u2019un moteur \u00e9lectrique Harbinger produisant puissance nominale de 280 ch et une puissance maximale de 440 ch. En outre, cette motorisation livrerait 1 140 lb-pi de couple.<\/p>\n<p>Selon Thor, ce type de motorisation \u00ab\u00a0r\u00e9pond aux pr\u00e9occupations courantes telles que l&#8217;anxi\u00e9t\u00e9 li\u00e9e \u00e0 l&#8217;autonomie, ce qui en fait un choix id\u00e9al pour les voyages de longue distance et les aventures hors r\u00e9seau\u00a0\u00bb.<\/p>\n<p>Pour recharger la batterie, le constructeur mise sur un syst\u00e8me \u00e9lectrique de 800\u00a0v qui devrait optimiser la recharge avec les bornes rapides, aussi bien qu\u2019avec les installations des grands terrains de camping. Des capteurs solaires fix\u00e9s au toit donneraient aussi un peu plus de latitude pour la recharge, surtout en camping hors r\u00e9seau.<\/p>\n<p>Thor \u00e9voque naturellement que l\u2019utilisateur de ce VR pourrait l\u2019utiliser pour alimenter son domicile au besoin. Il pourrait m\u00eame revendre l\u2019\u00e9lectricit\u00e9 qu\u2019il produit \u00e0 son r\u00e9seau d\u2019alimentation\u00a0!<\/p>\n<p>Soulignons enfin que ce prototype a \u00e9t\u00e9 dot\u00e9 d\u2019une suspension avant ind\u00e9pendante \u00e0 doubles leviers triangul\u00e9s et d\u2019une direction assist\u00e9e \u00e9lectrique, deux solutions techniques adopt\u00e9es pour am\u00e9liorer l\u2019agr\u00e9ment de conduite, affirme le constructeur.<\/p>\n<p><em>Photos : Thor et Harbinger<\/em><\/p>\n<p>Le texte <a rel=\"nofollow\" href=\"https:\/\/annuelauto.ca\/thor-presente-un-vr-hybride-branchable-capable-de-parcourir-800-km\/\">Thor pr\u00e9sente un VR hybride branchable capable de parcourir 800\u00a0km<\/a> provient de <a rel=\"nofollow\" href=\"https:\/\/annuelauto.ca\">L&#8217;annuel de l&#8217;automobile &#8211; Actualit\u00e9 automobile<\/a><\/p>\n<p><\/p>\n","protected":false},"excerpt":{"rendered":"<p>Les acheteurs d\u2019autocaravanes de classe\u00a0A pourront s\u2019offrir un v\u00e9hicule \u00e0 motorisation hybride branchable d\u00e8s 2025. C\u2019est une promesse de la soci\u00e9t\u00e9 \u00e9tatsunienne Thor Industries qui a diffus\u00e9 cette semaine des images d\u2019un v\u00e9hicule du genre, le premier au monde, dit-elle. Mis au point en collaboration avec Harbinger, ce prototype qui a une autonomie d\u2019environ 800\u00a0kilom\u00e8tres [&hellip;]<\/p>\n","protected":false},"author":8,"featured_media":174264,"comment_status":"close","ping_status":"closed","sticky":false,"template":"","format":"standard","meta":{"_monsterinsights_skip_tracking":false,"_monsterinsights_sitenote_active":false,"_monsterinsights_sitenote_note":"","_monsterinsights_sitenote_category":0,"footnotes":""},"categories":[101],"tags":[],"yoast_head":"<!-- This site is optimized with the Yoast SEO plugin v23.2 - https:\/\/yoast.com\/wordpress\/plugins\/seo\/ -->\n<title>Thor pr\u00e9sente un VR hybride branchable capable de parcourir 800\u00a0km - CanadaMotorJobs.com<\/title>\n<meta name=\"description\" content=\"Thor pr\u00e9sente un VR hybride branchable capable de parcourir 800\u00a0km - Benoit Charette - Annuel automobile - CanadaMotorJobs.com.\" \/>\n<meta name=\"robots\" content=\"index, follow, max-snippet:-1, max-image-preview:large, max-video-preview:-1\" \/>\n<meta property=\"og:locale\" content=\"fr_CA\" \/>\n<meta property=\"og:type\" content=\"article\" \/>\n<meta property=\"og:title\" content=\"Thor pr\u00e9sente un VR hybride branchable capable de parcourir 800\u00a0km - CanadaMotorJobs.com\" \/>\n<meta property=\"og:description\" content=\"Thor pr\u00e9sente un VR hybride branchable capable de parcourir 800\u00a0km - Benoit Charette - Annuel automobile - CanadaMotorJobs.com.\" \/>\n<meta property=\"og:url\" content=\"https:\/\/news.canadamotorjobs.com\/fr\/thor-presente-un-vr-hybride-branchable-capable-de-parcourir-800-km\/\" \/>\n<meta property=\"og:site_name\" content=\"CanadaMotorJobs.com\" \/>\n<meta property=\"article:publisher\" content=\"https:\/\/www.facebook.com\/canadamotorjobs\/\" \/>\n<meta property=\"article:published_time\" content=\"2024-09-24T23:59:42+00:00\" \/>\n<meta property=\"article:modified_time\" content=\"2024-09-25T00:14:11+00:00\" \/>\n<meta property=\"og:image\" content=\"https:\/\/news.canadamotorjobs.com\/wp-content\/uploads\/2024\/09\/Thor-VR-hybride-branchable-1.jpg\" \/>\n\t<meta property=\"og:image:width\" content=\"1024\" \/>\n\t<meta property=\"og:image:height\" content=\"683\" \/>\n\t<meta property=\"og:image:type\" content=\"image\/jpeg\" \/>\n<meta name=\"author\" content=\"Benoit Charette\" \/>\n<meta name=\"twitter:card\" content=\"summary_large_image\" \/>\n<meta name=\"twitter:creator\" content=\"@canadamotorjobs\" \/>\n<meta name=\"twitter:site\" content=\"@canadamotorjobs\" \/>\n<meta name=\"twitter:label1\" content=\"\u00c9crit par\" \/>\n\t<meta name=\"twitter:data1\" content=\"Benoit Charette\" \/>\n\t<meta name=\"twitter:label2\" content=\"Estimation du temps de lecture\" \/>\n\t<meta name=\"twitter:data2\" content=\"3 minutes\" \/>\n<!-- \/ Yoast SEO plugin. -->","yoast_head_json":{"title":"Thor pr\u00e9sente un VR hybride branchable capable de parcourir 800\u00a0km - CanadaMotorJobs.com","description":"Thor pr\u00e9sente un VR hybride branchable capable de parcourir 800\u00a0km - Benoit Charette - Annuel automobile - CanadaMotorJobs.com.","robots":{"index":"index","follow":"follow","max-snippet":"max-snippet:-1","max-image-preview":"max-image-preview:large","max-video-preview":"max-video-preview:-1"},"og_locale":"fr_CA","og_type":"article","og_title":"Thor pr\u00e9sente un VR hybride branchable capable de parcourir 800\u00a0km - CanadaMotorJobs.com","og_description":"Thor pr\u00e9sente un VR hybride branchable capable de parcourir 800\u00a0km - Benoit Charette - Annuel automobile - CanadaMotorJobs.com.","og_url":"https:\/\/news.canadamotorjobs.com\/fr\/thor-presente-un-vr-hybride-branchable-capable-de-parcourir-800-km\/","og_site_name":"CanadaMotorJobs.com","article_publisher":"https:\/\/www.facebook.com\/canadamotorjobs\/","article_published_time":"2024-09-24T23:59:42+00:00","article_modified_time":"2024-09-25T00:14:11+00:00","og_image":[{"width":1024,"height":683,"url":"https:\/\/news.canadamotorjobs.com\/wp-content\/uploads\/2024\/09\/Thor-VR-hybride-branchable-1.jpg","type":"image\/jpeg"}],"author":"Benoit Charette","twitter_card":"summary_large_image","twitter_creator":"@canadamotorjobs","twitter_site":"@canadamotorjobs","twitter_misc":{"\u00c9crit par":"Benoit Charette","Estimation du temps de lecture":"3 minutes"},"schema":{"@context":"https:\/\/schema.org","@graph":[{"@type":"Article","@id":"https:\/\/news.canadamotorjobs.com\/fr\/thor-presente-un-vr-hybride-branchable-capable-de-parcourir-800-km\/#article","isPartOf":{"@id":"https:\/\/news.canadamotorjobs.com\/fr\/thor-presente-un-vr-hybride-branchable-capable-de-parcourir-800-km\/"},"author":{"name":"Benoit Charette","@id":"https:\/\/news.canadamotorjobs.com\/#\/schema\/person\/51793d1f87d44011d7bcc2ed99269a90"},"headline":"Thor pr\u00e9sente un VR hybride branchable capable de parcourir 800\u00a0km","datePublished":"2024-09-24T23:59:42+00:00","dateModified":"2024-09-25T00:14:11+00:00","mainEntityOfPage":{"@id":"https:\/\/news.canadamotorjobs.com\/fr\/thor-presente-un-vr-hybride-branchable-capable-de-parcourir-800-km\/"},"wordCount":582,"publisher":{"@id":"https:\/\/news.canadamotorjobs.com\/#organization"},"image":{"@id":"https:\/\/news.canadamotorjobs.com\/fr\/thor-presente-un-vr-hybride-branchable-capable-de-parcourir-800-km\/#primaryimage"},"thumbnailUrl":"https:\/\/news.canadamotorjobs.com\/wp-content\/uploads\/2024\/09\/Thor-VR-hybride-branchable-1.jpg","articleSection":["Annuel automobile"],"inLanguage":"fr-CA"},{"@type":"WebPage","@id":"https:\/\/news.canadamotorjobs.com\/fr\/thor-presente-un-vr-hybride-branchable-capable-de-parcourir-800-km\/","url":"https:\/\/news.canadamotorjobs.com\/fr\/thor-presente-un-vr-hybride-branchable-capable-de-parcourir-800-km\/","name":"Thor pr\u00e9sente un VR hybride branchable capable de parcourir 800\u00a0km - CanadaMotorJobs.com","isPartOf":{"@id":"https:\/\/news.canadamotorjobs.com\/#website"},"primaryImageOfPage":{"@id":"https:\/\/news.canadamotorjobs.com\/fr\/thor-presente-un-vr-hybride-branchable-capable-de-parcourir-800-km\/#primaryimage"},"image":{"@id":"https:\/\/news.canadamotorjobs.com\/fr\/thor-presente-un-vr-hybride-branchable-capable-de-parcourir-800-km\/#primaryimage"},"thumbnailUrl":"https:\/\/news.canadamotorjobs.com\/wp-content\/uploads\/2024\/09\/Thor-VR-hybride-branchable-1.jpg","datePublished":"2024-09-24T23:59:42+00:00","dateModified":"2024-09-25T00:14:11+00:00","description":"Thor pr\u00e9sente un VR hybride branchable capable de parcourir 800\u00a0km - Benoit Charette - Annuel automobile - CanadaMotorJobs.com.","breadcrumb":{"@id":"https:\/\/news.canadamotorjobs.com\/fr\/thor-presente-un-vr-hybride-branchable-capable-de-parcourir-800-km\/#breadcrumb"},"inLanguage":"fr-CA","potentialAction":[{"@type":"ReadAction","target":["https:\/\/news.canadamotorjobs.com\/fr\/thor-presente-un-vr-hybride-branchable-capable-de-parcourir-800-km\/"]}]},{"@type":"ImageObject","inLanguage":"fr-CA","@id":"https:\/\/news.canadamotorjobs.com\/fr\/thor-presente-un-vr-hybride-branchable-capable-de-parcourir-800-km\/#primaryimage","url":"https:\/\/news.canadamotorjobs.com\/wp-content\/uploads\/2024\/09\/Thor-VR-hybride-branchable-1.jpg","contentUrl":"https:\/\/news.canadamotorjobs.com\/wp-content\/uploads\/2024\/09\/Thor-VR-hybride-branchable-1.jpg","width":1024,"height":683},{"@type":"BreadcrumbList","@id":"https:\/\/news.canadamotorjobs.com\/fr\/thor-presente-un-vr-hybride-branchable-capable-de-parcourir-800-km\/#breadcrumb","itemListElement":[{"@type":"ListItem","position":1,"name":"Home","item":"https:\/\/news.canadamotorjobs.com\/fr\/blog\/"},{"@type":"ListItem","position":2,"name":"Thor pr\u00e9sente un VR hybride branchable capable de parcourir 800\u00a0km"}]},{"@type":"WebSite","@id":"https:\/\/news.canadamotorjobs.com\/#website","url":"https:\/\/news.canadamotorjobs.com\/","name":"CanadaMotorJobs.com","description":"Automotive Jobs","publisher":{"@id":"https:\/\/news.canadamotorjobs.com\/#organization"},"potentialAction":[{"@type":"SearchAction","target":{"@type":"EntryPoint","urlTemplate":"https:\/\/news.canadamotorjobs.com\/?s={search_term_string}"},"query-input":"required name=search_term_string"}],"inLanguage":"fr-CA"},{"@type":"Organization","@id":"https:\/\/news.canadamotorjobs.com\/#organization","name":"Canada Motor Jobs","url":"https:\/\/news.canadamotorjobs.com\/","logo":{"@type":"ImageObject","inLanguage":"fr-CA","@id":"https:\/\/news.canadamotorjobs.com\/#\/schema\/logo\/image\/","url":"https:\/\/news.canadamotorjobs.com\/wp-content\/uploads\/2022\/10\/logo-canada-motor-jobs-1.png","contentUrl":"https:\/\/news.canadamotorjobs.com\/wp-content\/uploads\/2022\/10\/logo-canada-motor-jobs-1.png","width":800,"height":400,"caption":"Canada Motor Jobs"},"image":{"@id":"https:\/\/news.canadamotorjobs.com\/#\/schema\/logo\/image\/"},"sameAs":["https:\/\/www.facebook.com\/canadamotorjobs\/","https:\/\/x.com\/canadamotorjobs","https:\/\/www.instagram.com\/canadamotorjobs\/","https:\/\/www.linkedin.com\/company\/canadamotorjobs"]},{"@type":"Person","@id":"https:\/\/news.canadamotorjobs.com\/#\/schema\/person\/51793d1f87d44011d7bcc2ed99269a90","name":"Benoit Charette","image":{"@type":"ImageObject","inLanguage":"fr-CA","@id":"https:\/\/news.canadamotorjobs.com\/#\/schema\/person\/image\/","url":"https:\/\/secure.gravatar.com\/avatar\/45f3d2eebcccd909668d7ce7ea7267b6?s=96&d=mm&r=g","contentUrl":"https:\/\/secure.gravatar.com\/avatar\/45f3d2eebcccd909668d7ce7ea7267b6?s=96&d=mm&r=g","caption":"Benoit Charette"},"description":"Benoit Charette \/ Propri\u00e9taire et r\u00e9dacteur en chef Benoit Charette pratique le journalisme automobile depuis bient\u00f4t 30 ans. Il a fait ses classes au c\u00f4t\u00e9 de Daniel H\u00e9raud et au Carnet de route de 1992 \u00e0 2001. Il est fondateur, copropri\u00e9taire et r\u00e9dacteur en chef de L\u2019Annuel de l\u2019automobile, qu\u2019il publie depuis 2001. Il a anim\u00e9 les \u00e9missions RPM et RPM+ sur V et les L\u00e9gendes de la route sur Historia. \u00c0 la radio depuis 1986, il reprend l\u2019antenne cette ann\u00e9e sur les ondes de Cogeco et participe pour la deuxi\u00e8me ann\u00e9e \u00e0 l\u2019\u00e9mission Passion Auto sur RDS en plus de mettre en ligne le site Web officiel de L\u2019Annuel de l\u2019automobile sur annuelauto.ca.","sameAs":["https:\/\/annuelauto.ca\/"],"url":"https:\/\/news.canadamotorjobs.com\/fr\/author\/benoit-charette\/"}]}},"_links":{"self":[{"href":"https:\/\/news.canadamotorjobs.com\/fr\/wp-json\/wp\/v2\/posts\/174262"}],"collection":[{"href":"https:\/\/news.canadamotorjobs.com\/fr\/wp-json\/wp\/v2\/posts"}],"about":[{"href":"https:\/\/news.canadamotorjobs.com\/fr\/wp-json\/wp\/v2\/types\/post"}],"author":[{"embeddable":true,"href":"https:\/\/news.canadamotorjobs.com\/fr\/wp-json\/wp\/v2\/users\/8"}],"replies":[{"embeddable":true,"href":"https:\/\/news.canadamotorjobs.com\/fr\/wp-json\/wp\/v2\/comments?post=174262"}],"version-history":[{"count":2,"href":"https:\/\/news.canadamotorjobs.com\/fr\/wp-json\/wp\/v2\/posts\/174262\/revisions"}],"predecessor-version":[{"id":174266,"href":"https:\/\/news.canadamotorjobs.com\/fr\/wp-json\/wp\/v2\/posts\/174262\/revisions\/174266"}],"wp:featuredmedia":[{"embeddable":true,"href":"https:\/\/news.canadamotorjobs.com\/fr\/wp-json\/wp\/v2\/media\/174264"}],"wp:attachment":[{"href":"https:\/\/news.canadamotorjobs.com\/fr\/wp-json\/wp\/v2\/media?parent=174262"}],"wp:term":[{"taxonomy":"category","embeddable":true,"href":"https:\/\/news.canadamotorjobs.com\/fr\/wp-json\/wp\/v2\/categories?post=174262"},{"taxonomy":"post_tag","embeddable":true,"href":"https:\/\/news.canadamotorjobs.com\/fr\/wp-json\/wp\/v2\/tags?post=174262"}],"curies":[{"name":"wp","href":"https:\/\/api.w.org\/{rel}","templated":true}]}}