{"id":174226,"date":"2024-09-24T13:31:44","date_gmt":"2024-09-24T17:31:44","guid":{"rendered":"https:\/\/news.canadamotorjobs.com\/?p=174226"},"modified":"2024-09-24T13:48:54","modified_gmt":"2024-09-24T17:48:54","slug":"ram-devoile-son-modele-hd-2025","status":"publish","type":"post","link":"https:\/\/news.canadamotorjobs.com\/fr\/ram-devoile-son-modele-hd-2025\/","title":{"rendered":"Ram d\u00e9voile son mod\u00e8le HD 2025"},"content":{"rendered":"<\/p>\n<p>Ram pr\u00e9pare une mise \u00e0 jour de sa gamme de camionnettes ultras robustes (HD = Heavy Duty) avec une refonte du style avant et l\u2019ajout de technologies modernis\u00e9es.<\/p>\n<p><strong>Une r\u00e9v\u00e9lation en avant-premi\u00e8re<\/strong><\/p>\n<p>Les prototypes de la gamme Ram Heavy Duty 2025 sont maintenant en phase finale de tests, ce qui signifie qu\u2019ils seront bient\u00f4t visibles sur les routes publiques sans aucun camouflage. Cette situation a pouss\u00e9 Ram \u00e0 d\u00e9voiler des images officielles, \u00e9vitant ainsi les photos vol\u00e9es et mal cadr\u00e9es prises \u00e0 pleine vitesse sur l\u2019autoroute. Et il faut avouer que l\u2019argument tient la route.<\/p>\n<p><strong>Style plus inspir\u00e9<\/strong><\/p>\n<p>Les premi\u00e8res images r\u00e9v\u00e8lent que les mod\u00e8les 2500 et 3500 adopteront un nouveau design avant, marqu\u00e9 par une calandre redessin\u00e9e et des unit\u00e9s d\u2019\u00e9clairage s\u00e9par\u00e9es. Le capot sera \u00e9galement dot\u00e9 d\u2019une nouvelle prise d\u2019air, tandis que les r\u00e9troviseurs et les feux recevront quelques mises \u00e0 jour. Bien que les changements soient limit\u00e9s, il semblerait que le troisi\u00e8me feu (celui qui s\u2019active lors du freinage) soit mis \u00e0 jour pour int\u00e9grer de nouvelles cam\u00e9ras ou capteurs.<\/p>\n<p><\/p>\n<figure><img decoding=\"async\" src=\"https:\/\/news.canadamotorjobs.com\/wp-content\/uploads\/2024\/09\/2025_Ram_Rebel_Heavy_Duty_front_three_quarter-5.jpg\" alt=\"Ram HD 2025, trois quarts avant\" \/><figcaption>Ram HD 2025, trois quarts avant | Auto123.com<\/figcaption><\/figure>\n<p><strong>Technologies emprunt\u00e9es au Ram 1500<\/strong><\/p>\n<p>M\u00eame si Ram n\u2019a pas encore partag\u00e9 les sp\u00e9cificit\u00e9s concernant sa gamme Heavy Duty, le chef de la direction, Chris Feuell, a d\u00e9j\u00e0 confirm\u00e9 que les nouveaux mod\u00e8les int\u00e9greront des technologies les plus r\u00e9centes issues du Ram 1500. Cela sugg\u00e8re que le mod\u00e8le pourrait \u00eatre \u00e9quip\u00e9 d\u2019un syst\u00e8me multim\u00e9dia am\u00e9lior\u00e9 sur \u00e9cran de 12 pouces, avec un nouvel \u00e9cran de 14,5 pouces offert en option.<\/p>\n<p>Les camionnettes pourraient \u00e9galement proposer deux espaces pour la recharge sans fil pour appareils cellulaires, ainsi qu\u2019un \u00e9cran de 10,25 pouces r\u00e9serv\u00e9 au passager avant. De plus, il ne serait pas surprenant de voir appara\u00eetre une variante Tungsten, ainsi que l\u2019ajout de l\u2019assistance \u00e0 la conduite mains libres.<\/p>\n<p><strong>Un moteur Diesel am\u00e9lior\u00e9<\/strong><\/p>\n<p>Le mod\u00e8le actuel est dot\u00e9 d\u2019un moteur 6-cylindres en ligne turbodiesel Cummins de 6,7 litres, un bloc offrant 370 chevaux et 850 lb-pi de couple. Une version plus puissante propose 420 chevaux et 1075 lb-pi de couple. Comme le rapporte le site Carscoops, qui reprend cette nouvelle, des rumeurs sugg\u00e8rent que la gamme de moteurs diesel pourrait \u00eatre simplifi\u00e9e pour n\u2019inclure qu\u2019une seule motorisation, associ\u00e9e \u00e0 une nouvelle transmission automatique \u00e0 huit rapports.<\/p>\n<p><\/p>\n<figure><img decoding=\"async\" src=\"https:\/\/news.canadamotorjobs.com\/wp-content\/uploads\/2024\/09\/2025_Ram_Rebel_Heavy_Duty_rear_three_quarter-1.jpg\" alt=\"Ram HD 2025, trois quarts arri\u00e8re\" \/><figcaption>Ram HD 2025, trois quarts arri\u00e8re | Auto123.com<\/figcaption><\/figure>\n<figure><img decoding=\"async\" src=\"https:\/\/news.canadamotorjobs.com\/wp-content\/uploads\/2024\/09\/2025_Ram_Heavy_Duty_and_Chassis_Cab_front-1.jpg\" alt=\"Les camions Ram Heavy Duty 2025\" \/><figcaption>Les camions Ram Heavy Duty 2025 | Auto123.com<\/figcaption><\/figure>\n<p style=\"padding-top: 15px\">Contenu original de <a href=\"https:\/\/www.auto123.com\/fr\/actualites\/ram-2500-3500-hd-2025-images\/71870\/\">auto123<\/a>.<\/p>\n<p>Le texte <a rel=\"nofollow\" href=\"https:\/\/annuelauto.ca\/ram-devoile-son-modele-hd-2025\/\">Ram d\u00e9voile son mod\u00e8le HD 2025<\/a> provient de <a rel=\"nofollow\" href=\"https:\/\/annuelauto.ca\">L&#8217;annuel de l&#8217;automobile &#8211; Actualit\u00e9 automobile<\/a><\/p>\n<p><\/p>\n","protected":false},"excerpt":{"rendered":"<p>Ram pr\u00e9pare une mise \u00e0 jour de sa gamme de camionnettes ultras robustes (HD = Heavy Duty) avec une refonte du style avant et l\u2019ajout de technologies modernis\u00e9es. Une r\u00e9v\u00e9lation en avant-premi\u00e8re Les prototypes de la gamme Ram Heavy Duty 2025 sont maintenant en phase finale de tests, ce qui signifie qu\u2019ils seront bient\u00f4t visibles [&hellip;]<\/p>\n","protected":false},"author":8,"featured_media":174228,"comment_status":"close","ping_status":"closed","sticky":false,"template":"","format":"standard","meta":{"_monsterinsights_skip_tracking":false,"_monsterinsights_sitenote_active":false,"_monsterinsights_sitenote_note":"","_monsterinsights_sitenote_category":0,"footnotes":""},"categories":[101],"tags":[],"yoast_head":"<!-- This site is optimized with the Yoast SEO plugin v23.2 - https:\/\/yoast.com\/wordpress\/plugins\/seo\/ -->\n<title>Ram d\u00e9voile son mod\u00e8le HD 2025 - CanadaMotorJobs.com<\/title>\n<meta name=\"description\" content=\"Ram d\u00e9voile son mod\u00e8le HD 2025 - Benoit Charette - Annuel automobile - CanadaMotorJobs.com.\" \/>\n<meta name=\"robots\" content=\"index, follow, max-snippet:-1, max-image-preview:large, max-video-preview:-1\" \/>\n<meta property=\"og:locale\" content=\"fr_CA\" \/>\n<meta property=\"og:type\" content=\"article\" \/>\n<meta property=\"og:title\" content=\"Ram d\u00e9voile son mod\u00e8le HD 2025 - CanadaMotorJobs.com\" \/>\n<meta property=\"og:description\" content=\"Ram d\u00e9voile son mod\u00e8le HD 2025 - Benoit Charette - Annuel automobile - CanadaMotorJobs.com.\" \/>\n<meta property=\"og:url\" content=\"https:\/\/news.canadamotorjobs.com\/fr\/ram-devoile-son-modele-hd-2025\/\" \/>\n<meta property=\"og:site_name\" content=\"CanadaMotorJobs.com\" \/>\n<meta property=\"article:publisher\" content=\"https:\/\/www.facebook.com\/canadamotorjobs\/\" \/>\n<meta property=\"article:published_time\" content=\"2024-09-24T17:31:44+00:00\" \/>\n<meta property=\"article:modified_time\" content=\"2024-09-24T17:48:54+00:00\" \/>\n<meta property=\"og:image\" content=\"https:\/\/news.canadamotorjobs.com\/wp-content\/uploads\/2024\/09\/2025_Ram_Rebel_Heavy_Duty_front_three_quarter.jpg\" \/>\n\t<meta property=\"og:image:width\" content=\"1200\" \/>\n\t<meta property=\"og:image:height\" content=\"800\" \/>\n\t<meta property=\"og:image:type\" content=\"image\/jpeg\" \/>\n<meta name=\"author\" content=\"Benoit Charette\" \/>\n<meta name=\"twitter:card\" content=\"summary_large_image\" \/>\n<meta name=\"twitter:creator\" content=\"@canadamotorjobs\" \/>\n<meta name=\"twitter:site\" content=\"@canadamotorjobs\" \/>\n<meta name=\"twitter:label1\" content=\"\u00c9crit par\" \/>\n\t<meta name=\"twitter:data1\" content=\"Benoit Charette\" \/>\n\t<meta name=\"twitter:label2\" content=\"Estimation du temps de lecture\" \/>\n\t<meta name=\"twitter:data2\" content=\"2 minutes\" \/>\n<!-- \/ Yoast SEO plugin. -->","yoast_head_json":{"title":"Ram d\u00e9voile son mod\u00e8le HD 2025 - CanadaMotorJobs.com","description":"Ram d\u00e9voile son mod\u00e8le HD 2025 - Benoit Charette - Annuel automobile - CanadaMotorJobs.com.","robots":{"index":"index","follow":"follow","max-snippet":"max-snippet:-1","max-image-preview":"max-image-preview:large","max-video-preview":"max-video-preview:-1"},"og_locale":"fr_CA","og_type":"article","og_title":"Ram d\u00e9voile son mod\u00e8le HD 2025 - CanadaMotorJobs.com","og_description":"Ram d\u00e9voile son mod\u00e8le HD 2025 - Benoit Charette - Annuel automobile - CanadaMotorJobs.com.","og_url":"https:\/\/news.canadamotorjobs.com\/fr\/ram-devoile-son-modele-hd-2025\/","og_site_name":"CanadaMotorJobs.com","article_publisher":"https:\/\/www.facebook.com\/canadamotorjobs\/","article_published_time":"2024-09-24T17:31:44+00:00","article_modified_time":"2024-09-24T17:48:54+00:00","og_image":[{"width":1200,"height":800,"url":"https:\/\/news.canadamotorjobs.com\/wp-content\/uploads\/2024\/09\/2025_Ram_Rebel_Heavy_Duty_front_three_quarter.jpg","type":"image\/jpeg"}],"author":"Benoit Charette","twitter_card":"summary_large_image","twitter_creator":"@canadamotorjobs","twitter_site":"@canadamotorjobs","twitter_misc":{"\u00c9crit par":"Benoit Charette","Estimation du temps de lecture":"2 minutes"},"schema":{"@context":"https:\/\/schema.org","@graph":[{"@type":"Article","@id":"https:\/\/news.canadamotorjobs.com\/fr\/ram-devoile-son-modele-hd-2025\/#article","isPartOf":{"@id":"https:\/\/news.canadamotorjobs.com\/fr\/ram-devoile-son-modele-hd-2025\/"},"author":{"name":"Benoit Charette","@id":"https:\/\/news.canadamotorjobs.com\/#\/schema\/person\/51793d1f87d44011d7bcc2ed99269a90"},"headline":"Ram d\u00e9voile son mod\u00e8le HD 2025","datePublished":"2024-09-24T17:31:44+00:00","dateModified":"2024-09-24T17:48:54+00:00","mainEntityOfPage":{"@id":"https:\/\/news.canadamotorjobs.com\/fr\/ram-devoile-son-modele-hd-2025\/"},"wordCount":456,"publisher":{"@id":"https:\/\/news.canadamotorjobs.com\/#organization"},"image":{"@id":"https:\/\/news.canadamotorjobs.com\/fr\/ram-devoile-son-modele-hd-2025\/#primaryimage"},"thumbnailUrl":"https:\/\/news.canadamotorjobs.com\/wp-content\/uploads\/2024\/09\/2025_Ram_Rebel_Heavy_Duty_front_three_quarter.jpg","articleSection":["Annuel automobile"],"inLanguage":"fr-CA"},{"@type":"WebPage","@id":"https:\/\/news.canadamotorjobs.com\/fr\/ram-devoile-son-modele-hd-2025\/","url":"https:\/\/news.canadamotorjobs.com\/fr\/ram-devoile-son-modele-hd-2025\/","name":"Ram d\u00e9voile son mod\u00e8le HD 2025 - CanadaMotorJobs.com","isPartOf":{"@id":"https:\/\/news.canadamotorjobs.com\/#website"},"primaryImageOfPage":{"@id":"https:\/\/news.canadamotorjobs.com\/fr\/ram-devoile-son-modele-hd-2025\/#primaryimage"},"image":{"@id":"https:\/\/news.canadamotorjobs.com\/fr\/ram-devoile-son-modele-hd-2025\/#primaryimage"},"thumbnailUrl":"https:\/\/news.canadamotorjobs.com\/wp-content\/uploads\/2024\/09\/2025_Ram_Rebel_Heavy_Duty_front_three_quarter.jpg","datePublished":"2024-09-24T17:31:44+00:00","dateModified":"2024-09-24T17:48:54+00:00","description":"Ram d\u00e9voile son mod\u00e8le HD 2025 - Benoit Charette - Annuel automobile - CanadaMotorJobs.com.","breadcrumb":{"@id":"https:\/\/news.canadamotorjobs.com\/fr\/ram-devoile-son-modele-hd-2025\/#breadcrumb"},"inLanguage":"fr-CA","potentialAction":[{"@type":"ReadAction","target":["https:\/\/news.canadamotorjobs.com\/fr\/ram-devoile-son-modele-hd-2025\/"]}]},{"@type":"ImageObject","inLanguage":"fr-CA","@id":"https:\/\/news.canadamotorjobs.com\/fr\/ram-devoile-son-modele-hd-2025\/#primaryimage","url":"https:\/\/news.canadamotorjobs.com\/wp-content\/uploads\/2024\/09\/2025_Ram_Rebel_Heavy_Duty_front_three_quarter.jpg","contentUrl":"https:\/\/news.canadamotorjobs.com\/wp-content\/uploads\/2024\/09\/2025_Ram_Rebel_Heavy_Duty_front_three_quarter.jpg","width":1200,"height":800},{"@type":"BreadcrumbList","@id":"https:\/\/news.canadamotorjobs.com\/fr\/ram-devoile-son-modele-hd-2025\/#breadcrumb","itemListElement":[{"@type":"ListItem","position":1,"name":"Home","item":"https:\/\/news.canadamotorjobs.com\/fr\/blog\/"},{"@type":"ListItem","position":2,"name":"Ram d\u00e9voile son mod\u00e8le HD 2025"}]},{"@type":"WebSite","@id":"https:\/\/news.canadamotorjobs.com\/#website","url":"https:\/\/news.canadamotorjobs.com\/","name":"CanadaMotorJobs.com","description":"Automotive Jobs","publisher":{"@id":"https:\/\/news.canadamotorjobs.com\/#organization"},"potentialAction":[{"@type":"SearchAction","target":{"@type":"EntryPoint","urlTemplate":"https:\/\/news.canadamotorjobs.com\/?s={search_term_string}"},"query-input":"required name=search_term_string"}],"inLanguage":"fr-CA"},{"@type":"Organization","@id":"https:\/\/news.canadamotorjobs.com\/#organization","name":"Canada Motor Jobs","url":"https:\/\/news.canadamotorjobs.com\/","logo":{"@type":"ImageObject","inLanguage":"fr-CA","@id":"https:\/\/news.canadamotorjobs.com\/#\/schema\/logo\/image\/","url":"https:\/\/news.canadamotorjobs.com\/wp-content\/uploads\/2022\/10\/logo-canada-motor-jobs-1.png","contentUrl":"https:\/\/news.canadamotorjobs.com\/wp-content\/uploads\/2022\/10\/logo-canada-motor-jobs-1.png","width":800,"height":400,"caption":"Canada Motor Jobs"},"image":{"@id":"https:\/\/news.canadamotorjobs.com\/#\/schema\/logo\/image\/"},"sameAs":["https:\/\/www.facebook.com\/canadamotorjobs\/","https:\/\/x.com\/canadamotorjobs","https:\/\/www.instagram.com\/canadamotorjobs\/","https:\/\/www.linkedin.com\/company\/canadamotorjobs"]},{"@type":"Person","@id":"https:\/\/news.canadamotorjobs.com\/#\/schema\/person\/51793d1f87d44011d7bcc2ed99269a90","name":"Benoit Charette","image":{"@type":"ImageObject","inLanguage":"fr-CA","@id":"https:\/\/news.canadamotorjobs.com\/#\/schema\/person\/image\/","url":"https:\/\/secure.gravatar.com\/avatar\/45f3d2eebcccd909668d7ce7ea7267b6?s=96&d=mm&r=g","contentUrl":"https:\/\/secure.gravatar.com\/avatar\/45f3d2eebcccd909668d7ce7ea7267b6?s=96&d=mm&r=g","caption":"Benoit Charette"},"description":"Benoit Charette \/ Propri\u00e9taire et r\u00e9dacteur en chef Benoit Charette pratique le journalisme automobile depuis bient\u00f4t 30 ans. Il a fait ses classes au c\u00f4t\u00e9 de Daniel H\u00e9raud et au Carnet de route de 1992 \u00e0 2001. Il est fondateur, copropri\u00e9taire et r\u00e9dacteur en chef de L\u2019Annuel de l\u2019automobile, qu\u2019il publie depuis 2001. Il a anim\u00e9 les \u00e9missions RPM et RPM+ sur V et les L\u00e9gendes de la route sur Historia. \u00c0 la radio depuis 1986, il reprend l\u2019antenne cette ann\u00e9e sur les ondes de Cogeco et participe pour la deuxi\u00e8me ann\u00e9e \u00e0 l\u2019\u00e9mission Passion Auto sur RDS en plus de mettre en ligne le site Web officiel de L\u2019Annuel de l\u2019automobile sur annuelauto.ca.","sameAs":["https:\/\/annuelauto.ca\/"],"url":"https:\/\/news.canadamotorjobs.com\/fr\/author\/benoit-charette\/"}]}},"_links":{"self":[{"href":"https:\/\/news.canadamotorjobs.com\/fr\/wp-json\/wp\/v2\/posts\/174226"}],"collection":[{"href":"https:\/\/news.canadamotorjobs.com\/fr\/wp-json\/wp\/v2\/posts"}],"about":[{"href":"https:\/\/news.canadamotorjobs.com\/fr\/wp-json\/wp\/v2\/types\/post"}],"author":[{"embeddable":true,"href":"https:\/\/news.canadamotorjobs.com\/fr\/wp-json\/wp\/v2\/users\/8"}],"replies":[{"embeddable":true,"href":"https:\/\/news.canadamotorjobs.com\/fr\/wp-json\/wp\/v2\/comments?post=174226"}],"version-history":[{"count":3,"href":"https:\/\/news.canadamotorjobs.com\/fr\/wp-json\/wp\/v2\/posts\/174226\/revisions"}],"predecessor-version":[{"id":174261,"href":"https:\/\/news.canadamotorjobs.com\/fr\/wp-json\/wp\/v2\/posts\/174226\/revisions\/174261"}],"wp:featuredmedia":[{"embeddable":true,"href":"https:\/\/news.canadamotorjobs.com\/fr\/wp-json\/wp\/v2\/media\/174228"}],"wp:attachment":[{"href":"https:\/\/news.canadamotorjobs.com\/fr\/wp-json\/wp\/v2\/media?parent=174226"}],"wp:term":[{"taxonomy":"category","embeddable":true,"href":"https:\/\/news.canadamotorjobs.com\/fr\/wp-json\/wp\/v2\/categories?post=174226"},{"taxonomy":"post_tag","embeddable":true,"href":"https:\/\/news.canadamotorjobs.com\/fr\/wp-json\/wp\/v2\/tags?post=174226"}],"curies":[{"name":"wp","href":"https:\/\/api.w.org\/{rel}","templated":true}]}}