{"id":174166,"date":"2024-09-24T13:31:44","date_gmt":"2024-09-24T17:31:44","guid":{"rendered":"https:\/\/news.canadamotorjobs.com\/?p=174166"},"modified":"2024-09-24T13:48:21","modified_gmt":"2024-09-24T17:48:21","slug":"ineos-grenadier-production-stoppee-jusquen-2025","status":"publish","type":"post","link":"https:\/\/news.canadamotorjobs.com\/fr\/ineos-grenadier-production-stoppee-jusquen-2025\/","title":{"rendered":"Ineos Grenadier : production stopp\u00e9e jusqu\u2019en 2025"},"content":{"rendered":"<\/p>\n<p>Le constructeur anglais Ineos se voit confront\u00e9 \u00e0 une situation f\u00e2cheuse qui le force \u00e0 stopper la production de son VUS Grenadier \u00e0 son usine de Hambach, en France, en raison d\u2019un probl\u00e8me financier v\u00e9cu par un de ses fournisseurs.<\/p>\n<p>La production de camionnettes Grenadier Quartermaster est \u00e9galement \u00e0 l\u2019arr\u00eat, et pourrait le rester jusqu\u2019en 2025.<\/p>\n<p><strong>Probl\u00e8me chez un fournisseur<\/strong><\/p>\n<p>Le probl\u00e8me, c\u2019est que le fournisseur en question fabrique une pi\u00e8ce essentielle, ce qui force la compagnie \u00e0 arr\u00eater la production. Ineos ne mentionne pas le nom du fournisseur ni ne mentionne la nature de la pi\u00e8ce en question. Ce qui est \u00e9vident, c\u2019est qu\u2019elle est suffisamment importante et particuli\u00e8re au point o\u00f9 il n\u2019y a pas de solution de rechange \u00e0 court terme, c\u2019est-\u00e0-dire un autre fournisseur qui pourrait proposer la m\u00eame composante.<\/p>\n<p>Une des possibilit\u00e9s est que le fournisseur en question soit Recaro. Un repr\u00e9sentant d\u2019Ineos a d\u00e9clar\u00e9 \u00e0 Automotive News Europe que le client probl\u00e9matique \u00e9tait \u00ab dans une situation financi\u00e8re difficile \u00bb. Or, on sait que Recaro Automotive s\u2019est d\u00e9clar\u00e9 en situation de faillite \u00e0 la fin du mois de juillet dernier, invoquant \u00ab d\u2019importantes difficult\u00e9s financi\u00e8res dues \u00e0 des augmentations de prix extr\u00eames au cours des derni\u00e8res ann\u00e9es de crise et \u00e0 la perte d\u2019un contrat majeur \u00bb.<\/p>\n<p><\/p>\n<figure><img decoding=\"async\" src=\"https:\/\/news.canadamotorjobs.com\/wp-content\/uploads\/2024\/09\/ineos-grenadier-001-5.jpg\" alt=\"L&#039;Ineos Grenadier\" \/><figcaption>L&#8217;Ineos Grenadier | Auto123.com<\/figcaption><\/figure>\n<p>Recaro pr\u00e9voyait de poursuivre la production de si\u00e8ges et d\u2019honorer les commandes existantes pendant la p\u00e9riode d\u2019insolvabilit\u00e9. On ne sait pas si les choses ont chang\u00e9 entre-temps.<\/p>\n<p>Il pourrait s\u2019agir d\u2019un autre fournisseur \u00e9galement ; il faudra voir.<\/p>\n<p>Le site Motor1, qui rapporte la nouvelle, a re\u00e7u une d\u00e9claration de la part d\u2019Ineos, concernant la production :<\/p>\n<blockquote><p><\/p>\n<p>\u00ab Notre site de production de Hambach a \u00e9t\u00e9 confront\u00e9 \u00e0 une p\u00e9nurie de composants critiques ind\u00e9pendante de notre volont\u00e9, ce qui a entra\u00een\u00e9 une pause dans notre programme de production. Les cha\u00eenes d\u2019approvisionnement de l\u2019industrie automobile sont toujours complexes et difficiles, mais ce probl\u00e8me survient \u00e0 un moment o\u00f9 nous sommes tr\u00e8s occup\u00e9s.<\/p>\n<p>Nous ne n\u00e9gligeons aucun effort pour relancer notre production et r\u00e9pondre \u00e0 la demande aussi rapidement que possible. \u00c0 l\u2019heure actuelle, nous suivons un sc\u00e9nario prudent qui nous permettrait de retrouver une production \u00e0 plein r\u00e9gime au d\u00e9but de l\u2019ann\u00e9e 2025. \u00bb<\/p>\n<p>\n<\/p><\/blockquote>\n<p><strong>Ineos au Canada<\/strong><\/p>\n<p>On se rappellera qu\u2019en d\u00e9cembre dernier, Ineos avait annonc\u00e9 avoir conclu un accord avec deux d\u00e9taillants canadiens (en Ontario et en Colombie-Britannique) pour la vente de ses mod\u00e8les au Canada. Ils rejoignaient 19 d\u00e9taillants d\u00e9j\u00e0 en place aux \u00c9tats-Unis.<\/p>\n<p>On ne peut que souhaiter \u00e0 l\u2019entreprise une solution rapide \u00e0 ce probl\u00e8me qui est hors de son contr\u00f4le.<\/p>\n<p><\/p>\n<p style=\"padding-top: 15px\">Contenu original de <a href=\"https:\/\/www.auto123.com\/fr\/actualites\/ineos-grenadier-production-arret-2025-recaro\/71868\/\">auto123<\/a>.<\/p>\n<p>Le texte <a rel=\"nofollow\" href=\"https:\/\/annuelauto.ca\/ineos-grenadier-production-stoppee-jusquen-2025\/\">Ineos Grenadier : production stopp\u00e9e jusqu\u2019en 2025<\/a> provient de <a rel=\"nofollow\" href=\"https:\/\/annuelauto.ca\">L&#8217;annuel de l&#8217;automobile &#8211; Actualit\u00e9 automobile<\/a><\/p>\n<p><\/p>\n","protected":false},"excerpt":{"rendered":"<p>Le constructeur anglais Ineos se voit confront\u00e9 \u00e0 une situation f\u00e2cheuse qui le force \u00e0 stopper la production de son VUS Grenadier \u00e0 son usine de Hambach, en France, en raison d\u2019un probl\u00e8me financier v\u00e9cu par un de ses fournisseurs. La production de camionnettes Grenadier Quartermaster est \u00e9galement \u00e0 l\u2019arr\u00eat, et pourrait le rester jusqu\u2019en [&hellip;]<\/p>\n","protected":false},"author":8,"featured_media":174168,"comment_status":"close","ping_status":"closed","sticky":false,"template":"","format":"standard","meta":{"_monsterinsights_skip_tracking":false,"_monsterinsights_sitenote_active":false,"_monsterinsights_sitenote_note":"","_monsterinsights_sitenote_category":0,"footnotes":""},"categories":[101],"tags":[],"yoast_head":"<!-- This site is optimized with the Yoast SEO plugin v23.2 - https:\/\/yoast.com\/wordpress\/plugins\/seo\/ -->\n<title>Ineos Grenadier : production stopp\u00e9e jusqu\u2019en 2025 - CanadaMotorJobs.com<\/title>\n<meta name=\"description\" content=\"Ineos Grenadier : production stopp\u00e9e jusqu\u2019en 2025 - Benoit Charette - Annuel automobile - CanadaMotorJobs.com.\" \/>\n<meta name=\"robots\" content=\"index, follow, max-snippet:-1, max-image-preview:large, max-video-preview:-1\" \/>\n<meta property=\"og:locale\" content=\"fr_CA\" \/>\n<meta property=\"og:type\" content=\"article\" \/>\n<meta property=\"og:title\" content=\"Ineos Grenadier : production stopp\u00e9e jusqu\u2019en 2025 - CanadaMotorJobs.com\" \/>\n<meta property=\"og:description\" content=\"Ineos Grenadier : production stopp\u00e9e jusqu\u2019en 2025 - Benoit Charette - Annuel automobile - CanadaMotorJobs.com.\" \/>\n<meta property=\"og:url\" content=\"https:\/\/news.canadamotorjobs.com\/fr\/ineos-grenadier-production-stoppee-jusquen-2025\/\" \/>\n<meta property=\"og:site_name\" content=\"CanadaMotorJobs.com\" \/>\n<meta property=\"article:publisher\" content=\"https:\/\/www.facebook.com\/canadamotorjobs\/\" \/>\n<meta property=\"article:published_time\" content=\"2024-09-24T17:31:44+00:00\" \/>\n<meta property=\"article:modified_time\" content=\"2024-09-24T17:48:21+00:00\" \/>\n<meta property=\"og:image\" content=\"https:\/\/news.canadamotorjobs.com\/wp-content\/uploads\/2024\/09\/ineos-grenadier-001.jpg\" \/>\n\t<meta property=\"og:image:width\" content=\"1200\" \/>\n\t<meta property=\"og:image:height\" content=\"671\" \/>\n\t<meta property=\"og:image:type\" content=\"image\/jpeg\" \/>\n<meta name=\"author\" content=\"Benoit Charette\" \/>\n<meta name=\"twitter:card\" content=\"summary_large_image\" \/>\n<meta name=\"twitter:creator\" content=\"@canadamotorjobs\" \/>\n<meta name=\"twitter:site\" content=\"@canadamotorjobs\" \/>\n<meta name=\"twitter:label1\" content=\"\u00c9crit par\" \/>\n\t<meta name=\"twitter:data1\" content=\"Benoit Charette\" \/>\n\t<meta name=\"twitter:label2\" content=\"Estimation du temps de lecture\" \/>\n\t<meta name=\"twitter:data2\" content=\"2 minutes\" \/>\n<!-- \/ Yoast SEO plugin. -->","yoast_head_json":{"title":"Ineos Grenadier : production stopp\u00e9e jusqu\u2019en 2025 - CanadaMotorJobs.com","description":"Ineos Grenadier : production stopp\u00e9e jusqu\u2019en 2025 - Benoit Charette - Annuel automobile - CanadaMotorJobs.com.","robots":{"index":"index","follow":"follow","max-snippet":"max-snippet:-1","max-image-preview":"max-image-preview:large","max-video-preview":"max-video-preview:-1"},"og_locale":"fr_CA","og_type":"article","og_title":"Ineos Grenadier : production stopp\u00e9e jusqu\u2019en 2025 - CanadaMotorJobs.com","og_description":"Ineos Grenadier : production stopp\u00e9e jusqu\u2019en 2025 - Benoit Charette - Annuel automobile - CanadaMotorJobs.com.","og_url":"https:\/\/news.canadamotorjobs.com\/fr\/ineos-grenadier-production-stoppee-jusquen-2025\/","og_site_name":"CanadaMotorJobs.com","article_publisher":"https:\/\/www.facebook.com\/canadamotorjobs\/","article_published_time":"2024-09-24T17:31:44+00:00","article_modified_time":"2024-09-24T17:48:21+00:00","og_image":[{"width":1200,"height":671,"url":"https:\/\/news.canadamotorjobs.com\/wp-content\/uploads\/2024\/09\/ineos-grenadier-001.jpg","type":"image\/jpeg"}],"author":"Benoit Charette","twitter_card":"summary_large_image","twitter_creator":"@canadamotorjobs","twitter_site":"@canadamotorjobs","twitter_misc":{"\u00c9crit par":"Benoit Charette","Estimation du temps de lecture":"2 minutes"},"schema":{"@context":"https:\/\/schema.org","@graph":[{"@type":"Article","@id":"https:\/\/news.canadamotorjobs.com\/fr\/ineos-grenadier-production-stoppee-jusquen-2025\/#article","isPartOf":{"@id":"https:\/\/news.canadamotorjobs.com\/fr\/ineos-grenadier-production-stoppee-jusquen-2025\/"},"author":{"name":"Benoit Charette","@id":"https:\/\/news.canadamotorjobs.com\/#\/schema\/person\/51793d1f87d44011d7bcc2ed99269a90"},"headline":"Ineos Grenadier : production stopp\u00e9e jusqu\u2019en 2025","datePublished":"2024-09-24T17:31:44+00:00","dateModified":"2024-09-24T17:48:21+00:00","mainEntityOfPage":{"@id":"https:\/\/news.canadamotorjobs.com\/fr\/ineos-grenadier-production-stoppee-jusquen-2025\/"},"wordCount":505,"publisher":{"@id":"https:\/\/news.canadamotorjobs.com\/#organization"},"image":{"@id":"https:\/\/news.canadamotorjobs.com\/fr\/ineos-grenadier-production-stoppee-jusquen-2025\/#primaryimage"},"thumbnailUrl":"https:\/\/news.canadamotorjobs.com\/wp-content\/uploads\/2024\/09\/ineos-grenadier-001.jpg","articleSection":["Annuel automobile"],"inLanguage":"fr-CA"},{"@type":"WebPage","@id":"https:\/\/news.canadamotorjobs.com\/fr\/ineos-grenadier-production-stoppee-jusquen-2025\/","url":"https:\/\/news.canadamotorjobs.com\/fr\/ineos-grenadier-production-stoppee-jusquen-2025\/","name":"Ineos Grenadier : production stopp\u00e9e jusqu\u2019en 2025 - CanadaMotorJobs.com","isPartOf":{"@id":"https:\/\/news.canadamotorjobs.com\/#website"},"primaryImageOfPage":{"@id":"https:\/\/news.canadamotorjobs.com\/fr\/ineos-grenadier-production-stoppee-jusquen-2025\/#primaryimage"},"image":{"@id":"https:\/\/news.canadamotorjobs.com\/fr\/ineos-grenadier-production-stoppee-jusquen-2025\/#primaryimage"},"thumbnailUrl":"https:\/\/news.canadamotorjobs.com\/wp-content\/uploads\/2024\/09\/ineos-grenadier-001.jpg","datePublished":"2024-09-24T17:31:44+00:00","dateModified":"2024-09-24T17:48:21+00:00","description":"Ineos Grenadier : production stopp\u00e9e jusqu\u2019en 2025 - Benoit Charette - Annuel automobile - CanadaMotorJobs.com.","breadcrumb":{"@id":"https:\/\/news.canadamotorjobs.com\/fr\/ineos-grenadier-production-stoppee-jusquen-2025\/#breadcrumb"},"inLanguage":"fr-CA","potentialAction":[{"@type":"ReadAction","target":["https:\/\/news.canadamotorjobs.com\/fr\/ineos-grenadier-production-stoppee-jusquen-2025\/"]}]},{"@type":"ImageObject","inLanguage":"fr-CA","@id":"https:\/\/news.canadamotorjobs.com\/fr\/ineos-grenadier-production-stoppee-jusquen-2025\/#primaryimage","url":"https:\/\/news.canadamotorjobs.com\/wp-content\/uploads\/2024\/09\/ineos-grenadier-001.jpg","contentUrl":"https:\/\/news.canadamotorjobs.com\/wp-content\/uploads\/2024\/09\/ineos-grenadier-001.jpg","width":1200,"height":671},{"@type":"BreadcrumbList","@id":"https:\/\/news.canadamotorjobs.com\/fr\/ineos-grenadier-production-stoppee-jusquen-2025\/#breadcrumb","itemListElement":[{"@type":"ListItem","position":1,"name":"Home","item":"https:\/\/news.canadamotorjobs.com\/fr\/blog\/"},{"@type":"ListItem","position":2,"name":"Ineos Grenadier : production stopp\u00e9e jusqu\u2019en 2025"}]},{"@type":"WebSite","@id":"https:\/\/news.canadamotorjobs.com\/#website","url":"https:\/\/news.canadamotorjobs.com\/","name":"CanadaMotorJobs.com","description":"Automotive Jobs","publisher":{"@id":"https:\/\/news.canadamotorjobs.com\/#organization"},"potentialAction":[{"@type":"SearchAction","target":{"@type":"EntryPoint","urlTemplate":"https:\/\/news.canadamotorjobs.com\/?s={search_term_string}"},"query-input":"required name=search_term_string"}],"inLanguage":"fr-CA"},{"@type":"Organization","@id":"https:\/\/news.canadamotorjobs.com\/#organization","name":"Canada Motor Jobs","url":"https:\/\/news.canadamotorjobs.com\/","logo":{"@type":"ImageObject","inLanguage":"fr-CA","@id":"https:\/\/news.canadamotorjobs.com\/#\/schema\/logo\/image\/","url":"https:\/\/news.canadamotorjobs.com\/wp-content\/uploads\/2022\/10\/logo-canada-motor-jobs-1.png","contentUrl":"https:\/\/news.canadamotorjobs.com\/wp-content\/uploads\/2022\/10\/logo-canada-motor-jobs-1.png","width":800,"height":400,"caption":"Canada Motor Jobs"},"image":{"@id":"https:\/\/news.canadamotorjobs.com\/#\/schema\/logo\/image\/"},"sameAs":["https:\/\/www.facebook.com\/canadamotorjobs\/","https:\/\/x.com\/canadamotorjobs","https:\/\/www.instagram.com\/canadamotorjobs\/","https:\/\/www.linkedin.com\/company\/canadamotorjobs"]},{"@type":"Person","@id":"https:\/\/news.canadamotorjobs.com\/#\/schema\/person\/51793d1f87d44011d7bcc2ed99269a90","name":"Benoit Charette","image":{"@type":"ImageObject","inLanguage":"fr-CA","@id":"https:\/\/news.canadamotorjobs.com\/#\/schema\/person\/image\/","url":"https:\/\/secure.gravatar.com\/avatar\/45f3d2eebcccd909668d7ce7ea7267b6?s=96&d=mm&r=g","contentUrl":"https:\/\/secure.gravatar.com\/avatar\/45f3d2eebcccd909668d7ce7ea7267b6?s=96&d=mm&r=g","caption":"Benoit Charette"},"description":"Benoit Charette \/ Propri\u00e9taire et r\u00e9dacteur en chef Benoit Charette pratique le journalisme automobile depuis bient\u00f4t 30 ans. Il a fait ses classes au c\u00f4t\u00e9 de Daniel H\u00e9raud et au Carnet de route de 1992 \u00e0 2001. Il est fondateur, copropri\u00e9taire et r\u00e9dacteur en chef de L\u2019Annuel de l\u2019automobile, qu\u2019il publie depuis 2001. Il a anim\u00e9 les \u00e9missions RPM et RPM+ sur V et les L\u00e9gendes de la route sur Historia. \u00c0 la radio depuis 1986, il reprend l\u2019antenne cette ann\u00e9e sur les ondes de Cogeco et participe pour la deuxi\u00e8me ann\u00e9e \u00e0 l\u2019\u00e9mission Passion Auto sur RDS en plus de mettre en ligne le site Web officiel de L\u2019Annuel de l\u2019automobile sur annuelauto.ca.","sameAs":["https:\/\/annuelauto.ca\/"],"url":"https:\/\/news.canadamotorjobs.com\/fr\/author\/benoit-charette\/"}]}},"_links":{"self":[{"href":"https:\/\/news.canadamotorjobs.com\/fr\/wp-json\/wp\/v2\/posts\/174166"}],"collection":[{"href":"https:\/\/news.canadamotorjobs.com\/fr\/wp-json\/wp\/v2\/posts"}],"about":[{"href":"https:\/\/news.canadamotorjobs.com\/fr\/wp-json\/wp\/v2\/types\/post"}],"author":[{"embeddable":true,"href":"https:\/\/news.canadamotorjobs.com\/fr\/wp-json\/wp\/v2\/users\/8"}],"replies":[{"embeddable":true,"href":"https:\/\/news.canadamotorjobs.com\/fr\/wp-json\/wp\/v2\/comments?post=174166"}],"version-history":[{"count":3,"href":"https:\/\/news.canadamotorjobs.com\/fr\/wp-json\/wp\/v2\/posts\/174166\/revisions"}],"predecessor-version":[{"id":174193,"href":"https:\/\/news.canadamotorjobs.com\/fr\/wp-json\/wp\/v2\/posts\/174166\/revisions\/174193"}],"wp:featuredmedia":[{"embeddable":true,"href":"https:\/\/news.canadamotorjobs.com\/fr\/wp-json\/wp\/v2\/media\/174168"}],"wp:attachment":[{"href":"https:\/\/news.canadamotorjobs.com\/fr\/wp-json\/wp\/v2\/media?parent=174166"}],"wp:term":[{"taxonomy":"category","embeddable":true,"href":"https:\/\/news.canadamotorjobs.com\/fr\/wp-json\/wp\/v2\/categories?post=174166"},{"taxonomy":"post_tag","embeddable":true,"href":"https:\/\/news.canadamotorjobs.com\/fr\/wp-json\/wp\/v2\/tags?post=174166"}],"curies":[{"name":"wp","href":"https:\/\/api.w.org\/{rel}","templated":true}]}}