{"id":174134,"date":"2024-09-24T13:31:45","date_gmt":"2024-09-24T17:31:45","guid":{"rendered":"https:\/\/news.canadamotorjobs.com\/?p=174134"},"modified":"2024-09-24T13:48:11","modified_gmt":"2024-09-24T17:48:11","slug":"le-nom-corvette-ne-deviendra-pas-une-marque-de-gm","status":"publish","type":"post","link":"https:\/\/news.canadamotorjobs.com\/fr\/le-nom-corvette-ne-deviendra-pas-une-marque-de-gm\/","title":{"rendered":"Le nom Corvette ne deviendra pas une marque de GM"},"content":{"rendered":"<\/p>\n<p>Il y a plusieurs ann\u00e9es, des rumeurs avaient fait surface voulant que GM consid\u00e8re faire du nom Corvette une sous-marque au sein de l\u2019empire de General Motors (GM). Lesdites rumeurs faisaient \u00e9tat de la commercialisation de plusieurs mod\u00e8les diff\u00e9rents portant le nom de Corvette, dont une berline et un VUS, en plus des variantes traditionnelles de la sportive que l\u2019on conna\u00eet bien.<\/p>\n<p>Qu\u2019importe ce qui s\u2019est pass\u00e9 en coulisse depuis ce temps, le projet semble mort et enterr\u00e9. En effet, lors d\u2019un \u00e9pisode de l\u2019\u00e9mission Jay Leno\u2019s Garage consacr\u00e9e \u00e0 la nouvelle Corvette ZR1 de 2025, Mark Reuss, le pr\u00e9sident de GM, a exclu l\u2019id\u00e9e que le nom Corvette devienne une marque \u00e0 part enti\u00e8re.<\/p>\n<p>Le dirigeant confirme que la Corvette va demeurer au sein de la famille Chevrolet, car elle incarne l\u2019essence m\u00eame de la marque, le meilleur des mondes en mati\u00e8re de rapport qualit\u00e9-prix, ici dans le cas d\u2019un mod\u00e8le de haute performance.<\/p>\n<p><\/p>\n<figure><img decoding=\"async\" src=\"https:\/\/news.canadamotorjobs.com\/wp-content\/uploads\/2024\/09\/Chevrolet_Corvette_ZR1_Coupe_with_ZTK_Performance_Package_Rear_Wing-5.jpg\" alt=\"\u00c9cusson Corvette sur la Chevrolet Corvette ZR1 2025\" \/><figcaption>\u00c9cusson Corvette sur la Chevrolet Corvette ZR1 2025 | Auto123.com<\/figcaption><\/figure>\n<p>Quant \u00e0 la Corvette 2025, ses livraisons devraient d\u00e9buter bient\u00f4t, mais la variante ZR1 n\u2019est pas attendue avant l\u2019ann\u00e9e prochaine. Les prix n\u2019ont pas \u00e9t\u00e9 annonc\u00e9s, mais consid\u00e9rant le niveau de performance, il faut s\u2019attendre \u00e0 la voir \u00eatre la plus ch\u00e8re de la gamme. On peut s\u2019attendre \u00e0 des factures entre 170 000 $ et 225 000 $ de ce c\u00f4t\u00e9-ci de la fronti\u00e8re.<\/p>\n<p>Incroyablement, cette variante ZR1 pourrait se voir \u00e9clipser par une autre version de performance. Des mod\u00e8les d\u2019essais ont \u00e9t\u00e9 aper\u00e7us et pourraient bien \u00eatre la d\u00e9clinaison Zora (du nom de l\u2019un des p\u00e8res de la Corvette, Zora Arkus-Duntov), qui combinerait le V8 biturbo de 5,5 litres de la livr\u00e9e ZR1 avec le moteur \u00e9lectrique de la variante hybride E-Ray.<\/p>\n<p>La version ZR1 propose d\u00e9j\u00e0 1064 chevaux. On peine \u00e0 imaginer jusqu\u2019o\u00f9 la folie pourrait aller.<\/p>\n<p><\/p>\n<figure><img decoding=\"async\" src=\"https:\/\/news.canadamotorjobs.com\/wp-content\/uploads\/2024\/09\/Corvette_ZR1_with_ZTK_at_trackk-1.jpg\" alt=\"La Chevrolet Corvette ZR1 2025\" \/><figcaption>La Chevrolet Corvette ZR1 2025 | Auto123.com<\/figcaption><\/figure>\n<p style=\"padding-top: 15px\">Contenu original de <a href=\"https:\/\/www.auto123.com\/fr\/actualites\/chevrolet-corvette-pas-une-marque-gm\/71867\/\">auto123<\/a>.<\/p>\n<p>Le texte <a rel=\"nofollow\" href=\"https:\/\/annuelauto.ca\/le-nom-corvette-ne-deviendra-pas-une-marque-de-gm\/\">Le nom Corvette ne deviendra pas une marque de GM<\/a> provient de <a rel=\"nofollow\" href=\"https:\/\/annuelauto.ca\">L&#8217;annuel de l&#8217;automobile &#8211; Actualit\u00e9 automobile<\/a><\/p>\n<p><\/p>\n","protected":false},"excerpt":{"rendered":"<p>Il y a plusieurs ann\u00e9es, des rumeurs avaient fait surface voulant que GM consid\u00e8re faire du nom Corvette une sous-marque au sein de l\u2019empire de General Motors (GM). Lesdites rumeurs faisaient \u00e9tat de la commercialisation de plusieurs mod\u00e8les diff\u00e9rents portant le nom de Corvette, dont une berline et un VUS, en plus des variantes traditionnelles [&hellip;]<\/p>\n","protected":false},"author":8,"featured_media":174136,"comment_status":"close","ping_status":"closed","sticky":false,"template":"","format":"standard","meta":{"_monsterinsights_skip_tracking":false,"_monsterinsights_sitenote_active":false,"_monsterinsights_sitenote_note":"","_monsterinsights_sitenote_category":0,"footnotes":""},"categories":[101],"tags":[],"yoast_head":"<!-- This site is optimized with the Yoast SEO plugin v23.2 - https:\/\/yoast.com\/wordpress\/plugins\/seo\/ -->\n<title>Le nom Corvette ne deviendra pas une marque de GM - CanadaMotorJobs.com<\/title>\n<meta name=\"description\" content=\"Le nom Corvette ne deviendra pas une marque de GM - Benoit Charette - Annuel automobile - CanadaMotorJobs.com.\" \/>\n<meta name=\"robots\" content=\"index, follow, max-snippet:-1, max-image-preview:large, max-video-preview:-1\" \/>\n<meta property=\"og:locale\" content=\"fr_CA\" \/>\n<meta property=\"og:type\" content=\"article\" \/>\n<meta property=\"og:title\" content=\"Le nom Corvette ne deviendra pas une marque de GM - CanadaMotorJobs.com\" \/>\n<meta property=\"og:description\" content=\"Le nom Corvette ne deviendra pas une marque de GM - Benoit Charette - Annuel automobile - CanadaMotorJobs.com.\" \/>\n<meta property=\"og:url\" content=\"https:\/\/news.canadamotorjobs.com\/fr\/le-nom-corvette-ne-deviendra-pas-une-marque-de-gm\/\" \/>\n<meta property=\"og:site_name\" content=\"CanadaMotorJobs.com\" \/>\n<meta property=\"article:publisher\" content=\"https:\/\/www.facebook.com\/canadamotorjobs\/\" \/>\n<meta property=\"article:published_time\" content=\"2024-09-24T17:31:45+00:00\" \/>\n<meta property=\"article:modified_time\" content=\"2024-09-24T17:48:11+00:00\" \/>\n<meta property=\"og:image\" content=\"https:\/\/news.canadamotorjobs.com\/wp-content\/uploads\/2024\/09\/Chevrolet_Corvette_ZR1_Coupe_with_ZTK_Performance_Package_Rear_Wing.jpg\" \/>\n\t<meta property=\"og:image:width\" content=\"1200\" \/>\n\t<meta property=\"og:image:height\" content=\"800\" \/>\n\t<meta property=\"og:image:type\" content=\"image\/jpeg\" \/>\n<meta name=\"author\" content=\"Benoit Charette\" \/>\n<meta name=\"twitter:card\" content=\"summary_large_image\" \/>\n<meta name=\"twitter:creator\" content=\"@canadamotorjobs\" \/>\n<meta name=\"twitter:site\" content=\"@canadamotorjobs\" \/>\n<meta name=\"twitter:label1\" content=\"\u00c9crit par\" \/>\n\t<meta name=\"twitter:data1\" content=\"Benoit Charette\" \/>\n\t<meta name=\"twitter:label2\" content=\"Estimation du temps de lecture\" \/>\n\t<meta name=\"twitter:data2\" content=\"2 minutes\" \/>\n<!-- \/ Yoast SEO plugin. -->","yoast_head_json":{"title":"Le nom Corvette ne deviendra pas une marque de GM - CanadaMotorJobs.com","description":"Le nom Corvette ne deviendra pas une marque de GM - Benoit Charette - Annuel automobile - CanadaMotorJobs.com.","robots":{"index":"index","follow":"follow","max-snippet":"max-snippet:-1","max-image-preview":"max-image-preview:large","max-video-preview":"max-video-preview:-1"},"og_locale":"fr_CA","og_type":"article","og_title":"Le nom Corvette ne deviendra pas une marque de GM - CanadaMotorJobs.com","og_description":"Le nom Corvette ne deviendra pas une marque de GM - Benoit Charette - Annuel automobile - CanadaMotorJobs.com.","og_url":"https:\/\/news.canadamotorjobs.com\/fr\/le-nom-corvette-ne-deviendra-pas-une-marque-de-gm\/","og_site_name":"CanadaMotorJobs.com","article_publisher":"https:\/\/www.facebook.com\/canadamotorjobs\/","article_published_time":"2024-09-24T17:31:45+00:00","article_modified_time":"2024-09-24T17:48:11+00:00","og_image":[{"width":1200,"height":800,"url":"https:\/\/news.canadamotorjobs.com\/wp-content\/uploads\/2024\/09\/Chevrolet_Corvette_ZR1_Coupe_with_ZTK_Performance_Package_Rear_Wing.jpg","type":"image\/jpeg"}],"author":"Benoit Charette","twitter_card":"summary_large_image","twitter_creator":"@canadamotorjobs","twitter_site":"@canadamotorjobs","twitter_misc":{"\u00c9crit par":"Benoit Charette","Estimation du temps de lecture":"2 minutes"},"schema":{"@context":"https:\/\/schema.org","@graph":[{"@type":"Article","@id":"https:\/\/news.canadamotorjobs.com\/fr\/le-nom-corvette-ne-deviendra-pas-une-marque-de-gm\/#article","isPartOf":{"@id":"https:\/\/news.canadamotorjobs.com\/fr\/le-nom-corvette-ne-deviendra-pas-une-marque-de-gm\/"},"author":{"name":"Benoit Charette","@id":"https:\/\/news.canadamotorjobs.com\/#\/schema\/person\/51793d1f87d44011d7bcc2ed99269a90"},"headline":"Le nom Corvette ne deviendra pas une marque de GM","datePublished":"2024-09-24T17:31:45+00:00","dateModified":"2024-09-24T17:48:11+00:00","mainEntityOfPage":{"@id":"https:\/\/news.canadamotorjobs.com\/fr\/le-nom-corvette-ne-deviendra-pas-une-marque-de-gm\/"},"wordCount":376,"publisher":{"@id":"https:\/\/news.canadamotorjobs.com\/#organization"},"image":{"@id":"https:\/\/news.canadamotorjobs.com\/fr\/le-nom-corvette-ne-deviendra-pas-une-marque-de-gm\/#primaryimage"},"thumbnailUrl":"https:\/\/news.canadamotorjobs.com\/wp-content\/uploads\/2024\/09\/Chevrolet_Corvette_ZR1_Coupe_with_ZTK_Performance_Package_Rear_Wing.jpg","articleSection":["Annuel automobile"],"inLanguage":"fr-CA"},{"@type":"WebPage","@id":"https:\/\/news.canadamotorjobs.com\/fr\/le-nom-corvette-ne-deviendra-pas-une-marque-de-gm\/","url":"https:\/\/news.canadamotorjobs.com\/fr\/le-nom-corvette-ne-deviendra-pas-une-marque-de-gm\/","name":"Le nom Corvette ne deviendra pas une marque de GM - CanadaMotorJobs.com","isPartOf":{"@id":"https:\/\/news.canadamotorjobs.com\/#website"},"primaryImageOfPage":{"@id":"https:\/\/news.canadamotorjobs.com\/fr\/le-nom-corvette-ne-deviendra-pas-une-marque-de-gm\/#primaryimage"},"image":{"@id":"https:\/\/news.canadamotorjobs.com\/fr\/le-nom-corvette-ne-deviendra-pas-une-marque-de-gm\/#primaryimage"},"thumbnailUrl":"https:\/\/news.canadamotorjobs.com\/wp-content\/uploads\/2024\/09\/Chevrolet_Corvette_ZR1_Coupe_with_ZTK_Performance_Package_Rear_Wing.jpg","datePublished":"2024-09-24T17:31:45+00:00","dateModified":"2024-09-24T17:48:11+00:00","description":"Le nom Corvette ne deviendra pas une marque de GM - Benoit Charette - Annuel automobile - CanadaMotorJobs.com.","breadcrumb":{"@id":"https:\/\/news.canadamotorjobs.com\/fr\/le-nom-corvette-ne-deviendra-pas-une-marque-de-gm\/#breadcrumb"},"inLanguage":"fr-CA","potentialAction":[{"@type":"ReadAction","target":["https:\/\/news.canadamotorjobs.com\/fr\/le-nom-corvette-ne-deviendra-pas-une-marque-de-gm\/"]}]},{"@type":"ImageObject","inLanguage":"fr-CA","@id":"https:\/\/news.canadamotorjobs.com\/fr\/le-nom-corvette-ne-deviendra-pas-une-marque-de-gm\/#primaryimage","url":"https:\/\/news.canadamotorjobs.com\/wp-content\/uploads\/2024\/09\/Chevrolet_Corvette_ZR1_Coupe_with_ZTK_Performance_Package_Rear_Wing.jpg","contentUrl":"https:\/\/news.canadamotorjobs.com\/wp-content\/uploads\/2024\/09\/Chevrolet_Corvette_ZR1_Coupe_with_ZTK_Performance_Package_Rear_Wing.jpg","width":1200,"height":800},{"@type":"BreadcrumbList","@id":"https:\/\/news.canadamotorjobs.com\/fr\/le-nom-corvette-ne-deviendra-pas-une-marque-de-gm\/#breadcrumb","itemListElement":[{"@type":"ListItem","position":1,"name":"Home","item":"https:\/\/news.canadamotorjobs.com\/fr\/blog\/"},{"@type":"ListItem","position":2,"name":"Le nom Corvette ne deviendra pas une marque de GM"}]},{"@type":"WebSite","@id":"https:\/\/news.canadamotorjobs.com\/#website","url":"https:\/\/news.canadamotorjobs.com\/","name":"CanadaMotorJobs.com","description":"Automotive Jobs","publisher":{"@id":"https:\/\/news.canadamotorjobs.com\/#organization"},"potentialAction":[{"@type":"SearchAction","target":{"@type":"EntryPoint","urlTemplate":"https:\/\/news.canadamotorjobs.com\/?s={search_term_string}"},"query-input":"required name=search_term_string"}],"inLanguage":"fr-CA"},{"@type":"Organization","@id":"https:\/\/news.canadamotorjobs.com\/#organization","name":"Canada Motor Jobs","url":"https:\/\/news.canadamotorjobs.com\/","logo":{"@type":"ImageObject","inLanguage":"fr-CA","@id":"https:\/\/news.canadamotorjobs.com\/#\/schema\/logo\/image\/","url":"https:\/\/news.canadamotorjobs.com\/wp-content\/uploads\/2022\/10\/logo-canada-motor-jobs-1.png","contentUrl":"https:\/\/news.canadamotorjobs.com\/wp-content\/uploads\/2022\/10\/logo-canada-motor-jobs-1.png","width":800,"height":400,"caption":"Canada Motor Jobs"},"image":{"@id":"https:\/\/news.canadamotorjobs.com\/#\/schema\/logo\/image\/"},"sameAs":["https:\/\/www.facebook.com\/canadamotorjobs\/","https:\/\/x.com\/canadamotorjobs","https:\/\/www.instagram.com\/canadamotorjobs\/","https:\/\/www.linkedin.com\/company\/canadamotorjobs"]},{"@type":"Person","@id":"https:\/\/news.canadamotorjobs.com\/#\/schema\/person\/51793d1f87d44011d7bcc2ed99269a90","name":"Benoit Charette","image":{"@type":"ImageObject","inLanguage":"fr-CA","@id":"https:\/\/news.canadamotorjobs.com\/#\/schema\/person\/image\/","url":"https:\/\/secure.gravatar.com\/avatar\/45f3d2eebcccd909668d7ce7ea7267b6?s=96&d=mm&r=g","contentUrl":"https:\/\/secure.gravatar.com\/avatar\/45f3d2eebcccd909668d7ce7ea7267b6?s=96&d=mm&r=g","caption":"Benoit Charette"},"description":"Benoit Charette \/ Propri\u00e9taire et r\u00e9dacteur en chef Benoit Charette pratique le journalisme automobile depuis bient\u00f4t 30 ans. Il a fait ses classes au c\u00f4t\u00e9 de Daniel H\u00e9raud et au Carnet de route de 1992 \u00e0 2001. Il est fondateur, copropri\u00e9taire et r\u00e9dacteur en chef de L\u2019Annuel de l\u2019automobile, qu\u2019il publie depuis 2001. Il a anim\u00e9 les \u00e9missions RPM et RPM+ sur V et les L\u00e9gendes de la route sur Historia. \u00c0 la radio depuis 1986, il reprend l\u2019antenne cette ann\u00e9e sur les ondes de Cogeco et participe pour la deuxi\u00e8me ann\u00e9e \u00e0 l\u2019\u00e9mission Passion Auto sur RDS en plus de mettre en ligne le site Web officiel de L\u2019Annuel de l\u2019automobile sur annuelauto.ca.","sameAs":["https:\/\/annuelauto.ca\/"],"url":"https:\/\/news.canadamotorjobs.com\/fr\/author\/benoit-charette\/"}]}},"_links":{"self":[{"href":"https:\/\/news.canadamotorjobs.com\/fr\/wp-json\/wp\/v2\/posts\/174134"}],"collection":[{"href":"https:\/\/news.canadamotorjobs.com\/fr\/wp-json\/wp\/v2\/posts"}],"about":[{"href":"https:\/\/news.canadamotorjobs.com\/fr\/wp-json\/wp\/v2\/types\/post"}],"author":[{"embeddable":true,"href":"https:\/\/news.canadamotorjobs.com\/fr\/wp-json\/wp\/v2\/users\/8"}],"replies":[{"embeddable":true,"href":"https:\/\/news.canadamotorjobs.com\/fr\/wp-json\/wp\/v2\/comments?post=174134"}],"version-history":[{"count":3,"href":"https:\/\/news.canadamotorjobs.com\/fr\/wp-json\/wp\/v2\/posts\/174134\/revisions"}],"predecessor-version":[{"id":174165,"href":"https:\/\/news.canadamotorjobs.com\/fr\/wp-json\/wp\/v2\/posts\/174134\/revisions\/174165"}],"wp:featuredmedia":[{"embeddable":true,"href":"https:\/\/news.canadamotorjobs.com\/fr\/wp-json\/wp\/v2\/media\/174136"}],"wp:attachment":[{"href":"https:\/\/news.canadamotorjobs.com\/fr\/wp-json\/wp\/v2\/media?parent=174134"}],"wp:term":[{"taxonomy":"category","embeddable":true,"href":"https:\/\/news.canadamotorjobs.com\/fr\/wp-json\/wp\/v2\/categories?post=174134"},{"taxonomy":"post_tag","embeddable":true,"href":"https:\/\/news.canadamotorjobs.com\/fr\/wp-json\/wp\/v2\/tags?post=174134"}],"curies":[{"name":"wp","href":"https:\/\/api.w.org\/{rel}","templated":true}]}}