{"id":173774,"date":"2024-09-24T13:31:48","date_gmt":"2024-09-24T17:31:48","guid":{"rendered":"https:\/\/news.canadamotorjobs.com\/?p=173774"},"modified":"2024-09-24T13:45:20","modified_gmt":"2024-09-24T17:45:20","slug":"ford-rappelle-144-000-maverick-pour-un-probleme-de-camera","status":"publish","type":"post","link":"https:\/\/news.canadamotorjobs.com\/fr\/ford-rappelle-144-000-maverick-pour-un-probleme-de-camera\/","title":{"rendered":"Ford rappelle 144\u2009000 Maverick pour un probl\u00e8me de cam\u00e9ra"},"content":{"rendered":"<\/p>\n<p>Ford doit proc\u00e9der au rappel d\u2019environ 144 000 exemplaires de sa camionnette compacte Maverick, car l\u2019image de la cam\u00e9ra de recul peut se figer lorsque le v\u00e9hicule effectue une man\u0153uvre en marche arri\u00e8re.<\/p>\n<p>Or, nonobstant les risques plus \u00e9lev\u00e9s que cela entra\u00eene en relation avec la s\u00e9curit\u00e9, un v\u00e9hicule r\u00e9cent doit avoir une cam\u00e9ra arri\u00e8re fonctionnelle pour \u00eatre conforme \u00e0 la r\u00e9glementation.<\/p>\n<p>Le rappel concerne les mod\u00e8les des ann\u00e9es 2022 \u00e0 2024 et, selon le Safety Recall Report, les camionnettes susceptibles de pr\u00e9senter ce d\u00e9faut sont toutes \u00e9quip\u00e9es du syst\u00e8me Connected Touch Radio de Ford, plut\u00f4t que du syst\u00e8me Sync3 qui \u00e9quipe les versions plus cossues du mod\u00e8le.<\/p>\n<p><\/p>\n<figure><img decoding=\"async\" src=\"https:\/\/news.canadamotorjobs.com\/wp-content\/uploads\/2024\/09\/ford-maverick-habitacle-002-5.jpg\" alt=\"\u00c9cran dans le Ford Maverick 2022\" \/><figcaption>\u00c9cran dans le Ford Maverick 2022 | Auto123.com<\/figcaption><\/figure>\n<p>Le syst\u00e8me Connected Touch Radio propose essentiellement les m\u00eames fonctionnalit\u00e9s (certaines sont moins sophistiqu\u00e9es, comme la reconnaissance vocale) que le syst\u00e8me Sync3. Voil\u00e0 pourquoi, dans les documents de Ford concernant le mod\u00e8le, on fait parfois r\u00e9f\u00e9rence \u00e0 un syst\u00e8me multim\u00e9dia sur \u00e9cran de huit pouces, plut\u00f4t qu\u2019au syst\u00e8me Syn3.<\/p>\n<p>Lorsque la compagnie a pris connaissance du probl\u00e8me potentiel en juin 2024, elle a effectu\u00e9 des tests de r\u00e9sistance sur le syst\u00e8me qui ont mis en \u00e9vidence une fuite de m\u00e9moire dans le logiciel, fuite pouvant entra\u00eener le gel de l\u2019image affich\u00e9e par la cam\u00e9ra de recul, provoquant du coup une d\u00e9faillance pour le traitement de l\u2019image.<\/p>\n<p>Le constructeur a \u00e9galement d\u00e9couvert quatre autres vuln\u00e9rabilit\u00e9s susceptibles d\u2019emp\u00eacher l\u2019affichage de l\u2019image ou de retarder son apparition.<\/p>\n<p>Les v\u00e9hicules \u00e9quip\u00e9s du logiciel d\u00e9fectueux ont \u00e9t\u00e9 produits entre le 3 f\u00e9vrier 2021 et le 28 novembre 2023. Il n\u2019a pas \u00e9t\u00e9 possible de reproduire le probl\u00e8me sur des versions plus r\u00e9centes du logiciel actuellement utilis\u00e9 par la compagnie. Ford d\u00e9clare avoir connaissance de quatre r\u00e9clamations de garantie et de 22 plaintes. Deux accidents ont \u00e9t\u00e9 signal\u00e9s. Aucun cas de blessure n\u2019a \u00e9t\u00e9 li\u00e9 \u00e0 ce probl\u00e8me.<\/p>\n<p>Le constructeur corrigera le probl\u00e8me gr\u00e2ce \u00e0 une mise \u00e0 jour logicielle que les propri\u00e9taires devront faire installer chez le concessionnaire. Les informations seront envoy\u00e9es aux premiers \u00e0 partir du 30 septembre prochain.<\/p>\n<p><\/p>\n<p style=\"padding-top: 15px\">Contenu original de <a href=\"https:\/\/www.auto123.com\/fr\/actualites\/ford-maverick-rappel-camera-recul\/71862\/\">auto123<\/a>.<\/p>\n<p>Le texte <a rel=\"nofollow\" href=\"https:\/\/annuelauto.ca\/ford-rappelle-144%e2%80%89000-maverick-pour-un-probleme-de-camera\/\">Ford rappelle 144\u2009000 Maverick pour un probl\u00e8me de cam\u00e9ra<\/a> provient de <a rel=\"nofollow\" href=\"https:\/\/annuelauto.ca\">L&#8217;annuel de l&#8217;automobile &#8211; Actualit\u00e9 automobile<\/a><\/p>\n<p><\/p>\n","protected":false},"excerpt":{"rendered":"<p>Ford doit proc\u00e9der au rappel d\u2019environ 144 000 exemplaires de sa camionnette compacte Maverick, car l\u2019image de la cam\u00e9ra de recul peut se figer lorsque le v\u00e9hicule effectue une man\u0153uvre en marche arri\u00e8re. Or, nonobstant les risques plus \u00e9lev\u00e9s que cela entra\u00eene en relation avec la s\u00e9curit\u00e9, un v\u00e9hicule r\u00e9cent doit avoir une cam\u00e9ra arri\u00e8re [&hellip;]<\/p>\n","protected":false},"author":8,"featured_media":173776,"comment_status":"close","ping_status":"closed","sticky":false,"template":"","format":"standard","meta":{"_monsterinsights_skip_tracking":false,"_monsterinsights_sitenote_active":false,"_monsterinsights_sitenote_note":"","_monsterinsights_sitenote_category":0,"footnotes":""},"categories":[101],"tags":[],"yoast_head":"<!-- This site is optimized with the Yoast SEO plugin v23.2 - https:\/\/yoast.com\/wordpress\/plugins\/seo\/ -->\n<title>Ford rappelle 144\u2009000 Maverick pour un probl\u00e8me de cam\u00e9ra - CanadaMotorJobs.com<\/title>\n<meta name=\"description\" content=\"Ford rappelle 144\u2009000 Maverick pour un probl\u00e8me de cam\u00e9ra - Benoit Charette - Annuel automobile - CanadaMotorJobs.com.\" \/>\n<meta name=\"robots\" content=\"index, follow, max-snippet:-1, max-image-preview:large, max-video-preview:-1\" \/>\n<meta property=\"og:locale\" content=\"fr_CA\" \/>\n<meta property=\"og:type\" content=\"article\" \/>\n<meta property=\"og:title\" content=\"Ford rappelle 144\u2009000 Maverick pour un probl\u00e8me de cam\u00e9ra - CanadaMotorJobs.com\" \/>\n<meta property=\"og:description\" content=\"Ford rappelle 144\u2009000 Maverick pour un probl\u00e8me de cam\u00e9ra - Benoit Charette - Annuel automobile - CanadaMotorJobs.com.\" \/>\n<meta property=\"og:url\" content=\"https:\/\/news.canadamotorjobs.com\/fr\/ford-rappelle-144-000-maverick-pour-un-probleme-de-camera\/\" \/>\n<meta property=\"og:site_name\" content=\"CanadaMotorJobs.com\" \/>\n<meta property=\"article:publisher\" content=\"https:\/\/www.facebook.com\/canadamotorjobs\/\" \/>\n<meta property=\"article:published_time\" content=\"2024-09-24T17:31:48+00:00\" \/>\n<meta property=\"article:modified_time\" content=\"2024-09-24T17:45:20+00:00\" \/>\n<meta property=\"og:image\" content=\"https:\/\/news.canadamotorjobs.com\/wp-content\/uploads\/2024\/09\/ford-maverick-habitacle-002.jpg\" \/>\n\t<meta property=\"og:image:width\" content=\"1200\" \/>\n\t<meta property=\"og:image:height\" content=\"800\" \/>\n\t<meta property=\"og:image:type\" content=\"image\/jpeg\" \/>\n<meta name=\"author\" content=\"Benoit Charette\" \/>\n<meta name=\"twitter:card\" content=\"summary_large_image\" \/>\n<meta name=\"twitter:creator\" content=\"@canadamotorjobs\" \/>\n<meta name=\"twitter:site\" content=\"@canadamotorjobs\" \/>\n<meta name=\"twitter:label1\" content=\"\u00c9crit par\" \/>\n\t<meta name=\"twitter:data1\" content=\"Benoit Charette\" \/>\n\t<meta name=\"twitter:label2\" content=\"Estimation du temps de lecture\" \/>\n\t<meta name=\"twitter:data2\" content=\"2 minutes\" \/>\n<!-- \/ Yoast SEO plugin. -->","yoast_head_json":{"title":"Ford rappelle 144\u2009000 Maverick pour un probl\u00e8me de cam\u00e9ra - CanadaMotorJobs.com","description":"Ford rappelle 144\u2009000 Maverick pour un probl\u00e8me de cam\u00e9ra - Benoit Charette - Annuel automobile - CanadaMotorJobs.com.","robots":{"index":"index","follow":"follow","max-snippet":"max-snippet:-1","max-image-preview":"max-image-preview:large","max-video-preview":"max-video-preview:-1"},"og_locale":"fr_CA","og_type":"article","og_title":"Ford rappelle 144\u2009000 Maverick pour un probl\u00e8me de cam\u00e9ra - CanadaMotorJobs.com","og_description":"Ford rappelle 144\u2009000 Maverick pour un probl\u00e8me de cam\u00e9ra - Benoit Charette - Annuel automobile - CanadaMotorJobs.com.","og_url":"https:\/\/news.canadamotorjobs.com\/fr\/ford-rappelle-144-000-maverick-pour-un-probleme-de-camera\/","og_site_name":"CanadaMotorJobs.com","article_publisher":"https:\/\/www.facebook.com\/canadamotorjobs\/","article_published_time":"2024-09-24T17:31:48+00:00","article_modified_time":"2024-09-24T17:45:20+00:00","og_image":[{"width":1200,"height":800,"url":"https:\/\/news.canadamotorjobs.com\/wp-content\/uploads\/2024\/09\/ford-maverick-habitacle-002.jpg","type":"image\/jpeg"}],"author":"Benoit Charette","twitter_card":"summary_large_image","twitter_creator":"@canadamotorjobs","twitter_site":"@canadamotorjobs","twitter_misc":{"\u00c9crit par":"Benoit Charette","Estimation du temps de lecture":"2 minutes"},"schema":{"@context":"https:\/\/schema.org","@graph":[{"@type":"Article","@id":"https:\/\/news.canadamotorjobs.com\/fr\/ford-rappelle-144-000-maverick-pour-un-probleme-de-camera\/#article","isPartOf":{"@id":"https:\/\/news.canadamotorjobs.com\/fr\/ford-rappelle-144-000-maverick-pour-un-probleme-de-camera\/"},"author":{"name":"Benoit Charette","@id":"https:\/\/news.canadamotorjobs.com\/#\/schema\/person\/51793d1f87d44011d7bcc2ed99269a90"},"headline":"Ford rappelle 144\u2009000 Maverick pour un probl\u00e8me de cam\u00e9ra","datePublished":"2024-09-24T17:31:48+00:00","dateModified":"2024-09-24T17:45:20+00:00","mainEntityOfPage":{"@id":"https:\/\/news.canadamotorjobs.com\/fr\/ford-rappelle-144-000-maverick-pour-un-probleme-de-camera\/"},"wordCount":428,"publisher":{"@id":"https:\/\/news.canadamotorjobs.com\/#organization"},"image":{"@id":"https:\/\/news.canadamotorjobs.com\/fr\/ford-rappelle-144-000-maverick-pour-un-probleme-de-camera\/#primaryimage"},"thumbnailUrl":"https:\/\/news.canadamotorjobs.com\/wp-content\/uploads\/2024\/09\/ford-maverick-habitacle-002.jpg","articleSection":["Annuel automobile"],"inLanguage":"fr-CA"},{"@type":"WebPage","@id":"https:\/\/news.canadamotorjobs.com\/fr\/ford-rappelle-144-000-maverick-pour-un-probleme-de-camera\/","url":"https:\/\/news.canadamotorjobs.com\/fr\/ford-rappelle-144-000-maverick-pour-un-probleme-de-camera\/","name":"Ford rappelle 144\u2009000 Maverick pour un probl\u00e8me de cam\u00e9ra - CanadaMotorJobs.com","isPartOf":{"@id":"https:\/\/news.canadamotorjobs.com\/#website"},"primaryImageOfPage":{"@id":"https:\/\/news.canadamotorjobs.com\/fr\/ford-rappelle-144-000-maverick-pour-un-probleme-de-camera\/#primaryimage"},"image":{"@id":"https:\/\/news.canadamotorjobs.com\/fr\/ford-rappelle-144-000-maverick-pour-un-probleme-de-camera\/#primaryimage"},"thumbnailUrl":"https:\/\/news.canadamotorjobs.com\/wp-content\/uploads\/2024\/09\/ford-maverick-habitacle-002.jpg","datePublished":"2024-09-24T17:31:48+00:00","dateModified":"2024-09-24T17:45:20+00:00","description":"Ford rappelle 144\u2009000 Maverick pour un probl\u00e8me de cam\u00e9ra - Benoit Charette - Annuel automobile - CanadaMotorJobs.com.","breadcrumb":{"@id":"https:\/\/news.canadamotorjobs.com\/fr\/ford-rappelle-144-000-maverick-pour-un-probleme-de-camera\/#breadcrumb"},"inLanguage":"fr-CA","potentialAction":[{"@type":"ReadAction","target":["https:\/\/news.canadamotorjobs.com\/fr\/ford-rappelle-144-000-maverick-pour-un-probleme-de-camera\/"]}]},{"@type":"ImageObject","inLanguage":"fr-CA","@id":"https:\/\/news.canadamotorjobs.com\/fr\/ford-rappelle-144-000-maverick-pour-un-probleme-de-camera\/#primaryimage","url":"https:\/\/news.canadamotorjobs.com\/wp-content\/uploads\/2024\/09\/ford-maverick-habitacle-002.jpg","contentUrl":"https:\/\/news.canadamotorjobs.com\/wp-content\/uploads\/2024\/09\/ford-maverick-habitacle-002.jpg","width":1200,"height":800},{"@type":"BreadcrumbList","@id":"https:\/\/news.canadamotorjobs.com\/fr\/ford-rappelle-144-000-maverick-pour-un-probleme-de-camera\/#breadcrumb","itemListElement":[{"@type":"ListItem","position":1,"name":"Home","item":"https:\/\/news.canadamotorjobs.com\/fr\/blog\/"},{"@type":"ListItem","position":2,"name":"Ford rappelle 144\u2009000 Maverick pour un probl\u00e8me de cam\u00e9ra"}]},{"@type":"WebSite","@id":"https:\/\/news.canadamotorjobs.com\/#website","url":"https:\/\/news.canadamotorjobs.com\/","name":"CanadaMotorJobs.com","description":"Automotive Jobs","publisher":{"@id":"https:\/\/news.canadamotorjobs.com\/#organization"},"potentialAction":[{"@type":"SearchAction","target":{"@type":"EntryPoint","urlTemplate":"https:\/\/news.canadamotorjobs.com\/?s={search_term_string}"},"query-input":"required name=search_term_string"}],"inLanguage":"fr-CA"},{"@type":"Organization","@id":"https:\/\/news.canadamotorjobs.com\/#organization","name":"Canada Motor Jobs","url":"https:\/\/news.canadamotorjobs.com\/","logo":{"@type":"ImageObject","inLanguage":"fr-CA","@id":"https:\/\/news.canadamotorjobs.com\/#\/schema\/logo\/image\/","url":"https:\/\/news.canadamotorjobs.com\/wp-content\/uploads\/2022\/10\/logo-canada-motor-jobs-1.png","contentUrl":"https:\/\/news.canadamotorjobs.com\/wp-content\/uploads\/2022\/10\/logo-canada-motor-jobs-1.png","width":800,"height":400,"caption":"Canada Motor Jobs"},"image":{"@id":"https:\/\/news.canadamotorjobs.com\/#\/schema\/logo\/image\/"},"sameAs":["https:\/\/www.facebook.com\/canadamotorjobs\/","https:\/\/x.com\/canadamotorjobs","https:\/\/www.instagram.com\/canadamotorjobs\/","https:\/\/www.linkedin.com\/company\/canadamotorjobs"]},{"@type":"Person","@id":"https:\/\/news.canadamotorjobs.com\/#\/schema\/person\/51793d1f87d44011d7bcc2ed99269a90","name":"Benoit Charette","image":{"@type":"ImageObject","inLanguage":"fr-CA","@id":"https:\/\/news.canadamotorjobs.com\/#\/schema\/person\/image\/","url":"https:\/\/secure.gravatar.com\/avatar\/45f3d2eebcccd909668d7ce7ea7267b6?s=96&d=mm&r=g","contentUrl":"https:\/\/secure.gravatar.com\/avatar\/45f3d2eebcccd909668d7ce7ea7267b6?s=96&d=mm&r=g","caption":"Benoit Charette"},"description":"Benoit Charette \/ Propri\u00e9taire et r\u00e9dacteur en chef Benoit Charette pratique le journalisme automobile depuis bient\u00f4t 30 ans. Il a fait ses classes au c\u00f4t\u00e9 de Daniel H\u00e9raud et au Carnet de route de 1992 \u00e0 2001. Il est fondateur, copropri\u00e9taire et r\u00e9dacteur en chef de L\u2019Annuel de l\u2019automobile, qu\u2019il publie depuis 2001. Il a anim\u00e9 les \u00e9missions RPM et RPM+ sur V et les L\u00e9gendes de la route sur Historia. \u00c0 la radio depuis 1986, il reprend l\u2019antenne cette ann\u00e9e sur les ondes de Cogeco et participe pour la deuxi\u00e8me ann\u00e9e \u00e0 l\u2019\u00e9mission Passion Auto sur RDS en plus de mettre en ligne le site Web officiel de L\u2019Annuel de l\u2019automobile sur annuelauto.ca.","sameAs":["https:\/\/annuelauto.ca\/"],"url":"https:\/\/news.canadamotorjobs.com\/fr\/author\/benoit-charette\/"}]}},"_links":{"self":[{"href":"https:\/\/news.canadamotorjobs.com\/fr\/wp-json\/wp\/v2\/posts\/173774"}],"collection":[{"href":"https:\/\/news.canadamotorjobs.com\/fr\/wp-json\/wp\/v2\/posts"}],"about":[{"href":"https:\/\/news.canadamotorjobs.com\/fr\/wp-json\/wp\/v2\/types\/post"}],"author":[{"embeddable":true,"href":"https:\/\/news.canadamotorjobs.com\/fr\/wp-json\/wp\/v2\/users\/8"}],"replies":[{"embeddable":true,"href":"https:\/\/news.canadamotorjobs.com\/fr\/wp-json\/wp\/v2\/comments?post=173774"}],"version-history":[{"count":3,"href":"https:\/\/news.canadamotorjobs.com\/fr\/wp-json\/wp\/v2\/posts\/173774\/revisions"}],"predecessor-version":[{"id":173801,"href":"https:\/\/news.canadamotorjobs.com\/fr\/wp-json\/wp\/v2\/posts\/173774\/revisions\/173801"}],"wp:featuredmedia":[{"embeddable":true,"href":"https:\/\/news.canadamotorjobs.com\/fr\/wp-json\/wp\/v2\/media\/173776"}],"wp:attachment":[{"href":"https:\/\/news.canadamotorjobs.com\/fr\/wp-json\/wp\/v2\/media?parent=173774"}],"wp:term":[{"taxonomy":"category","embeddable":true,"href":"https:\/\/news.canadamotorjobs.com\/fr\/wp-json\/wp\/v2\/categories?post=173774"},{"taxonomy":"post_tag","embeddable":true,"href":"https:\/\/news.canadamotorjobs.com\/fr\/wp-json\/wp\/v2\/tags?post=173774"}],"curies":[{"name":"wp","href":"https:\/\/api.w.org\/{rel}","templated":true}]}}