{"id":173746,"date":"2024-09-24T13:31:49","date_gmt":"2024-09-24T17:31:49","guid":{"rendered":"https:\/\/news.canadamotorjobs.com\/?p=173746"},"modified":"2024-09-24T13:45:08","modified_gmt":"2024-09-24T17:45:08","slug":"poignees-de-porte-du-volkswagen-id-4-pause-des-ventes-et-de-la-production","status":"publish","type":"post","link":"https:\/\/news.canadamotorjobs.com\/fr\/poignees-de-porte-du-volkswagen-id-4-pause-des-ventes-et-de-la-production\/","title":{"rendered":"Poign\u00e9es de porte du Volkswagen ID.4 : pause des ventes et de la production"},"content":{"rendered":"<\/p>\n<p>Il y a une dizaine de jours, Volkswagen annon\u00e7ait le rappel de quelque 100 000 exemplaires de son VUS \u00e9lectrique ID.4 en raison d\u2019un probl\u00e8me avec le m\u00e9canisme \u00e9lectrique d\u2019ouverture des porti\u00e8res.<\/p>\n<p>De fait, en raison d\u2019une possibilit\u00e9 d\u2019accumulation d\u2019eau \u00e0 l\u2019int\u00e9rieur, de l\u2019eau qui peut rejoindre les circuits imprim\u00e9s, les porti\u00e8res peuvent s\u2019ouvrir sans avertissement.<\/p>\n<p>Aucun accident ou blessure n\u2019a \u00e9t\u00e9 r\u00e9pertori\u00e9 en lien avec le probl\u00e8me, mais la compagnie a tout de m\u00eame re\u00e7u quelque 135 r\u00e9clamations de garantie lui \u00e9tant associ\u00e9es.<\/p>\n<p>Une proc\u00e9dure \u00e9tait pr\u00e9vue pour la r\u00e9paration, mais lorsque le rappel a \u00e9t\u00e9 \u00e9mis, la compagnie travaillait toujours \u00e0 la mise au point des nouvelles pi\u00e8ces et du code du logiciel appropri\u00e9. Or, depuis le 18 septembre dernier, le probl\u00e8me s\u2019est aggrav\u00e9 au point o\u00f9 la compagnie a ordonn\u00e9 l\u2019arr\u00eat des ventes du mod\u00e8le, tout comme sa production.<\/p>\n<p>Concernant cette d\u00e9cision, Volkswagen a fourni au magazine Road &amp; Track la d\u00e9claration suivante :<\/p>\n<blockquote><p><\/p>\n<p>\u00ab Apr\u00e8s un examen approfondi, en r\u00e9ponse \u00e0 l\u2019arr\u00eat des ventes du ID.4, nous suspendrons temporairement la production du v\u00e9hicule \u00e0 l\u2019usine Volkswagen de Chattanooga, au Tennessee, jusqu\u2019\u00e0 ce qu\u2019une solution soit disponible. Pendant que nous nous penchons sur le probl\u00e8me, nous nous effor\u00e7ons de faire ce qu\u2019il faut pour nos employ\u00e9s, nos concessionnaires et nos consommateurs pendant cette p\u00e9riode de perturbation \u00bb.<\/p>\n<p>\n<\/p><\/blockquote>\n<p>\u00a0<\/p>\n<p><\/p>\n<figure><img decoding=\"async\" src=\"https:\/\/news.canadamotorjobs.com\/wp-content\/uploads\/2024\/09\/vw-id4-001-5.jpg\" alt=\"Volkswagen ID.4, de profil\" \/><figcaption>Volkswagen ID.4, de profil | Auto123.com<\/figcaption><\/figure>\n<p>Environ 200 employ\u00e9s de l\u2019usine seront temporairement envoy\u00e9s au ch\u00f4mage le 23 septembre prochain. Ils vont recevoir 80 % de leur r\u00e9mun\u00e9ration de base et continuer \u00e0 profiter des avantages sociaux auxquels ils avaient droit. La compagnie \u00e9tudie aussi des fa\u00e7ons de soutenir ses concessionnaires en attendant qu\u2019une solution soit trouv\u00e9e.<\/p>\n<p>Volkswagen affirme que cette interruption de la production ne change en rien son engagement envers l\u2019ID.4 et son portfolio croissant de v\u00e9hicules \u00e9lectriques.<\/p>\n<p>\u00c0 ce titre, nous serons du c\u00f4t\u00e9 de San Francisco \u00e0 la mi-octobre pour faire l\u2019essai du fourgon ID. Buzz ; soyez certains de nous revenir pour tous les d\u00e9tails.<\/p>\n<p>Concernant les ID.4 qui sont sur la route, la compagnie invite les propri\u00e9taires \u00e0 \u00eatre attentifs \u00e0 tout bruit ressemblant au verrouillage ou au d\u00e9verrouillage des porti\u00e8res. Ces derni\u00e8res peuvent se d\u00e9verrouiller sans avertissement, ce qui peut entra\u00eener leur ouverture impromptue.<\/p>\n<p>Les propri\u00e9taires inquiets peuvent toujours se rendre chez leur concessionnaire pour une v\u00e9rification sommaire.<\/p>\n<p><\/p>\n<p style=\"padding-top: 15px\">Contenu original de <a href=\"https:\/\/www.auto123.com\/fr\/actualites\/volkswagen-id4-pause-ventes-production\/71860\/\">auto123<\/a>.<\/p>\n<p>Le texte <a rel=\"nofollow\" href=\"https:\/\/annuelauto.ca\/poignees-de-porte-du-volkswagen-id-4-pause-des-ventes-et-de-la-production\/\">Poign\u00e9es de porte du Volkswagen ID.4 : pause des ventes et de la production<\/a> provient de <a rel=\"nofollow\" href=\"https:\/\/annuelauto.ca\">L&#8217;annuel de l&#8217;automobile &#8211; Actualit\u00e9 automobile<\/a><\/p>\n<p><\/p>\n","protected":false},"excerpt":{"rendered":"<p>Il y a une dizaine de jours, Volkswagen annon\u00e7ait le rappel de quelque 100 000 exemplaires de son VUS \u00e9lectrique ID.4 en raison d\u2019un probl\u00e8me avec le m\u00e9canisme \u00e9lectrique d\u2019ouverture des porti\u00e8res. De fait, en raison d\u2019une possibilit\u00e9 d\u2019accumulation d\u2019eau \u00e0 l\u2019int\u00e9rieur, de l\u2019eau qui peut rejoindre les circuits imprim\u00e9s, les porti\u00e8res peuvent s\u2019ouvrir sans [&hellip;]<\/p>\n","protected":false},"author":8,"featured_media":173748,"comment_status":"close","ping_status":"closed","sticky":false,"template":"","format":"standard","meta":{"_monsterinsights_skip_tracking":false,"_monsterinsights_sitenote_active":false,"_monsterinsights_sitenote_note":"","_monsterinsights_sitenote_category":0,"footnotes":""},"categories":[101],"tags":[],"yoast_head":"<!-- This site is optimized with the Yoast SEO plugin v23.2 - https:\/\/yoast.com\/wordpress\/plugins\/seo\/ -->\n<title>Poign\u00e9es de porte du Volkswagen ID.4 : pause des ventes et de la production - CanadaMotorJobs.com<\/title>\n<meta name=\"description\" content=\"Poign\u00e9es de porte du Volkswagen ID.4 : pause des ventes et de la production - Benoit Charette - Annuel automobile - CanadaMotorJobs.com.\" \/>\n<meta name=\"robots\" content=\"index, follow, max-snippet:-1, max-image-preview:large, max-video-preview:-1\" \/>\n<meta property=\"og:locale\" content=\"fr_CA\" \/>\n<meta property=\"og:type\" content=\"article\" \/>\n<meta property=\"og:title\" content=\"Poign\u00e9es de porte du Volkswagen ID.4 : pause des ventes et de la production - CanadaMotorJobs.com\" \/>\n<meta property=\"og:description\" content=\"Poign\u00e9es de porte du Volkswagen ID.4 : pause des ventes et de la production - Benoit Charette - Annuel automobile - CanadaMotorJobs.com.\" \/>\n<meta property=\"og:url\" content=\"https:\/\/news.canadamotorjobs.com\/fr\/poignees-de-porte-du-volkswagen-id-4-pause-des-ventes-et-de-la-production\/\" \/>\n<meta property=\"og:site_name\" content=\"CanadaMotorJobs.com\" \/>\n<meta property=\"article:publisher\" content=\"https:\/\/www.facebook.com\/canadamotorjobs\/\" \/>\n<meta property=\"article:published_time\" content=\"2024-09-24T17:31:49+00:00\" \/>\n<meta property=\"article:modified_time\" content=\"2024-09-24T17:45:08+00:00\" \/>\n<meta property=\"og:image\" content=\"https:\/\/news.canadamotorjobs.com\/wp-content\/uploads\/2024\/09\/vw-id4-001.jpg\" \/>\n\t<meta property=\"og:image:width\" content=\"1200\" \/>\n\t<meta property=\"og:image:height\" content=\"800\" \/>\n\t<meta property=\"og:image:type\" content=\"image\/jpeg\" \/>\n<meta name=\"author\" content=\"Benoit Charette\" \/>\n<meta name=\"twitter:card\" content=\"summary_large_image\" \/>\n<meta name=\"twitter:creator\" content=\"@canadamotorjobs\" \/>\n<meta name=\"twitter:site\" content=\"@canadamotorjobs\" \/>\n<meta name=\"twitter:label1\" content=\"\u00c9crit par\" \/>\n\t<meta name=\"twitter:data1\" content=\"Benoit Charette\" \/>\n\t<meta name=\"twitter:label2\" content=\"Estimation du temps de lecture\" \/>\n\t<meta name=\"twitter:data2\" content=\"2 minutes\" \/>\n<!-- \/ Yoast SEO plugin. -->","yoast_head_json":{"title":"Poign\u00e9es de porte du Volkswagen ID.4 : pause des ventes et de la production - CanadaMotorJobs.com","description":"Poign\u00e9es de porte du Volkswagen ID.4 : pause des ventes et de la production - Benoit Charette - Annuel automobile - CanadaMotorJobs.com.","robots":{"index":"index","follow":"follow","max-snippet":"max-snippet:-1","max-image-preview":"max-image-preview:large","max-video-preview":"max-video-preview:-1"},"og_locale":"fr_CA","og_type":"article","og_title":"Poign\u00e9es de porte du Volkswagen ID.4 : pause des ventes et de la production - CanadaMotorJobs.com","og_description":"Poign\u00e9es de porte du Volkswagen ID.4 : pause des ventes et de la production - Benoit Charette - Annuel automobile - CanadaMotorJobs.com.","og_url":"https:\/\/news.canadamotorjobs.com\/fr\/poignees-de-porte-du-volkswagen-id-4-pause-des-ventes-et-de-la-production\/","og_site_name":"CanadaMotorJobs.com","article_publisher":"https:\/\/www.facebook.com\/canadamotorjobs\/","article_published_time":"2024-09-24T17:31:49+00:00","article_modified_time":"2024-09-24T17:45:08+00:00","og_image":[{"width":1200,"height":800,"url":"https:\/\/news.canadamotorjobs.com\/wp-content\/uploads\/2024\/09\/vw-id4-001.jpg","type":"image\/jpeg"}],"author":"Benoit Charette","twitter_card":"summary_large_image","twitter_creator":"@canadamotorjobs","twitter_site":"@canadamotorjobs","twitter_misc":{"\u00c9crit par":"Benoit Charette","Estimation du temps de lecture":"2 minutes"},"schema":{"@context":"https:\/\/schema.org","@graph":[{"@type":"Article","@id":"https:\/\/news.canadamotorjobs.com\/fr\/poignees-de-porte-du-volkswagen-id-4-pause-des-ventes-et-de-la-production\/#article","isPartOf":{"@id":"https:\/\/news.canadamotorjobs.com\/fr\/poignees-de-porte-du-volkswagen-id-4-pause-des-ventes-et-de-la-production\/"},"author":{"name":"Benoit Charette","@id":"https:\/\/news.canadamotorjobs.com\/#\/schema\/person\/51793d1f87d44011d7bcc2ed99269a90"},"headline":"Poign\u00e9es de porte du Volkswagen ID.4 : pause des ventes et de la production","datePublished":"2024-09-24T17:31:49+00:00","dateModified":"2024-09-24T17:45:08+00:00","mainEntityOfPage":{"@id":"https:\/\/news.canadamotorjobs.com\/fr\/poignees-de-porte-du-volkswagen-id-4-pause-des-ventes-et-de-la-production\/"},"wordCount":475,"publisher":{"@id":"https:\/\/news.canadamotorjobs.com\/#organization"},"image":{"@id":"https:\/\/news.canadamotorjobs.com\/fr\/poignees-de-porte-du-volkswagen-id-4-pause-des-ventes-et-de-la-production\/#primaryimage"},"thumbnailUrl":"https:\/\/news.canadamotorjobs.com\/wp-content\/uploads\/2024\/09\/vw-id4-001.jpg","articleSection":["Annuel automobile"],"inLanguage":"fr-CA"},{"@type":"WebPage","@id":"https:\/\/news.canadamotorjobs.com\/fr\/poignees-de-porte-du-volkswagen-id-4-pause-des-ventes-et-de-la-production\/","url":"https:\/\/news.canadamotorjobs.com\/fr\/poignees-de-porte-du-volkswagen-id-4-pause-des-ventes-et-de-la-production\/","name":"Poign\u00e9es de porte du Volkswagen ID.4 : pause des ventes et de la production - CanadaMotorJobs.com","isPartOf":{"@id":"https:\/\/news.canadamotorjobs.com\/#website"},"primaryImageOfPage":{"@id":"https:\/\/news.canadamotorjobs.com\/fr\/poignees-de-porte-du-volkswagen-id-4-pause-des-ventes-et-de-la-production\/#primaryimage"},"image":{"@id":"https:\/\/news.canadamotorjobs.com\/fr\/poignees-de-porte-du-volkswagen-id-4-pause-des-ventes-et-de-la-production\/#primaryimage"},"thumbnailUrl":"https:\/\/news.canadamotorjobs.com\/wp-content\/uploads\/2024\/09\/vw-id4-001.jpg","datePublished":"2024-09-24T17:31:49+00:00","dateModified":"2024-09-24T17:45:08+00:00","description":"Poign\u00e9es de porte du Volkswagen ID.4 : pause des ventes et de la production - Benoit Charette - Annuel automobile - CanadaMotorJobs.com.","breadcrumb":{"@id":"https:\/\/news.canadamotorjobs.com\/fr\/poignees-de-porte-du-volkswagen-id-4-pause-des-ventes-et-de-la-production\/#breadcrumb"},"inLanguage":"fr-CA","potentialAction":[{"@type":"ReadAction","target":["https:\/\/news.canadamotorjobs.com\/fr\/poignees-de-porte-du-volkswagen-id-4-pause-des-ventes-et-de-la-production\/"]}]},{"@type":"ImageObject","inLanguage":"fr-CA","@id":"https:\/\/news.canadamotorjobs.com\/fr\/poignees-de-porte-du-volkswagen-id-4-pause-des-ventes-et-de-la-production\/#primaryimage","url":"https:\/\/news.canadamotorjobs.com\/wp-content\/uploads\/2024\/09\/vw-id4-001.jpg","contentUrl":"https:\/\/news.canadamotorjobs.com\/wp-content\/uploads\/2024\/09\/vw-id4-001.jpg","width":1200,"height":800},{"@type":"BreadcrumbList","@id":"https:\/\/news.canadamotorjobs.com\/fr\/poignees-de-porte-du-volkswagen-id-4-pause-des-ventes-et-de-la-production\/#breadcrumb","itemListElement":[{"@type":"ListItem","position":1,"name":"Home","item":"https:\/\/news.canadamotorjobs.com\/fr\/blog\/"},{"@type":"ListItem","position":2,"name":"Poign\u00e9es de porte du Volkswagen ID.4 : pause des ventes et de la production"}]},{"@type":"WebSite","@id":"https:\/\/news.canadamotorjobs.com\/#website","url":"https:\/\/news.canadamotorjobs.com\/","name":"CanadaMotorJobs.com","description":"Automotive Jobs","publisher":{"@id":"https:\/\/news.canadamotorjobs.com\/#organization"},"potentialAction":[{"@type":"SearchAction","target":{"@type":"EntryPoint","urlTemplate":"https:\/\/news.canadamotorjobs.com\/?s={search_term_string}"},"query-input":"required name=search_term_string"}],"inLanguage":"fr-CA"},{"@type":"Organization","@id":"https:\/\/news.canadamotorjobs.com\/#organization","name":"Canada Motor Jobs","url":"https:\/\/news.canadamotorjobs.com\/","logo":{"@type":"ImageObject","inLanguage":"fr-CA","@id":"https:\/\/news.canadamotorjobs.com\/#\/schema\/logo\/image\/","url":"https:\/\/news.canadamotorjobs.com\/wp-content\/uploads\/2022\/10\/logo-canada-motor-jobs-1.png","contentUrl":"https:\/\/news.canadamotorjobs.com\/wp-content\/uploads\/2022\/10\/logo-canada-motor-jobs-1.png","width":800,"height":400,"caption":"Canada Motor Jobs"},"image":{"@id":"https:\/\/news.canadamotorjobs.com\/#\/schema\/logo\/image\/"},"sameAs":["https:\/\/www.facebook.com\/canadamotorjobs\/","https:\/\/x.com\/canadamotorjobs","https:\/\/www.instagram.com\/canadamotorjobs\/","https:\/\/www.linkedin.com\/company\/canadamotorjobs"]},{"@type":"Person","@id":"https:\/\/news.canadamotorjobs.com\/#\/schema\/person\/51793d1f87d44011d7bcc2ed99269a90","name":"Benoit Charette","image":{"@type":"ImageObject","inLanguage":"fr-CA","@id":"https:\/\/news.canadamotorjobs.com\/#\/schema\/person\/image\/","url":"https:\/\/secure.gravatar.com\/avatar\/45f3d2eebcccd909668d7ce7ea7267b6?s=96&d=mm&r=g","contentUrl":"https:\/\/secure.gravatar.com\/avatar\/45f3d2eebcccd909668d7ce7ea7267b6?s=96&d=mm&r=g","caption":"Benoit Charette"},"description":"Benoit Charette \/ Propri\u00e9taire et r\u00e9dacteur en chef Benoit Charette pratique le journalisme automobile depuis bient\u00f4t 30 ans. Il a fait ses classes au c\u00f4t\u00e9 de Daniel H\u00e9raud et au Carnet de route de 1992 \u00e0 2001. Il est fondateur, copropri\u00e9taire et r\u00e9dacteur en chef de L\u2019Annuel de l\u2019automobile, qu\u2019il publie depuis 2001. Il a anim\u00e9 les \u00e9missions RPM et RPM+ sur V et les L\u00e9gendes de la route sur Historia. \u00c0 la radio depuis 1986, il reprend l\u2019antenne cette ann\u00e9e sur les ondes de Cogeco et participe pour la deuxi\u00e8me ann\u00e9e \u00e0 l\u2019\u00e9mission Passion Auto sur RDS en plus de mettre en ligne le site Web officiel de L\u2019Annuel de l\u2019automobile sur annuelauto.ca.","sameAs":["https:\/\/annuelauto.ca\/"],"url":"https:\/\/news.canadamotorjobs.com\/fr\/author\/benoit-charette\/"}]}},"_links":{"self":[{"href":"https:\/\/news.canadamotorjobs.com\/fr\/wp-json\/wp\/v2\/posts\/173746"}],"collection":[{"href":"https:\/\/news.canadamotorjobs.com\/fr\/wp-json\/wp\/v2\/posts"}],"about":[{"href":"https:\/\/news.canadamotorjobs.com\/fr\/wp-json\/wp\/v2\/types\/post"}],"author":[{"embeddable":true,"href":"https:\/\/news.canadamotorjobs.com\/fr\/wp-json\/wp\/v2\/users\/8"}],"replies":[{"embeddable":true,"href":"https:\/\/news.canadamotorjobs.com\/fr\/wp-json\/wp\/v2\/comments?post=173746"}],"version-history":[{"count":3,"href":"https:\/\/news.canadamotorjobs.com\/fr\/wp-json\/wp\/v2\/posts\/173746\/revisions"}],"predecessor-version":[{"id":173773,"href":"https:\/\/news.canadamotorjobs.com\/fr\/wp-json\/wp\/v2\/posts\/173746\/revisions\/173773"}],"wp:featuredmedia":[{"embeddable":true,"href":"https:\/\/news.canadamotorjobs.com\/fr\/wp-json\/wp\/v2\/media\/173748"}],"wp:attachment":[{"href":"https:\/\/news.canadamotorjobs.com\/fr\/wp-json\/wp\/v2\/media?parent=173746"}],"wp:term":[{"taxonomy":"category","embeddable":true,"href":"https:\/\/news.canadamotorjobs.com\/fr\/wp-json\/wp\/v2\/categories?post=173746"},{"taxonomy":"post_tag","embeddable":true,"href":"https:\/\/news.canadamotorjobs.com\/fr\/wp-json\/wp\/v2\/tags?post=173746"}],"curies":[{"name":"wp","href":"https:\/\/api.w.org\/{rel}","templated":true}]}}