{"id":173723,"date":"2024-09-24T10:09:19","date_gmt":"2024-09-24T14:09:19","guid":{"rendered":"https:\/\/news.canadamotorjobs.com\/?p=173723"},"modified":"2024-09-24T10:14:02","modified_gmt":"2024-09-24T14:14:02","slug":"stellantis-est-a-la-recherche-dun-nouveau-patron","status":"publish","type":"post","link":"https:\/\/news.canadamotorjobs.com\/fr\/stellantis-est-a-la-recherche-dun-nouveau-patron\/","title":{"rendered":"Stellantis est \u00e0 la recherche d\u2019un nouveau patron"},"content":{"rendered":"<\/p>\n<p>Stellantis serait \u00e0 la recherche d&#8217;un successeur pour son PDG, Carlos Tavares, dont le contrat prend fin d\u00e9but 2026. Selon Bloomberg News, la d\u00e9cision a \u00e9t\u00e9 confirm\u00e9e par le constructeur, indiquant qu\u2019il s\u2019agit d\u2019un processus normal de planification de succession.<\/p>\n<h3>Pression croissante sur Carlos Tavares<\/h3>\n<p>\nJohn Elkann, \u00e9galement PDG d&#8217;Exor, principal actionnaire de Stellantis, est de plus en plus pr\u00e9occup\u00e9 par la performance de la soci\u00e9t\u00e9 en Am\u00e9rique du Nord. Les ventes stagnent, et plusieurs cadres ont quitt\u00e9 le groupe, ce qui a provoqu\u00e9 une d\u00e9gradation des parts de march\u00e9, notamment aux \u00c9tats-Unis, o\u00f9 Jeep et Chrysler sont particuli\u00e8rement affect\u00e9s.<\/p>\n<h3>Objectif : redresser la situation aux \u00c9tats-Unis<\/h3>\n<p>\nLe redressement des op\u00e9rations am\u00e9ricaines est une priorit\u00e9 pour Stellantis, qui peine \u00e0 \u00e9couler ses stocks importants et \u00e0 corriger des probl\u00e8mes de qualit\u00e9. Stellantis pr\u00e9voit d\u2019investir plus de 406 millions de dollars dans trois sites du Michigan pour relancer l\u2019activit\u00e9. Cependant, la pression sur Tavares est amplifi\u00e9e par des gr\u00e8ves potentielles aux \u00c9tats-Unis et en Italie dans les semaines \u00e0 venir.<\/p>\n<h3>Le dilemme de la rentabilit\u00e9<\/h3>\n<p>\nSous la direction de Tavares, Stellantis a suivi une politique stricte de r\u00e9duction des co\u00fbts, avec des suppressions d&#8217;emplois et des fermetures d\u2019usines am\u00e9ricaines. Cette strat\u00e9gie vise \u00e0 prot\u00e9ger les b\u00e9n\u00e9fices face \u00e0 une demande affaiblie pour les v\u00e9hicules \u00e9lectriques et \u00e0 la concurrence croissante des constructeurs chinois. Toutefois, cette d\u00e9marche inqui\u00e8te certains, qui craignent qu\u2019elle ne mette en p\u00e9ril des projets \u00e0 long terme et la rentabilit\u00e9 future.<\/p>\n<h3>R\u00e9union cruciale du conseil d&#8217;administration<\/h3>\n<p>\nLes 9 et 10 octobre, le conseil d\u2019administration de Stellantis se r\u00e9unira aux \u00c9tats-Unis pour \u00e9valuer les plans de redressement mis en place par Tavares. Si ce dernier a \u00e9t\u00e9 salu\u00e9 pour avoir rendu Stellantis plus agile apr\u00e8s la fusion entre Fiat Chrysler et PSA, la r\u00e9cente baisse de 48 % du b\u00e9n\u00e9fice net au premier semestre 2023 a terni son bilan.<\/p>\n<h3>Conclusion<\/h3>\n<p>\nAvec des d\u00e9fis croissants, notamment en Am\u00e9rique du Nord, la recherche d\u2019un successeur pour Carlos Tavares pourrait red\u00e9finir l\u2019avenir de Stellantis et de ses 14 marques.<\/p>\n<p>Avec des renseignements d\u2019Automotive News<\/p>\n<p>Le texte <a rel=\"nofollow\" href=\"https:\/\/annuelauto.ca\/les-jours-de-carlos-tavares-sont-comptes\/\">Stellantis est \u00e0 la recherche d\u2019un nouveau patron<\/a> provient de <a rel=\"nofollow\" href=\"https:\/\/annuelauto.ca\">L&#8217;annuel de l&#8217;automobile &#8211; Actualit\u00e9 automobile<\/a><\/p>\n<p><\/p>\n","protected":false},"excerpt":{"rendered":"<p>Stellantis serait \u00e0 la recherche d&#8217;un successeur pour son PDG, Carlos Tavares, dont le contrat prend fin d\u00e9but 2026. Selon Bloomberg News, la d\u00e9cision a \u00e9t\u00e9 confirm\u00e9e par le constructeur, indiquant qu\u2019il s\u2019agit d\u2019un processus normal de planification de succession. Pression croissante sur Carlos Tavares John Elkann, \u00e9galement PDG d&#8217;Exor, principal actionnaire de Stellantis, est [&hellip;]<\/p>\n","protected":false},"author":8,"featured_media":173725,"comment_status":"close","ping_status":"closed","sticky":false,"template":"","format":"standard","meta":{"_monsterinsights_skip_tracking":false,"_monsterinsights_sitenote_active":false,"_monsterinsights_sitenote_note":"","_monsterinsights_sitenote_category":0,"footnotes":""},"categories":[101],"tags":[],"yoast_head":"<!-- This site is optimized with the Yoast SEO plugin v23.2 - https:\/\/yoast.com\/wordpress\/plugins\/seo\/ -->\n<title>Stellantis est \u00e0 la recherche d\u2019un nouveau patron - CanadaMotorJobs.com<\/title>\n<meta name=\"description\" content=\"Stellantis est \u00e0 la recherche d\u2019un nouveau patron - Benoit Charette - Annuel automobile - CanadaMotorJobs.com.\" \/>\n<meta name=\"robots\" content=\"index, follow, max-snippet:-1, max-image-preview:large, max-video-preview:-1\" \/>\n<meta property=\"og:locale\" content=\"fr_CA\" \/>\n<meta property=\"og:type\" content=\"article\" \/>\n<meta property=\"og:title\" content=\"Stellantis est \u00e0 la recherche d\u2019un nouveau patron - CanadaMotorJobs.com\" \/>\n<meta property=\"og:description\" content=\"Stellantis est \u00e0 la recherche d\u2019un nouveau patron - Benoit Charette - Annuel automobile - CanadaMotorJobs.com.\" \/>\n<meta property=\"og:url\" content=\"https:\/\/news.canadamotorjobs.com\/fr\/stellantis-est-a-la-recherche-dun-nouveau-patron\/\" \/>\n<meta property=\"og:site_name\" content=\"CanadaMotorJobs.com\" \/>\n<meta property=\"article:publisher\" content=\"https:\/\/www.facebook.com\/canadamotorjobs\/\" \/>\n<meta property=\"article:published_time\" content=\"2024-09-24T14:09:19+00:00\" \/>\n<meta property=\"article:modified_time\" content=\"2024-09-24T14:14:02+00:00\" \/>\n<meta property=\"og:image\" content=\"https:\/\/news.canadamotorjobs.com\/wp-content\/uploads\/2024\/09\/cover-r4x3w1200-65d88a0661541-7384-hr.jpg\" \/>\n\t<meta property=\"og:image:width\" content=\"1200\" \/>\n\t<meta property=\"og:image:height\" content=\"899\" \/>\n\t<meta property=\"og:image:type\" content=\"image\/jpeg\" \/>\n<meta name=\"author\" content=\"Benoit Charette\" \/>\n<meta name=\"twitter:card\" content=\"summary_large_image\" \/>\n<meta name=\"twitter:creator\" content=\"@canadamotorjobs\" \/>\n<meta name=\"twitter:site\" content=\"@canadamotorjobs\" \/>\n<meta name=\"twitter:label1\" content=\"\u00c9crit par\" \/>\n\t<meta name=\"twitter:data1\" content=\"Benoit Charette\" \/>\n\t<meta name=\"twitter:label2\" content=\"Estimation du temps de lecture\" \/>\n\t<meta name=\"twitter:data2\" content=\"2 minutes\" \/>\n<!-- \/ Yoast SEO plugin. -->","yoast_head_json":{"title":"Stellantis est \u00e0 la recherche d\u2019un nouveau patron - CanadaMotorJobs.com","description":"Stellantis est \u00e0 la recherche d\u2019un nouveau patron - Benoit Charette - Annuel automobile - CanadaMotorJobs.com.","robots":{"index":"index","follow":"follow","max-snippet":"max-snippet:-1","max-image-preview":"max-image-preview:large","max-video-preview":"max-video-preview:-1"},"og_locale":"fr_CA","og_type":"article","og_title":"Stellantis est \u00e0 la recherche d\u2019un nouveau patron - CanadaMotorJobs.com","og_description":"Stellantis est \u00e0 la recherche d\u2019un nouveau patron - Benoit Charette - Annuel automobile - CanadaMotorJobs.com.","og_url":"https:\/\/news.canadamotorjobs.com\/fr\/stellantis-est-a-la-recherche-dun-nouveau-patron\/","og_site_name":"CanadaMotorJobs.com","article_publisher":"https:\/\/www.facebook.com\/canadamotorjobs\/","article_published_time":"2024-09-24T14:09:19+00:00","article_modified_time":"2024-09-24T14:14:02+00:00","og_image":[{"width":1200,"height":899,"url":"https:\/\/news.canadamotorjobs.com\/wp-content\/uploads\/2024\/09\/cover-r4x3w1200-65d88a0661541-7384-hr.jpg","type":"image\/jpeg"}],"author":"Benoit Charette","twitter_card":"summary_large_image","twitter_creator":"@canadamotorjobs","twitter_site":"@canadamotorjobs","twitter_misc":{"\u00c9crit par":"Benoit Charette","Estimation du temps de lecture":"2 minutes"},"schema":{"@context":"https:\/\/schema.org","@graph":[{"@type":"Article","@id":"https:\/\/news.canadamotorjobs.com\/fr\/stellantis-est-a-la-recherche-dun-nouveau-patron\/#article","isPartOf":{"@id":"https:\/\/news.canadamotorjobs.com\/fr\/stellantis-est-a-la-recherche-dun-nouveau-patron\/"},"author":{"name":"Benoit Charette","@id":"https:\/\/news.canadamotorjobs.com\/#\/schema\/person\/51793d1f87d44011d7bcc2ed99269a90"},"headline":"Stellantis est \u00e0 la recherche d\u2019un nouveau patron","datePublished":"2024-09-24T14:09:19+00:00","dateModified":"2024-09-24T14:14:02+00:00","mainEntityOfPage":{"@id":"https:\/\/news.canadamotorjobs.com\/fr\/stellantis-est-a-la-recherche-dun-nouveau-patron\/"},"wordCount":402,"publisher":{"@id":"https:\/\/news.canadamotorjobs.com\/#organization"},"image":{"@id":"https:\/\/news.canadamotorjobs.com\/fr\/stellantis-est-a-la-recherche-dun-nouveau-patron\/#primaryimage"},"thumbnailUrl":"https:\/\/news.canadamotorjobs.com\/wp-content\/uploads\/2024\/09\/cover-r4x3w1200-65d88a0661541-7384-hr.jpg","articleSection":["Annuel automobile"],"inLanguage":"fr-CA"},{"@type":"WebPage","@id":"https:\/\/news.canadamotorjobs.com\/fr\/stellantis-est-a-la-recherche-dun-nouveau-patron\/","url":"https:\/\/news.canadamotorjobs.com\/fr\/stellantis-est-a-la-recherche-dun-nouveau-patron\/","name":"Stellantis est \u00e0 la recherche d\u2019un nouveau patron - CanadaMotorJobs.com","isPartOf":{"@id":"https:\/\/news.canadamotorjobs.com\/#website"},"primaryImageOfPage":{"@id":"https:\/\/news.canadamotorjobs.com\/fr\/stellantis-est-a-la-recherche-dun-nouveau-patron\/#primaryimage"},"image":{"@id":"https:\/\/news.canadamotorjobs.com\/fr\/stellantis-est-a-la-recherche-dun-nouveau-patron\/#primaryimage"},"thumbnailUrl":"https:\/\/news.canadamotorjobs.com\/wp-content\/uploads\/2024\/09\/cover-r4x3w1200-65d88a0661541-7384-hr.jpg","datePublished":"2024-09-24T14:09:19+00:00","dateModified":"2024-09-24T14:14:02+00:00","description":"Stellantis est \u00e0 la recherche d\u2019un nouveau patron - Benoit Charette - Annuel automobile - CanadaMotorJobs.com.","breadcrumb":{"@id":"https:\/\/news.canadamotorjobs.com\/fr\/stellantis-est-a-la-recherche-dun-nouveau-patron\/#breadcrumb"},"inLanguage":"fr-CA","potentialAction":[{"@type":"ReadAction","target":["https:\/\/news.canadamotorjobs.com\/fr\/stellantis-est-a-la-recherche-dun-nouveau-patron\/"]}]},{"@type":"ImageObject","inLanguage":"fr-CA","@id":"https:\/\/news.canadamotorjobs.com\/fr\/stellantis-est-a-la-recherche-dun-nouveau-patron\/#primaryimage","url":"https:\/\/news.canadamotorjobs.com\/wp-content\/uploads\/2024\/09\/cover-r4x3w1200-65d88a0661541-7384-hr.jpg","contentUrl":"https:\/\/news.canadamotorjobs.com\/wp-content\/uploads\/2024\/09\/cover-r4x3w1200-65d88a0661541-7384-hr.jpg","width":1200,"height":899},{"@type":"BreadcrumbList","@id":"https:\/\/news.canadamotorjobs.com\/fr\/stellantis-est-a-la-recherche-dun-nouveau-patron\/#breadcrumb","itemListElement":[{"@type":"ListItem","position":1,"name":"Home","item":"https:\/\/news.canadamotorjobs.com\/fr\/blog\/"},{"@type":"ListItem","position":2,"name":"Stellantis est \u00e0 la recherche d\u2019un nouveau patron"}]},{"@type":"WebSite","@id":"https:\/\/news.canadamotorjobs.com\/#website","url":"https:\/\/news.canadamotorjobs.com\/","name":"CanadaMotorJobs.com","description":"Automotive Jobs","publisher":{"@id":"https:\/\/news.canadamotorjobs.com\/#organization"},"potentialAction":[{"@type":"SearchAction","target":{"@type":"EntryPoint","urlTemplate":"https:\/\/news.canadamotorjobs.com\/?s={search_term_string}"},"query-input":"required name=search_term_string"}],"inLanguage":"fr-CA"},{"@type":"Organization","@id":"https:\/\/news.canadamotorjobs.com\/#organization","name":"Canada Motor Jobs","url":"https:\/\/news.canadamotorjobs.com\/","logo":{"@type":"ImageObject","inLanguage":"fr-CA","@id":"https:\/\/news.canadamotorjobs.com\/#\/schema\/logo\/image\/","url":"https:\/\/news.canadamotorjobs.com\/wp-content\/uploads\/2022\/10\/logo-canada-motor-jobs-1.png","contentUrl":"https:\/\/news.canadamotorjobs.com\/wp-content\/uploads\/2022\/10\/logo-canada-motor-jobs-1.png","width":800,"height":400,"caption":"Canada Motor Jobs"},"image":{"@id":"https:\/\/news.canadamotorjobs.com\/#\/schema\/logo\/image\/"},"sameAs":["https:\/\/www.facebook.com\/canadamotorjobs\/","https:\/\/x.com\/canadamotorjobs","https:\/\/www.instagram.com\/canadamotorjobs\/","https:\/\/www.linkedin.com\/company\/canadamotorjobs"]},{"@type":"Person","@id":"https:\/\/news.canadamotorjobs.com\/#\/schema\/person\/51793d1f87d44011d7bcc2ed99269a90","name":"Benoit Charette","image":{"@type":"ImageObject","inLanguage":"fr-CA","@id":"https:\/\/news.canadamotorjobs.com\/#\/schema\/person\/image\/","url":"https:\/\/secure.gravatar.com\/avatar\/45f3d2eebcccd909668d7ce7ea7267b6?s=96&d=mm&r=g","contentUrl":"https:\/\/secure.gravatar.com\/avatar\/45f3d2eebcccd909668d7ce7ea7267b6?s=96&d=mm&r=g","caption":"Benoit Charette"},"description":"Benoit Charette \/ Propri\u00e9taire et r\u00e9dacteur en chef Benoit Charette pratique le journalisme automobile depuis bient\u00f4t 30 ans. Il a fait ses classes au c\u00f4t\u00e9 de Daniel H\u00e9raud et au Carnet de route de 1992 \u00e0 2001. Il est fondateur, copropri\u00e9taire et r\u00e9dacteur en chef de L\u2019Annuel de l\u2019automobile, qu\u2019il publie depuis 2001. Il a anim\u00e9 les \u00e9missions RPM et RPM+ sur V et les L\u00e9gendes de la route sur Historia. \u00c0 la radio depuis 1986, il reprend l\u2019antenne cette ann\u00e9e sur les ondes de Cogeco et participe pour la deuxi\u00e8me ann\u00e9e \u00e0 l\u2019\u00e9mission Passion Auto sur RDS en plus de mettre en ligne le site Web officiel de L\u2019Annuel de l\u2019automobile sur annuelauto.ca.","sameAs":["https:\/\/annuelauto.ca\/"],"url":"https:\/\/news.canadamotorjobs.com\/fr\/author\/benoit-charette\/"}]}},"_links":{"self":[{"href":"https:\/\/news.canadamotorjobs.com\/fr\/wp-json\/wp\/v2\/posts\/173723"}],"collection":[{"href":"https:\/\/news.canadamotorjobs.com\/fr\/wp-json\/wp\/v2\/posts"}],"about":[{"href":"https:\/\/news.canadamotorjobs.com\/fr\/wp-json\/wp\/v2\/types\/post"}],"author":[{"embeddable":true,"href":"https:\/\/news.canadamotorjobs.com\/fr\/wp-json\/wp\/v2\/users\/8"}],"replies":[{"embeddable":true,"href":"https:\/\/news.canadamotorjobs.com\/fr\/wp-json\/wp\/v2\/comments?post=173723"}],"version-history":[{"count":2,"href":"https:\/\/news.canadamotorjobs.com\/fr\/wp-json\/wp\/v2\/posts\/173723\/revisions"}],"predecessor-version":[{"id":173727,"href":"https:\/\/news.canadamotorjobs.com\/fr\/wp-json\/wp\/v2\/posts\/173723\/revisions\/173727"}],"wp:featuredmedia":[{"embeddable":true,"href":"https:\/\/news.canadamotorjobs.com\/fr\/wp-json\/wp\/v2\/media\/173725"}],"wp:attachment":[{"href":"https:\/\/news.canadamotorjobs.com\/fr\/wp-json\/wp\/v2\/media?parent=173723"}],"wp:term":[{"taxonomy":"category","embeddable":true,"href":"https:\/\/news.canadamotorjobs.com\/fr\/wp-json\/wp\/v2\/categories?post=173723"},{"taxonomy":"post_tag","embeddable":true,"href":"https:\/\/news.canadamotorjobs.com\/fr\/wp-json\/wp\/v2\/tags?post=173723"}],"curies":[{"name":"wp","href":"https:\/\/api.w.org\/{rel}","templated":true}]}}