{"id":173700,"date":"2024-09-24T09:58:05","date_gmt":"2024-09-24T13:58:05","guid":{"rendered":"https:\/\/news.canadamotorjobs.com\/?p=173700"},"modified":"2024-09-24T09:58:49","modified_gmt":"2024-09-24T13:58:49","slug":"larrivee-en-force-de-modeles-electriques-chez-porsche","status":"publish","type":"post","link":"https:\/\/news.canadamotorjobs.com\/fr\/larrivee-en-force-de-modeles-electriques-chez-porsche\/","title":{"rendered":"L\u2019arriv\u00e9e en force de mod\u00e8les \u00e9lectriques chez Porsche"},"content":{"rendered":"<\/p>\n<p>\u00ab 2024 sera une ann\u00e9e de lancements de produits pour Porsche \u2014 plus que n&#8217;importe quelle autre dans notre histoire \u00bb, a d\u00e9clar\u00e9 le PDG Oliver Blume lors de la conf\u00e9rence annuelle de la marque en mars. Cette offensive repose fortement sur l\u2019\u00e9lectrification, alors que Porsche cherche \u00e0 rester pertinente dans un monde o\u00f9 les \u00e9missions de carbone doivent \u00eatre r\u00e9duites. En 2024, Porsche a d\u00e9j\u00e0 introduit le Macan enti\u00e8rement \u00e9lectrique, tout en actualisant les gammes Panamera et Taycan. D\u00e9but 2025, la premi\u00e8re 911 \u00e9lectrifi\u00e9e fera son entr\u00e9e sur le march\u00e9 am\u00e9ricain. Suivront les versions \u00e9lectriques des 718 Cayman, Boxster et du Cayenne.<\/p>\n<h3>Conqu\u00eate d\u2019un nouveau march\u00e9<\/h3>\n<p>\nL&#8217;\u00e9lectrification permettra \u00e9galement \u00e0 Porsche de p\u00e9n\u00e9trer un nouveau segment lucratif d&#8217;ici la fin de la d\u00e9cennie. Un VUS de luxe, en d\u00e9veloppement \u00e0 Leipzig, en Allemagne, viendra concurrencer des mod\u00e8les comme le Mercedes-Benz GLS et le BMW X7. Ce v\u00e9hicule, \u00ab la proposition la plus sportive de son segment \u00bb, sera bas\u00e9 sur la nouvelle plateforme Scalable Systems de Porsche et int\u00e9grera un syst\u00e8me \u00e9lectrique de 900 volts pour r\u00e9duire les temps de recharge.<\/p>\n<h3>Des d\u00e9buts plus lent que pr\u00e9vu<\/h3>\n<p>\nCependant, comme une grande partie de l\u2019industrie automobile, Porsche ralentit sa transition vers une gamme enti\u00e8rement \u00e9lectrique. Si la marque avait annonc\u00e9 que plus de 80 % de ses ventes mondiales seraient \u00e9lectriques d&#8217;ici 2030, elle a r\u00e9cemment revu cette ambition. \u00ab La transition vers les voitures \u00e9lectriques prend plus de temps que pr\u00e9vu \u00bb, a expliqu\u00e9 Porsche en juillet, indiquant que l\u2019\u00e9volution de la demande et de l\u2019\u00e9lectromobilit\u00e9 influencera la cadence.<\/p>\n<h3>Mod\u00e8les \u00e0 l\u2019horizon<\/h3>\n<p><\/p>\n<h3>Macan \u00c9lectrique<\/h3>\n<p>\nLa gamme \u00e9lectrique Macan s\u2019\u00e9largit cette ann\u00e9e avec le lancement du Macan RWD (propulsion) \u2014 un mod\u00e8le plus l\u00e9ger de 243 livres par rapport \u00e0 la version AWD. Porsche pr\u00e9voit \u00e9galement un mod\u00e8le Macan 4S \u00e0 moteur double d\u00e9livrant 509 chevaux, en dessous du Turbo de 630 chevaux. Le Macan \u00e0 essence restera en production jusqu\u2019en 2026, sans confirmation d\u2019un successeur.<\/p>\n<h3>Taycan<\/h3>\n<p>\nEn 2025, le Taycan re\u00e7oit une mise \u00e0 jour de sa suspension, des batteries plus l\u00e9g\u00e8res et plus efficaces, ainsi qu&#8217;une nouvelle pompe \u00e0 chaleur. La version Taycan Turbo GT atteint 1 019 chevaux avec une acc\u00e9l\u00e9ration de 0 \u00e0 100 km\/h en seulement 2,1 secondes, faisant de ce mod\u00e8le le plus rapide et puissant de l\u2019histoire de Porsche.<\/p>\n<h3>Cayenne<\/h3>\n<p>\nLe Cayenne deviendra enti\u00e8rement \u00e9lectrique en 2027, avec une architecture bas\u00e9e sur la Premium Platform Electric utilis\u00e9e pour le Macan. Un Cayenne Turbo E-Hybrid de 729 chevaux est d\u00e9j\u00e0 disponible, alliant un V8 biturbo \u00e0 un moteur \u00e9lectrique.<\/p>\n<h3>Panamera<\/h3>\n<p>\nD\u00e9but 2025, Porsche lancera deux versions V8 biturbo de sa berline : le Turbo S E-Hybrid de 771 chevaux et le GTS de 493 chevaux. Un mod\u00e8le \u00e9lectrique Panamera pourrait voir le jour vers la fin de la d\u00e9cennie.<\/p>\n<h3>911 Hybrid<\/h3>\n<p>\nLa mythique 911 recevra un groupe motopropulseur hybride l\u00e9ger en 2025. La 911 Carrera GTS offrira 523 chevaux, avec une acc\u00e9l\u00e9ration de 0 \u00e0 100 km\/h en 2,9 secondes, et un design a\u00e9rodynamique distinct.<\/p>\n<h3>718 Cayman et Boxster<\/h3>\n<p>\nLe Cayman et le Boxster passeront \u00e0 l\u2019\u00e9lectrique \u00e0 partir de 2025. Le Cayman sera disponible aux \u00c9tats-Unis dans la seconde moiti\u00e9 de l\u2019ann\u00e9e, tandis que le Boxster, inspir\u00e9 par la nouvelle 911, deviendra exclusivement \u00e9lectrique d\u2019ici fin 2025.<\/p>\n<p>Avec des renseignements d\u2019Automotive News<\/p>\n<p>Le texte <a rel=\"nofollow\" href=\"https:\/\/annuelauto.ca\/larrivee-en-force-de-modeles-electriques-chez-porsche\/\">L\u2019arriv\u00e9e en force de mod\u00e8les \u00e9lectriques chez Porsche<\/a> provient de <a rel=\"nofollow\" href=\"https:\/\/annuelauto.ca\">L&#8217;annuel de l&#8217;automobile &#8211; Actualit\u00e9 automobile<\/a><\/p>\n<p><\/p>\n","protected":false},"excerpt":{"rendered":"<p>\u00ab 2024 sera une ann\u00e9e de lancements de produits pour Porsche \u2014 plus que n&#8217;importe quelle autre dans notre histoire \u00bb, a d\u00e9clar\u00e9 le PDG Oliver Blume lors de la conf\u00e9rence annuelle de la marque en mars. Cette offensive repose fortement sur l\u2019\u00e9lectrification, alors que Porsche cherche \u00e0 rester pertinente dans un monde o\u00f9 les [&hellip;]<\/p>\n","protected":false},"author":8,"featured_media":173702,"comment_status":"close","ping_status":"closed","sticky":false,"template":"","format":"standard","meta":{"_monsterinsights_skip_tracking":false,"_monsterinsights_sitenote_active":false,"_monsterinsights_sitenote_note":"","_monsterinsights_sitenote_category":0,"footnotes":""},"categories":[101],"tags":[],"yoast_head":"<!-- This site is optimized with the Yoast SEO plugin v23.2 - https:\/\/yoast.com\/wordpress\/plugins\/seo\/ -->\n<title>L\u2019arriv\u00e9e en force de mod\u00e8les \u00e9lectriques chez Porsche - CanadaMotorJobs.com<\/title>\n<meta name=\"description\" content=\"L\u2019arriv\u00e9e en force de mod\u00e8les \u00e9lectriques chez Porsche - Benoit Charette - Annuel automobile - CanadaMotorJobs.com.\" \/>\n<meta name=\"robots\" content=\"index, follow, max-snippet:-1, max-image-preview:large, max-video-preview:-1\" \/>\n<meta property=\"og:locale\" content=\"fr_CA\" \/>\n<meta property=\"og:type\" content=\"article\" \/>\n<meta property=\"og:title\" content=\"L\u2019arriv\u00e9e en force de mod\u00e8les \u00e9lectriques chez Porsche - CanadaMotorJobs.com\" \/>\n<meta property=\"og:description\" content=\"L\u2019arriv\u00e9e en force de mod\u00e8les \u00e9lectriques chez Porsche - Benoit Charette - Annuel automobile - CanadaMotorJobs.com.\" \/>\n<meta property=\"og:url\" content=\"https:\/\/news.canadamotorjobs.com\/fr\/larrivee-en-force-de-modeles-electriques-chez-porsche\/\" \/>\n<meta property=\"og:site_name\" content=\"CanadaMotorJobs.com\" \/>\n<meta property=\"article:publisher\" content=\"https:\/\/www.facebook.com\/canadamotorjobs\/\" \/>\n<meta property=\"article:published_time\" content=\"2024-09-24T13:58:05+00:00\" \/>\n<meta property=\"article:modified_time\" content=\"2024-09-24T13:58:49+00:00\" \/>\n<meta property=\"og:image\" content=\"https:\/\/news.canadamotorjobs.com\/wp-content\/uploads\/2024\/09\/Porsche_logo.svg_-4.png\" \/>\n\t<meta property=\"og:image:width\" content=\"1200\" \/>\n\t<meta property=\"og:image:height\" content=\"604\" \/>\n\t<meta property=\"og:image:type\" content=\"image\/png\" \/>\n<meta name=\"author\" content=\"Benoit Charette\" \/>\n<meta name=\"twitter:card\" content=\"summary_large_image\" \/>\n<meta name=\"twitter:creator\" content=\"@canadamotorjobs\" \/>\n<meta name=\"twitter:site\" content=\"@canadamotorjobs\" \/>\n<meta name=\"twitter:label1\" content=\"\u00c9crit par\" \/>\n\t<meta name=\"twitter:data1\" content=\"Benoit Charette\" \/>\n\t<meta name=\"twitter:label2\" content=\"Estimation du temps de lecture\" \/>\n\t<meta name=\"twitter:data2\" content=\"3 minutes\" \/>\n<!-- \/ Yoast SEO plugin. -->","yoast_head_json":{"title":"L\u2019arriv\u00e9e en force de mod\u00e8les \u00e9lectriques chez Porsche - CanadaMotorJobs.com","description":"L\u2019arriv\u00e9e en force de mod\u00e8les \u00e9lectriques chez Porsche - Benoit Charette - Annuel automobile - CanadaMotorJobs.com.","robots":{"index":"index","follow":"follow","max-snippet":"max-snippet:-1","max-image-preview":"max-image-preview:large","max-video-preview":"max-video-preview:-1"},"og_locale":"fr_CA","og_type":"article","og_title":"L\u2019arriv\u00e9e en force de mod\u00e8les \u00e9lectriques chez Porsche - CanadaMotorJobs.com","og_description":"L\u2019arriv\u00e9e en force de mod\u00e8les \u00e9lectriques chez Porsche - Benoit Charette - Annuel automobile - CanadaMotorJobs.com.","og_url":"https:\/\/news.canadamotorjobs.com\/fr\/larrivee-en-force-de-modeles-electriques-chez-porsche\/","og_site_name":"CanadaMotorJobs.com","article_publisher":"https:\/\/www.facebook.com\/canadamotorjobs\/","article_published_time":"2024-09-24T13:58:05+00:00","article_modified_time":"2024-09-24T13:58:49+00:00","og_image":[{"width":1200,"height":604,"url":"https:\/\/news.canadamotorjobs.com\/wp-content\/uploads\/2024\/09\/Porsche_logo.svg_-4.png","type":"image\/png"}],"author":"Benoit Charette","twitter_card":"summary_large_image","twitter_creator":"@canadamotorjobs","twitter_site":"@canadamotorjobs","twitter_misc":{"\u00c9crit par":"Benoit Charette","Estimation du temps de lecture":"3 minutes"},"schema":{"@context":"https:\/\/schema.org","@graph":[{"@type":"Article","@id":"https:\/\/news.canadamotorjobs.com\/fr\/larrivee-en-force-de-modeles-electriques-chez-porsche\/#article","isPartOf":{"@id":"https:\/\/news.canadamotorjobs.com\/fr\/larrivee-en-force-de-modeles-electriques-chez-porsche\/"},"author":{"name":"Benoit Charette","@id":"https:\/\/news.canadamotorjobs.com\/#\/schema\/person\/51793d1f87d44011d7bcc2ed99269a90"},"headline":"L\u2019arriv\u00e9e en force de mod\u00e8les \u00e9lectriques chez Porsche","datePublished":"2024-09-24T13:58:05+00:00","dateModified":"2024-09-24T13:58:49+00:00","mainEntityOfPage":{"@id":"https:\/\/news.canadamotorjobs.com\/fr\/larrivee-en-force-de-modeles-electriques-chez-porsche\/"},"wordCount":595,"publisher":{"@id":"https:\/\/news.canadamotorjobs.com\/#organization"},"image":{"@id":"https:\/\/news.canadamotorjobs.com\/fr\/larrivee-en-force-de-modeles-electriques-chez-porsche\/#primaryimage"},"thumbnailUrl":"https:\/\/news.canadamotorjobs.com\/wp-content\/uploads\/2024\/09\/Porsche_logo.svg_-4.png","articleSection":["Annuel automobile"],"inLanguage":"fr-CA"},{"@type":"WebPage","@id":"https:\/\/news.canadamotorjobs.com\/fr\/larrivee-en-force-de-modeles-electriques-chez-porsche\/","url":"https:\/\/news.canadamotorjobs.com\/fr\/larrivee-en-force-de-modeles-electriques-chez-porsche\/","name":"L\u2019arriv\u00e9e en force de mod\u00e8les \u00e9lectriques chez Porsche - CanadaMotorJobs.com","isPartOf":{"@id":"https:\/\/news.canadamotorjobs.com\/#website"},"primaryImageOfPage":{"@id":"https:\/\/news.canadamotorjobs.com\/fr\/larrivee-en-force-de-modeles-electriques-chez-porsche\/#primaryimage"},"image":{"@id":"https:\/\/news.canadamotorjobs.com\/fr\/larrivee-en-force-de-modeles-electriques-chez-porsche\/#primaryimage"},"thumbnailUrl":"https:\/\/news.canadamotorjobs.com\/wp-content\/uploads\/2024\/09\/Porsche_logo.svg_-4.png","datePublished":"2024-09-24T13:58:05+00:00","dateModified":"2024-09-24T13:58:49+00:00","description":"L\u2019arriv\u00e9e en force de mod\u00e8les \u00e9lectriques chez Porsche - Benoit Charette - Annuel automobile - CanadaMotorJobs.com.","breadcrumb":{"@id":"https:\/\/news.canadamotorjobs.com\/fr\/larrivee-en-force-de-modeles-electriques-chez-porsche\/#breadcrumb"},"inLanguage":"fr-CA","potentialAction":[{"@type":"ReadAction","target":["https:\/\/news.canadamotorjobs.com\/fr\/larrivee-en-force-de-modeles-electriques-chez-porsche\/"]}]},{"@type":"ImageObject","inLanguage":"fr-CA","@id":"https:\/\/news.canadamotorjobs.com\/fr\/larrivee-en-force-de-modeles-electriques-chez-porsche\/#primaryimage","url":"https:\/\/news.canadamotorjobs.com\/wp-content\/uploads\/2024\/09\/Porsche_logo.svg_-4.png","contentUrl":"https:\/\/news.canadamotorjobs.com\/wp-content\/uploads\/2024\/09\/Porsche_logo.svg_-4.png","width":1200,"height":604},{"@type":"BreadcrumbList","@id":"https:\/\/news.canadamotorjobs.com\/fr\/larrivee-en-force-de-modeles-electriques-chez-porsche\/#breadcrumb","itemListElement":[{"@type":"ListItem","position":1,"name":"Home","item":"https:\/\/news.canadamotorjobs.com\/fr\/blog\/"},{"@type":"ListItem","position":2,"name":"L\u2019arriv\u00e9e en force de mod\u00e8les \u00e9lectriques chez Porsche"}]},{"@type":"WebSite","@id":"https:\/\/news.canadamotorjobs.com\/#website","url":"https:\/\/news.canadamotorjobs.com\/","name":"CanadaMotorJobs.com","description":"Automotive Jobs","publisher":{"@id":"https:\/\/news.canadamotorjobs.com\/#organization"},"potentialAction":[{"@type":"SearchAction","target":{"@type":"EntryPoint","urlTemplate":"https:\/\/news.canadamotorjobs.com\/?s={search_term_string}"},"query-input":"required name=search_term_string"}],"inLanguage":"fr-CA"},{"@type":"Organization","@id":"https:\/\/news.canadamotorjobs.com\/#organization","name":"Canada Motor Jobs","url":"https:\/\/news.canadamotorjobs.com\/","logo":{"@type":"ImageObject","inLanguage":"fr-CA","@id":"https:\/\/news.canadamotorjobs.com\/#\/schema\/logo\/image\/","url":"https:\/\/news.canadamotorjobs.com\/wp-content\/uploads\/2022\/10\/logo-canada-motor-jobs-1.png","contentUrl":"https:\/\/news.canadamotorjobs.com\/wp-content\/uploads\/2022\/10\/logo-canada-motor-jobs-1.png","width":800,"height":400,"caption":"Canada Motor Jobs"},"image":{"@id":"https:\/\/news.canadamotorjobs.com\/#\/schema\/logo\/image\/"},"sameAs":["https:\/\/www.facebook.com\/canadamotorjobs\/","https:\/\/x.com\/canadamotorjobs","https:\/\/www.instagram.com\/canadamotorjobs\/","https:\/\/www.linkedin.com\/company\/canadamotorjobs"]},{"@type":"Person","@id":"https:\/\/news.canadamotorjobs.com\/#\/schema\/person\/51793d1f87d44011d7bcc2ed99269a90","name":"Benoit Charette","image":{"@type":"ImageObject","inLanguage":"fr-CA","@id":"https:\/\/news.canadamotorjobs.com\/#\/schema\/person\/image\/","url":"https:\/\/secure.gravatar.com\/avatar\/45f3d2eebcccd909668d7ce7ea7267b6?s=96&d=mm&r=g","contentUrl":"https:\/\/secure.gravatar.com\/avatar\/45f3d2eebcccd909668d7ce7ea7267b6?s=96&d=mm&r=g","caption":"Benoit Charette"},"description":"Benoit Charette \/ Propri\u00e9taire et r\u00e9dacteur en chef Benoit Charette pratique le journalisme automobile depuis bient\u00f4t 30 ans. Il a fait ses classes au c\u00f4t\u00e9 de Daniel H\u00e9raud et au Carnet de route de 1992 \u00e0 2001. Il est fondateur, copropri\u00e9taire et r\u00e9dacteur en chef de L\u2019Annuel de l\u2019automobile, qu\u2019il publie depuis 2001. Il a anim\u00e9 les \u00e9missions RPM et RPM+ sur V et les L\u00e9gendes de la route sur Historia. \u00c0 la radio depuis 1986, il reprend l\u2019antenne cette ann\u00e9e sur les ondes de Cogeco et participe pour la deuxi\u00e8me ann\u00e9e \u00e0 l\u2019\u00e9mission Passion Auto sur RDS en plus de mettre en ligne le site Web officiel de L\u2019Annuel de l\u2019automobile sur annuelauto.ca.","sameAs":["https:\/\/annuelauto.ca\/"],"url":"https:\/\/news.canadamotorjobs.com\/fr\/author\/benoit-charette\/"}]}},"_links":{"self":[{"href":"https:\/\/news.canadamotorjobs.com\/fr\/wp-json\/wp\/v2\/posts\/173700"}],"collection":[{"href":"https:\/\/news.canadamotorjobs.com\/fr\/wp-json\/wp\/v2\/posts"}],"about":[{"href":"https:\/\/news.canadamotorjobs.com\/fr\/wp-json\/wp\/v2\/types\/post"}],"author":[{"embeddable":true,"href":"https:\/\/news.canadamotorjobs.com\/fr\/wp-json\/wp\/v2\/users\/8"}],"replies":[{"embeddable":true,"href":"https:\/\/news.canadamotorjobs.com\/fr\/wp-json\/wp\/v2\/comments?post=173700"}],"version-history":[{"count":2,"href":"https:\/\/news.canadamotorjobs.com\/fr\/wp-json\/wp\/v2\/posts\/173700\/revisions"}],"predecessor-version":[{"id":173704,"href":"https:\/\/news.canadamotorjobs.com\/fr\/wp-json\/wp\/v2\/posts\/173700\/revisions\/173704"}],"wp:featuredmedia":[{"embeddable":true,"href":"https:\/\/news.canadamotorjobs.com\/fr\/wp-json\/wp\/v2\/media\/173702"}],"wp:attachment":[{"href":"https:\/\/news.canadamotorjobs.com\/fr\/wp-json\/wp\/v2\/media?parent=173700"}],"wp:term":[{"taxonomy":"category","embeddable":true,"href":"https:\/\/news.canadamotorjobs.com\/fr\/wp-json\/wp\/v2\/categories?post=173700"},{"taxonomy":"post_tag","embeddable":true,"href":"https:\/\/news.canadamotorjobs.com\/fr\/wp-json\/wp\/v2\/tags?post=173700"}],"curies":[{"name":"wp","href":"https:\/\/api.w.org\/{rel}","templated":true}]}}