{"id":173681,"date":"2024-09-23T19:33:12","date_gmt":"2024-09-23T23:33:12","guid":{"rendered":"https:\/\/news.canadamotorjobs.com\/?p=173681"},"modified":"2024-09-23T19:59:14","modified_gmt":"2024-09-23T23:59:14","slug":"nissan-celebre-les-40-ans-de-nismo","status":"publish","type":"post","link":"https:\/\/news.canadamotorjobs.com\/fr\/nissan-celebre-les-40-ans-de-nismo\/","title":{"rendered":"Nissan c\u00e9l\u00e8bre les 40 ans de Nismo"},"content":{"rendered":"<\/p>\n<p>L\u2019heure est aux c\u00e9l\u00e9brations chez Nismo. Depuis maintenant quatre d\u00e9cennies, cette filiale de <a href=\"https:\/\/annuelauto.ca\/le-nissan-kicks-debute-a-27199-au-canada\/\" target=\"_blank\" rel=\"noopener noreferrer\">Nissan<\/a> se consacre au sport automobile sous toutes formes. Voil\u00e0 pourquoi, il y a quelques jours, le constructeur japonais a soulign\u00e9 son 40e anniversaire en inaugurant une exposition de ses mod\u00e8les marquants \u00e0 son si\u00e8ge social de Yokohama, au Japon.<\/p>\n<p>Depuis le 17 septembre et jusqu\u2019au 15 octobre, cette exposition pr\u00e9sente une palette de v\u00e9hicules de route et de piste associ\u00e9e \u00e0 cette marque c\u00e9l\u00e8bre. Deux tr\u00e8s rares Nismo 270R et 400R c\u00f4toient ainsi trois ic\u00f4nes des grands circuits\u00a0: la Nissan R390 GT1, qui a d\u00e9croch\u00e9 la troisi\u00e8me place aux 24\u00a0Heures du Mans en 1998; la R91CP, qui a remport\u00e9 les 24\u00a0Heures de Daytona en 1992 contre toute attente; enfin, la Calsonic Skyline GT-R de groupe\u00a0A, vedette incontest\u00e9e du championnat japonais des voitures de tourisme (JTCC).<\/p>\n<p>\u00c0 leurs c\u00f4t\u00e9s, les visiteurs peuvent admirer l\u2019<a href=\"https:\/\/annuelauto.ca\/nissan-murano-2025-un-ariya-a-essence\/\" target=\"_blank\" rel=\"noopener noreferrer\">Ariya<\/a> Nismo, l\u2019Aura Nismo et la Fairlady\u00a0<a href=\"https:\/\/annuelauto.ca\/76-000-pour-la-nissan-z-nismo\/\" target=\"_blank\" rel=\"noopener noreferrer\">Z Nismo<\/a>, trois mod\u00e8les de s\u00e9rie contemporains que Nissan propose \u00e0 sa client\u00e8le nipponne.<\/p>\n<h3><strong>Plus de Nismo au Canada bient\u00f4t ?<\/strong><\/h3>\n<p>\nFiliale \u00e0 part enti\u00e8re de Nissan, Nismo a commenc\u00e9 ses activit\u00e9s le 17\u00a0septembre\u00a01984. Avec cette nouvelle entit\u00e9, le constructeur souhaitait desservir le monde de la course automobile et les \u00e9curies. Son appellation est d\u2019ailleurs issue de la contraction de Nissan et Motorsports.<\/p>\n<p>Au moment d\u2019inaugurer l\u2019exposition de Yokohama, le directeur de la division de sport automobile de Nissan et pr\u00e9sident de Nissan Motorsports &amp; Customizing Co. (NMC), Takao Katagiri, a d\u00e9crit ainsi la raison d\u2019\u00eatre de Nismo\u00a0: \u00ab\u00a0Notre objectif est d&#8217;offrir de l&#8217;exaltation aux admirateurs sur les circuits, en plus d&#8217;int\u00e9grer les enseignements tir\u00e9s sur les pistes de course dans des produits que nos clients peuvent acheter.\u00a0\u00bb<\/p>\n<p>Il a ajout\u00e9 : \u00ab Par ailleurs, notre objectif \u00e0 long terme est d&#8217;\u00e9tendre progressivement notre activit\u00e9 \u00e0 l&#8217;\u00e9chelle mondiale, en proposant des mod\u00e8les Nismo toujours plus excitants aux clients du monde entier. \u00bb La marque Nismo sera-t-elle bient\u00f4t plus pr\u00e9sente sur le march\u00e9 canadien ? Voil\u00e0 une autre histoire \u00e0 suivre.<\/p>\n<p><em>Photos : Nissan<\/em><\/p>\n<p>Le texte <a rel=\"nofollow\" href=\"https:\/\/annuelauto.ca\/nissan-celebre-les-40-ans-de-nismo\/\">Nissan c\u00e9l\u00e8bre les 40 ans de Nismo<\/a> provient de <a rel=\"nofollow\" href=\"https:\/\/annuelauto.ca\">L&#8217;annuel de l&#8217;automobile &#8211; Actualit\u00e9 automobile<\/a><\/p>\n<p><\/p>\n","protected":false},"excerpt":{"rendered":"<p>L\u2019heure est aux c\u00e9l\u00e9brations chez Nismo. Depuis maintenant quatre d\u00e9cennies, cette filiale de Nissan se consacre au sport automobile sous toutes formes. Voil\u00e0 pourquoi, il y a quelques jours, le constructeur japonais a soulign\u00e9 son 40e anniversaire en inaugurant une exposition de ses mod\u00e8les marquants \u00e0 son si\u00e8ge social de Yokohama, au Japon. Depuis le [&hellip;]<\/p>\n","protected":false},"author":8,"featured_media":173683,"comment_status":"close","ping_status":"closed","sticky":false,"template":"","format":"standard","meta":{"_monsterinsights_skip_tracking":false,"_monsterinsights_sitenote_active":false,"_monsterinsights_sitenote_note":"","_monsterinsights_sitenote_category":0,"footnotes":""},"categories":[101],"tags":[],"yoast_head":"<!-- This site is optimized with the Yoast SEO plugin v23.2 - https:\/\/yoast.com\/wordpress\/plugins\/seo\/ -->\n<title>Nissan c\u00e9l\u00e8bre les 40 ans de Nismo - CanadaMotorJobs.com<\/title>\n<meta name=\"description\" content=\"Nissan c\u00e9l\u00e8bre les 40 ans de Nismo - Benoit Charette - Annuel automobile - CanadaMotorJobs.com.\" \/>\n<meta name=\"robots\" content=\"index, follow, max-snippet:-1, max-image-preview:large, max-video-preview:-1\" \/>\n<meta property=\"og:locale\" content=\"fr_CA\" \/>\n<meta property=\"og:type\" content=\"article\" \/>\n<meta property=\"og:title\" content=\"Nissan c\u00e9l\u00e8bre les 40 ans de Nismo - CanadaMotorJobs.com\" \/>\n<meta property=\"og:description\" content=\"Nissan c\u00e9l\u00e8bre les 40 ans de Nismo - Benoit Charette - Annuel automobile - CanadaMotorJobs.com.\" \/>\n<meta property=\"og:url\" content=\"https:\/\/news.canadamotorjobs.com\/fr\/nissan-celebre-les-40-ans-de-nismo\/\" \/>\n<meta property=\"og:site_name\" content=\"CanadaMotorJobs.com\" \/>\n<meta property=\"article:publisher\" content=\"https:\/\/www.facebook.com\/canadamotorjobs\/\" \/>\n<meta property=\"article:published_time\" content=\"2024-09-23T23:33:12+00:00\" \/>\n<meta property=\"article:modified_time\" content=\"2024-09-23T23:59:14+00:00\" \/>\n<meta property=\"og:image\" content=\"https:\/\/news.canadamotorjobs.com\/wp-content\/uploads\/2024\/09\/NNismo-40e-6.jpg\" \/>\n\t<meta property=\"og:image:width\" content=\"1024\" \/>\n\t<meta property=\"og:image:height\" content=\"683\" \/>\n\t<meta property=\"og:image:type\" content=\"image\/jpeg\" \/>\n<meta name=\"author\" content=\"Benoit Charette\" \/>\n<meta name=\"twitter:card\" content=\"summary_large_image\" \/>\n<meta name=\"twitter:creator\" content=\"@canadamotorjobs\" \/>\n<meta name=\"twitter:site\" content=\"@canadamotorjobs\" \/>\n<meta name=\"twitter:label1\" content=\"\u00c9crit par\" \/>\n\t<meta name=\"twitter:data1\" content=\"Benoit Charette\" \/>\n\t<meta name=\"twitter:label2\" content=\"Estimation du temps de lecture\" \/>\n\t<meta name=\"twitter:data2\" content=\"2 minutes\" \/>\n<!-- \/ Yoast SEO plugin. -->","yoast_head_json":{"title":"Nissan c\u00e9l\u00e8bre les 40 ans de Nismo - CanadaMotorJobs.com","description":"Nissan c\u00e9l\u00e8bre les 40 ans de Nismo - Benoit Charette - Annuel automobile - CanadaMotorJobs.com.","robots":{"index":"index","follow":"follow","max-snippet":"max-snippet:-1","max-image-preview":"max-image-preview:large","max-video-preview":"max-video-preview:-1"},"og_locale":"fr_CA","og_type":"article","og_title":"Nissan c\u00e9l\u00e8bre les 40 ans de Nismo - CanadaMotorJobs.com","og_description":"Nissan c\u00e9l\u00e8bre les 40 ans de Nismo - Benoit Charette - Annuel automobile - CanadaMotorJobs.com.","og_url":"https:\/\/news.canadamotorjobs.com\/fr\/nissan-celebre-les-40-ans-de-nismo\/","og_site_name":"CanadaMotorJobs.com","article_publisher":"https:\/\/www.facebook.com\/canadamotorjobs\/","article_published_time":"2024-09-23T23:33:12+00:00","article_modified_time":"2024-09-23T23:59:14+00:00","og_image":[{"width":1024,"height":683,"url":"https:\/\/news.canadamotorjobs.com\/wp-content\/uploads\/2024\/09\/NNismo-40e-6.jpg","type":"image\/jpeg"}],"author":"Benoit Charette","twitter_card":"summary_large_image","twitter_creator":"@canadamotorjobs","twitter_site":"@canadamotorjobs","twitter_misc":{"\u00c9crit par":"Benoit Charette","Estimation du temps de lecture":"2 minutes"},"schema":{"@context":"https:\/\/schema.org","@graph":[{"@type":"Article","@id":"https:\/\/news.canadamotorjobs.com\/fr\/nissan-celebre-les-40-ans-de-nismo\/#article","isPartOf":{"@id":"https:\/\/news.canadamotorjobs.com\/fr\/nissan-celebre-les-40-ans-de-nismo\/"},"author":{"name":"Benoit Charette","@id":"https:\/\/news.canadamotorjobs.com\/#\/schema\/person\/51793d1f87d44011d7bcc2ed99269a90"},"headline":"Nissan c\u00e9l\u00e8bre les 40 ans de Nismo","datePublished":"2024-09-23T23:33:12+00:00","dateModified":"2024-09-23T23:59:14+00:00","mainEntityOfPage":{"@id":"https:\/\/news.canadamotorjobs.com\/fr\/nissan-celebre-les-40-ans-de-nismo\/"},"wordCount":392,"publisher":{"@id":"https:\/\/news.canadamotorjobs.com\/#organization"},"image":{"@id":"https:\/\/news.canadamotorjobs.com\/fr\/nissan-celebre-les-40-ans-de-nismo\/#primaryimage"},"thumbnailUrl":"https:\/\/news.canadamotorjobs.com\/wp-content\/uploads\/2024\/09\/NNismo-40e-6.jpg","articleSection":["Annuel automobile"],"inLanguage":"fr-CA"},{"@type":"WebPage","@id":"https:\/\/news.canadamotorjobs.com\/fr\/nissan-celebre-les-40-ans-de-nismo\/","url":"https:\/\/news.canadamotorjobs.com\/fr\/nissan-celebre-les-40-ans-de-nismo\/","name":"Nissan c\u00e9l\u00e8bre les 40 ans de Nismo - CanadaMotorJobs.com","isPartOf":{"@id":"https:\/\/news.canadamotorjobs.com\/#website"},"primaryImageOfPage":{"@id":"https:\/\/news.canadamotorjobs.com\/fr\/nissan-celebre-les-40-ans-de-nismo\/#primaryimage"},"image":{"@id":"https:\/\/news.canadamotorjobs.com\/fr\/nissan-celebre-les-40-ans-de-nismo\/#primaryimage"},"thumbnailUrl":"https:\/\/news.canadamotorjobs.com\/wp-content\/uploads\/2024\/09\/NNismo-40e-6.jpg","datePublished":"2024-09-23T23:33:12+00:00","dateModified":"2024-09-23T23:59:14+00:00","description":"Nissan c\u00e9l\u00e8bre les 40 ans de Nismo - Benoit Charette - Annuel automobile - CanadaMotorJobs.com.","breadcrumb":{"@id":"https:\/\/news.canadamotorjobs.com\/fr\/nissan-celebre-les-40-ans-de-nismo\/#breadcrumb"},"inLanguage":"fr-CA","potentialAction":[{"@type":"ReadAction","target":["https:\/\/news.canadamotorjobs.com\/fr\/nissan-celebre-les-40-ans-de-nismo\/"]}]},{"@type":"ImageObject","inLanguage":"fr-CA","@id":"https:\/\/news.canadamotorjobs.com\/fr\/nissan-celebre-les-40-ans-de-nismo\/#primaryimage","url":"https:\/\/news.canadamotorjobs.com\/wp-content\/uploads\/2024\/09\/NNismo-40e-6.jpg","contentUrl":"https:\/\/news.canadamotorjobs.com\/wp-content\/uploads\/2024\/09\/NNismo-40e-6.jpg","width":1024,"height":683},{"@type":"BreadcrumbList","@id":"https:\/\/news.canadamotorjobs.com\/fr\/nissan-celebre-les-40-ans-de-nismo\/#breadcrumb","itemListElement":[{"@type":"ListItem","position":1,"name":"Home","item":"https:\/\/news.canadamotorjobs.com\/fr\/blog\/"},{"@type":"ListItem","position":2,"name":"Nissan c\u00e9l\u00e8bre les 40 ans de Nismo"}]},{"@type":"WebSite","@id":"https:\/\/news.canadamotorjobs.com\/#website","url":"https:\/\/news.canadamotorjobs.com\/","name":"CanadaMotorJobs.com","description":"Automotive Jobs","publisher":{"@id":"https:\/\/news.canadamotorjobs.com\/#organization"},"potentialAction":[{"@type":"SearchAction","target":{"@type":"EntryPoint","urlTemplate":"https:\/\/news.canadamotorjobs.com\/?s={search_term_string}"},"query-input":"required name=search_term_string"}],"inLanguage":"fr-CA"},{"@type":"Organization","@id":"https:\/\/news.canadamotorjobs.com\/#organization","name":"Canada Motor Jobs","url":"https:\/\/news.canadamotorjobs.com\/","logo":{"@type":"ImageObject","inLanguage":"fr-CA","@id":"https:\/\/news.canadamotorjobs.com\/#\/schema\/logo\/image\/","url":"https:\/\/news.canadamotorjobs.com\/wp-content\/uploads\/2022\/10\/logo-canada-motor-jobs-1.png","contentUrl":"https:\/\/news.canadamotorjobs.com\/wp-content\/uploads\/2022\/10\/logo-canada-motor-jobs-1.png","width":800,"height":400,"caption":"Canada Motor Jobs"},"image":{"@id":"https:\/\/news.canadamotorjobs.com\/#\/schema\/logo\/image\/"},"sameAs":["https:\/\/www.facebook.com\/canadamotorjobs\/","https:\/\/x.com\/canadamotorjobs","https:\/\/www.instagram.com\/canadamotorjobs\/","https:\/\/www.linkedin.com\/company\/canadamotorjobs"]},{"@type":"Person","@id":"https:\/\/news.canadamotorjobs.com\/#\/schema\/person\/51793d1f87d44011d7bcc2ed99269a90","name":"Benoit Charette","image":{"@type":"ImageObject","inLanguage":"fr-CA","@id":"https:\/\/news.canadamotorjobs.com\/#\/schema\/person\/image\/","url":"https:\/\/secure.gravatar.com\/avatar\/45f3d2eebcccd909668d7ce7ea7267b6?s=96&d=mm&r=g","contentUrl":"https:\/\/secure.gravatar.com\/avatar\/45f3d2eebcccd909668d7ce7ea7267b6?s=96&d=mm&r=g","caption":"Benoit Charette"},"description":"Benoit Charette \/ Propri\u00e9taire et r\u00e9dacteur en chef Benoit Charette pratique le journalisme automobile depuis bient\u00f4t 30 ans. Il a fait ses classes au c\u00f4t\u00e9 de Daniel H\u00e9raud et au Carnet de route de 1992 \u00e0 2001. Il est fondateur, copropri\u00e9taire et r\u00e9dacteur en chef de L\u2019Annuel de l\u2019automobile, qu\u2019il publie depuis 2001. Il a anim\u00e9 les \u00e9missions RPM et RPM+ sur V et les L\u00e9gendes de la route sur Historia. \u00c0 la radio depuis 1986, il reprend l\u2019antenne cette ann\u00e9e sur les ondes de Cogeco et participe pour la deuxi\u00e8me ann\u00e9e \u00e0 l\u2019\u00e9mission Passion Auto sur RDS en plus de mettre en ligne le site Web officiel de L\u2019Annuel de l\u2019automobile sur annuelauto.ca.","sameAs":["https:\/\/annuelauto.ca\/"],"url":"https:\/\/news.canadamotorjobs.com\/fr\/author\/benoit-charette\/"}]}},"_links":{"self":[{"href":"https:\/\/news.canadamotorjobs.com\/fr\/wp-json\/wp\/v2\/posts\/173681"}],"collection":[{"href":"https:\/\/news.canadamotorjobs.com\/fr\/wp-json\/wp\/v2\/posts"}],"about":[{"href":"https:\/\/news.canadamotorjobs.com\/fr\/wp-json\/wp\/v2\/types\/post"}],"author":[{"embeddable":true,"href":"https:\/\/news.canadamotorjobs.com\/fr\/wp-json\/wp\/v2\/users\/8"}],"replies":[{"embeddable":true,"href":"https:\/\/news.canadamotorjobs.com\/fr\/wp-json\/wp\/v2\/comments?post=173681"}],"version-history":[{"count":2,"href":"https:\/\/news.canadamotorjobs.com\/fr\/wp-json\/wp\/v2\/posts\/173681\/revisions"}],"predecessor-version":[{"id":173685,"href":"https:\/\/news.canadamotorjobs.com\/fr\/wp-json\/wp\/v2\/posts\/173681\/revisions\/173685"}],"wp:featuredmedia":[{"embeddable":true,"href":"https:\/\/news.canadamotorjobs.com\/fr\/wp-json\/wp\/v2\/media\/173683"}],"wp:attachment":[{"href":"https:\/\/news.canadamotorjobs.com\/fr\/wp-json\/wp\/v2\/media?parent=173681"}],"wp:term":[{"taxonomy":"category","embeddable":true,"href":"https:\/\/news.canadamotorjobs.com\/fr\/wp-json\/wp\/v2\/categories?post=173681"},{"taxonomy":"post_tag","embeddable":true,"href":"https:\/\/news.canadamotorjobs.com\/fr\/wp-json\/wp\/v2\/tags?post=173681"}],"curies":[{"name":"wp","href":"https:\/\/api.w.org\/{rel}","templated":true}]}}