{"id":173658,"date":"2024-09-23T11:58:06","date_gmt":"2024-09-23T15:58:06","guid":{"rendered":"https:\/\/news.canadamotorjobs.com\/?p=173658"},"modified":"2024-09-23T11:59:18","modified_gmt":"2024-09-23T15:59:18","slug":"northvolt-licencie-1-600-employes-en-suede-mais-maintient-son-engagement-au-quebec","status":"publish","type":"post","link":"https:\/\/news.canadamotorjobs.com\/fr\/northvolt-licencie-1-600-employes-en-suede-mais-maintient-son-engagement-au-quebec\/","title":{"rendered":"Northvolt licencie 1 600 employ\u00e9s en Su\u00e8de mais maintient son engagement au Qu\u00e9bec"},"content":{"rendered":"<\/p>\n<p>Le fabricant su\u00e9dois de batteries, Northvolt, a annonc\u00e9 le licenciement de 1 600 employ\u00e9s en Su\u00e8de, soit un cinqui\u00e8me de son effectif, en raison de difficult\u00e9s financi\u00e8res. Cette mesure s\u2019inscrit dans une strat\u00e9gie visant \u00e0 \u00ab concentrer toute l\u2019\u00e9nergie et les investissements sur (son) c\u0153ur de m\u00e9tier \u00bb. Lundi, la soci\u00e9t\u00e9 a pr\u00e9cis\u00e9 que 1 000 emplois seront supprim\u00e9s \u00e0 Skellefte\u00e5, 400 \u00e0 V\u00e4ster\u00e5s et 200 \u00e0 Stockholm. Les licenciements feront l\u2019objet de n\u00e9gociations avec les syndicats concern\u00e9s.<\/p>\n<h3>Un ajustement face aux vents contraires du march\u00e9<\/h3>\n<p>\nLe pr\u00e9sident-directeur g\u00e9n\u00e9ral de Northvolt, Peter Carlsson, a d\u00e9clar\u00e9 dans un communiqu\u00e9 que \u00ab malgr\u00e9 le fort \u00e9lan global en faveur de l\u2019\u00e9lectrification \u00bb, l\u2019entreprise doit s\u2019assurer de prendre \u00ab les bonnes mesures au bon moment \u00bb pour faire face aux difficult\u00e9s du march\u00e9 automobile et au climat industriel g\u00e9n\u00e9ral. Dans le cadre de cette restructuration, Northvolt va suspendre le projet d\u2019agrandissement de son usine Northvolt Ett \u00e0 Skellefte\u00e5 et ralentir les programmes ainsi que l\u2019expansion de ses laboratoires \u00e0 V\u00e4ster\u00e5s.<\/p>\n<h3>Stockholm et la r\u00e9duction des besoins administratifs<\/h3>\n<p>\nCette r\u00e9duction des activit\u00e9s en Su\u00e8de entra\u00eenera une baisse des besoins administratifs, ce qui explique la suppression de postes au si\u00e8ge social de Stockholm.<\/p>\n<h3>Abandon de projets mais maintien de l\u2019engagement au Qu\u00e9bec<\/h3>\n<p>\nIl y a deux semaines, Northvolt a annonc\u00e9 l\u2019abandon de son projet de fabrication de cathodes \u00e0 Borl\u00e4nge, ainsi que la mise en pause des activit\u00e9s de cathodes dans son usine principale \u00e0 Skellefte\u00e5. Cependant, l\u2019entreprise maintient son engagement envers la construction de trois autres projets majeurs, dont une usine de cellules dans la r\u00e9gion de Montr\u00e9al. Le calendrier r\u00e9vis\u00e9 pour ces projets sera d\u00e9voil\u00e9 plus tard cet automne.<\/p>\n<h3>D\u00e9bats sur l\u2019allocation \u00e9nerg\u00e9tique au Qu\u00e9bec<\/h3>\n<p>\nLes difficult\u00e9s financi\u00e8res de Northvolt ont provoqu\u00e9 des d\u00e9bats \u00e0 l\u2019Assembl\u00e9e nationale du Qu\u00e9bec la semaine derni\u00e8re, concernant les blocs d\u2019\u00e9nergie r\u00e9serv\u00e9s pour la future usine qui sera construite \u00e0 Saint-Basile-le-Grand et McMasterville, en Mont\u00e9r\u00e9gie.<\/p>\n<p>Avec des renseignements de CTV News<\/p>\n<p>Le texte <a rel=\"nofollow\" href=\"https:\/\/annuelauto.ca\/northvolt-licencie-1-600-employes-en-suede-mais-maintient-son-engagement-au-quebec\/\">Northvolt licencie 1 600 employ\u00e9s en Su\u00e8de mais maintient son engagement au Qu\u00e9bec<\/a> provient de <a rel=\"nofollow\" href=\"https:\/\/annuelauto.ca\">L&#8217;annuel de l&#8217;automobile &#8211; Actualit\u00e9 automobile<\/a><\/p>\n<p><\/p>\n","protected":false},"excerpt":{"rendered":"<p>Le fabricant su\u00e9dois de batteries, Northvolt, a annonc\u00e9 le licenciement de 1 600 employ\u00e9s en Su\u00e8de, soit un cinqui\u00e8me de son effectif, en raison de difficult\u00e9s financi\u00e8res. Cette mesure s\u2019inscrit dans une strat\u00e9gie visant \u00e0 \u00ab concentrer toute l\u2019\u00e9nergie et les investissements sur (son) c\u0153ur de m\u00e9tier \u00bb. Lundi, la soci\u00e9t\u00e9 a pr\u00e9cis\u00e9 que 1 [&hellip;]<\/p>\n","protected":false},"author":8,"featured_media":173660,"comment_status":"close","ping_status":"closed","sticky":false,"template":"","format":"standard","meta":{"_monsterinsights_skip_tracking":false,"_monsterinsights_sitenote_active":false,"_monsterinsights_sitenote_note":"","_monsterinsights_sitenote_category":0,"footnotes":""},"categories":[101],"tags":[],"yoast_head":"<!-- This site is optimized with the Yoast SEO plugin v23.2 - https:\/\/yoast.com\/wordpress\/plugins\/seo\/ -->\n<title>Northvolt licencie 1 600 employ\u00e9s en Su\u00e8de mais maintient son engagement au Qu\u00e9bec - CanadaMotorJobs.com<\/title>\n<meta name=\"description\" content=\"Northvolt licencie 1 600 employ\u00e9s en Su\u00e8de mais maintient son engagement au Qu\u00e9bec - Benoit Charette - Annuel automobile - CanadaMotorJobs.com.\" \/>\n<meta name=\"robots\" content=\"index, follow, max-snippet:-1, max-image-preview:large, max-video-preview:-1\" \/>\n<meta property=\"og:locale\" content=\"fr_CA\" \/>\n<meta property=\"og:type\" content=\"article\" \/>\n<meta property=\"og:title\" content=\"Northvolt licencie 1 600 employ\u00e9s en Su\u00e8de mais maintient son engagement au Qu\u00e9bec - CanadaMotorJobs.com\" \/>\n<meta property=\"og:description\" content=\"Northvolt licencie 1 600 employ\u00e9s en Su\u00e8de mais maintient son engagement au Qu\u00e9bec - Benoit Charette - Annuel automobile - CanadaMotorJobs.com.\" \/>\n<meta property=\"og:url\" content=\"https:\/\/news.canadamotorjobs.com\/fr\/northvolt-licencie-1-600-employes-en-suede-mais-maintient-son-engagement-au-quebec\/\" \/>\n<meta property=\"og:site_name\" content=\"CanadaMotorJobs.com\" \/>\n<meta property=\"article:publisher\" content=\"https:\/\/www.facebook.com\/canadamotorjobs\/\" \/>\n<meta property=\"article:published_time\" content=\"2024-09-23T15:58:06+00:00\" \/>\n<meta property=\"article:modified_time\" content=\"2024-09-23T15:59:18+00:00\" \/>\n<meta property=\"og:image\" content=\"https:\/\/news.canadamotorjobs.com\/wp-content\/uploads\/2024\/09\/image-5.png\" \/>\n\t<meta property=\"og:image:width\" content=\"1200\" \/>\n\t<meta property=\"og:image:height\" content=\"750\" \/>\n\t<meta property=\"og:image:type\" content=\"image\/png\" \/>\n<meta name=\"author\" content=\"Benoit Charette\" \/>\n<meta name=\"twitter:card\" content=\"summary_large_image\" \/>\n<meta name=\"twitter:creator\" content=\"@canadamotorjobs\" \/>\n<meta name=\"twitter:site\" content=\"@canadamotorjobs\" \/>\n<meta name=\"twitter:label1\" content=\"\u00c9crit par\" \/>\n\t<meta name=\"twitter:data1\" content=\"Benoit Charette\" \/>\n\t<meta name=\"twitter:label2\" content=\"Estimation du temps de lecture\" \/>\n\t<meta name=\"twitter:data2\" content=\"2 minutes\" \/>\n<!-- \/ Yoast SEO plugin. -->","yoast_head_json":{"title":"Northvolt licencie 1 600 employ\u00e9s en Su\u00e8de mais maintient son engagement au Qu\u00e9bec - CanadaMotorJobs.com","description":"Northvolt licencie 1 600 employ\u00e9s en Su\u00e8de mais maintient son engagement au Qu\u00e9bec - Benoit Charette - Annuel automobile - CanadaMotorJobs.com.","robots":{"index":"index","follow":"follow","max-snippet":"max-snippet:-1","max-image-preview":"max-image-preview:large","max-video-preview":"max-video-preview:-1"},"og_locale":"fr_CA","og_type":"article","og_title":"Northvolt licencie 1 600 employ\u00e9s en Su\u00e8de mais maintient son engagement au Qu\u00e9bec - CanadaMotorJobs.com","og_description":"Northvolt licencie 1 600 employ\u00e9s en Su\u00e8de mais maintient son engagement au Qu\u00e9bec - Benoit Charette - Annuel automobile - CanadaMotorJobs.com.","og_url":"https:\/\/news.canadamotorjobs.com\/fr\/northvolt-licencie-1-600-employes-en-suede-mais-maintient-son-engagement-au-quebec\/","og_site_name":"CanadaMotorJobs.com","article_publisher":"https:\/\/www.facebook.com\/canadamotorjobs\/","article_published_time":"2024-09-23T15:58:06+00:00","article_modified_time":"2024-09-23T15:59:18+00:00","og_image":[{"width":1200,"height":750,"url":"https:\/\/news.canadamotorjobs.com\/wp-content\/uploads\/2024\/09\/image-5.png","type":"image\/png"}],"author":"Benoit Charette","twitter_card":"summary_large_image","twitter_creator":"@canadamotorjobs","twitter_site":"@canadamotorjobs","twitter_misc":{"\u00c9crit par":"Benoit Charette","Estimation du temps de lecture":"2 minutes"},"schema":{"@context":"https:\/\/schema.org","@graph":[{"@type":"Article","@id":"https:\/\/news.canadamotorjobs.com\/fr\/northvolt-licencie-1-600-employes-en-suede-mais-maintient-son-engagement-au-quebec\/#article","isPartOf":{"@id":"https:\/\/news.canadamotorjobs.com\/fr\/northvolt-licencie-1-600-employes-en-suede-mais-maintient-son-engagement-au-quebec\/"},"author":{"name":"Benoit Charette","@id":"https:\/\/news.canadamotorjobs.com\/#\/schema\/person\/51793d1f87d44011d7bcc2ed99269a90"},"headline":"Northvolt licencie 1 600 employ\u00e9s en Su\u00e8de mais maintient son engagement au Qu\u00e9bec","datePublished":"2024-09-23T15:58:06+00:00","dateModified":"2024-09-23T15:59:18+00:00","mainEntityOfPage":{"@id":"https:\/\/news.canadamotorjobs.com\/fr\/northvolt-licencie-1-600-employes-en-suede-mais-maintient-son-engagement-au-quebec\/"},"wordCount":405,"publisher":{"@id":"https:\/\/news.canadamotorjobs.com\/#organization"},"image":{"@id":"https:\/\/news.canadamotorjobs.com\/fr\/northvolt-licencie-1-600-employes-en-suede-mais-maintient-son-engagement-au-quebec\/#primaryimage"},"thumbnailUrl":"https:\/\/news.canadamotorjobs.com\/wp-content\/uploads\/2024\/09\/image-5.png","articleSection":["Annuel automobile"],"inLanguage":"fr-CA"},{"@type":"WebPage","@id":"https:\/\/news.canadamotorjobs.com\/fr\/northvolt-licencie-1-600-employes-en-suede-mais-maintient-son-engagement-au-quebec\/","url":"https:\/\/news.canadamotorjobs.com\/fr\/northvolt-licencie-1-600-employes-en-suede-mais-maintient-son-engagement-au-quebec\/","name":"Northvolt licencie 1 600 employ\u00e9s en Su\u00e8de mais maintient son engagement au Qu\u00e9bec - CanadaMotorJobs.com","isPartOf":{"@id":"https:\/\/news.canadamotorjobs.com\/#website"},"primaryImageOfPage":{"@id":"https:\/\/news.canadamotorjobs.com\/fr\/northvolt-licencie-1-600-employes-en-suede-mais-maintient-son-engagement-au-quebec\/#primaryimage"},"image":{"@id":"https:\/\/news.canadamotorjobs.com\/fr\/northvolt-licencie-1-600-employes-en-suede-mais-maintient-son-engagement-au-quebec\/#primaryimage"},"thumbnailUrl":"https:\/\/news.canadamotorjobs.com\/wp-content\/uploads\/2024\/09\/image-5.png","datePublished":"2024-09-23T15:58:06+00:00","dateModified":"2024-09-23T15:59:18+00:00","description":"Northvolt licencie 1 600 employ\u00e9s en Su\u00e8de mais maintient son engagement au Qu\u00e9bec - Benoit Charette - Annuel automobile - CanadaMotorJobs.com.","breadcrumb":{"@id":"https:\/\/news.canadamotorjobs.com\/fr\/northvolt-licencie-1-600-employes-en-suede-mais-maintient-son-engagement-au-quebec\/#breadcrumb"},"inLanguage":"fr-CA","potentialAction":[{"@type":"ReadAction","target":["https:\/\/news.canadamotorjobs.com\/fr\/northvolt-licencie-1-600-employes-en-suede-mais-maintient-son-engagement-au-quebec\/"]}]},{"@type":"ImageObject","inLanguage":"fr-CA","@id":"https:\/\/news.canadamotorjobs.com\/fr\/northvolt-licencie-1-600-employes-en-suede-mais-maintient-son-engagement-au-quebec\/#primaryimage","url":"https:\/\/news.canadamotorjobs.com\/wp-content\/uploads\/2024\/09\/image-5.png","contentUrl":"https:\/\/news.canadamotorjobs.com\/wp-content\/uploads\/2024\/09\/image-5.png","width":1200,"height":750},{"@type":"BreadcrumbList","@id":"https:\/\/news.canadamotorjobs.com\/fr\/northvolt-licencie-1-600-employes-en-suede-mais-maintient-son-engagement-au-quebec\/#breadcrumb","itemListElement":[{"@type":"ListItem","position":1,"name":"Home","item":"https:\/\/news.canadamotorjobs.com\/fr\/blog\/"},{"@type":"ListItem","position":2,"name":"Northvolt licencie 1 600 employ\u00e9s en Su\u00e8de mais maintient son engagement au Qu\u00e9bec"}]},{"@type":"WebSite","@id":"https:\/\/news.canadamotorjobs.com\/#website","url":"https:\/\/news.canadamotorjobs.com\/","name":"CanadaMotorJobs.com","description":"Automotive Jobs","publisher":{"@id":"https:\/\/news.canadamotorjobs.com\/#organization"},"potentialAction":[{"@type":"SearchAction","target":{"@type":"EntryPoint","urlTemplate":"https:\/\/news.canadamotorjobs.com\/?s={search_term_string}"},"query-input":"required name=search_term_string"}],"inLanguage":"fr-CA"},{"@type":"Organization","@id":"https:\/\/news.canadamotorjobs.com\/#organization","name":"Canada Motor Jobs","url":"https:\/\/news.canadamotorjobs.com\/","logo":{"@type":"ImageObject","inLanguage":"fr-CA","@id":"https:\/\/news.canadamotorjobs.com\/#\/schema\/logo\/image\/","url":"https:\/\/news.canadamotorjobs.com\/wp-content\/uploads\/2022\/10\/logo-canada-motor-jobs-1.png","contentUrl":"https:\/\/news.canadamotorjobs.com\/wp-content\/uploads\/2022\/10\/logo-canada-motor-jobs-1.png","width":800,"height":400,"caption":"Canada Motor Jobs"},"image":{"@id":"https:\/\/news.canadamotorjobs.com\/#\/schema\/logo\/image\/"},"sameAs":["https:\/\/www.facebook.com\/canadamotorjobs\/","https:\/\/x.com\/canadamotorjobs","https:\/\/www.instagram.com\/canadamotorjobs\/","https:\/\/www.linkedin.com\/company\/canadamotorjobs"]},{"@type":"Person","@id":"https:\/\/news.canadamotorjobs.com\/#\/schema\/person\/51793d1f87d44011d7bcc2ed99269a90","name":"Benoit Charette","image":{"@type":"ImageObject","inLanguage":"fr-CA","@id":"https:\/\/news.canadamotorjobs.com\/#\/schema\/person\/image\/","url":"https:\/\/secure.gravatar.com\/avatar\/45f3d2eebcccd909668d7ce7ea7267b6?s=96&d=mm&r=g","contentUrl":"https:\/\/secure.gravatar.com\/avatar\/45f3d2eebcccd909668d7ce7ea7267b6?s=96&d=mm&r=g","caption":"Benoit Charette"},"description":"Benoit Charette \/ Propri\u00e9taire et r\u00e9dacteur en chef Benoit Charette pratique le journalisme automobile depuis bient\u00f4t 30 ans. Il a fait ses classes au c\u00f4t\u00e9 de Daniel H\u00e9raud et au Carnet de route de 1992 \u00e0 2001. Il est fondateur, copropri\u00e9taire et r\u00e9dacteur en chef de L\u2019Annuel de l\u2019automobile, qu\u2019il publie depuis 2001. Il a anim\u00e9 les \u00e9missions RPM et RPM+ sur V et les L\u00e9gendes de la route sur Historia. \u00c0 la radio depuis 1986, il reprend l\u2019antenne cette ann\u00e9e sur les ondes de Cogeco et participe pour la deuxi\u00e8me ann\u00e9e \u00e0 l\u2019\u00e9mission Passion Auto sur RDS en plus de mettre en ligne le site Web officiel de L\u2019Annuel de l\u2019automobile sur annuelauto.ca.","sameAs":["https:\/\/annuelauto.ca\/"],"url":"https:\/\/news.canadamotorjobs.com\/fr\/author\/benoit-charette\/"}]}},"_links":{"self":[{"href":"https:\/\/news.canadamotorjobs.com\/fr\/wp-json\/wp\/v2\/posts\/173658"}],"collection":[{"href":"https:\/\/news.canadamotorjobs.com\/fr\/wp-json\/wp\/v2\/posts"}],"about":[{"href":"https:\/\/news.canadamotorjobs.com\/fr\/wp-json\/wp\/v2\/types\/post"}],"author":[{"embeddable":true,"href":"https:\/\/news.canadamotorjobs.com\/fr\/wp-json\/wp\/v2\/users\/8"}],"replies":[{"embeddable":true,"href":"https:\/\/news.canadamotorjobs.com\/fr\/wp-json\/wp\/v2\/comments?post=173658"}],"version-history":[{"count":2,"href":"https:\/\/news.canadamotorjobs.com\/fr\/wp-json\/wp\/v2\/posts\/173658\/revisions"}],"predecessor-version":[{"id":173662,"href":"https:\/\/news.canadamotorjobs.com\/fr\/wp-json\/wp\/v2\/posts\/173658\/revisions\/173662"}],"wp:featuredmedia":[{"embeddable":true,"href":"https:\/\/news.canadamotorjobs.com\/fr\/wp-json\/wp\/v2\/media\/173660"}],"wp:attachment":[{"href":"https:\/\/news.canadamotorjobs.com\/fr\/wp-json\/wp\/v2\/media?parent=173658"}],"wp:term":[{"taxonomy":"category","embeddable":true,"href":"https:\/\/news.canadamotorjobs.com\/fr\/wp-json\/wp\/v2\/categories?post=173658"},{"taxonomy":"post_tag","embeddable":true,"href":"https:\/\/news.canadamotorjobs.com\/fr\/wp-json\/wp\/v2\/tags?post=173658"}],"curies":[{"name":"wp","href":"https:\/\/api.w.org\/{rel}","templated":true}]}}