{"id":173589,"date":"2024-09-22T10:07:20","date_gmt":"2024-09-22T14:07:20","guid":{"rendered":"https:\/\/news.canadamotorjobs.com\/?p=173589"},"modified":"2024-09-22T10:14:18","modified_gmt":"2024-09-22T14:14:18","slug":"porsche-depose-un-brevet-pour-un-moteur-a-6-temps","status":"publish","type":"post","link":"https:\/\/news.canadamotorjobs.com\/fr\/porsche-depose-un-brevet-pour-un-moteur-a-6-temps\/","title":{"rendered":"Porsche d\u00e9pose un brevet pour un moteur \u00e0 6 temps"},"content":{"rendered":"<\/p>\n<p>Dans l&#8217;univers des moteurs thermiques, la norme est au moteur \u00e0 4 temps, sauf quelques exceptions comme les premi\u00e8res Saab. Mais Porsche, toujours en qu\u00eate d&#8217;innovation, s&#8217;aventure dans une nouvelle voie en d\u00e9posant un brevet pour un moteur \u00e0 6 temps. Ce brevet pourrait bien ouvrir la porte \u00e0 une nouvelle \u00e8re en mati\u00e8re de performance automobile.<\/p>\n<h3><strong>Qu&#8217;est-ce qu&#8217;un moteur \u00e0 4 temps ?<\/strong><\/h3>\n<p>\nLa majorit\u00e9 des voitures \u00e0 essence d&#8217;aujourd&#8217;hui sont \u00e9quip\u00e9es de moteurs \u00e0 4 temps. Ce type de moteur fonctionne selon un cycle qui se compose de quatre phases : admission, compression, combustion et \u00e9chappement. En termes simples, il faut deux rotations du vilebrequin pour que ce cycle soit complet, convertissant ainsi le carburant en \u00e9nergie m\u00e9canique.<\/p>\n<h3><strong>Le concept r\u00e9volutionnaire du moteur \u00e0 6 temps de Porsche<\/strong><\/h3>\n<p>\nLe brevet d\u00e9pos\u00e9 par Porsche, intitul\u00e9 \u00ab M\u00e9thode pour une machine \u00e0 combustion avec deux fois trois temps \u00bb, d\u00e9crit un moteur \u00e0 6 temps qui pourrait g\u00e9n\u00e9rer plus de puissance. D\u00e9voil\u00e9 par le bureau am\u00e9ricain des brevets et des marques (USPTO) le 12 septembre, ce brevet laisse entrevoir une nouvelle approche de l\u2019optimisation des moteurs thermiques.<\/p>\n<p>Dans ce moteur \u00e0 6 temps, une compression et un temps de puissance suppl\u00e9mentaires sont ajout\u00e9s en modifiant la longueur de la course des pistons. Gr\u00e2ce \u00e0 un syst\u00e8me d&#8217;engrenages excentriques, le point mort bas des pistons est plus profond, permettant ainsi d\u2019ajouter un autre cycle de combustion. L&#8217;id\u00e9e est de capturer plus d&#8217;air gr\u00e2ce \u00e0 des ports de balayage suppl\u00e9mentaires, avant d&#8217;injecter et d&#8217;enflammer plus de carburant.<\/p>\n<h3><strong>Plus de puissance, mais \u00e0 quel prix ?<\/strong><\/h3>\n<p>\nLe principal avantage de ce moteur est l\u2019ajout d\u2019un deuxi\u00e8me temps de puissance, ce qui signifie qu&#8217;au lieu d&#8217;une combustion pour quatre r\u00e9volutions de vilebrequin, on en aurait une toutes les trois r\u00e9volutions. Cette augmentation du rendement pourrait significativement am\u00e9liorer la puissance des moteurs.<\/p>\n<p>Cependant, une question reste en suspens : ce concept pourra-t-il respecter les normes actuelles en mati\u00e8re d\u2019\u00e9missions ? Rien n&#8217;est moins s\u00fbr. Mais l&#8217;histoire nous montre que certaines innovations, initialement jug\u00e9es peu pratiques, comme les moteurs \u00e0 taux de compression variable, ont finalement trouv\u00e9 leur place dans l&#8217;industrie automobile. Porsche pourrait bien avoir une carte ma\u00eetresse dans sa manche.<\/p>\n<p>Avec des renseignements de Motor Authority<\/p>\n<p>Le texte <a rel=\"nofollow\" href=\"https:\/\/annuelauto.ca\/porsche-depose-un-brevet-pour-un-moteur-a-6-temps\/\">Porsche d\u00e9pose un brevet pour un moteur \u00e0 6 temps<\/a> provient de <a rel=\"nofollow\" href=\"https:\/\/annuelauto.ca\">L&#8217;annuel de l&#8217;automobile &#8211; Actualit\u00e9 automobile<\/a><\/p>\n<p><\/p>\n","protected":false},"excerpt":{"rendered":"<p>Dans l&#8217;univers des moteurs thermiques, la norme est au moteur \u00e0 4 temps, sauf quelques exceptions comme les premi\u00e8res Saab. Mais Porsche, toujours en qu\u00eate d&#8217;innovation, s&#8217;aventure dans une nouvelle voie en d\u00e9posant un brevet pour un moteur \u00e0 6 temps. Ce brevet pourrait bien ouvrir la porte \u00e0 une nouvelle \u00e8re en mati\u00e8re de [&hellip;]<\/p>\n","protected":false},"author":8,"featured_media":173591,"comment_status":"close","ping_status":"closed","sticky":false,"template":"","format":"standard","meta":{"_monsterinsights_skip_tracking":false,"_monsterinsights_sitenote_active":false,"_monsterinsights_sitenote_note":"","_monsterinsights_sitenote_category":0,"footnotes":""},"categories":[101],"tags":[],"yoast_head":"<!-- This site is optimized with the Yoast SEO plugin v23.2 - https:\/\/yoast.com\/wordpress\/plugins\/seo\/ -->\n<title>Porsche d\u00e9pose un brevet pour un moteur \u00e0 6 temps - CanadaMotorJobs.com<\/title>\n<meta name=\"description\" content=\"Porsche d\u00e9pose un brevet pour un moteur \u00e0 6 temps - Benoit Charette - Annuel automobile - CanadaMotorJobs.com.\" \/>\n<meta name=\"robots\" content=\"index, follow, max-snippet:-1, max-image-preview:large, max-video-preview:-1\" \/>\n<meta property=\"og:locale\" content=\"fr_CA\" \/>\n<meta property=\"og:type\" content=\"article\" \/>\n<meta property=\"og:title\" content=\"Porsche d\u00e9pose un brevet pour un moteur \u00e0 6 temps - CanadaMotorJobs.com\" \/>\n<meta property=\"og:description\" content=\"Porsche d\u00e9pose un brevet pour un moteur \u00e0 6 temps - Benoit Charette - Annuel automobile - CanadaMotorJobs.com.\" \/>\n<meta property=\"og:url\" content=\"https:\/\/news.canadamotorjobs.com\/fr\/porsche-depose-un-brevet-pour-un-moteur-a-6-temps\/\" \/>\n<meta property=\"og:site_name\" content=\"CanadaMotorJobs.com\" \/>\n<meta property=\"article:publisher\" content=\"https:\/\/www.facebook.com\/canadamotorjobs\/\" \/>\n<meta property=\"article:published_time\" content=\"2024-09-22T14:07:20+00:00\" \/>\n<meta property=\"article:modified_time\" content=\"2024-09-22T14:14:18+00:00\" \/>\n<meta property=\"og:image\" content=\"https:\/\/news.canadamotorjobs.com\/wp-content\/uploads\/2024\/09\/Porsche_logo.svg_.png\" \/>\n\t<meta property=\"og:image:width\" content=\"1200\" \/>\n\t<meta property=\"og:image:height\" content=\"604\" \/>\n\t<meta property=\"og:image:type\" content=\"image\/png\" \/>\n<meta name=\"author\" content=\"Benoit Charette\" \/>\n<meta name=\"twitter:card\" content=\"summary_large_image\" \/>\n<meta name=\"twitter:creator\" content=\"@canadamotorjobs\" \/>\n<meta name=\"twitter:site\" content=\"@canadamotorjobs\" \/>\n<meta name=\"twitter:label1\" content=\"\u00c9crit par\" \/>\n\t<meta name=\"twitter:data1\" content=\"Benoit Charette\" \/>\n\t<meta name=\"twitter:label2\" content=\"Estimation du temps de lecture\" \/>\n\t<meta name=\"twitter:data2\" content=\"2 minutes\" \/>\n<!-- \/ Yoast SEO plugin. -->","yoast_head_json":{"title":"Porsche d\u00e9pose un brevet pour un moteur \u00e0 6 temps - CanadaMotorJobs.com","description":"Porsche d\u00e9pose un brevet pour un moteur \u00e0 6 temps - Benoit Charette - Annuel automobile - CanadaMotorJobs.com.","robots":{"index":"index","follow":"follow","max-snippet":"max-snippet:-1","max-image-preview":"max-image-preview:large","max-video-preview":"max-video-preview:-1"},"og_locale":"fr_CA","og_type":"article","og_title":"Porsche d\u00e9pose un brevet pour un moteur \u00e0 6 temps - CanadaMotorJobs.com","og_description":"Porsche d\u00e9pose un brevet pour un moteur \u00e0 6 temps - Benoit Charette - Annuel automobile - CanadaMotorJobs.com.","og_url":"https:\/\/news.canadamotorjobs.com\/fr\/porsche-depose-un-brevet-pour-un-moteur-a-6-temps\/","og_site_name":"CanadaMotorJobs.com","article_publisher":"https:\/\/www.facebook.com\/canadamotorjobs\/","article_published_time":"2024-09-22T14:07:20+00:00","article_modified_time":"2024-09-22T14:14:18+00:00","og_image":[{"width":1200,"height":604,"url":"https:\/\/news.canadamotorjobs.com\/wp-content\/uploads\/2024\/09\/Porsche_logo.svg_.png","type":"image\/png"}],"author":"Benoit Charette","twitter_card":"summary_large_image","twitter_creator":"@canadamotorjobs","twitter_site":"@canadamotorjobs","twitter_misc":{"\u00c9crit par":"Benoit Charette","Estimation du temps de lecture":"2 minutes"},"schema":{"@context":"https:\/\/schema.org","@graph":[{"@type":"Article","@id":"https:\/\/news.canadamotorjobs.com\/fr\/porsche-depose-un-brevet-pour-un-moteur-a-6-temps\/#article","isPartOf":{"@id":"https:\/\/news.canadamotorjobs.com\/fr\/porsche-depose-un-brevet-pour-un-moteur-a-6-temps\/"},"author":{"name":"Benoit Charette","@id":"https:\/\/news.canadamotorjobs.com\/#\/schema\/person\/51793d1f87d44011d7bcc2ed99269a90"},"headline":"Porsche d\u00e9pose un brevet pour un moteur \u00e0 6 temps","datePublished":"2024-09-22T14:07:20+00:00","dateModified":"2024-09-22T14:14:18+00:00","mainEntityOfPage":{"@id":"https:\/\/news.canadamotorjobs.com\/fr\/porsche-depose-un-brevet-pour-un-moteur-a-6-temps\/"},"wordCount":423,"publisher":{"@id":"https:\/\/news.canadamotorjobs.com\/#organization"},"image":{"@id":"https:\/\/news.canadamotorjobs.com\/fr\/porsche-depose-un-brevet-pour-un-moteur-a-6-temps\/#primaryimage"},"thumbnailUrl":"https:\/\/news.canadamotorjobs.com\/wp-content\/uploads\/2024\/09\/Porsche_logo.svg_.png","articleSection":["Annuel automobile"],"inLanguage":"fr-CA"},{"@type":"WebPage","@id":"https:\/\/news.canadamotorjobs.com\/fr\/porsche-depose-un-brevet-pour-un-moteur-a-6-temps\/","url":"https:\/\/news.canadamotorjobs.com\/fr\/porsche-depose-un-brevet-pour-un-moteur-a-6-temps\/","name":"Porsche d\u00e9pose un brevet pour un moteur \u00e0 6 temps - CanadaMotorJobs.com","isPartOf":{"@id":"https:\/\/news.canadamotorjobs.com\/#website"},"primaryImageOfPage":{"@id":"https:\/\/news.canadamotorjobs.com\/fr\/porsche-depose-un-brevet-pour-un-moteur-a-6-temps\/#primaryimage"},"image":{"@id":"https:\/\/news.canadamotorjobs.com\/fr\/porsche-depose-un-brevet-pour-un-moteur-a-6-temps\/#primaryimage"},"thumbnailUrl":"https:\/\/news.canadamotorjobs.com\/wp-content\/uploads\/2024\/09\/Porsche_logo.svg_.png","datePublished":"2024-09-22T14:07:20+00:00","dateModified":"2024-09-22T14:14:18+00:00","description":"Porsche d\u00e9pose un brevet pour un moteur \u00e0 6 temps - Benoit Charette - Annuel automobile - CanadaMotorJobs.com.","breadcrumb":{"@id":"https:\/\/news.canadamotorjobs.com\/fr\/porsche-depose-un-brevet-pour-un-moteur-a-6-temps\/#breadcrumb"},"inLanguage":"fr-CA","potentialAction":[{"@type":"ReadAction","target":["https:\/\/news.canadamotorjobs.com\/fr\/porsche-depose-un-brevet-pour-un-moteur-a-6-temps\/"]}]},{"@type":"ImageObject","inLanguage":"fr-CA","@id":"https:\/\/news.canadamotorjobs.com\/fr\/porsche-depose-un-brevet-pour-un-moteur-a-6-temps\/#primaryimage","url":"https:\/\/news.canadamotorjobs.com\/wp-content\/uploads\/2024\/09\/Porsche_logo.svg_.png","contentUrl":"https:\/\/news.canadamotorjobs.com\/wp-content\/uploads\/2024\/09\/Porsche_logo.svg_.png","width":1200,"height":604},{"@type":"BreadcrumbList","@id":"https:\/\/news.canadamotorjobs.com\/fr\/porsche-depose-un-brevet-pour-un-moteur-a-6-temps\/#breadcrumb","itemListElement":[{"@type":"ListItem","position":1,"name":"Home","item":"https:\/\/news.canadamotorjobs.com\/fr\/blog\/"},{"@type":"ListItem","position":2,"name":"Porsche d\u00e9pose un brevet pour un moteur \u00e0 6 temps"}]},{"@type":"WebSite","@id":"https:\/\/news.canadamotorjobs.com\/#website","url":"https:\/\/news.canadamotorjobs.com\/","name":"CanadaMotorJobs.com","description":"Automotive Jobs","publisher":{"@id":"https:\/\/news.canadamotorjobs.com\/#organization"},"potentialAction":[{"@type":"SearchAction","target":{"@type":"EntryPoint","urlTemplate":"https:\/\/news.canadamotorjobs.com\/?s={search_term_string}"},"query-input":"required name=search_term_string"}],"inLanguage":"fr-CA"},{"@type":"Organization","@id":"https:\/\/news.canadamotorjobs.com\/#organization","name":"Canada Motor Jobs","url":"https:\/\/news.canadamotorjobs.com\/","logo":{"@type":"ImageObject","inLanguage":"fr-CA","@id":"https:\/\/news.canadamotorjobs.com\/#\/schema\/logo\/image\/","url":"https:\/\/news.canadamotorjobs.com\/wp-content\/uploads\/2022\/10\/logo-canada-motor-jobs-1.png","contentUrl":"https:\/\/news.canadamotorjobs.com\/wp-content\/uploads\/2022\/10\/logo-canada-motor-jobs-1.png","width":800,"height":400,"caption":"Canada Motor Jobs"},"image":{"@id":"https:\/\/news.canadamotorjobs.com\/#\/schema\/logo\/image\/"},"sameAs":["https:\/\/www.facebook.com\/canadamotorjobs\/","https:\/\/x.com\/canadamotorjobs","https:\/\/www.instagram.com\/canadamotorjobs\/","https:\/\/www.linkedin.com\/company\/canadamotorjobs"]},{"@type":"Person","@id":"https:\/\/news.canadamotorjobs.com\/#\/schema\/person\/51793d1f87d44011d7bcc2ed99269a90","name":"Benoit Charette","image":{"@type":"ImageObject","inLanguage":"fr-CA","@id":"https:\/\/news.canadamotorjobs.com\/#\/schema\/person\/image\/","url":"https:\/\/secure.gravatar.com\/avatar\/45f3d2eebcccd909668d7ce7ea7267b6?s=96&d=mm&r=g","contentUrl":"https:\/\/secure.gravatar.com\/avatar\/45f3d2eebcccd909668d7ce7ea7267b6?s=96&d=mm&r=g","caption":"Benoit Charette"},"description":"Benoit Charette \/ Propri\u00e9taire et r\u00e9dacteur en chef Benoit Charette pratique le journalisme automobile depuis bient\u00f4t 30 ans. Il a fait ses classes au c\u00f4t\u00e9 de Daniel H\u00e9raud et au Carnet de route de 1992 \u00e0 2001. Il est fondateur, copropri\u00e9taire et r\u00e9dacteur en chef de L\u2019Annuel de l\u2019automobile, qu\u2019il publie depuis 2001. Il a anim\u00e9 les \u00e9missions RPM et RPM+ sur V et les L\u00e9gendes de la route sur Historia. \u00c0 la radio depuis 1986, il reprend l\u2019antenne cette ann\u00e9e sur les ondes de Cogeco et participe pour la deuxi\u00e8me ann\u00e9e \u00e0 l\u2019\u00e9mission Passion Auto sur RDS en plus de mettre en ligne le site Web officiel de L\u2019Annuel de l\u2019automobile sur annuelauto.ca.","sameAs":["https:\/\/annuelauto.ca\/"],"url":"https:\/\/news.canadamotorjobs.com\/fr\/author\/benoit-charette\/"}]}},"_links":{"self":[{"href":"https:\/\/news.canadamotorjobs.com\/fr\/wp-json\/wp\/v2\/posts\/173589"}],"collection":[{"href":"https:\/\/news.canadamotorjobs.com\/fr\/wp-json\/wp\/v2\/posts"}],"about":[{"href":"https:\/\/news.canadamotorjobs.com\/fr\/wp-json\/wp\/v2\/types\/post"}],"author":[{"embeddable":true,"href":"https:\/\/news.canadamotorjobs.com\/fr\/wp-json\/wp\/v2\/users\/8"}],"replies":[{"embeddable":true,"href":"https:\/\/news.canadamotorjobs.com\/fr\/wp-json\/wp\/v2\/comments?post=173589"}],"version-history":[{"count":2,"href":"https:\/\/news.canadamotorjobs.com\/fr\/wp-json\/wp\/v2\/posts\/173589\/revisions"}],"predecessor-version":[{"id":173593,"href":"https:\/\/news.canadamotorjobs.com\/fr\/wp-json\/wp\/v2\/posts\/173589\/revisions\/173593"}],"wp:featuredmedia":[{"embeddable":true,"href":"https:\/\/news.canadamotorjobs.com\/fr\/wp-json\/wp\/v2\/media\/173591"}],"wp:attachment":[{"href":"https:\/\/news.canadamotorjobs.com\/fr\/wp-json\/wp\/v2\/media?parent=173589"}],"wp:term":[{"taxonomy":"category","embeddable":true,"href":"https:\/\/news.canadamotorjobs.com\/fr\/wp-json\/wp\/v2\/categories?post=173589"},{"taxonomy":"post_tag","embeddable":true,"href":"https:\/\/news.canadamotorjobs.com\/fr\/wp-json\/wp\/v2\/tags?post=173589"}],"curies":[{"name":"wp","href":"https:\/\/api.w.org\/{rel}","templated":true}]}}