{"id":173533,"date":"2024-09-20T10:37:09","date_gmt":"2024-09-20T14:37:09","guid":{"rendered":"https:\/\/news.canadamotorjobs.com\/?p=173533"},"modified":"2024-09-20T10:45:40","modified_gmt":"2024-09-20T14:45:40","slug":"le-vinfast-vf-3-fait-ses-debuts-a-lexterieur-du-vietnam","status":"publish","type":"post","link":"https:\/\/news.canadamotorjobs.com\/fr\/le-vinfast-vf-3-fait-ses-debuts-a-lexterieur-du-vietnam\/","title":{"rendered":"Le VinFast VF 3 fait ses d\u00e9buts \u00e0 l\u2019ext\u00e9rieur du Vietnam"},"content":{"rendered":"<\/p>\n<p>Pour la premi\u00e8re fois, VinFast va offrir son VF 3 \u00e0 l\u2019ext\u00e9rieur de ses fronti\u00e8res, aux consommateurs des Philippines. Le petit mod\u00e8le \u00e9lectrique est pr\u00e9vu pour l\u2019Am\u00e9rique du Nord \u2026 \u00e9ventuellement.<\/p>\n<p>Il est encore t\u00f4t pour savoir si l\u2019entreprise vietnamienne VinFast va r\u00e9ussir \u00e0 s\u2019implanter avec succ\u00e8s sur notre march\u00e9, mais elle progresse lentement, tant ici qu\u2019\u00e0 l\u2019\u00e9chelle plan\u00e9taire.<\/p>\n<p>Et pour la premi\u00e8re fois de son histoire, elle va offrir son plus petit mod\u00e8le, et aussi son plus abordable, le VF 3, \u00e0 l\u2019ext\u00e9rieur de ses fronti\u00e8res. Les consommateurs des Philippines peuvent maintenant commander le petit VUS.<\/p>\n<p>Le geste repr\u00e9sente une \u00e9tape clef pour le constructeur.<\/p>\n<p>Du 19 au 30 septembre, les premiers clients philippins qui r\u00e9serveront le VF 3 pourront profiter de plusieurs avantages exclusifs, notamment un prix sp\u00e9cial de 605 000 pesos avec l\u2019abonnement \u00e0 la batterie, ou de 705 000 pesos avec la batterie incluse. Cela repr\u00e9sente des prix de 14 600 $ et de 17 200 $ en devises canadiennes.<\/p>\n<p>\u00a0Une fois cette offre de lancement pass\u00e9e, les prix reviendront \u00e0 leur tarif de base, soit 645 000 pesos et 745 000 pesos (15 350 $ CA et 18 000 $ CA).<\/p>\n<p>\u00c9videmment, on ne peut pr\u00e9sumer que les prix canadiens seraient \u00e9quivalents, mais \u00e7a donne quand m\u00eame une id\u00e9e du caract\u00e8re abordable du mod\u00e8le. Et oubliez l\u2019abonnement \u00e0 la batterie ; l\u2019id\u00e9e n\u2019a pas fait fureur chez nous avec le VF 8.<\/p>\n<p>Fait amusant, la compagnie mentionne que les clients qui r\u00e9servent un VF 3 lors de la p\u00e9riode mentionn\u00e9e pourront choisir parmi les neuf couleurs offertes, dont cinq sont normalement des options. Apr\u00e8s le 30 septembre, il en co\u00fbtera 20 000 pesos pour une de ces teintes (environ 500 $ CA).<\/p>\n<p>Pour vous rappeler les dimensions de ce VUS, il s\u2019allonge sur 3190 mm, soit environ 700 mm de moins qu\u2019une Mini Cooper.<\/p>\n<p><\/p>\n<figure><img decoding=\"async\" src=\"https:\/\/news.canadamotorjobs.com\/wp-content\/uploads\/2024\/09\/vinfast-vf-3-mtl_8-5.jpg\" alt=\"Le VinFast VF 3, au Salon de l&#039;auto de Montr\u00e9al 2024\" \/><figcaption>Le VinFast VF 3, au Salon de l&#8217;auto de Montr\u00e9al 2024 | Auto123.com<\/figcaption><\/figure>\n<figure><img decoding=\"async\" src=\"https:\/\/news.canadamotorjobs.com\/wp-content\/uploads\/2024\/09\/vinfast-vf-3-mtl_6-1.jpg\" alt=\"Le VinFast VF 3, avant\" \/><figcaption>Le VinFast VF 3, avant | Auto123.com<\/figcaption><\/figure>\n<p>Et pourquoi est-ce que ce mod\u00e8le nous int\u00e9resse tant ? Parce que la compagnie a confirm\u00e9 qu\u2019il serait propos\u00e9 chez nous. Reste \u00e0 voir quand, car jusqu\u2019ici les promesses de l\u2019entreprise ont toujours mis plus de temps que pr\u00e9vu \u00e0 se r\u00e9aliser.<\/p>\n<p>Pour le moment, VinFast commercialise le VF 8, et les premiers VF 9 font leur apparition. Les VUS VF 6 et VF 7 sont aussi pr\u00e9vus, apr\u00e8s quoi le VF 3 suivrait. \u00a0<\/p>\n<p>Le march\u00e9 a besoin de v\u00e9hicules \u00e9lectriques abordables. On peut d\u2019ores et d\u00e9j\u00e0 affirmer qu\u2019un mod\u00e8le comme le VF 3 conna\u00eetrait un succ\u00e8s fou chez nous, \u00e0 condition que son prix d\u00e9fie vraiment celui de la concurrence.<\/p>\n<p><\/p>\n<p style=\"padding-top: 15px\">Contenu original de <a href=\"https:\/\/www.auto123.com\/fr\/actualites\/vinfast-vf3-lancement-philippines\/71845\/\">auto123<\/a>.<\/p>\n<p>Le texte <a rel=\"nofollow\" href=\"https:\/\/annuelauto.ca\/le-vinfast-vf-3-fait-ses-debuts-a-lexterieur-du-vietnam\/\">Le VinFast VF 3 fait ses d\u00e9buts \u00e0 l\u2019ext\u00e9rieur du Vietnam<\/a> provient de <a rel=\"nofollow\" href=\"https:\/\/annuelauto.ca\">L&#8217;annuel de l&#8217;automobile &#8211; Actualit\u00e9 automobile<\/a><\/p>\n<p><\/p>\n","protected":false},"excerpt":{"rendered":"<p>Pour la premi\u00e8re fois, VinFast va offrir son VF 3 \u00e0 l\u2019ext\u00e9rieur de ses fronti\u00e8res, aux consommateurs des Philippines. Le petit mod\u00e8le \u00e9lectrique est pr\u00e9vu pour l\u2019Am\u00e9rique du Nord \u2026 \u00e9ventuellement. Il est encore t\u00f4t pour savoir si l\u2019entreprise vietnamienne VinFast va r\u00e9ussir \u00e0 s\u2019implanter avec succ\u00e8s sur notre march\u00e9, mais elle progresse lentement, tant [&hellip;]<\/p>\n","protected":false},"author":8,"featured_media":173535,"comment_status":"close","ping_status":"closed","sticky":false,"template":"","format":"standard","meta":{"_monsterinsights_skip_tracking":false,"_monsterinsights_sitenote_active":false,"_monsterinsights_sitenote_note":"","_monsterinsights_sitenote_category":0,"footnotes":""},"categories":[101],"tags":[],"yoast_head":"<!-- This site is optimized with the Yoast SEO plugin v23.2 - https:\/\/yoast.com\/wordpress\/plugins\/seo\/ -->\n<title>Le VinFast VF 3 fait ses d\u00e9buts \u00e0 l\u2019ext\u00e9rieur du Vietnam - CanadaMotorJobs.com<\/title>\n<meta name=\"description\" content=\"Le VinFast VF 3 fait ses d\u00e9buts \u00e0 l\u2019ext\u00e9rieur du Vietnam - Benoit Charette - Annuel automobile - CanadaMotorJobs.com.\" \/>\n<meta name=\"robots\" content=\"index, follow, max-snippet:-1, max-image-preview:large, max-video-preview:-1\" \/>\n<meta property=\"og:locale\" content=\"fr_CA\" \/>\n<meta property=\"og:type\" content=\"article\" \/>\n<meta property=\"og:title\" content=\"Le VinFast VF 3 fait ses d\u00e9buts \u00e0 l\u2019ext\u00e9rieur du Vietnam - CanadaMotorJobs.com\" \/>\n<meta property=\"og:description\" content=\"Le VinFast VF 3 fait ses d\u00e9buts \u00e0 l\u2019ext\u00e9rieur du Vietnam - Benoit Charette - Annuel automobile - CanadaMotorJobs.com.\" \/>\n<meta property=\"og:url\" content=\"https:\/\/news.canadamotorjobs.com\/fr\/le-vinfast-vf-3-fait-ses-debuts-a-lexterieur-du-vietnam\/\" \/>\n<meta property=\"og:site_name\" content=\"CanadaMotorJobs.com\" \/>\n<meta property=\"article:publisher\" content=\"https:\/\/www.facebook.com\/canadamotorjobs\/\" \/>\n<meta property=\"article:published_time\" content=\"2024-09-20T14:37:09+00:00\" \/>\n<meta property=\"article:modified_time\" content=\"2024-09-20T14:45:40+00:00\" \/>\n<meta property=\"og:image\" content=\"https:\/\/news.canadamotorjobs.com\/wp-content\/uploads\/2024\/09\/vinfast-vf-3-mtl_8.jpg\" \/>\n\t<meta property=\"og:image:width\" content=\"1200\" \/>\n\t<meta property=\"og:image:height\" content=\"800\" \/>\n\t<meta property=\"og:image:type\" content=\"image\/jpeg\" \/>\n<meta name=\"author\" content=\"Benoit Charette\" \/>\n<meta name=\"twitter:card\" content=\"summary_large_image\" \/>\n<meta name=\"twitter:creator\" content=\"@canadamotorjobs\" \/>\n<meta name=\"twitter:site\" content=\"@canadamotorjobs\" \/>\n<meta name=\"twitter:label1\" content=\"\u00c9crit par\" \/>\n\t<meta name=\"twitter:data1\" content=\"Benoit Charette\" \/>\n\t<meta name=\"twitter:label2\" content=\"Estimation du temps de lecture\" \/>\n\t<meta name=\"twitter:data2\" content=\"2 minutes\" \/>\n<!-- \/ Yoast SEO plugin. -->","yoast_head_json":{"title":"Le VinFast VF 3 fait ses d\u00e9buts \u00e0 l\u2019ext\u00e9rieur du Vietnam - CanadaMotorJobs.com","description":"Le VinFast VF 3 fait ses d\u00e9buts \u00e0 l\u2019ext\u00e9rieur du Vietnam - Benoit Charette - Annuel automobile - CanadaMotorJobs.com.","robots":{"index":"index","follow":"follow","max-snippet":"max-snippet:-1","max-image-preview":"max-image-preview:large","max-video-preview":"max-video-preview:-1"},"og_locale":"fr_CA","og_type":"article","og_title":"Le VinFast VF 3 fait ses d\u00e9buts \u00e0 l\u2019ext\u00e9rieur du Vietnam - CanadaMotorJobs.com","og_description":"Le VinFast VF 3 fait ses d\u00e9buts \u00e0 l\u2019ext\u00e9rieur du Vietnam - Benoit Charette - Annuel automobile - CanadaMotorJobs.com.","og_url":"https:\/\/news.canadamotorjobs.com\/fr\/le-vinfast-vf-3-fait-ses-debuts-a-lexterieur-du-vietnam\/","og_site_name":"CanadaMotorJobs.com","article_publisher":"https:\/\/www.facebook.com\/canadamotorjobs\/","article_published_time":"2024-09-20T14:37:09+00:00","article_modified_time":"2024-09-20T14:45:40+00:00","og_image":[{"width":1200,"height":800,"url":"https:\/\/news.canadamotorjobs.com\/wp-content\/uploads\/2024\/09\/vinfast-vf-3-mtl_8.jpg","type":"image\/jpeg"}],"author":"Benoit Charette","twitter_card":"summary_large_image","twitter_creator":"@canadamotorjobs","twitter_site":"@canadamotorjobs","twitter_misc":{"\u00c9crit par":"Benoit Charette","Estimation du temps de lecture":"2 minutes"},"schema":{"@context":"https:\/\/schema.org","@graph":[{"@type":"Article","@id":"https:\/\/news.canadamotorjobs.com\/fr\/le-vinfast-vf-3-fait-ses-debuts-a-lexterieur-du-vietnam\/#article","isPartOf":{"@id":"https:\/\/news.canadamotorjobs.com\/fr\/le-vinfast-vf-3-fait-ses-debuts-a-lexterieur-du-vietnam\/"},"author":{"name":"Benoit Charette","@id":"https:\/\/news.canadamotorjobs.com\/#\/schema\/person\/51793d1f87d44011d7bcc2ed99269a90"},"headline":"Le VinFast VF 3 fait ses d\u00e9buts \u00e0 l\u2019ext\u00e9rieur du Vietnam","datePublished":"2024-09-20T14:37:09+00:00","dateModified":"2024-09-20T14:45:40+00:00","mainEntityOfPage":{"@id":"https:\/\/news.canadamotorjobs.com\/fr\/le-vinfast-vf-3-fait-ses-debuts-a-lexterieur-du-vietnam\/"},"wordCount":486,"publisher":{"@id":"https:\/\/news.canadamotorjobs.com\/#organization"},"image":{"@id":"https:\/\/news.canadamotorjobs.com\/fr\/le-vinfast-vf-3-fait-ses-debuts-a-lexterieur-du-vietnam\/#primaryimage"},"thumbnailUrl":"https:\/\/news.canadamotorjobs.com\/wp-content\/uploads\/2024\/09\/vinfast-vf-3-mtl_8.jpg","articleSection":["Annuel automobile"],"inLanguage":"fr-CA"},{"@type":"WebPage","@id":"https:\/\/news.canadamotorjobs.com\/fr\/le-vinfast-vf-3-fait-ses-debuts-a-lexterieur-du-vietnam\/","url":"https:\/\/news.canadamotorjobs.com\/fr\/le-vinfast-vf-3-fait-ses-debuts-a-lexterieur-du-vietnam\/","name":"Le VinFast VF 3 fait ses d\u00e9buts \u00e0 l\u2019ext\u00e9rieur du Vietnam - CanadaMotorJobs.com","isPartOf":{"@id":"https:\/\/news.canadamotorjobs.com\/#website"},"primaryImageOfPage":{"@id":"https:\/\/news.canadamotorjobs.com\/fr\/le-vinfast-vf-3-fait-ses-debuts-a-lexterieur-du-vietnam\/#primaryimage"},"image":{"@id":"https:\/\/news.canadamotorjobs.com\/fr\/le-vinfast-vf-3-fait-ses-debuts-a-lexterieur-du-vietnam\/#primaryimage"},"thumbnailUrl":"https:\/\/news.canadamotorjobs.com\/wp-content\/uploads\/2024\/09\/vinfast-vf-3-mtl_8.jpg","datePublished":"2024-09-20T14:37:09+00:00","dateModified":"2024-09-20T14:45:40+00:00","description":"Le VinFast VF 3 fait ses d\u00e9buts \u00e0 l\u2019ext\u00e9rieur du Vietnam - Benoit Charette - Annuel automobile - CanadaMotorJobs.com.","breadcrumb":{"@id":"https:\/\/news.canadamotorjobs.com\/fr\/le-vinfast-vf-3-fait-ses-debuts-a-lexterieur-du-vietnam\/#breadcrumb"},"inLanguage":"fr-CA","potentialAction":[{"@type":"ReadAction","target":["https:\/\/news.canadamotorjobs.com\/fr\/le-vinfast-vf-3-fait-ses-debuts-a-lexterieur-du-vietnam\/"]}]},{"@type":"ImageObject","inLanguage":"fr-CA","@id":"https:\/\/news.canadamotorjobs.com\/fr\/le-vinfast-vf-3-fait-ses-debuts-a-lexterieur-du-vietnam\/#primaryimage","url":"https:\/\/news.canadamotorjobs.com\/wp-content\/uploads\/2024\/09\/vinfast-vf-3-mtl_8.jpg","contentUrl":"https:\/\/news.canadamotorjobs.com\/wp-content\/uploads\/2024\/09\/vinfast-vf-3-mtl_8.jpg","width":1200,"height":800},{"@type":"BreadcrumbList","@id":"https:\/\/news.canadamotorjobs.com\/fr\/le-vinfast-vf-3-fait-ses-debuts-a-lexterieur-du-vietnam\/#breadcrumb","itemListElement":[{"@type":"ListItem","position":1,"name":"Home","item":"https:\/\/news.canadamotorjobs.com\/fr\/blog\/"},{"@type":"ListItem","position":2,"name":"Le VinFast VF 3 fait ses d\u00e9buts \u00e0 l\u2019ext\u00e9rieur du Vietnam"}]},{"@type":"WebSite","@id":"https:\/\/news.canadamotorjobs.com\/#website","url":"https:\/\/news.canadamotorjobs.com\/","name":"CanadaMotorJobs.com","description":"Automotive Jobs","publisher":{"@id":"https:\/\/news.canadamotorjobs.com\/#organization"},"potentialAction":[{"@type":"SearchAction","target":{"@type":"EntryPoint","urlTemplate":"https:\/\/news.canadamotorjobs.com\/?s={search_term_string}"},"query-input":"required name=search_term_string"}],"inLanguage":"fr-CA"},{"@type":"Organization","@id":"https:\/\/news.canadamotorjobs.com\/#organization","name":"Canada Motor Jobs","url":"https:\/\/news.canadamotorjobs.com\/","logo":{"@type":"ImageObject","inLanguage":"fr-CA","@id":"https:\/\/news.canadamotorjobs.com\/#\/schema\/logo\/image\/","url":"https:\/\/news.canadamotorjobs.com\/wp-content\/uploads\/2022\/10\/logo-canada-motor-jobs-1.png","contentUrl":"https:\/\/news.canadamotorjobs.com\/wp-content\/uploads\/2022\/10\/logo-canada-motor-jobs-1.png","width":800,"height":400,"caption":"Canada Motor Jobs"},"image":{"@id":"https:\/\/news.canadamotorjobs.com\/#\/schema\/logo\/image\/"},"sameAs":["https:\/\/www.facebook.com\/canadamotorjobs\/","https:\/\/x.com\/canadamotorjobs","https:\/\/www.instagram.com\/canadamotorjobs\/","https:\/\/www.linkedin.com\/company\/canadamotorjobs"]},{"@type":"Person","@id":"https:\/\/news.canadamotorjobs.com\/#\/schema\/person\/51793d1f87d44011d7bcc2ed99269a90","name":"Benoit Charette","image":{"@type":"ImageObject","inLanguage":"fr-CA","@id":"https:\/\/news.canadamotorjobs.com\/#\/schema\/person\/image\/","url":"https:\/\/secure.gravatar.com\/avatar\/45f3d2eebcccd909668d7ce7ea7267b6?s=96&d=mm&r=g","contentUrl":"https:\/\/secure.gravatar.com\/avatar\/45f3d2eebcccd909668d7ce7ea7267b6?s=96&d=mm&r=g","caption":"Benoit Charette"},"description":"Benoit Charette \/ Propri\u00e9taire et r\u00e9dacteur en chef Benoit Charette pratique le journalisme automobile depuis bient\u00f4t 30 ans. Il a fait ses classes au c\u00f4t\u00e9 de Daniel H\u00e9raud et au Carnet de route de 1992 \u00e0 2001. Il est fondateur, copropri\u00e9taire et r\u00e9dacteur en chef de L\u2019Annuel de l\u2019automobile, qu\u2019il publie depuis 2001. Il a anim\u00e9 les \u00e9missions RPM et RPM+ sur V et les L\u00e9gendes de la route sur Historia. \u00c0 la radio depuis 1986, il reprend l\u2019antenne cette ann\u00e9e sur les ondes de Cogeco et participe pour la deuxi\u00e8me ann\u00e9e \u00e0 l\u2019\u00e9mission Passion Auto sur RDS en plus de mettre en ligne le site Web officiel de L\u2019Annuel de l\u2019automobile sur annuelauto.ca.","sameAs":["https:\/\/annuelauto.ca\/"],"url":"https:\/\/news.canadamotorjobs.com\/fr\/author\/benoit-charette\/"}]}},"_links":{"self":[{"href":"https:\/\/news.canadamotorjobs.com\/fr\/wp-json\/wp\/v2\/posts\/173533"}],"collection":[{"href":"https:\/\/news.canadamotorjobs.com\/fr\/wp-json\/wp\/v2\/posts"}],"about":[{"href":"https:\/\/news.canadamotorjobs.com\/fr\/wp-json\/wp\/v2\/types\/post"}],"author":[{"embeddable":true,"href":"https:\/\/news.canadamotorjobs.com\/fr\/wp-json\/wp\/v2\/users\/8"}],"replies":[{"embeddable":true,"href":"https:\/\/news.canadamotorjobs.com\/fr\/wp-json\/wp\/v2\/comments?post=173533"}],"version-history":[{"count":3,"href":"https:\/\/news.canadamotorjobs.com\/fr\/wp-json\/wp\/v2\/posts\/173533\/revisions"}],"predecessor-version":[{"id":173564,"href":"https:\/\/news.canadamotorjobs.com\/fr\/wp-json\/wp\/v2\/posts\/173533\/revisions\/173564"}],"wp:featuredmedia":[{"embeddable":true,"href":"https:\/\/news.canadamotorjobs.com\/fr\/wp-json\/wp\/v2\/media\/173535"}],"wp:attachment":[{"href":"https:\/\/news.canadamotorjobs.com\/fr\/wp-json\/wp\/v2\/media?parent=173533"}],"wp:term":[{"taxonomy":"category","embeddable":true,"href":"https:\/\/news.canadamotorjobs.com\/fr\/wp-json\/wp\/v2\/categories?post=173533"},{"taxonomy":"post_tag","embeddable":true,"href":"https:\/\/news.canadamotorjobs.com\/fr\/wp-json\/wp\/v2\/tags?post=173533"}],"curies":[{"name":"wp","href":"https:\/\/api.w.org\/{rel}","templated":true}]}}