{"id":173433,"date":"2024-09-20T10:37:10","date_gmt":"2024-09-20T14:37:10","guid":{"rendered":"https:\/\/news.canadamotorjobs.com\/?p=173433"},"modified":"2024-09-20T10:44:58","modified_gmt":"2024-09-20T14:44:58","slug":"toyota-sassocie-avec-byd-pour-la-production-dun-modele-electrique-le-bz3c","status":"publish","type":"post","link":"https:\/\/news.canadamotorjobs.com\/fr\/toyota-sassocie-avec-byd-pour-la-production-dun-modele-electrique-le-bz3c\/","title":{"rendered":"Toyota s\u2019associe avec BYD pour la production d\u2019un mod\u00e8le \u00e9lectrique, le bZ3C"},"content":{"rendered":"<\/p>\n<p><strong>\u2022\u00a0\u00a0\u00a0 Le futur Toyota bZ3C 2025 sera \u00e9quip\u00e9 de la technologie chinoise d\u00e9velopp\u00e9e par BYD.<\/strong><\/p>\n<p>Le Toyota bZ3C cache des composants provenant presque exclusivement du constructeur chinois BYD (Build Your Dream). Selon le site CarNewsChina, le bZ3C, deuxi\u00e8me mod\u00e8le 100 % \u00e9lectrique de Toyota, utilisera les composants \u00e9lectroniques de BYD.<\/p>\n<p>Les images d\u2019homologation publi\u00e9es par le minist\u00e8re chinois de l\u2019Industrie et des Technologies de l\u2019information (MIIT) montrent que ce VUS aux allures de Prius restera quasiment inchang\u00e9 par rapport \u00e0 sa pr\u00e9sentation au Salon de l\u2019automobile de P\u00e9kin qui a eu lieu plus t\u00f4t cette ann\u00e9e.<\/p>\n<p><strong>Un moteur et des batteries sign\u00e9s BYD<\/strong><\/p>\n<p>La nouvelle de la publication chinoise indique que le VUS sera \u00e9quip\u00e9 d\u2019un moteur \u00e9lectrique unique de 200 kW, fourni par Fudi Power, une filiale \u00e0 part enti\u00e8re de BYD. La batterie qui alimente le bZ3C sera de type LFP (lithium-ion-phosphate) et sera fabriqu\u00e9e par Fin Dreams, la division de production de batteries de BYD. C\u2019est d\u2019ailleurs cette m\u00eame usine qui fabrique les batteries Blade, utilis\u00e9es par Tesla pour ses Model Y produits \u00e0 l\u2019usine de Berlin.<\/p>\n<p>Bien que Toyota n\u2019ait pas encore publi\u00e9 de chiffres officiels, l\u2019autonomie du bZ3C devrait se situer entre 500 et 600 km selon le cycle chinois (plus g\u00e9n\u00e9reux de 20 % \u00e0 30 % par rapport \u00e0 celui qui pr\u00e9vaut en Am\u00e9rique du Nord). Selon le MIIT, les dimensions du bZ3C seront de 4780 mm de longueur, 1886 mm de largeur, 1510 mm de hauteur, pour un poids total de 1920 kg. Les acheteurs pourront choisir entre des jantes de 18 ou de 21 pouces \u00e0 faible r\u00e9sistance, ainsi qu\u2019un syst\u00e8me Lidar optionnel mont\u00e9 sur le pare-brise, probablement destin\u00e9 \u00e0 am\u00e9liorer les capacit\u00e9s de conduite autonome.<\/p>\n<p><\/p>\n<figure><img decoding=\"async\" src=\"https:\/\/news.canadamotorjobs.com\/wp-content\/uploads\/2024\/09\/toyota-bz3c-china-000v-5.jpg\" alt=\"Toyota bZ3C 2025 (Chine), arri\u00e8re\" \/><figcaption>Toyota bZ3C 2025 (Chine), arri\u00e8re | Auto123.com<\/figcaption><\/figure>\n<figure><img decoding=\"async\" src=\"https:\/\/news.canadamotorjobs.com\/wp-content\/uploads\/2024\/09\/toyota-bz3c-china-000-1.jpg\" alt=\"Toyota bZ3C 2025 (Chine), trois quarts avant\" \/><figcaption>Toyota bZ3C 2025 (Chine), trois quarts avant | Auto123.com<\/figcaption><\/figure>\n<p><strong>Un design inspir\u00e9 de la Toyota Prius et du C-HR<\/strong><\/p>\n<p>Le design du bZ3C rappelle fortement celui de la Toyota Prius de derni\u00e8re g\u00e9n\u00e9ration. \u00c0 l\u2019arri\u00e8re, une barre lumineuse en forme de \u00ab C \u00bb traverse le hayon pour rejoindre les panneaux lat\u00e9raux, tandis qu\u2019un aileron prononc\u00e9 renforce l\u2019aspect sportif du VUS, rappelant \u00e9galement le C-HR.<\/p>\n<p>Bien qu\u2019aucune image officielle de l\u2019int\u00e9rieur n\u2019ait \u00e9t\u00e9 partag\u00e9e, les photos prises lors du salon de l\u2019automobile de P\u00e9kin en avril dernier r\u00e9v\u00e8lent une sellerie rouge sportive, avec un volant et un \u00e9cran conducteur semblables \u00e0 ceux du Toyota bZ4X.<\/p>\n<p>Une diff\u00e9rence notable r\u00e9side dans l\u2019\u00e9cran multim\u00e9dia flottant, qui aide \u00e0 d\u00e9gager la console centrale en repositionnant la station de recharge sans fil et les porte-gobelets.<\/p>\n<p><strong>Le bZ3C, une \u00e9volution du march\u00e9 des VUS \u00e9lectriques<\/strong><\/p>\n<p>Aucune information n\u2019a \u00e9t\u00e9 incluse dans les documents d\u2019homologation concernant le mod\u00e8le bZ3X, grand fr\u00e8re du bZ3C, bien qu\u2019il ait \u00e9t\u00e9 pr\u00e9sent\u00e9 simultan\u00e9ment au Salon de P\u00e9kin. Contrairement au bZ3C, le bZ3X devrait \u00eatre un mod\u00e8le beaucoup plus gros, en concurrence directe avec des v\u00e9hicules comme le Kia EV9.<\/p>\n<p>Selon CarNewsChina, la production du bZ3C commencera en Chine au quatri\u00e8me trimestre de 2024, et sa commercialisation l\u00e0-bas est pr\u00e9vue pour 2025. Il reste \u00e0 confirmer si le bZ3C sera exclusivement r\u00e9serv\u00e9 au march\u00e9 chinois.<\/p>\n<p><strong>Un impact mondial et des collaborations futures<\/strong><\/p>\n<p>Toyota envisagerait \u00e9galement de collaborer avec BYD pour int\u00e9grer leur technologie hybride rechargeable (PHEV) dans la prochaine g\u00e9n\u00e9ration de Toyota RAV4, selon de nombreuses rumeurs. L\u2019association entre Toyota et BYD marque une nouvelle \u00e9tape dans la transition vers l\u2019\u00e9lectrique. Avec le bZ3C, Toyota s\u2019appr\u00eate \u00e0 s\u2019attaquer au march\u00e9 des VUS \u00e9lectriques, domin\u00e9 par des concurrents comme le Tesla Model Y. Cette collaboration d\u00e9montre la volont\u00e9 de Toyota de rester comp\u00e9titif dans un march\u00e9 en pleine mutation, tout en profitant de la technologie avanc\u00e9e de BYD pour affiner son offre \u00e9lectrique.<\/p>\n<p><\/p>\n<figure><img decoding=\"async\" src=\"https:\/\/news.canadamotorjobs.com\/wp-content\/uploads\/2024\/09\/toyota-bz3c-china-001-1.jpg\" alt=\"Toyota bZ3C 2025 (Chine), version concept\" \/><figcaption>Toyota bZ3C 2025 (Chine), version concept | Auto123.com<\/figcaption><\/figure>\n<figure><img decoding=\"async\" src=\"https:\/\/news.canadamotorjobs.com\/wp-content\/uploads\/2024\/09\/toyota-bz3c-china-002-1.jpg\" alt=\"Toyota bZ3C 2025 (Chine), version concept\" \/><figcaption>Toyota bZ3C 2025 (Chine), version concept | Auto123.com<\/figcaption><\/figure>\n<p style=\"padding-top: 15px\">Contenu original de <a href=\"https:\/\/www.auto123.com\/fr\/actualites\/toyota-bz3c-2025-chine-technologie-byd\/71843\/\">auto123<\/a>.<\/p>\n<p>Le texte <a rel=\"nofollow\" href=\"https:\/\/annuelauto.ca\/toyota-sassocie-avec-byd-pour-la-production-dun-modele-electrique-le-bz3c\/\">Toyota s\u2019associe avec BYD pour la production d\u2019un mod\u00e8le \u00e9lectrique, le bZ3C<\/a> provient de <a rel=\"nofollow\" href=\"https:\/\/annuelauto.ca\">L&#8217;annuel de l&#8217;automobile &#8211; Actualit\u00e9 automobile<\/a><\/p>\n<p><\/p>\n","protected":false},"excerpt":{"rendered":"<p>\u2022\u00a0\u00a0\u00a0 Le futur Toyota bZ3C 2025 sera \u00e9quip\u00e9 de la technologie chinoise d\u00e9velopp\u00e9e par BYD. Le Toyota bZ3C cache des composants provenant presque exclusivement du constructeur chinois BYD (Build Your Dream). Selon le site CarNewsChina, le bZ3C, deuxi\u00e8me mod\u00e8le 100 % \u00e9lectrique de Toyota, utilisera les composants \u00e9lectroniques de BYD. Les images d\u2019homologation publi\u00e9es par [&hellip;]<\/p>\n","protected":false},"author":8,"featured_media":173435,"comment_status":"close","ping_status":"closed","sticky":false,"template":"","format":"standard","meta":{"_monsterinsights_skip_tracking":false,"_monsterinsights_sitenote_active":false,"_monsterinsights_sitenote_note":"","_monsterinsights_sitenote_category":0,"footnotes":""},"categories":[101],"tags":[],"yoast_head":"<!-- This site is optimized with the Yoast SEO plugin v23.2 - https:\/\/yoast.com\/wordpress\/plugins\/seo\/ -->\n<title>Toyota s\u2019associe avec BYD pour la production d\u2019un mod\u00e8le \u00e9lectrique, le bZ3C - CanadaMotorJobs.com<\/title>\n<meta name=\"description\" content=\"Toyota s\u2019associe avec BYD pour la production d\u2019un mod\u00e8le \u00e9lectrique, le bZ3C - Benoit Charette - Annuel automobile - CanadaMotorJobs.com.\" \/>\n<meta name=\"robots\" content=\"index, follow, max-snippet:-1, max-image-preview:large, max-video-preview:-1\" \/>\n<meta property=\"og:locale\" content=\"fr_CA\" \/>\n<meta property=\"og:type\" content=\"article\" \/>\n<meta property=\"og:title\" content=\"Toyota s\u2019associe avec BYD pour la production d\u2019un mod\u00e8le \u00e9lectrique, le bZ3C - CanadaMotorJobs.com\" \/>\n<meta property=\"og:description\" content=\"Toyota s\u2019associe avec BYD pour la production d\u2019un mod\u00e8le \u00e9lectrique, le bZ3C - Benoit Charette - Annuel automobile - CanadaMotorJobs.com.\" \/>\n<meta property=\"og:url\" content=\"https:\/\/news.canadamotorjobs.com\/fr\/toyota-sassocie-avec-byd-pour-la-production-dun-modele-electrique-le-bz3c\/\" \/>\n<meta property=\"og:site_name\" content=\"CanadaMotorJobs.com\" \/>\n<meta property=\"article:publisher\" content=\"https:\/\/www.facebook.com\/canadamotorjobs\/\" \/>\n<meta property=\"article:published_time\" content=\"2024-09-20T14:37:10+00:00\" \/>\n<meta property=\"article:modified_time\" content=\"2024-09-20T14:44:58+00:00\" \/>\n<meta property=\"og:image\" content=\"https:\/\/news.canadamotorjobs.com\/wp-content\/uploads\/2024\/09\/toyota-bz3c-china-000v.jpg\" \/>\n\t<meta property=\"og:image:width\" content=\"1200\" \/>\n\t<meta property=\"og:image:height\" content=\"675\" \/>\n\t<meta property=\"og:image:type\" content=\"image\/jpeg\" \/>\n<meta name=\"author\" content=\"Benoit Charette\" \/>\n<meta name=\"twitter:card\" content=\"summary_large_image\" \/>\n<meta name=\"twitter:creator\" content=\"@canadamotorjobs\" \/>\n<meta name=\"twitter:site\" content=\"@canadamotorjobs\" \/>\n<meta name=\"twitter:label1\" content=\"\u00c9crit par\" \/>\n\t<meta name=\"twitter:data1\" content=\"Benoit Charette\" \/>\n\t<meta name=\"twitter:label2\" content=\"Estimation du temps de lecture\" \/>\n\t<meta name=\"twitter:data2\" content=\"4 minutes\" \/>\n<!-- \/ Yoast SEO plugin. -->","yoast_head_json":{"title":"Toyota s\u2019associe avec BYD pour la production d\u2019un mod\u00e8le \u00e9lectrique, le bZ3C - CanadaMotorJobs.com","description":"Toyota s\u2019associe avec BYD pour la production d\u2019un mod\u00e8le \u00e9lectrique, le bZ3C - Benoit Charette - Annuel automobile - CanadaMotorJobs.com.","robots":{"index":"index","follow":"follow","max-snippet":"max-snippet:-1","max-image-preview":"max-image-preview:large","max-video-preview":"max-video-preview:-1"},"og_locale":"fr_CA","og_type":"article","og_title":"Toyota s\u2019associe avec BYD pour la production d\u2019un mod\u00e8le \u00e9lectrique, le bZ3C - CanadaMotorJobs.com","og_description":"Toyota s\u2019associe avec BYD pour la production d\u2019un mod\u00e8le \u00e9lectrique, le bZ3C - Benoit Charette - Annuel automobile - CanadaMotorJobs.com.","og_url":"https:\/\/news.canadamotorjobs.com\/fr\/toyota-sassocie-avec-byd-pour-la-production-dun-modele-electrique-le-bz3c\/","og_site_name":"CanadaMotorJobs.com","article_publisher":"https:\/\/www.facebook.com\/canadamotorjobs\/","article_published_time":"2024-09-20T14:37:10+00:00","article_modified_time":"2024-09-20T14:44:58+00:00","og_image":[{"width":1200,"height":675,"url":"https:\/\/news.canadamotorjobs.com\/wp-content\/uploads\/2024\/09\/toyota-bz3c-china-000v.jpg","type":"image\/jpeg"}],"author":"Benoit Charette","twitter_card":"summary_large_image","twitter_creator":"@canadamotorjobs","twitter_site":"@canadamotorjobs","twitter_misc":{"\u00c9crit par":"Benoit Charette","Estimation du temps de lecture":"4 minutes"},"schema":{"@context":"https:\/\/schema.org","@graph":[{"@type":"Article","@id":"https:\/\/news.canadamotorjobs.com\/fr\/toyota-sassocie-avec-byd-pour-la-production-dun-modele-electrique-le-bz3c\/#article","isPartOf":{"@id":"https:\/\/news.canadamotorjobs.com\/fr\/toyota-sassocie-avec-byd-pour-la-production-dun-modele-electrique-le-bz3c\/"},"author":{"name":"Benoit Charette","@id":"https:\/\/news.canadamotorjobs.com\/#\/schema\/person\/51793d1f87d44011d7bcc2ed99269a90"},"headline":"Toyota s\u2019associe avec BYD pour la production d\u2019un mod\u00e8le \u00e9lectrique, le bZ3C","datePublished":"2024-09-20T14:37:10+00:00","dateModified":"2024-09-20T14:44:58+00:00","mainEntityOfPage":{"@id":"https:\/\/news.canadamotorjobs.com\/fr\/toyota-sassocie-avec-byd-pour-la-production-dun-modele-electrique-le-bz3c\/"},"wordCount":742,"publisher":{"@id":"https:\/\/news.canadamotorjobs.com\/#organization"},"image":{"@id":"https:\/\/news.canadamotorjobs.com\/fr\/toyota-sassocie-avec-byd-pour-la-production-dun-modele-electrique-le-bz3c\/#primaryimage"},"thumbnailUrl":"https:\/\/news.canadamotorjobs.com\/wp-content\/uploads\/2024\/09\/toyota-bz3c-china-000v.jpg","articleSection":["Annuel automobile"],"inLanguage":"fr-CA"},{"@type":"WebPage","@id":"https:\/\/news.canadamotorjobs.com\/fr\/toyota-sassocie-avec-byd-pour-la-production-dun-modele-electrique-le-bz3c\/","url":"https:\/\/news.canadamotorjobs.com\/fr\/toyota-sassocie-avec-byd-pour-la-production-dun-modele-electrique-le-bz3c\/","name":"Toyota s\u2019associe avec BYD pour la production d\u2019un mod\u00e8le \u00e9lectrique, le bZ3C - CanadaMotorJobs.com","isPartOf":{"@id":"https:\/\/news.canadamotorjobs.com\/#website"},"primaryImageOfPage":{"@id":"https:\/\/news.canadamotorjobs.com\/fr\/toyota-sassocie-avec-byd-pour-la-production-dun-modele-electrique-le-bz3c\/#primaryimage"},"image":{"@id":"https:\/\/news.canadamotorjobs.com\/fr\/toyota-sassocie-avec-byd-pour-la-production-dun-modele-electrique-le-bz3c\/#primaryimage"},"thumbnailUrl":"https:\/\/news.canadamotorjobs.com\/wp-content\/uploads\/2024\/09\/toyota-bz3c-china-000v.jpg","datePublished":"2024-09-20T14:37:10+00:00","dateModified":"2024-09-20T14:44:58+00:00","description":"Toyota s\u2019associe avec BYD pour la production d\u2019un mod\u00e8le \u00e9lectrique, le bZ3C - Benoit Charette - Annuel automobile - CanadaMotorJobs.com.","breadcrumb":{"@id":"https:\/\/news.canadamotorjobs.com\/fr\/toyota-sassocie-avec-byd-pour-la-production-dun-modele-electrique-le-bz3c\/#breadcrumb"},"inLanguage":"fr-CA","potentialAction":[{"@type":"ReadAction","target":["https:\/\/news.canadamotorjobs.com\/fr\/toyota-sassocie-avec-byd-pour-la-production-dun-modele-electrique-le-bz3c\/"]}]},{"@type":"ImageObject","inLanguage":"fr-CA","@id":"https:\/\/news.canadamotorjobs.com\/fr\/toyota-sassocie-avec-byd-pour-la-production-dun-modele-electrique-le-bz3c\/#primaryimage","url":"https:\/\/news.canadamotorjobs.com\/wp-content\/uploads\/2024\/09\/toyota-bz3c-china-000v.jpg","contentUrl":"https:\/\/news.canadamotorjobs.com\/wp-content\/uploads\/2024\/09\/toyota-bz3c-china-000v.jpg","width":1200,"height":675},{"@type":"BreadcrumbList","@id":"https:\/\/news.canadamotorjobs.com\/fr\/toyota-sassocie-avec-byd-pour-la-production-dun-modele-electrique-le-bz3c\/#breadcrumb","itemListElement":[{"@type":"ListItem","position":1,"name":"Home","item":"https:\/\/news.canadamotorjobs.com\/fr\/blog\/"},{"@type":"ListItem","position":2,"name":"Toyota s\u2019associe avec BYD pour la production d\u2019un mod\u00e8le \u00e9lectrique, le bZ3C"}]},{"@type":"WebSite","@id":"https:\/\/news.canadamotorjobs.com\/#website","url":"https:\/\/news.canadamotorjobs.com\/","name":"CanadaMotorJobs.com","description":"Automotive Jobs","publisher":{"@id":"https:\/\/news.canadamotorjobs.com\/#organization"},"potentialAction":[{"@type":"SearchAction","target":{"@type":"EntryPoint","urlTemplate":"https:\/\/news.canadamotorjobs.com\/?s={search_term_string}"},"query-input":"required name=search_term_string"}],"inLanguage":"fr-CA"},{"@type":"Organization","@id":"https:\/\/news.canadamotorjobs.com\/#organization","name":"Canada Motor Jobs","url":"https:\/\/news.canadamotorjobs.com\/","logo":{"@type":"ImageObject","inLanguage":"fr-CA","@id":"https:\/\/news.canadamotorjobs.com\/#\/schema\/logo\/image\/","url":"https:\/\/news.canadamotorjobs.com\/wp-content\/uploads\/2022\/10\/logo-canada-motor-jobs-1.png","contentUrl":"https:\/\/news.canadamotorjobs.com\/wp-content\/uploads\/2022\/10\/logo-canada-motor-jobs-1.png","width":800,"height":400,"caption":"Canada Motor Jobs"},"image":{"@id":"https:\/\/news.canadamotorjobs.com\/#\/schema\/logo\/image\/"},"sameAs":["https:\/\/www.facebook.com\/canadamotorjobs\/","https:\/\/x.com\/canadamotorjobs","https:\/\/www.instagram.com\/canadamotorjobs\/","https:\/\/www.linkedin.com\/company\/canadamotorjobs"]},{"@type":"Person","@id":"https:\/\/news.canadamotorjobs.com\/#\/schema\/person\/51793d1f87d44011d7bcc2ed99269a90","name":"Benoit Charette","image":{"@type":"ImageObject","inLanguage":"fr-CA","@id":"https:\/\/news.canadamotorjobs.com\/#\/schema\/person\/image\/","url":"https:\/\/secure.gravatar.com\/avatar\/45f3d2eebcccd909668d7ce7ea7267b6?s=96&d=mm&r=g","contentUrl":"https:\/\/secure.gravatar.com\/avatar\/45f3d2eebcccd909668d7ce7ea7267b6?s=96&d=mm&r=g","caption":"Benoit Charette"},"description":"Benoit Charette \/ Propri\u00e9taire et r\u00e9dacteur en chef Benoit Charette pratique le journalisme automobile depuis bient\u00f4t 30 ans. Il a fait ses classes au c\u00f4t\u00e9 de Daniel H\u00e9raud et au Carnet de route de 1992 \u00e0 2001. Il est fondateur, copropri\u00e9taire et r\u00e9dacteur en chef de L\u2019Annuel de l\u2019automobile, qu\u2019il publie depuis 2001. Il a anim\u00e9 les \u00e9missions RPM et RPM+ sur V et les L\u00e9gendes de la route sur Historia. \u00c0 la radio depuis 1986, il reprend l\u2019antenne cette ann\u00e9e sur les ondes de Cogeco et participe pour la deuxi\u00e8me ann\u00e9e \u00e0 l\u2019\u00e9mission Passion Auto sur RDS en plus de mettre en ligne le site Web officiel de L\u2019Annuel de l\u2019automobile sur annuelauto.ca.","sameAs":["https:\/\/annuelauto.ca\/"],"url":"https:\/\/news.canadamotorjobs.com\/fr\/author\/benoit-charette\/"}]}},"_links":{"self":[{"href":"https:\/\/news.canadamotorjobs.com\/fr\/wp-json\/wp\/v2\/posts\/173433"}],"collection":[{"href":"https:\/\/news.canadamotorjobs.com\/fr\/wp-json\/wp\/v2\/posts"}],"about":[{"href":"https:\/\/news.canadamotorjobs.com\/fr\/wp-json\/wp\/v2\/types\/post"}],"author":[{"embeddable":true,"href":"https:\/\/news.canadamotorjobs.com\/fr\/wp-json\/wp\/v2\/users\/8"}],"replies":[{"embeddable":true,"href":"https:\/\/news.canadamotorjobs.com\/fr\/wp-json\/wp\/v2\/comments?post=173433"}],"version-history":[{"count":3,"href":"https:\/\/news.canadamotorjobs.com\/fr\/wp-json\/wp\/v2\/posts\/173433\/revisions"}],"predecessor-version":[{"id":173472,"href":"https:\/\/news.canadamotorjobs.com\/fr\/wp-json\/wp\/v2\/posts\/173433\/revisions\/173472"}],"wp:featuredmedia":[{"embeddable":true,"href":"https:\/\/news.canadamotorjobs.com\/fr\/wp-json\/wp\/v2\/media\/173435"}],"wp:attachment":[{"href":"https:\/\/news.canadamotorjobs.com\/fr\/wp-json\/wp\/v2\/media?parent=173433"}],"wp:term":[{"taxonomy":"category","embeddable":true,"href":"https:\/\/news.canadamotorjobs.com\/fr\/wp-json\/wp\/v2\/categories?post=173433"},{"taxonomy":"post_tag","embeddable":true,"href":"https:\/\/news.canadamotorjobs.com\/fr\/wp-json\/wp\/v2\/tags?post=173433"}],"curies":[{"name":"wp","href":"https:\/\/api.w.org\/{rel}","templated":true}]}}