{"id":173337,"date":"2024-09-20T04:46:22","date_gmt":"2024-09-20T08:46:22","guid":{"rendered":"https:\/\/news.canadamotorjobs.com\/?p=173337"},"modified":"2024-09-20T04:59:21","modified_gmt":"2024-09-20T08:59:21","slug":"des-voitures-volees-qui-financent-le-terrorisme","status":"publish","type":"post","link":"https:\/\/news.canadamotorjobs.com\/fr\/des-voitures-volees-qui-financent-le-terrorisme\/","title":{"rendered":"Des voitures vol\u00e9es qui financent le terrorisme"},"content":{"rendered":"<\/p>\n<p>Des millions de dollars en voitures vol\u00e9es sont exp\u00e9di\u00e9s depuis de nombreux ports en Am\u00e9rique du Nord. Les autorit\u00e9s am\u00e9ricaines, notamment les agents des douanes et de la protection des fronti\u00e8res (CBP), sont confront\u00e9es \u00e0 un d\u00e9fi de taille : emp\u00eacher l&#8217;exportation des voitures vol\u00e9es vers des destinations \u00e9trang\u00e8res. Un probl\u00e8me qui va bien au-del\u00e0 de simples vols, car des v\u00e9hicules de luxe serviraient \u00e0 financer des organisations terroristes.<\/p>\n<h3>La lutte contre le terrorisme : une nouvelle facette<\/h3>\n<p>\nOn parle moins souvent de la lutte contre le terrorisme ces derni\u00e8res ann\u00e9es, mais celle-ci se poursuit sous des formes parfois inattendues. Parmi ces nouvelles m\u00e9thodes de financement, les voitures vol\u00e9es joueraient un r\u00f4le crucial. Selon les informations rapport\u00e9es par <strong>Atlanta News First<\/strong>, des millions de dollars provenant de la vente de ces voitures de luxe seraient utilis\u00e9s pour financer des groupes terroristes \u00e0 l\u2019\u00e9tranger. Les voleurs ciblent en priorit\u00e9 des v\u00e9hicules de haute gamme, tels que Bentley, Ferrari et Rolls-Royce. Lors d\u2019une enqu\u00eate men\u00e9e avec les autorit\u00e9s, un container rempli d\u2019une Bentley Continental GTC et d\u2019un Lamborghini Urus a \u00e9t\u00e9 d\u00e9couvert. Ce dernier v\u00e9hicule avait \u00e9t\u00e9 vol\u00e9 dans une concession \u00e0 Miami.<\/p>\n<h3>Destination : le Moyen-Orient<\/h3>\n<p>\nLes voitures vol\u00e9es sont exp\u00e9di\u00e9es dans divers pays, notamment en Libye, en Jordanie, en Turquie et aux \u00c9mirats arabes unis. La vente de ces v\u00e9hicules g\u00e9n\u00e8re des millions de dollars, et ces sommes sont ensuite achemin\u00e9es vers l&#8217;\u00e9tranger, souvent pour financer des activit\u00e9s terroristes.<\/p>\n<h3>Un port sous haute surveillance<\/h3>\n<p>\nLe CBP tente de freiner cette activit\u00e9. Cependant, la t\u00e2che s\u2019annonce complexe. On cite dans une d\u00e9p\u00eache le port de Savannah, en Georgie, le troisi\u00e8me plus grand portail de conteneurs aux \u00c9tats-Unis, manipulant plus de 4,2 millions de conteneurs TEU chaque ann\u00e9e. Face \u00e0 un tel volume, retrouver des voitures vol\u00e9es s\u2019apparente \u00e0 chercher une aiguille dans une botte de foin. Malgr\u00e9 ces difficult\u00e9s, 72 v\u00e9hicules vol\u00e9s ont \u00e9t\u00e9 r\u00e9cup\u00e9r\u00e9s au port de Savannah en 2023. Leur valeur totale est estim\u00e9e \u00e0 environ 7 millions de dollars. Ce montant est uniquement attribuable au port sde Savannah. Il faut multiplier cela par tous les ports qui se trouve au Canada et aux \u00c9tats-Unis pour comprendre tr\u00e8s vite que les montants grimpent tr\u00e8s vite.<\/p>\n<h3>Conclusion<\/h3>\n<p>\nCette affaire met en lumi\u00e8re un circuit clandestin \u00e0 l&#8217;\u00e9chelle internationale, o\u00f9 des voitures vol\u00e9es aux \u00c9tats-Unis et au Canada financent des organisations terroristes \u00e0 l\u2019\u00e9tranger. Les efforts des autorit\u00e9s continuent, mais avec des ports tr\u00e8s actifs et un manque de volont\u00e9 d\u2019agir, ce sera une bataille difficile.<\/p>\n<p>Avec des renseignements de Carscoops<\/p>\n<p>Le texte <a rel=\"nofollow\" href=\"https:\/\/annuelauto.ca\/des-voitures-volees-qui-financent-le-terrorisme\/\">Des voitures vol\u00e9es qui financent le terrorisme<\/a> provient de <a rel=\"nofollow\" href=\"https:\/\/annuelauto.ca\">L&#8217;annuel de l&#8217;automobile &#8211; Actualit\u00e9 automobile<\/a><\/p>\n<p><\/p>\n","protected":false},"excerpt":{"rendered":"<p>Des millions de dollars en voitures vol\u00e9es sont exp\u00e9di\u00e9s depuis de nombreux ports en Am\u00e9rique du Nord. Les autorit\u00e9s am\u00e9ricaines, notamment les agents des douanes et de la protection des fronti\u00e8res (CBP), sont confront\u00e9es \u00e0 un d\u00e9fi de taille : emp\u00eacher l&#8217;exportation des voitures vol\u00e9es vers des destinations \u00e9trang\u00e8res. Un probl\u00e8me qui va bien au-del\u00e0 [&hellip;]<\/p>\n","protected":false},"author":8,"featured_media":173339,"comment_status":"close","ping_status":"closed","sticky":false,"template":"","format":"standard","meta":{"_monsterinsights_skip_tracking":false,"_monsterinsights_sitenote_active":false,"_monsterinsights_sitenote_note":"","_monsterinsights_sitenote_category":0,"footnotes":""},"categories":[101],"tags":[],"yoast_head":"<!-- This site is optimized with the Yoast SEO plugin v23.2 - https:\/\/yoast.com\/wordpress\/plugins\/seo\/ -->\n<title>Des voitures vol\u00e9es qui financent le terrorisme - CanadaMotorJobs.com<\/title>\n<meta name=\"description\" content=\"Des voitures vol\u00e9es qui financent le terrorisme - Benoit Charette - Annuel automobile - CanadaMotorJobs.com.\" \/>\n<meta name=\"robots\" content=\"index, follow, max-snippet:-1, max-image-preview:large, max-video-preview:-1\" \/>\n<meta property=\"og:locale\" content=\"fr_CA\" \/>\n<meta property=\"og:type\" content=\"article\" \/>\n<meta property=\"og:title\" content=\"Des voitures vol\u00e9es qui financent le terrorisme - CanadaMotorJobs.com\" \/>\n<meta property=\"og:description\" content=\"Des voitures vol\u00e9es qui financent le terrorisme - Benoit Charette - Annuel automobile - CanadaMotorJobs.com.\" \/>\n<meta property=\"og:url\" content=\"https:\/\/news.canadamotorjobs.com\/fr\/des-voitures-volees-qui-financent-le-terrorisme\/\" \/>\n<meta property=\"og:site_name\" content=\"CanadaMotorJobs.com\" \/>\n<meta property=\"article:publisher\" content=\"https:\/\/www.facebook.com\/canadamotorjobs\/\" \/>\n<meta property=\"article:published_time\" content=\"2024-09-20T08:46:22+00:00\" \/>\n<meta property=\"article:modified_time\" content=\"2024-09-20T08:59:21+00:00\" \/>\n<meta property=\"og:image\" content=\"https:\/\/news.canadamotorjobs.com\/wp-content\/uploads\/2024\/09\/msc-chicago-entering-savannah_001-scaled-1.jpg\" \/>\n\t<meta property=\"og:image:width\" content=\"2560\" \/>\n\t<meta property=\"og:image:height\" content=\"1756\" \/>\n\t<meta property=\"og:image:type\" content=\"image\/jpeg\" \/>\n<meta name=\"author\" content=\"Benoit Charette\" \/>\n<meta name=\"twitter:card\" content=\"summary_large_image\" \/>\n<meta name=\"twitter:creator\" content=\"@canadamotorjobs\" \/>\n<meta name=\"twitter:site\" content=\"@canadamotorjobs\" \/>\n<meta name=\"twitter:label1\" content=\"\u00c9crit par\" \/>\n\t<meta name=\"twitter:data1\" content=\"Benoit Charette\" \/>\n\t<meta name=\"twitter:label2\" content=\"Estimation du temps de lecture\" \/>\n\t<meta name=\"twitter:data2\" content=\"2 minutes\" \/>\n<!-- \/ Yoast SEO plugin. -->","yoast_head_json":{"title":"Des voitures vol\u00e9es qui financent le terrorisme - CanadaMotorJobs.com","description":"Des voitures vol\u00e9es qui financent le terrorisme - Benoit Charette - Annuel automobile - CanadaMotorJobs.com.","robots":{"index":"index","follow":"follow","max-snippet":"max-snippet:-1","max-image-preview":"max-image-preview:large","max-video-preview":"max-video-preview:-1"},"og_locale":"fr_CA","og_type":"article","og_title":"Des voitures vol\u00e9es qui financent le terrorisme - CanadaMotorJobs.com","og_description":"Des voitures vol\u00e9es qui financent le terrorisme - Benoit Charette - Annuel automobile - CanadaMotorJobs.com.","og_url":"https:\/\/news.canadamotorjobs.com\/fr\/des-voitures-volees-qui-financent-le-terrorisme\/","og_site_name":"CanadaMotorJobs.com","article_publisher":"https:\/\/www.facebook.com\/canadamotorjobs\/","article_published_time":"2024-09-20T08:46:22+00:00","article_modified_time":"2024-09-20T08:59:21+00:00","og_image":[{"width":2560,"height":1756,"url":"https:\/\/news.canadamotorjobs.com\/wp-content\/uploads\/2024\/09\/msc-chicago-entering-savannah_001-scaled-1.jpg","type":"image\/jpeg"}],"author":"Benoit Charette","twitter_card":"summary_large_image","twitter_creator":"@canadamotorjobs","twitter_site":"@canadamotorjobs","twitter_misc":{"\u00c9crit par":"Benoit Charette","Estimation du temps de lecture":"2 minutes"},"schema":{"@context":"https:\/\/schema.org","@graph":[{"@type":"Article","@id":"https:\/\/news.canadamotorjobs.com\/fr\/des-voitures-volees-qui-financent-le-terrorisme\/#article","isPartOf":{"@id":"https:\/\/news.canadamotorjobs.com\/fr\/des-voitures-volees-qui-financent-le-terrorisme\/"},"author":{"name":"Benoit Charette","@id":"https:\/\/news.canadamotorjobs.com\/#\/schema\/person\/51793d1f87d44011d7bcc2ed99269a90"},"headline":"Des voitures vol\u00e9es qui financent le terrorisme","datePublished":"2024-09-20T08:46:22+00:00","dateModified":"2024-09-20T08:59:21+00:00","mainEntityOfPage":{"@id":"https:\/\/news.canadamotorjobs.com\/fr\/des-voitures-volees-qui-financent-le-terrorisme\/"},"wordCount":496,"publisher":{"@id":"https:\/\/news.canadamotorjobs.com\/#organization"},"image":{"@id":"https:\/\/news.canadamotorjobs.com\/fr\/des-voitures-volees-qui-financent-le-terrorisme\/#primaryimage"},"thumbnailUrl":"https:\/\/news.canadamotorjobs.com\/wp-content\/uploads\/2024\/09\/msc-chicago-entering-savannah_001-scaled-1.jpg","articleSection":["Annuel automobile"],"inLanguage":"fr-CA"},{"@type":"WebPage","@id":"https:\/\/news.canadamotorjobs.com\/fr\/des-voitures-volees-qui-financent-le-terrorisme\/","url":"https:\/\/news.canadamotorjobs.com\/fr\/des-voitures-volees-qui-financent-le-terrorisme\/","name":"Des voitures vol\u00e9es qui financent le terrorisme - CanadaMotorJobs.com","isPartOf":{"@id":"https:\/\/news.canadamotorjobs.com\/#website"},"primaryImageOfPage":{"@id":"https:\/\/news.canadamotorjobs.com\/fr\/des-voitures-volees-qui-financent-le-terrorisme\/#primaryimage"},"image":{"@id":"https:\/\/news.canadamotorjobs.com\/fr\/des-voitures-volees-qui-financent-le-terrorisme\/#primaryimage"},"thumbnailUrl":"https:\/\/news.canadamotorjobs.com\/wp-content\/uploads\/2024\/09\/msc-chicago-entering-savannah_001-scaled-1.jpg","datePublished":"2024-09-20T08:46:22+00:00","dateModified":"2024-09-20T08:59:21+00:00","description":"Des voitures vol\u00e9es qui financent le terrorisme - Benoit Charette - Annuel automobile - CanadaMotorJobs.com.","breadcrumb":{"@id":"https:\/\/news.canadamotorjobs.com\/fr\/des-voitures-volees-qui-financent-le-terrorisme\/#breadcrumb"},"inLanguage":"fr-CA","potentialAction":[{"@type":"ReadAction","target":["https:\/\/news.canadamotorjobs.com\/fr\/des-voitures-volees-qui-financent-le-terrorisme\/"]}]},{"@type":"ImageObject","inLanguage":"fr-CA","@id":"https:\/\/news.canadamotorjobs.com\/fr\/des-voitures-volees-qui-financent-le-terrorisme\/#primaryimage","url":"https:\/\/news.canadamotorjobs.com\/wp-content\/uploads\/2024\/09\/msc-chicago-entering-savannah_001-scaled-1.jpg","contentUrl":"https:\/\/news.canadamotorjobs.com\/wp-content\/uploads\/2024\/09\/msc-chicago-entering-savannah_001-scaled-1.jpg","width":2560,"height":1756},{"@type":"BreadcrumbList","@id":"https:\/\/news.canadamotorjobs.com\/fr\/des-voitures-volees-qui-financent-le-terrorisme\/#breadcrumb","itemListElement":[{"@type":"ListItem","position":1,"name":"Home","item":"https:\/\/news.canadamotorjobs.com\/fr\/blog\/"},{"@type":"ListItem","position":2,"name":"Des voitures vol\u00e9es qui financent le terrorisme"}]},{"@type":"WebSite","@id":"https:\/\/news.canadamotorjobs.com\/#website","url":"https:\/\/news.canadamotorjobs.com\/","name":"CanadaMotorJobs.com","description":"Automotive Jobs","publisher":{"@id":"https:\/\/news.canadamotorjobs.com\/#organization"},"potentialAction":[{"@type":"SearchAction","target":{"@type":"EntryPoint","urlTemplate":"https:\/\/news.canadamotorjobs.com\/?s={search_term_string}"},"query-input":"required name=search_term_string"}],"inLanguage":"fr-CA"},{"@type":"Organization","@id":"https:\/\/news.canadamotorjobs.com\/#organization","name":"Canada Motor Jobs","url":"https:\/\/news.canadamotorjobs.com\/","logo":{"@type":"ImageObject","inLanguage":"fr-CA","@id":"https:\/\/news.canadamotorjobs.com\/#\/schema\/logo\/image\/","url":"https:\/\/news.canadamotorjobs.com\/wp-content\/uploads\/2022\/10\/logo-canada-motor-jobs-1.png","contentUrl":"https:\/\/news.canadamotorjobs.com\/wp-content\/uploads\/2022\/10\/logo-canada-motor-jobs-1.png","width":800,"height":400,"caption":"Canada Motor Jobs"},"image":{"@id":"https:\/\/news.canadamotorjobs.com\/#\/schema\/logo\/image\/"},"sameAs":["https:\/\/www.facebook.com\/canadamotorjobs\/","https:\/\/x.com\/canadamotorjobs","https:\/\/www.instagram.com\/canadamotorjobs\/","https:\/\/www.linkedin.com\/company\/canadamotorjobs"]},{"@type":"Person","@id":"https:\/\/news.canadamotorjobs.com\/#\/schema\/person\/51793d1f87d44011d7bcc2ed99269a90","name":"Benoit Charette","image":{"@type":"ImageObject","inLanguage":"fr-CA","@id":"https:\/\/news.canadamotorjobs.com\/#\/schema\/person\/image\/","url":"https:\/\/secure.gravatar.com\/avatar\/45f3d2eebcccd909668d7ce7ea7267b6?s=96&d=mm&r=g","contentUrl":"https:\/\/secure.gravatar.com\/avatar\/45f3d2eebcccd909668d7ce7ea7267b6?s=96&d=mm&r=g","caption":"Benoit Charette"},"description":"Benoit Charette \/ Propri\u00e9taire et r\u00e9dacteur en chef Benoit Charette pratique le journalisme automobile depuis bient\u00f4t 30 ans. Il a fait ses classes au c\u00f4t\u00e9 de Daniel H\u00e9raud et au Carnet de route de 1992 \u00e0 2001. Il est fondateur, copropri\u00e9taire et r\u00e9dacteur en chef de L\u2019Annuel de l\u2019automobile, qu\u2019il publie depuis 2001. Il a anim\u00e9 les \u00e9missions RPM et RPM+ sur V et les L\u00e9gendes de la route sur Historia. \u00c0 la radio depuis 1986, il reprend l\u2019antenne cette ann\u00e9e sur les ondes de Cogeco et participe pour la deuxi\u00e8me ann\u00e9e \u00e0 l\u2019\u00e9mission Passion Auto sur RDS en plus de mettre en ligne le site Web officiel de L\u2019Annuel de l\u2019automobile sur annuelauto.ca.","sameAs":["https:\/\/annuelauto.ca\/"],"url":"https:\/\/news.canadamotorjobs.com\/fr\/author\/benoit-charette\/"}]}},"_links":{"self":[{"href":"https:\/\/news.canadamotorjobs.com\/fr\/wp-json\/wp\/v2\/posts\/173337"}],"collection":[{"href":"https:\/\/news.canadamotorjobs.com\/fr\/wp-json\/wp\/v2\/posts"}],"about":[{"href":"https:\/\/news.canadamotorjobs.com\/fr\/wp-json\/wp\/v2\/types\/post"}],"author":[{"embeddable":true,"href":"https:\/\/news.canadamotorjobs.com\/fr\/wp-json\/wp\/v2\/users\/8"}],"replies":[{"embeddable":true,"href":"https:\/\/news.canadamotorjobs.com\/fr\/wp-json\/wp\/v2\/comments?post=173337"}],"version-history":[{"count":2,"href":"https:\/\/news.canadamotorjobs.com\/fr\/wp-json\/wp\/v2\/posts\/173337\/revisions"}],"predecessor-version":[{"id":173341,"href":"https:\/\/news.canadamotorjobs.com\/fr\/wp-json\/wp\/v2\/posts\/173337\/revisions\/173341"}],"wp:featuredmedia":[{"embeddable":true,"href":"https:\/\/news.canadamotorjobs.com\/fr\/wp-json\/wp\/v2\/media\/173339"}],"wp:attachment":[{"href":"https:\/\/news.canadamotorjobs.com\/fr\/wp-json\/wp\/v2\/media?parent=173337"}],"wp:term":[{"taxonomy":"category","embeddable":true,"href":"https:\/\/news.canadamotorjobs.com\/fr\/wp-json\/wp\/v2\/categories?post=173337"},{"taxonomy":"post_tag","embeddable":true,"href":"https:\/\/news.canadamotorjobs.com\/fr\/wp-json\/wp\/v2\/tags?post=173337"}],"curies":[{"name":"wp","href":"https:\/\/api.w.org\/{rel}","templated":true}]}}