{"id":173305,"date":"2024-09-19T10:53:11","date_gmt":"2024-09-19T14:53:11","guid":{"rendered":"https:\/\/news.canadamotorjobs.com\/?p=173305"},"modified":"2024-09-19T11:00:29","modified_gmt":"2024-09-19T15:00:29","slug":"ladaptateur-nacs-de-tesla-est-pret-chez-general-motors","status":"publish","type":"post","link":"https:\/\/news.canadamotorjobs.com\/fr\/ladaptateur-nacs-de-tesla-est-pret-chez-general-motors\/","title":{"rendered":"L\u2019adaptateur NACS de Tesla est pr\u00eat chez General Motors"},"content":{"rendered":"<\/p>\n<p>&lt;![CDATA[<\/p>\n<p>L\u2019an dernier, on a vu une foule de constructeurs, \u00e0 commencer par Ford, annoncer qu\u2019ils allaient utiliser la norme de recharge NACS (North American Charging Standard) de Tesla, afin de donner acc\u00e8s aux propri\u00e9taires de leurs v\u00e9hicules \u00e0 plus de 12 000 bornes de recharge additionnelles.<\/p>\n<p>Dans la plupart des cas, les mod\u00e8les de 2025, au pire de 2026, vont \u00eatre \u00e9quip\u00e9s \u00e0 la sortie de l\u2019usine du connecteur de Tesla. Incidemment, le Hyundai Ioniq 5 de 2025 est devenu le premier mod\u00e8le n\u2019appartenant pas \u00e0 Tesla, et vendu aux \u00c9tats-Unis, \u00e0 \u00eatre \u00e9quip\u00e9 de la prise NACS d\u00e8s sa sortie de l\u2019usine.<\/p>\n<p>D\u2019ici l\u00e0, avec tous les autres mod\u00e8les, un adaptateur doit \u00eatre mis \u00e0 leur disposition, afin qu\u2019ils puissent se connecter aux bornes de Tesla.<\/p>\n<p>Chez Ford, c\u2019est possible depuis quelques mois d\u00e9j\u00e0. Et voil\u00e0 que la m\u00eame chose vient d\u2019\u00eatre annonc\u00e9e chez General Motors (GM).<\/p>\n<p><\/p>\n<figure><img decoding=\"async\" src=\"https:\/\/news.canadamotorjobs.com\/wp-content\/uploads\/2024\/09\/GM_opens_up_access_to_more_than_17800_Tesla_Superchargers_3-1.jpg\" alt=\"Des v\u00e9hicules GM et des bornes Tesla\" \/><figcaption>Des v\u00e9hicules GM et des bornes Tesla | Auto123.com<\/figcaption><\/figure>\n<p>Le nouvel adaptateur NACS de GM est compatible avec tous ses v\u00e9hicules \u00e9lectriques, y compris la Chevrolet Bolt EV, dont la production a \u00e9t\u00e9 abandonn\u00e9e \u00e0 la fin de 2023 (sous sa forme actuelle, car une suite est dans les plans pour ce mod\u00e8le). Un porte-parole de GM a d\u00e9clar\u00e9 au magazine Car and Driver que certaines Bolt pourraient avoir besoin d\u2019une mise \u00e0 jour logicielle pour fonctionner de mani\u00e8re fluide avec le r\u00e9seau de Tesla.<\/p>\n<p>Mais maintenant, la Bolt EV, le Chevrolet Blazer EV, le Cadillac Lyriq, et tous les autres mod\u00e8les \u00e9lectriques de la marque pourront effectuer des op\u00e9rations de recharge dans les quelque 18 000 stations de Tesla. En tout, GM affirme que ses clients ont acc\u00e8s \u00e0 plus de 231 800 chargeurs publics aux \u00c9tats-Unis, y compris des bornes rapides \u00e0 courant continu et des unit\u00e9s de niveau 2.<\/p>\n<p>GM travaille avec plusieurs fournisseurs pour fabriquer l\u2019adaptateur NACS, qui se vend 225 $ US.<\/p>\n<p><\/p>\n<figure><img decoding=\"async\" src=\"https:\/\/news.canadamotorjobs.com\/wp-content\/uploads\/2024\/09\/GM_opens_up_access_to_more_than_17800_Tesla_Superchargers_2-1.jpg\" alt=\"Les applications de chaque marque de GM permettent aux utilisateurs de localiser les chargeurs de Tesla, de d\u00e9marrer la recharge et de payer pour une s\u00e9ance.\" \/><figcaption>Les applications de chaque marque de GM permettent aux utilisateurs de localiser les chargeurs de Tesla, de d\u00e9marrer la recharge et de payer pour une s\u00e9ance. | Auto123.com<\/figcaption><\/figure>\n<p>GM n\u2019a pas parl\u00e9 d\u2019offrir gratuitement son adaptateur, comme ce fut le cas au d\u00e9but chez Ford. La compagnie a pr\u00e9cis\u00e9 que ledit adaptateur pouvait \u00eatre achet\u00e9 via l\u2019application mobile de chacune de ses marques respectives du groupe.<\/p>\n<p>Ces m\u00eames applications permettent aux utilisateurs de localiser les chargeurs de Tesla, de d\u00e9marrer la recharge et de payer pour une s\u00e9ance.<\/p>\n<p>Notez que pour le moment, les adaptateurs ne sont disponibles qu\u2019aux \u00c9tats-Unis. \u00c7a viendra au Canada o\u00f9 ce sera accessible avant la fin de l\u2019ann\u00e9e.<\/p>\n<p><\/p>\n<p style=\"padding-top: 15px\">Contenu original de <a href=\"https:\/\/www.auto123.com\/fr\/actualites\/general-motors-chargeurs-nacs-tesla\/71850\/\">auto123<\/a>.<\/p>\n<p>]]&gt;<\/p>\n<p>Le texte <a rel=\"nofollow\" href=\"https:\/\/annuelauto.ca\/ladaptateur-nacs-de-tesla-est-pret-chez-general-motors\/\">L\u2019adaptateur NACS de Tesla est pr\u00eat chez General Motors<\/a> provient de <a rel=\"nofollow\" href=\"https:\/\/annuelauto.ca\">L&#8217;annuel de l&#8217;automobile &#8211; Actualit\u00e9 automobile<\/a><\/p>\n<p><\/p>\n","protected":false},"excerpt":{"rendered":"<p>&lt;![CDATA[ L\u2019an dernier, on a vu une foule de constructeurs, \u00e0 commencer par Ford, annoncer qu\u2019ils allaient utiliser la norme de recharge NACS (North American Charging Standard) de Tesla, afin de donner acc\u00e8s aux propri\u00e9taires de leurs v\u00e9hicules \u00e0 plus de 12 000 bornes de recharge additionnelles. Dans la plupart des cas, les mod\u00e8les de [&hellip;]<\/p>\n","protected":false},"author":8,"featured_media":173307,"comment_status":"close","ping_status":"closed","sticky":false,"template":"","format":"standard","meta":{"_monsterinsights_skip_tracking":false,"_monsterinsights_sitenote_active":false,"_monsterinsights_sitenote_note":"","_monsterinsights_sitenote_category":0,"footnotes":""},"categories":[101],"tags":[],"yoast_head":"<!-- This site is optimized with the Yoast SEO plugin v23.2 - https:\/\/yoast.com\/wordpress\/plugins\/seo\/ -->\n<title>L\u2019adaptateur NACS de Tesla est pr\u00eat chez General Motors - CanadaMotorJobs.com<\/title>\n<meta name=\"description\" content=\"L\u2019adaptateur NACS de Tesla est pr\u00eat chez General Motors - Benoit Charette - Annuel automobile - CanadaMotorJobs.com.\" \/>\n<meta name=\"robots\" content=\"index, follow, max-snippet:-1, max-image-preview:large, max-video-preview:-1\" \/>\n<meta property=\"og:locale\" content=\"fr_CA\" \/>\n<meta property=\"og:type\" content=\"article\" \/>\n<meta property=\"og:title\" content=\"L\u2019adaptateur NACS de Tesla est pr\u00eat chez General Motors - CanadaMotorJobs.com\" \/>\n<meta property=\"og:description\" content=\"L\u2019adaptateur NACS de Tesla est pr\u00eat chez General Motors - Benoit Charette - Annuel automobile - CanadaMotorJobs.com.\" \/>\n<meta property=\"og:url\" content=\"https:\/\/news.canadamotorjobs.com\/fr\/ladaptateur-nacs-de-tesla-est-pret-chez-general-motors\/\" \/>\n<meta property=\"og:site_name\" content=\"CanadaMotorJobs.com\" \/>\n<meta property=\"article:publisher\" content=\"https:\/\/www.facebook.com\/canadamotorjobs\/\" \/>\n<meta property=\"article:published_time\" content=\"2024-09-19T14:53:11+00:00\" \/>\n<meta property=\"article:modified_time\" content=\"2024-09-19T15:00:29+00:00\" \/>\n<meta property=\"og:image\" content=\"https:\/\/news.canadamotorjobs.com\/wp-content\/uploads\/2024\/09\/GM_opens_up_access_to_more_than_17800_Tesla_Superchargers_3-2.jpg\" \/>\n\t<meta property=\"og:image:width\" content=\"1200\" \/>\n\t<meta property=\"og:image:height\" content=\"898\" \/>\n\t<meta property=\"og:image:type\" content=\"image\/jpeg\" \/>\n<meta name=\"author\" content=\"Benoit Charette\" \/>\n<meta name=\"twitter:card\" content=\"summary_large_image\" \/>\n<meta name=\"twitter:creator\" content=\"@canadamotorjobs\" \/>\n<meta name=\"twitter:site\" content=\"@canadamotorjobs\" \/>\n<meta name=\"twitter:label1\" content=\"\u00c9crit par\" \/>\n\t<meta name=\"twitter:data1\" content=\"Benoit Charette\" \/>\n\t<meta name=\"twitter:label2\" content=\"Estimation du temps de lecture\" \/>\n\t<meta name=\"twitter:data2\" content=\"2 minutes\" \/>\n<!-- \/ Yoast SEO plugin. -->","yoast_head_json":{"title":"L\u2019adaptateur NACS de Tesla est pr\u00eat chez General Motors - CanadaMotorJobs.com","description":"L\u2019adaptateur NACS de Tesla est pr\u00eat chez General Motors - Benoit Charette - Annuel automobile - CanadaMotorJobs.com.","robots":{"index":"index","follow":"follow","max-snippet":"max-snippet:-1","max-image-preview":"max-image-preview:large","max-video-preview":"max-video-preview:-1"},"og_locale":"fr_CA","og_type":"article","og_title":"L\u2019adaptateur NACS de Tesla est pr\u00eat chez General Motors - CanadaMotorJobs.com","og_description":"L\u2019adaptateur NACS de Tesla est pr\u00eat chez General Motors - Benoit Charette - Annuel automobile - CanadaMotorJobs.com.","og_url":"https:\/\/news.canadamotorjobs.com\/fr\/ladaptateur-nacs-de-tesla-est-pret-chez-general-motors\/","og_site_name":"CanadaMotorJobs.com","article_publisher":"https:\/\/www.facebook.com\/canadamotorjobs\/","article_published_time":"2024-09-19T14:53:11+00:00","article_modified_time":"2024-09-19T15:00:29+00:00","og_image":[{"width":1200,"height":898,"url":"https:\/\/news.canadamotorjobs.com\/wp-content\/uploads\/2024\/09\/GM_opens_up_access_to_more_than_17800_Tesla_Superchargers_3-2.jpg","type":"image\/jpeg"}],"author":"Benoit Charette","twitter_card":"summary_large_image","twitter_creator":"@canadamotorjobs","twitter_site":"@canadamotorjobs","twitter_misc":{"\u00c9crit par":"Benoit Charette","Estimation du temps de lecture":"2 minutes"},"schema":{"@context":"https:\/\/schema.org","@graph":[{"@type":"Article","@id":"https:\/\/news.canadamotorjobs.com\/fr\/ladaptateur-nacs-de-tesla-est-pret-chez-general-motors\/#article","isPartOf":{"@id":"https:\/\/news.canadamotorjobs.com\/fr\/ladaptateur-nacs-de-tesla-est-pret-chez-general-motors\/"},"author":{"name":"Benoit Charette","@id":"https:\/\/news.canadamotorjobs.com\/#\/schema\/person\/51793d1f87d44011d7bcc2ed99269a90"},"headline":"L\u2019adaptateur NACS de Tesla est pr\u00eat chez General Motors","datePublished":"2024-09-19T14:53:11+00:00","dateModified":"2024-09-19T15:00:29+00:00","mainEntityOfPage":{"@id":"https:\/\/news.canadamotorjobs.com\/fr\/ladaptateur-nacs-de-tesla-est-pret-chez-general-motors\/"},"wordCount":491,"publisher":{"@id":"https:\/\/news.canadamotorjobs.com\/#organization"},"image":{"@id":"https:\/\/news.canadamotorjobs.com\/fr\/ladaptateur-nacs-de-tesla-est-pret-chez-general-motors\/#primaryimage"},"thumbnailUrl":"https:\/\/news.canadamotorjobs.com\/wp-content\/uploads\/2024\/09\/GM_opens_up_access_to_more_than_17800_Tesla_Superchargers_3-2.jpg","articleSection":["Annuel automobile"],"inLanguage":"fr-CA"},{"@type":"WebPage","@id":"https:\/\/news.canadamotorjobs.com\/fr\/ladaptateur-nacs-de-tesla-est-pret-chez-general-motors\/","url":"https:\/\/news.canadamotorjobs.com\/fr\/ladaptateur-nacs-de-tesla-est-pret-chez-general-motors\/","name":"L\u2019adaptateur NACS de Tesla est pr\u00eat chez General Motors - CanadaMotorJobs.com","isPartOf":{"@id":"https:\/\/news.canadamotorjobs.com\/#website"},"primaryImageOfPage":{"@id":"https:\/\/news.canadamotorjobs.com\/fr\/ladaptateur-nacs-de-tesla-est-pret-chez-general-motors\/#primaryimage"},"image":{"@id":"https:\/\/news.canadamotorjobs.com\/fr\/ladaptateur-nacs-de-tesla-est-pret-chez-general-motors\/#primaryimage"},"thumbnailUrl":"https:\/\/news.canadamotorjobs.com\/wp-content\/uploads\/2024\/09\/GM_opens_up_access_to_more_than_17800_Tesla_Superchargers_3-2.jpg","datePublished":"2024-09-19T14:53:11+00:00","dateModified":"2024-09-19T15:00:29+00:00","description":"L\u2019adaptateur NACS de Tesla est pr\u00eat chez General Motors - Benoit Charette - Annuel automobile - CanadaMotorJobs.com.","breadcrumb":{"@id":"https:\/\/news.canadamotorjobs.com\/fr\/ladaptateur-nacs-de-tesla-est-pret-chez-general-motors\/#breadcrumb"},"inLanguage":"fr-CA","potentialAction":[{"@type":"ReadAction","target":["https:\/\/news.canadamotorjobs.com\/fr\/ladaptateur-nacs-de-tesla-est-pret-chez-general-motors\/"]}]},{"@type":"ImageObject","inLanguage":"fr-CA","@id":"https:\/\/news.canadamotorjobs.com\/fr\/ladaptateur-nacs-de-tesla-est-pret-chez-general-motors\/#primaryimage","url":"https:\/\/news.canadamotorjobs.com\/wp-content\/uploads\/2024\/09\/GM_opens_up_access_to_more_than_17800_Tesla_Superchargers_3-2.jpg","contentUrl":"https:\/\/news.canadamotorjobs.com\/wp-content\/uploads\/2024\/09\/GM_opens_up_access_to_more_than_17800_Tesla_Superchargers_3-2.jpg","width":1200,"height":898},{"@type":"BreadcrumbList","@id":"https:\/\/news.canadamotorjobs.com\/fr\/ladaptateur-nacs-de-tesla-est-pret-chez-general-motors\/#breadcrumb","itemListElement":[{"@type":"ListItem","position":1,"name":"Home","item":"https:\/\/news.canadamotorjobs.com\/fr\/blog\/"},{"@type":"ListItem","position":2,"name":"L\u2019adaptateur NACS de Tesla est pr\u00eat chez General Motors"}]},{"@type":"WebSite","@id":"https:\/\/news.canadamotorjobs.com\/#website","url":"https:\/\/news.canadamotorjobs.com\/","name":"CanadaMotorJobs.com","description":"Automotive Jobs","publisher":{"@id":"https:\/\/news.canadamotorjobs.com\/#organization"},"potentialAction":[{"@type":"SearchAction","target":{"@type":"EntryPoint","urlTemplate":"https:\/\/news.canadamotorjobs.com\/?s={search_term_string}"},"query-input":"required name=search_term_string"}],"inLanguage":"fr-CA"},{"@type":"Organization","@id":"https:\/\/news.canadamotorjobs.com\/#organization","name":"Canada Motor Jobs","url":"https:\/\/news.canadamotorjobs.com\/","logo":{"@type":"ImageObject","inLanguage":"fr-CA","@id":"https:\/\/news.canadamotorjobs.com\/#\/schema\/logo\/image\/","url":"https:\/\/news.canadamotorjobs.com\/wp-content\/uploads\/2022\/10\/logo-canada-motor-jobs-1.png","contentUrl":"https:\/\/news.canadamotorjobs.com\/wp-content\/uploads\/2022\/10\/logo-canada-motor-jobs-1.png","width":800,"height":400,"caption":"Canada Motor Jobs"},"image":{"@id":"https:\/\/news.canadamotorjobs.com\/#\/schema\/logo\/image\/"},"sameAs":["https:\/\/www.facebook.com\/canadamotorjobs\/","https:\/\/x.com\/canadamotorjobs","https:\/\/www.instagram.com\/canadamotorjobs\/","https:\/\/www.linkedin.com\/company\/canadamotorjobs"]},{"@type":"Person","@id":"https:\/\/news.canadamotorjobs.com\/#\/schema\/person\/51793d1f87d44011d7bcc2ed99269a90","name":"Benoit Charette","image":{"@type":"ImageObject","inLanguage":"fr-CA","@id":"https:\/\/news.canadamotorjobs.com\/#\/schema\/person\/image\/","url":"https:\/\/secure.gravatar.com\/avatar\/45f3d2eebcccd909668d7ce7ea7267b6?s=96&d=mm&r=g","contentUrl":"https:\/\/secure.gravatar.com\/avatar\/45f3d2eebcccd909668d7ce7ea7267b6?s=96&d=mm&r=g","caption":"Benoit Charette"},"description":"Benoit Charette \/ Propri\u00e9taire et r\u00e9dacteur en chef Benoit Charette pratique le journalisme automobile depuis bient\u00f4t 30 ans. Il a fait ses classes au c\u00f4t\u00e9 de Daniel H\u00e9raud et au Carnet de route de 1992 \u00e0 2001. Il est fondateur, copropri\u00e9taire et r\u00e9dacteur en chef de L\u2019Annuel de l\u2019automobile, qu\u2019il publie depuis 2001. Il a anim\u00e9 les \u00e9missions RPM et RPM+ sur V et les L\u00e9gendes de la route sur Historia. \u00c0 la radio depuis 1986, il reprend l\u2019antenne cette ann\u00e9e sur les ondes de Cogeco et participe pour la deuxi\u00e8me ann\u00e9e \u00e0 l\u2019\u00e9mission Passion Auto sur RDS en plus de mettre en ligne le site Web officiel de L\u2019Annuel de l\u2019automobile sur annuelauto.ca.","sameAs":["https:\/\/annuelauto.ca\/"],"url":"https:\/\/news.canadamotorjobs.com\/fr\/author\/benoit-charette\/"}]}},"_links":{"self":[{"href":"https:\/\/news.canadamotorjobs.com\/fr\/wp-json\/wp\/v2\/posts\/173305"}],"collection":[{"href":"https:\/\/news.canadamotorjobs.com\/fr\/wp-json\/wp\/v2\/posts"}],"about":[{"href":"https:\/\/news.canadamotorjobs.com\/fr\/wp-json\/wp\/v2\/types\/post"}],"author":[{"embeddable":true,"href":"https:\/\/news.canadamotorjobs.com\/fr\/wp-json\/wp\/v2\/users\/8"}],"replies":[{"embeddable":true,"href":"https:\/\/news.canadamotorjobs.com\/fr\/wp-json\/wp\/v2\/comments?post=173305"}],"version-history":[{"count":3,"href":"https:\/\/news.canadamotorjobs.com\/fr\/wp-json\/wp\/v2\/posts\/173305\/revisions"}],"predecessor-version":[{"id":173336,"href":"https:\/\/news.canadamotorjobs.com\/fr\/wp-json\/wp\/v2\/posts\/173305\/revisions\/173336"}],"wp:featuredmedia":[{"embeddable":true,"href":"https:\/\/news.canadamotorjobs.com\/fr\/wp-json\/wp\/v2\/media\/173307"}],"wp:attachment":[{"href":"https:\/\/news.canadamotorjobs.com\/fr\/wp-json\/wp\/v2\/media?parent=173305"}],"wp:term":[{"taxonomy":"category","embeddable":true,"href":"https:\/\/news.canadamotorjobs.com\/fr\/wp-json\/wp\/v2\/categories?post=173305"},{"taxonomy":"post_tag","embeddable":true,"href":"https:\/\/news.canadamotorjobs.com\/fr\/wp-json\/wp\/v2\/tags?post=173305"}],"curies":[{"name":"wp","href":"https:\/\/api.w.org\/{rel}","templated":true}]}}