{"id":173265,"date":"2024-09-19T10:53:12","date_gmt":"2024-09-19T14:53:12","guid":{"rendered":"https:\/\/news.canadamotorjobs.com\/?p=173265"},"modified":"2024-09-19T11:00:14","modified_gmt":"2024-09-19T15:00:14","slug":"une-majorite-de-modeles-electrifies-en-lice-pour-les-prix-du-nactoy","status":"publish","type":"post","link":"https:\/\/news.canadamotorjobs.com\/fr\/une-majorite-de-modeles-electrifies-en-lice-pour-les-prix-du-nactoy\/","title":{"rendered":"Une majorit\u00e9 de mod\u00e8les \u00e9lectrifi\u00e9s en lice pour les prix du NACTOY"},"content":{"rendered":"<\/p>\n<p>&lt;![CDATA[<\/p>\n<p>Les prix du jury NACTOY (North American Car and Truck of the Year), qui seront d\u00e9cern\u00e9s au Salon de l\u2019automobile de D\u00e9troit en janvier prochain, sont une tradition depuis maintenant 30 ans.<\/p>\n<p>Et signe des temps, les mod\u00e8les en lice pour les grands honneurs cette ann\u00e9e sont majoritairement \u00e9lectrifi\u00e9s.<\/p>\n<p>Douze d\u2019entre eux sont tout \u00e9lectriques, tandis que plusieurs proposent des motorisations hybrides.<\/p>\n<p>Le jury, compos\u00e9 de 50 journalistes automobiles du Canada et des \u00c9tats-Unis, a s\u00e9lectionn\u00e9 les finalistes parmi 56 v\u00e9hicules qui sont nouveaux ou qui ont consid\u00e9rablement \u00e9t\u00e9 retouch\u00e9s pour 2025, et qui devraient \u00eatre commercialis\u00e9s en 2024.<\/p>\n<p><\/p>\n<figure><img decoding=\"async\" src=\"https:\/\/news.canadamotorjobs.com\/wp-content\/uploads\/2024\/09\/cropped-SOCIAL-MEDIA-NEW-ORDER-ENGLISH-2-1-1-1024x341-2.jpg\" alt=\"Logo NACTOY\" \/><figcaption>Logo NACTOY | Auto123.com<\/figcaption><\/figure>\n<p>La liste comprend certains mod\u00e8les qui ne sont pas encore en vente, mais qui ont le potentiel d\u2019\u00eatre suffisamment importants au cours de la prochaine ann\u00e9e et qui seront de la partie lors des premiers tests routiers comparatifs qui seront effectu\u00e9s par les journalistes du NACTOY en octobre.<\/p>\n<p>Lorsque les membres du jury vont conduire les v\u00e9hicules, la liste sera ensuite r\u00e9duite \u00e0 trois finalistes pour chacun des trois prix. Les neuf mod\u00e8les seront annonc\u00e9s au Salon de l\u2019auto de Los Angeles le 21 novembre prochain, avant que les grands gagnants soient couronn\u00e9s \u00e0 D\u00e9troit le 10 janvier 2025.<\/p>\n<p>\u00ab Nous avons une grande vari\u00e9t\u00e9 de v\u00e9hicules sur la liste. Cette derni\u00e8re est un exemple des excellents produits que l\u2019industrie automobile fabrique, des v\u00e9hicules \u00e9lectriques de pointe aux voitures et camionnettes \u00e0 essence traditionnelles, en passant par les hybrides, qui repr\u00e9sentent une part croissante du march\u00e9 \u00bb, a d\u00e9clar\u00e9 le pr\u00e9sident du jury NACTOY, Jeff Gilbert, de WWJ (950 AM).<\/p>\n<p><\/p>\n<figure><img decoding=\"async\" src=\"https:\/\/news.canadamotorjobs.com\/wp-content\/uploads\/2024\/09\/IMG_8756-1.jpg\" alt=\"Kia K4 2025\" \/><figcaption>Kia K4 2025 | Auto123.com<\/figcaption><\/figure>\n<p>Voici les v\u00e9hicules qui sont en nomination.<\/p>\n<p><strong>VOITURES en lice pour un prix NACTOY 2025<\/strong><\/p>\n<ul><\/p>\n<li>&#8211; BWM S\u00e9rie3<\/li>\n<p><\/p>\n<li>&#8211; BMW M5<\/li>\n<p><\/p>\n<li>&#8211; Cadillac Celestiq (tout \u00e9lectrique)<\/li>\n<p><\/p>\n<li>&#8211; Dodge Charger EV (tout \u00e9lectrique)<\/li>\n<p><\/p>\n<li>&#8211; Fiat 500e (tout \u00e9lectrique)<\/li>\n<p><\/p>\n<li>&#8211; Honda Civic hybride<\/li>\n<p><\/p>\n<li>&#8211; Kia K4<\/li>\n<p><\/p>\n<li>&#8211; Mercedes-AMG Classe E<\/li>\n<p><\/p>\n<li>&#8211; Porsche Panamera<\/li>\n<p><\/p>\n<li>-Toyota Camry<\/li>\n<p>\n<\/ul>\n<p><\/p>\n<figure><img decoding=\"async\" src=\"https:\/\/news.canadamotorjobs.com\/wp-content\/uploads\/2024\/09\/2024_Prologue_7_s_002-1.jpg\" alt=\"Honda Prologue 2024\" \/><figcaption>Honda Prologue 2024 | Auto123.com<\/figcaption><\/figure>\n<p><strong><\/strong><strong>VUS <\/strong><strong>en lice pour un prix NACTOY 2025<\/strong><\/p>\n<ul><\/p>\n<li>&#8211; Chevrolet Equinox EV (tout \u00e9lectrique)<\/li>\n<p><\/p>\n<li>&#8211; Honda Prologue (tout \u00e9lectrique)<\/li>\n<p><\/p>\n<li>&#8211; Hyundai Ioniq 5 N (tout \u00e9lectrique)<\/li>\n<p><\/p>\n<li>&#8211; Hyundai Santa Fe<\/li>\n<p><\/p>\n<li>&#8211; Jeep Wagoneer S (tout \u00e9lectrique)<\/li>\n<p><\/p>\n<li>&#8211; Lincoln Nautilus<\/li>\n<p><\/p>\n<li>&#8211; Porsche Macan EV (tout \u00e9lectrique)<\/li>\n<p><\/p>\n<li>&#8211; Toyota Land Cruiser<\/li>\n<p><\/p>\n<li>&#8211; Volkswagen ID. Buzz (tout \u00e9lectrique)<\/li>\n<p><\/p>\n<li>&#8211; Volvo EX90 (tout \u00e9lectrique)<\/li>\n<p>\n<\/ul>\n<p><\/p>\n<figure><img decoding=\"async\" src=\"https:\/\/news.canadamotorjobs.com\/wp-content\/uploads\/2024\/09\/Toyota-Tacoma-2024-02-1.jpg\" alt=\"Toyota Tacoma 2024\" \/><figcaption>Toyota Tacoma 2024 | Auto123.com<\/figcaption><\/figure>\n<p><strong>CAMIONNETTES <\/strong><strong>en lice pour un prix NACTOY 2025<\/strong><\/p>\n<ul><\/p>\n<li>&#8211; Ford Ranger<\/li>\n<p><\/p>\n<li>&#8211; GMC Sierra EV (tout \u00e9lectrique)<\/li>\n<p><\/p>\n<li>&#8211; Ram 1500<\/li>\n<p><\/p>\n<li>&#8211; Rivian R1T (tout \u00e9lectrique)<\/li>\n<p><\/p>\n<li>&#8211; Toyota Tacoma<\/li>\n<p>\n<\/ul>\n<p><\/p>\n<p style=\"padding-top: 15px\">Contenu original de <a href=\"https:\/\/www.auto123.com\/fr\/actualites\/nactoy-prix-2025-modeles-electrifies\/71849\/\">auto123<\/a>.<\/p>\n<p>]]&gt;<\/p>\n<p>Le texte <a rel=\"nofollow\" href=\"https:\/\/annuelauto.ca\/une-majorite-de-modeles-electrifies-en-lice-pour-les-prix-du-nactoy\/\">Une majorit\u00e9 de mod\u00e8les \u00e9lectrifi\u00e9s en lice pour les prix du NACTOY<\/a> provient de <a rel=\"nofollow\" href=\"https:\/\/annuelauto.ca\">L&#8217;annuel de l&#8217;automobile &#8211; Actualit\u00e9 automobile<\/a><\/p>\n<p><\/p>\n","protected":false},"excerpt":{"rendered":"<p>&lt;![CDATA[ Les prix du jury NACTOY (North American Car and Truck of the Year), qui seront d\u00e9cern\u00e9s au Salon de l\u2019automobile de D\u00e9troit en janvier prochain, sont une tradition depuis maintenant 30 ans. Et signe des temps, les mod\u00e8les en lice pour les grands honneurs cette ann\u00e9e sont majoritairement \u00e9lectrifi\u00e9s. Douze d\u2019entre eux sont tout [&hellip;]<\/p>\n","protected":false},"author":8,"featured_media":173267,"comment_status":"close","ping_status":"closed","sticky":false,"template":"","format":"standard","meta":{"_monsterinsights_skip_tracking":false,"_monsterinsights_sitenote_active":false,"_monsterinsights_sitenote_note":"","_monsterinsights_sitenote_category":0,"footnotes":""},"categories":[101],"tags":[],"yoast_head":"<!-- This site is optimized with the Yoast SEO plugin v23.2 - https:\/\/yoast.com\/wordpress\/plugins\/seo\/ -->\n<title>Une majorit\u00e9 de mod\u00e8les \u00e9lectrifi\u00e9s en lice pour les prix du NACTOY - CanadaMotorJobs.com<\/title>\n<meta name=\"description\" content=\"Une majorit\u00e9 de mod\u00e8les \u00e9lectrifi\u00e9s en lice pour les prix du NACTOY - Benoit Charette - Annuel automobile - CanadaMotorJobs.com.\" \/>\n<meta name=\"robots\" content=\"index, follow, max-snippet:-1, max-image-preview:large, max-video-preview:-1\" \/>\n<meta property=\"og:locale\" content=\"fr_CA\" \/>\n<meta property=\"og:type\" content=\"article\" \/>\n<meta property=\"og:title\" content=\"Une majorit\u00e9 de mod\u00e8les \u00e9lectrifi\u00e9s en lice pour les prix du NACTOY - CanadaMotorJobs.com\" \/>\n<meta property=\"og:description\" content=\"Une majorit\u00e9 de mod\u00e8les \u00e9lectrifi\u00e9s en lice pour les prix du NACTOY - Benoit Charette - Annuel automobile - CanadaMotorJobs.com.\" \/>\n<meta property=\"og:url\" content=\"https:\/\/news.canadamotorjobs.com\/fr\/une-majorite-de-modeles-electrifies-en-lice-pour-les-prix-du-nactoy\/\" \/>\n<meta property=\"og:site_name\" content=\"CanadaMotorJobs.com\" \/>\n<meta property=\"article:publisher\" content=\"https:\/\/www.facebook.com\/canadamotorjobs\/\" \/>\n<meta property=\"article:published_time\" content=\"2024-09-19T14:53:12+00:00\" \/>\n<meta property=\"article:modified_time\" content=\"2024-09-19T15:00:14+00:00\" \/>\n<meta property=\"og:image\" content=\"https:\/\/news.canadamotorjobs.com\/wp-content\/uploads\/2024\/09\/cropped-SOCIAL-MEDIA-NEW-ORDER-ENGLISH-2-1-1-1024x341-3.jpg\" \/>\n\t<meta property=\"og:image:width\" content=\"1200\" \/>\n\t<meta property=\"og:image:height\" content=\"400\" \/>\n\t<meta property=\"og:image:type\" content=\"image\/jpeg\" \/>\n<meta name=\"author\" content=\"Benoit Charette\" \/>\n<meta name=\"twitter:card\" content=\"summary_large_image\" \/>\n<meta name=\"twitter:creator\" content=\"@canadamotorjobs\" \/>\n<meta name=\"twitter:site\" content=\"@canadamotorjobs\" \/>\n<meta name=\"twitter:label1\" content=\"\u00c9crit par\" \/>\n\t<meta name=\"twitter:data1\" content=\"Benoit Charette\" \/>\n\t<meta name=\"twitter:label2\" content=\"Estimation du temps de lecture\" \/>\n\t<meta name=\"twitter:data2\" content=\"2 minutes\" \/>\n<!-- \/ Yoast SEO plugin. -->","yoast_head_json":{"title":"Une majorit\u00e9 de mod\u00e8les \u00e9lectrifi\u00e9s en lice pour les prix du NACTOY - CanadaMotorJobs.com","description":"Une majorit\u00e9 de mod\u00e8les \u00e9lectrifi\u00e9s en lice pour les prix du NACTOY - Benoit Charette - Annuel automobile - CanadaMotorJobs.com.","robots":{"index":"index","follow":"follow","max-snippet":"max-snippet:-1","max-image-preview":"max-image-preview:large","max-video-preview":"max-video-preview:-1"},"og_locale":"fr_CA","og_type":"article","og_title":"Une majorit\u00e9 de mod\u00e8les \u00e9lectrifi\u00e9s en lice pour les prix du NACTOY - CanadaMotorJobs.com","og_description":"Une majorit\u00e9 de mod\u00e8les \u00e9lectrifi\u00e9s en lice pour les prix du NACTOY - Benoit Charette - Annuel automobile - CanadaMotorJobs.com.","og_url":"https:\/\/news.canadamotorjobs.com\/fr\/une-majorite-de-modeles-electrifies-en-lice-pour-les-prix-du-nactoy\/","og_site_name":"CanadaMotorJobs.com","article_publisher":"https:\/\/www.facebook.com\/canadamotorjobs\/","article_published_time":"2024-09-19T14:53:12+00:00","article_modified_time":"2024-09-19T15:00:14+00:00","og_image":[{"width":1200,"height":400,"url":"https:\/\/news.canadamotorjobs.com\/wp-content\/uploads\/2024\/09\/cropped-SOCIAL-MEDIA-NEW-ORDER-ENGLISH-2-1-1-1024x341-3.jpg","type":"image\/jpeg"}],"author":"Benoit Charette","twitter_card":"summary_large_image","twitter_creator":"@canadamotorjobs","twitter_site":"@canadamotorjobs","twitter_misc":{"\u00c9crit par":"Benoit Charette","Estimation du temps de lecture":"2 minutes"},"schema":{"@context":"https:\/\/schema.org","@graph":[{"@type":"Article","@id":"https:\/\/news.canadamotorjobs.com\/fr\/une-majorite-de-modeles-electrifies-en-lice-pour-les-prix-du-nactoy\/#article","isPartOf":{"@id":"https:\/\/news.canadamotorjobs.com\/fr\/une-majorite-de-modeles-electrifies-en-lice-pour-les-prix-du-nactoy\/"},"author":{"name":"Benoit Charette","@id":"https:\/\/news.canadamotorjobs.com\/#\/schema\/person\/51793d1f87d44011d7bcc2ed99269a90"},"headline":"Une majorit\u00e9 de mod\u00e8les \u00e9lectrifi\u00e9s en lice pour les prix du NACTOY","datePublished":"2024-09-19T14:53:12+00:00","dateModified":"2024-09-19T15:00:14+00:00","mainEntityOfPage":{"@id":"https:\/\/news.canadamotorjobs.com\/fr\/une-majorite-de-modeles-electrifies-en-lice-pour-les-prix-du-nactoy\/"},"wordCount":479,"publisher":{"@id":"https:\/\/news.canadamotorjobs.com\/#organization"},"image":{"@id":"https:\/\/news.canadamotorjobs.com\/fr\/une-majorite-de-modeles-electrifies-en-lice-pour-les-prix-du-nactoy\/#primaryimage"},"thumbnailUrl":"https:\/\/news.canadamotorjobs.com\/wp-content\/uploads\/2024\/09\/cropped-SOCIAL-MEDIA-NEW-ORDER-ENGLISH-2-1-1-1024x341-3.jpg","articleSection":["Annuel automobile"],"inLanguage":"fr-CA"},{"@type":"WebPage","@id":"https:\/\/news.canadamotorjobs.com\/fr\/une-majorite-de-modeles-electrifies-en-lice-pour-les-prix-du-nactoy\/","url":"https:\/\/news.canadamotorjobs.com\/fr\/une-majorite-de-modeles-electrifies-en-lice-pour-les-prix-du-nactoy\/","name":"Une majorit\u00e9 de mod\u00e8les \u00e9lectrifi\u00e9s en lice pour les prix du NACTOY - CanadaMotorJobs.com","isPartOf":{"@id":"https:\/\/news.canadamotorjobs.com\/#website"},"primaryImageOfPage":{"@id":"https:\/\/news.canadamotorjobs.com\/fr\/une-majorite-de-modeles-electrifies-en-lice-pour-les-prix-du-nactoy\/#primaryimage"},"image":{"@id":"https:\/\/news.canadamotorjobs.com\/fr\/une-majorite-de-modeles-electrifies-en-lice-pour-les-prix-du-nactoy\/#primaryimage"},"thumbnailUrl":"https:\/\/news.canadamotorjobs.com\/wp-content\/uploads\/2024\/09\/cropped-SOCIAL-MEDIA-NEW-ORDER-ENGLISH-2-1-1-1024x341-3.jpg","datePublished":"2024-09-19T14:53:12+00:00","dateModified":"2024-09-19T15:00:14+00:00","description":"Une majorit\u00e9 de mod\u00e8les \u00e9lectrifi\u00e9s en lice pour les prix du NACTOY - Benoit Charette - Annuel automobile - CanadaMotorJobs.com.","breadcrumb":{"@id":"https:\/\/news.canadamotorjobs.com\/fr\/une-majorite-de-modeles-electrifies-en-lice-pour-les-prix-du-nactoy\/#breadcrumb"},"inLanguage":"fr-CA","potentialAction":[{"@type":"ReadAction","target":["https:\/\/news.canadamotorjobs.com\/fr\/une-majorite-de-modeles-electrifies-en-lice-pour-les-prix-du-nactoy\/"]}]},{"@type":"ImageObject","inLanguage":"fr-CA","@id":"https:\/\/news.canadamotorjobs.com\/fr\/une-majorite-de-modeles-electrifies-en-lice-pour-les-prix-du-nactoy\/#primaryimage","url":"https:\/\/news.canadamotorjobs.com\/wp-content\/uploads\/2024\/09\/cropped-SOCIAL-MEDIA-NEW-ORDER-ENGLISH-2-1-1-1024x341-3.jpg","contentUrl":"https:\/\/news.canadamotorjobs.com\/wp-content\/uploads\/2024\/09\/cropped-SOCIAL-MEDIA-NEW-ORDER-ENGLISH-2-1-1-1024x341-3.jpg","width":1200,"height":400},{"@type":"BreadcrumbList","@id":"https:\/\/news.canadamotorjobs.com\/fr\/une-majorite-de-modeles-electrifies-en-lice-pour-les-prix-du-nactoy\/#breadcrumb","itemListElement":[{"@type":"ListItem","position":1,"name":"Home","item":"https:\/\/news.canadamotorjobs.com\/fr\/blog\/"},{"@type":"ListItem","position":2,"name":"Une majorit\u00e9 de mod\u00e8les \u00e9lectrifi\u00e9s en lice pour les prix du NACTOY"}]},{"@type":"WebSite","@id":"https:\/\/news.canadamotorjobs.com\/#website","url":"https:\/\/news.canadamotorjobs.com\/","name":"CanadaMotorJobs.com","description":"Automotive Jobs","publisher":{"@id":"https:\/\/news.canadamotorjobs.com\/#organization"},"potentialAction":[{"@type":"SearchAction","target":{"@type":"EntryPoint","urlTemplate":"https:\/\/news.canadamotorjobs.com\/?s={search_term_string}"},"query-input":"required name=search_term_string"}],"inLanguage":"fr-CA"},{"@type":"Organization","@id":"https:\/\/news.canadamotorjobs.com\/#organization","name":"Canada Motor Jobs","url":"https:\/\/news.canadamotorjobs.com\/","logo":{"@type":"ImageObject","inLanguage":"fr-CA","@id":"https:\/\/news.canadamotorjobs.com\/#\/schema\/logo\/image\/","url":"https:\/\/news.canadamotorjobs.com\/wp-content\/uploads\/2022\/10\/logo-canada-motor-jobs-1.png","contentUrl":"https:\/\/news.canadamotorjobs.com\/wp-content\/uploads\/2022\/10\/logo-canada-motor-jobs-1.png","width":800,"height":400,"caption":"Canada Motor Jobs"},"image":{"@id":"https:\/\/news.canadamotorjobs.com\/#\/schema\/logo\/image\/"},"sameAs":["https:\/\/www.facebook.com\/canadamotorjobs\/","https:\/\/x.com\/canadamotorjobs","https:\/\/www.instagram.com\/canadamotorjobs\/","https:\/\/www.linkedin.com\/company\/canadamotorjobs"]},{"@type":"Person","@id":"https:\/\/news.canadamotorjobs.com\/#\/schema\/person\/51793d1f87d44011d7bcc2ed99269a90","name":"Benoit Charette","image":{"@type":"ImageObject","inLanguage":"fr-CA","@id":"https:\/\/news.canadamotorjobs.com\/#\/schema\/person\/image\/","url":"https:\/\/secure.gravatar.com\/avatar\/45f3d2eebcccd909668d7ce7ea7267b6?s=96&d=mm&r=g","contentUrl":"https:\/\/secure.gravatar.com\/avatar\/45f3d2eebcccd909668d7ce7ea7267b6?s=96&d=mm&r=g","caption":"Benoit Charette"},"description":"Benoit Charette \/ Propri\u00e9taire et r\u00e9dacteur en chef Benoit Charette pratique le journalisme automobile depuis bient\u00f4t 30 ans. Il a fait ses classes au c\u00f4t\u00e9 de Daniel H\u00e9raud et au Carnet de route de 1992 \u00e0 2001. Il est fondateur, copropri\u00e9taire et r\u00e9dacteur en chef de L\u2019Annuel de l\u2019automobile, qu\u2019il publie depuis 2001. Il a anim\u00e9 les \u00e9missions RPM et RPM+ sur V et les L\u00e9gendes de la route sur Historia. \u00c0 la radio depuis 1986, il reprend l\u2019antenne cette ann\u00e9e sur les ondes de Cogeco et participe pour la deuxi\u00e8me ann\u00e9e \u00e0 l\u2019\u00e9mission Passion Auto sur RDS en plus de mettre en ligne le site Web officiel de L\u2019Annuel de l\u2019automobile sur annuelauto.ca.","sameAs":["https:\/\/annuelauto.ca\/"],"url":"https:\/\/news.canadamotorjobs.com\/fr\/author\/benoit-charette\/"}]}},"_links":{"self":[{"href":"https:\/\/news.canadamotorjobs.com\/fr\/wp-json\/wp\/v2\/posts\/173265"}],"collection":[{"href":"https:\/\/news.canadamotorjobs.com\/fr\/wp-json\/wp\/v2\/posts"}],"about":[{"href":"https:\/\/news.canadamotorjobs.com\/fr\/wp-json\/wp\/v2\/types\/post"}],"author":[{"embeddable":true,"href":"https:\/\/news.canadamotorjobs.com\/fr\/wp-json\/wp\/v2\/users\/8"}],"replies":[{"embeddable":true,"href":"https:\/\/news.canadamotorjobs.com\/fr\/wp-json\/wp\/v2\/comments?post=173265"}],"version-history":[{"count":3,"href":"https:\/\/news.canadamotorjobs.com\/fr\/wp-json\/wp\/v2\/posts\/173265\/revisions"}],"predecessor-version":[{"id":173304,"href":"https:\/\/news.canadamotorjobs.com\/fr\/wp-json\/wp\/v2\/posts\/173265\/revisions\/173304"}],"wp:featuredmedia":[{"embeddable":true,"href":"https:\/\/news.canadamotorjobs.com\/fr\/wp-json\/wp\/v2\/media\/173267"}],"wp:attachment":[{"href":"https:\/\/news.canadamotorjobs.com\/fr\/wp-json\/wp\/v2\/media?parent=173265"}],"wp:term":[{"taxonomy":"category","embeddable":true,"href":"https:\/\/news.canadamotorjobs.com\/fr\/wp-json\/wp\/v2\/categories?post=173265"},{"taxonomy":"post_tag","embeddable":true,"href":"https:\/\/news.canadamotorjobs.com\/fr\/wp-json\/wp\/v2\/tags?post=173265"}],"curies":[{"name":"wp","href":"https:\/\/api.w.org\/{rel}","templated":true}]}}