{"id":173237,"date":"2024-09-19T10:53:12","date_gmt":"2024-09-19T14:53:12","guid":{"rendered":"https:\/\/news.canadamotorjobs.com\/?p=173237"},"modified":"2024-09-19T11:00:00","modified_gmt":"2024-09-19T15:00:00","slug":"dodge-charger-daytona-les-commandes-sont-ouvertes","status":"publish","type":"post","link":"https:\/\/news.canadamotorjobs.com\/fr\/dodge-charger-daytona-les-commandes-sont-ouvertes\/","title":{"rendered":"Dodge Charger Daytona : les commandes sont ouvertes"},"content":{"rendered":"<\/p>\n<p>&lt;![CDATA[<\/p>\n<p>\u00c7a fait une \u00e9ternit\u00e9 qu\u2019on entend parler de la Dodge Charger Daytona, la rempla\u00e7ante \u00e9lectrique de la berline Charger et du coup\u00e9 Challenger. Tellement qu\u2019entre les premi\u00e8res annones du mod\u00e8le, le d\u00e9voilement du concept et l\u2019arriv\u00e9e de la version de production, Dodge a annonc\u00e9 que des versions \u00e0 essence seraient aussi propos\u00e9es, avec moteur 6-cylindres.<\/p>\n<p>Toujours est-il que pour ce qui est de la variante tout \u00e9lectrique, elle peut maintenant \u00eatre command\u00e9e. En effet, toute personne int\u00e9ress\u00e9e peut le faire depuis lundi dernier. Notez que nous sommes all\u00e9s sur les sites am\u00e9ricain et canadien de Dodge, et bien que la fa\u00e7on dont les deux mod\u00e8les sont pr\u00e9sent\u00e9s soit similaire, nous avons r\u00e9ussi \u00e0 trouver un outil de configuration du c\u00f4t\u00e9 am\u00e9ricain, mais pas du c\u00f4t\u00e9 canadien (au moment d\u2019\u00e9crire ces lignes).<\/p>\n<p>Ce sera probablement fait prochainement (et vous pouvez contacter votre concessionnaire pour plus d\u2019informations).<\/p>\n<p>L\u2019outil de configuration am\u00e9ricain est int\u00e9ressant, car il permet de personnaliser le mod\u00e8le \u00e0 sa guise, mais aussi d\u2019ouvrir le hayon, inspecter le coffre, ainsi qu\u2019ouvrir les porti\u00e8res pour voir \u00e0 quoi ressemble l\u2019int\u00e9rieur lorsque les si\u00e8ges arri\u00e8re sont rabattus.<\/p>\n<p>Pour le moment, les clients doivent contacter un concessionnaire Dodge pour passer une commande ou acheter la Charger qu\u2019ils ont configur\u00e9.<\/p>\n<p>Quant au mod\u00e8le, Dodge parle du premier muscle car \u00e9lectrique de l\u2019histoire, et avec 670 chevaux, on peut imaginer pourquoi. La premi\u00e8re version du mod\u00e8le qui sera propos\u00e9e est le coup\u00e9 \u00e9lectrique. La berline et le moteur \u00e0 six cylindres arriveront plus tard.<\/p>\n<p>Les premiers consommateurs peuvent choisir entre deux variantes : la Charger R\/T et la Charger Scat Pack.<\/p>\n<p>Une des particularit\u00e9s du mod\u00e8le est son syst\u00e8me d\u2019\u00e9chappement \u00ab Fratzonic \u00bb qui reproduit la sonorit\u00e9 d\u2019un moteur V8, mais pas seulement \u00e0 l\u2019int\u00e9rieur du v\u00e9hicule, mais aussi \u00e0 l\u2019ext\u00e9rieur. Dodge veut s\u00e9duire sa client\u00e8le type et \u00e7a para\u00eet. Est-ce que les sceptiques seront confondus ; \u00e7a reste \u00e0 voir.<\/p>\n<p><\/p>\n<figure><img decoding=\"async\" src=\"https:\/\/news.canadamotorjobs.com\/wp-content\/uploads\/2024\/09\/2024-dodge-charger-ev_42-1.jpg\" alt=\"La Dodge Charger Daytona\" \/><figcaption>La Dodge Charger Daytona | Auto123.com<\/figcaption><\/figure>\n<p style=\"padding-top: 15px\">Contenu original de <a href=\"https:\/\/www.auto123.com\/fr\/actualites\/dodge-charger-daytona-electrique-commandes\/71848\/\">auto123<\/a>.<\/p>\n<p>]]&gt;<\/p>\n<p>Le texte <a rel=\"nofollow\" href=\"https:\/\/annuelauto.ca\/dodge-charger-daytona-les-commandes-sont-ouvertes\/\">Dodge Charger Daytona : les commandes sont ouvertes<\/a> provient de <a rel=\"nofollow\" href=\"https:\/\/annuelauto.ca\">L&#8217;annuel de l&#8217;automobile &#8211; Actualit\u00e9 automobile<\/a><\/p>\n<p><\/p>\n","protected":false},"excerpt":{"rendered":"<p>&lt;![CDATA[ \u00c7a fait une \u00e9ternit\u00e9 qu\u2019on entend parler de la Dodge Charger Daytona, la rempla\u00e7ante \u00e9lectrique de la berline Charger et du coup\u00e9 Challenger. Tellement qu\u2019entre les premi\u00e8res annones du mod\u00e8le, le d\u00e9voilement du concept et l\u2019arriv\u00e9e de la version de production, Dodge a annonc\u00e9 que des versions \u00e0 essence seraient aussi propos\u00e9es, avec moteur [&hellip;]<\/p>\n","protected":false},"author":8,"featured_media":173239,"comment_status":"close","ping_status":"closed","sticky":false,"template":"","format":"standard","meta":{"_monsterinsights_skip_tracking":false,"_monsterinsights_sitenote_active":false,"_monsterinsights_sitenote_note":"","_monsterinsights_sitenote_category":0,"footnotes":""},"categories":[101],"tags":[],"yoast_head":"<!-- This site is optimized with the Yoast SEO plugin v23.2 - https:\/\/yoast.com\/wordpress\/plugins\/seo\/ -->\n<title>Dodge Charger Daytona : les commandes sont ouvertes - CanadaMotorJobs.com<\/title>\n<meta name=\"description\" content=\"Dodge Charger Daytona : les commandes sont ouvertes - Benoit Charette - Annuel automobile - CanadaMotorJobs.com.\" \/>\n<meta name=\"robots\" content=\"index, follow, max-snippet:-1, max-image-preview:large, max-video-preview:-1\" \/>\n<meta property=\"og:locale\" content=\"fr_CA\" \/>\n<meta property=\"og:type\" content=\"article\" \/>\n<meta property=\"og:title\" content=\"Dodge Charger Daytona : les commandes sont ouvertes - CanadaMotorJobs.com\" \/>\n<meta property=\"og:description\" content=\"Dodge Charger Daytona : les commandes sont ouvertes - Benoit Charette - Annuel automobile - CanadaMotorJobs.com.\" \/>\n<meta property=\"og:url\" content=\"https:\/\/news.canadamotorjobs.com\/fr\/dodge-charger-daytona-les-commandes-sont-ouvertes\/\" \/>\n<meta property=\"og:site_name\" content=\"CanadaMotorJobs.com\" \/>\n<meta property=\"article:publisher\" content=\"https:\/\/www.facebook.com\/canadamotorjobs\/\" \/>\n<meta property=\"article:published_time\" content=\"2024-09-19T14:53:12+00:00\" \/>\n<meta property=\"article:modified_time\" content=\"2024-09-19T15:00:00+00:00\" \/>\n<meta property=\"og:image\" content=\"https:\/\/news.canadamotorjobs.com\/wp-content\/uploads\/2024\/09\/2024-dodge-charger-ev_42-2.jpg\" \/>\n\t<meta property=\"og:image:width\" content=\"1200\" \/>\n\t<meta property=\"og:image:height\" content=\"800\" \/>\n\t<meta property=\"og:image:type\" content=\"image\/jpeg\" \/>\n<meta name=\"author\" content=\"Benoit Charette\" \/>\n<meta name=\"twitter:card\" content=\"summary_large_image\" \/>\n<meta name=\"twitter:creator\" content=\"@canadamotorjobs\" \/>\n<meta name=\"twitter:site\" content=\"@canadamotorjobs\" \/>\n<meta name=\"twitter:label1\" content=\"\u00c9crit par\" \/>\n\t<meta name=\"twitter:data1\" content=\"Benoit Charette\" \/>\n\t<meta name=\"twitter:label2\" content=\"Estimation du temps de lecture\" \/>\n\t<meta name=\"twitter:data2\" content=\"2 minutes\" \/>\n<!-- \/ Yoast SEO plugin. -->","yoast_head_json":{"title":"Dodge Charger Daytona : les commandes sont ouvertes - CanadaMotorJobs.com","description":"Dodge Charger Daytona : les commandes sont ouvertes - Benoit Charette - Annuel automobile - CanadaMotorJobs.com.","robots":{"index":"index","follow":"follow","max-snippet":"max-snippet:-1","max-image-preview":"max-image-preview:large","max-video-preview":"max-video-preview:-1"},"og_locale":"fr_CA","og_type":"article","og_title":"Dodge Charger Daytona : les commandes sont ouvertes - CanadaMotorJobs.com","og_description":"Dodge Charger Daytona : les commandes sont ouvertes - Benoit Charette - Annuel automobile - CanadaMotorJobs.com.","og_url":"https:\/\/news.canadamotorjobs.com\/fr\/dodge-charger-daytona-les-commandes-sont-ouvertes\/","og_site_name":"CanadaMotorJobs.com","article_publisher":"https:\/\/www.facebook.com\/canadamotorjobs\/","article_published_time":"2024-09-19T14:53:12+00:00","article_modified_time":"2024-09-19T15:00:00+00:00","og_image":[{"width":1200,"height":800,"url":"https:\/\/news.canadamotorjobs.com\/wp-content\/uploads\/2024\/09\/2024-dodge-charger-ev_42-2.jpg","type":"image\/jpeg"}],"author":"Benoit Charette","twitter_card":"summary_large_image","twitter_creator":"@canadamotorjobs","twitter_site":"@canadamotorjobs","twitter_misc":{"\u00c9crit par":"Benoit Charette","Estimation du temps de lecture":"2 minutes"},"schema":{"@context":"https:\/\/schema.org","@graph":[{"@type":"Article","@id":"https:\/\/news.canadamotorjobs.com\/fr\/dodge-charger-daytona-les-commandes-sont-ouvertes\/#article","isPartOf":{"@id":"https:\/\/news.canadamotorjobs.com\/fr\/dodge-charger-daytona-les-commandes-sont-ouvertes\/"},"author":{"name":"Benoit Charette","@id":"https:\/\/news.canadamotorjobs.com\/#\/schema\/person\/51793d1f87d44011d7bcc2ed99269a90"},"headline":"Dodge Charger Daytona : les commandes sont ouvertes","datePublished":"2024-09-19T14:53:12+00:00","dateModified":"2024-09-19T15:00:00+00:00","mainEntityOfPage":{"@id":"https:\/\/news.canadamotorjobs.com\/fr\/dodge-charger-daytona-les-commandes-sont-ouvertes\/"},"wordCount":397,"publisher":{"@id":"https:\/\/news.canadamotorjobs.com\/#organization"},"image":{"@id":"https:\/\/news.canadamotorjobs.com\/fr\/dodge-charger-daytona-les-commandes-sont-ouvertes\/#primaryimage"},"thumbnailUrl":"https:\/\/news.canadamotorjobs.com\/wp-content\/uploads\/2024\/09\/2024-dodge-charger-ev_42-2.jpg","articleSection":["Annuel automobile"],"inLanguage":"fr-CA"},{"@type":"WebPage","@id":"https:\/\/news.canadamotorjobs.com\/fr\/dodge-charger-daytona-les-commandes-sont-ouvertes\/","url":"https:\/\/news.canadamotorjobs.com\/fr\/dodge-charger-daytona-les-commandes-sont-ouvertes\/","name":"Dodge Charger Daytona : les commandes sont ouvertes - CanadaMotorJobs.com","isPartOf":{"@id":"https:\/\/news.canadamotorjobs.com\/#website"},"primaryImageOfPage":{"@id":"https:\/\/news.canadamotorjobs.com\/fr\/dodge-charger-daytona-les-commandes-sont-ouvertes\/#primaryimage"},"image":{"@id":"https:\/\/news.canadamotorjobs.com\/fr\/dodge-charger-daytona-les-commandes-sont-ouvertes\/#primaryimage"},"thumbnailUrl":"https:\/\/news.canadamotorjobs.com\/wp-content\/uploads\/2024\/09\/2024-dodge-charger-ev_42-2.jpg","datePublished":"2024-09-19T14:53:12+00:00","dateModified":"2024-09-19T15:00:00+00:00","description":"Dodge Charger Daytona : les commandes sont ouvertes - Benoit Charette - Annuel automobile - CanadaMotorJobs.com.","breadcrumb":{"@id":"https:\/\/news.canadamotorjobs.com\/fr\/dodge-charger-daytona-les-commandes-sont-ouvertes\/#breadcrumb"},"inLanguage":"fr-CA","potentialAction":[{"@type":"ReadAction","target":["https:\/\/news.canadamotorjobs.com\/fr\/dodge-charger-daytona-les-commandes-sont-ouvertes\/"]}]},{"@type":"ImageObject","inLanguage":"fr-CA","@id":"https:\/\/news.canadamotorjobs.com\/fr\/dodge-charger-daytona-les-commandes-sont-ouvertes\/#primaryimage","url":"https:\/\/news.canadamotorjobs.com\/wp-content\/uploads\/2024\/09\/2024-dodge-charger-ev_42-2.jpg","contentUrl":"https:\/\/news.canadamotorjobs.com\/wp-content\/uploads\/2024\/09\/2024-dodge-charger-ev_42-2.jpg","width":1200,"height":800},{"@type":"BreadcrumbList","@id":"https:\/\/news.canadamotorjobs.com\/fr\/dodge-charger-daytona-les-commandes-sont-ouvertes\/#breadcrumb","itemListElement":[{"@type":"ListItem","position":1,"name":"Home","item":"https:\/\/news.canadamotorjobs.com\/fr\/blog\/"},{"@type":"ListItem","position":2,"name":"Dodge Charger Daytona : les commandes sont ouvertes"}]},{"@type":"WebSite","@id":"https:\/\/news.canadamotorjobs.com\/#website","url":"https:\/\/news.canadamotorjobs.com\/","name":"CanadaMotorJobs.com","description":"Automotive Jobs","publisher":{"@id":"https:\/\/news.canadamotorjobs.com\/#organization"},"potentialAction":[{"@type":"SearchAction","target":{"@type":"EntryPoint","urlTemplate":"https:\/\/news.canadamotorjobs.com\/?s={search_term_string}"},"query-input":"required name=search_term_string"}],"inLanguage":"fr-CA"},{"@type":"Organization","@id":"https:\/\/news.canadamotorjobs.com\/#organization","name":"Canada Motor Jobs","url":"https:\/\/news.canadamotorjobs.com\/","logo":{"@type":"ImageObject","inLanguage":"fr-CA","@id":"https:\/\/news.canadamotorjobs.com\/#\/schema\/logo\/image\/","url":"https:\/\/news.canadamotorjobs.com\/wp-content\/uploads\/2022\/10\/logo-canada-motor-jobs-1.png","contentUrl":"https:\/\/news.canadamotorjobs.com\/wp-content\/uploads\/2022\/10\/logo-canada-motor-jobs-1.png","width":800,"height":400,"caption":"Canada Motor Jobs"},"image":{"@id":"https:\/\/news.canadamotorjobs.com\/#\/schema\/logo\/image\/"},"sameAs":["https:\/\/www.facebook.com\/canadamotorjobs\/","https:\/\/x.com\/canadamotorjobs","https:\/\/www.instagram.com\/canadamotorjobs\/","https:\/\/www.linkedin.com\/company\/canadamotorjobs"]},{"@type":"Person","@id":"https:\/\/news.canadamotorjobs.com\/#\/schema\/person\/51793d1f87d44011d7bcc2ed99269a90","name":"Benoit Charette","image":{"@type":"ImageObject","inLanguage":"fr-CA","@id":"https:\/\/news.canadamotorjobs.com\/#\/schema\/person\/image\/","url":"https:\/\/secure.gravatar.com\/avatar\/45f3d2eebcccd909668d7ce7ea7267b6?s=96&d=mm&r=g","contentUrl":"https:\/\/secure.gravatar.com\/avatar\/45f3d2eebcccd909668d7ce7ea7267b6?s=96&d=mm&r=g","caption":"Benoit Charette"},"description":"Benoit Charette \/ Propri\u00e9taire et r\u00e9dacteur en chef Benoit Charette pratique le journalisme automobile depuis bient\u00f4t 30 ans. Il a fait ses classes au c\u00f4t\u00e9 de Daniel H\u00e9raud et au Carnet de route de 1992 \u00e0 2001. Il est fondateur, copropri\u00e9taire et r\u00e9dacteur en chef de L\u2019Annuel de l\u2019automobile, qu\u2019il publie depuis 2001. Il a anim\u00e9 les \u00e9missions RPM et RPM+ sur V et les L\u00e9gendes de la route sur Historia. \u00c0 la radio depuis 1986, il reprend l\u2019antenne cette ann\u00e9e sur les ondes de Cogeco et participe pour la deuxi\u00e8me ann\u00e9e \u00e0 l\u2019\u00e9mission Passion Auto sur RDS en plus de mettre en ligne le site Web officiel de L\u2019Annuel de l\u2019automobile sur annuelauto.ca.","sameAs":["https:\/\/annuelauto.ca\/"],"url":"https:\/\/news.canadamotorjobs.com\/fr\/author\/benoit-charette\/"}]}},"_links":{"self":[{"href":"https:\/\/news.canadamotorjobs.com\/fr\/wp-json\/wp\/v2\/posts\/173237"}],"collection":[{"href":"https:\/\/news.canadamotorjobs.com\/fr\/wp-json\/wp\/v2\/posts"}],"about":[{"href":"https:\/\/news.canadamotorjobs.com\/fr\/wp-json\/wp\/v2\/types\/post"}],"author":[{"embeddable":true,"href":"https:\/\/news.canadamotorjobs.com\/fr\/wp-json\/wp\/v2\/users\/8"}],"replies":[{"embeddable":true,"href":"https:\/\/news.canadamotorjobs.com\/fr\/wp-json\/wp\/v2\/comments?post=173237"}],"version-history":[{"count":3,"href":"https:\/\/news.canadamotorjobs.com\/fr\/wp-json\/wp\/v2\/posts\/173237\/revisions"}],"predecessor-version":[{"id":173264,"href":"https:\/\/news.canadamotorjobs.com\/fr\/wp-json\/wp\/v2\/posts\/173237\/revisions\/173264"}],"wp:featuredmedia":[{"embeddable":true,"href":"https:\/\/news.canadamotorjobs.com\/fr\/wp-json\/wp\/v2\/media\/173239"}],"wp:attachment":[{"href":"https:\/\/news.canadamotorjobs.com\/fr\/wp-json\/wp\/v2\/media?parent=173237"}],"wp:term":[{"taxonomy":"category","embeddable":true,"href":"https:\/\/news.canadamotorjobs.com\/fr\/wp-json\/wp\/v2\/categories?post=173237"},{"taxonomy":"post_tag","embeddable":true,"href":"https:\/\/news.canadamotorjobs.com\/fr\/wp-json\/wp\/v2\/tags?post=173237"}],"curies":[{"name":"wp","href":"https:\/\/api.w.org\/{rel}","templated":true}]}}