{"id":173181,"date":"2024-09-19T10:53:13","date_gmt":"2024-09-19T14:53:13","guid":{"rendered":"https:\/\/news.canadamotorjobs.com\/?p=173181"},"modified":"2024-09-19T10:59:38","modified_gmt":"2024-09-19T14:59:38","slug":"une-stinger-electrique-serait-a-letude-chez-kia","status":"publish","type":"post","link":"https:\/\/news.canadamotorjobs.com\/fr\/une-stinger-electrique-serait-a-letude-chez-kia\/","title":{"rendered":"Une Stinger \u00e9lectrique serait \u00e0 l\u2019\u00e9tude chez Kia"},"content":{"rendered":"<\/p>\n<p>&lt;![CDATA[<\/p>\n<p>Le passage de la berline Stinger aura \u00e9t\u00e9 court chez Kia, mais il aura marqu\u00e9 l\u2019imaginaire des amateurs de voitures. Cette cr\u00e9ation, en plus d\u2019\u00eatre jolie, \u00e9tait une r\u00e9ussite \u00e0 tous les chapitres. Et une excellente affaire pour tous ceux \u00e0 la recherche d\u2019un mod\u00e8le performant \u00e0 bon prix.<\/p>\n<p>La compagnie n\u2019a pas annonc\u00e9 de rempla\u00e7ante pour son mod\u00e8le, mais le grand patron de la marque, Ho-Sung Song, a r\u00e9v\u00e9l\u00e9 qu\u2019un tel v\u00e9hicule \u00e9tait \u00e0 l\u2019\u00e9tude. Il a d\u00e9clar\u00e9 \u00e0 la publication Autocar que la compagnie \u00e9tudiait actuellement quel type de mod\u00e8les pourrait remplacer la Stinger.<\/p>\n<p>Et c\u2019est l\u00e0 que les sp\u00e9culations commencent, car il est facile d\u2019anticiper que toute rempla\u00e7ante sera probablement \u00e9lectrique. La possibilit\u00e9 d\u2019un mod\u00e8le hybride ou hybride rechargeable demeure, toutefois, car le groupe Hyundai\/Kia a confirm\u00e9 qu\u2019il allait continuer d\u2019introduire ce type de v\u00e9hicules pour r\u00e9pondre \u00e0 la demande croissante.<\/p>\n<p>Ho-Sung Song a toutefois d\u00e9clar\u00e9 que la majeure partie des investissements de Kia sont dans les v\u00e9hicules \u00e9lectriques et que c\u2019est la direction que garde l\u2019entreprise. Ainsi, tout mod\u00e8le destin\u00e9 \u00e0 d\u00e9velopper la marque, comme une \u00e9ventuelle rempla\u00e7ante de la Stinger, devra \u00eatre un produit \u00e9lectrique, si sa production est approuv\u00e9e.<\/p>\n<p>Le mod\u00e8le pourrait \u00eatre \u00e9lectrique, mais aussi abriter d\u2019autres types de motorisations. On demeure sp\u00e9culatif, mais il faut comprendre qu\u2019\u00e0 ce point-ci, tout est possible.<\/p>\n<p><\/p>\n<figure><img decoding=\"async\" src=\"https:\/\/news.canadamotorjobs.com\/wp-content\/uploads\/2024\/09\/kia-stinger-gt-2022-db_40-1.jpg\" alt=\"La d\u00e9funte Stinger pourrait \u00eatre remplac\u00e9e par une version \u00e9lectrique\" \/><figcaption>La d\u00e9funte Stinger pourrait \u00eatre remplac\u00e9e par une version \u00e9lectrique | Auto123.com<\/figcaption><\/figure>\n<p>Concernant la rumeur d\u2019une rempla\u00e7ante \u00e9lectrique pour la Stinger, il faut comprendre qu\u2019il ne s\u2019agit pas d\u2019une premi\u00e8re, car en f\u00e9vrier, la chose avait fait surface dans les m\u00e9dias. Des documents syndicaux pr\u00e9sum\u00e9s contenaient des d\u00e9tails sur les plans de production d\u2019une EV8 qui viendrait \u00e0 la fois remplacer la Stinger et la berline interm\u00e9diaire K8 vendue sur certains march\u00e9s.<\/p>\n<p>Selon les informations qui ont circul\u00e9, le mod\u00e8le pourrait h\u00e9riter d\u2019une batterie de 113,2 kWh, pour offrir plus de 600 chevaux. Sa production pourrait s\u2019amorcer autour de 2026.<\/p>\n<p>Rien n\u2019est confirm\u00e9, bien entendu. Cependant, avec le nombre de mod\u00e8les attendus au sein du groupe, il faut bien que certains soient dans les plans. En 2022, Kia d\u00e9clarait qu\u2019elle pr\u00e9voyait avoir 14 v\u00e9hicules \u00e9lectriques dans sa gamme d\u2019ici \u00e0 la fin de 2027, y compris deux camionnettes. Outre la potentielle EV8, on sait qu\u2019une berline compacte et une camionnette interm\u00e9diaire sont \u00e9galement pr\u00e9vues, sans compter des mod\u00e8les comme les VUS EV4 et EV4, d\u00e9j\u00e0 annonc\u00e9s.<\/p>\n<p>Il faudra voir, et c\u2019est avec grand int\u00e9r\u00eat que nous allons suivre les salons automobiles de l\u2019automne, qui nous en apprendront plus sur les plans de l\u2019entreprise.<\/p>\n<p><\/p>\n<p style=\"padding-top: 15px\">Contenu original de <a href=\"https:\/\/www.auto123.com\/fr\/actualites\/kia-stinger-electrique-etude-plans\/71846\/\">auto123<\/a>.<\/p>\n<p>]]&gt;<\/p>\n<p>Le texte <a rel=\"nofollow\" href=\"https:\/\/annuelauto.ca\/une-stinger-electrique-serait-a-letude-chez-kia\/\">Une Stinger \u00e9lectrique serait \u00e0 l\u2019\u00e9tude chez Kia<\/a> provient de <a rel=\"nofollow\" href=\"https:\/\/annuelauto.ca\">L&#8217;annuel de l&#8217;automobile &#8211; Actualit\u00e9 automobile<\/a><\/p>\n<p><\/p>\n","protected":false},"excerpt":{"rendered":"<p>&lt;![CDATA[ Le passage de la berline Stinger aura \u00e9t\u00e9 court chez Kia, mais il aura marqu\u00e9 l\u2019imaginaire des amateurs de voitures. Cette cr\u00e9ation, en plus d\u2019\u00eatre jolie, \u00e9tait une r\u00e9ussite \u00e0 tous les chapitres. Et une excellente affaire pour tous ceux \u00e0 la recherche d\u2019un mod\u00e8le performant \u00e0 bon prix. La compagnie n\u2019a pas annonc\u00e9 [&hellip;]<\/p>\n","protected":false},"author":8,"featured_media":173183,"comment_status":"close","ping_status":"closed","sticky":false,"template":"","format":"standard","meta":{"_monsterinsights_skip_tracking":false,"_monsterinsights_sitenote_active":false,"_monsterinsights_sitenote_note":"","_monsterinsights_sitenote_category":0,"footnotes":""},"categories":[101],"tags":[],"yoast_head":"<!-- This site is optimized with the Yoast SEO plugin v23.2 - https:\/\/yoast.com\/wordpress\/plugins\/seo\/ -->\n<title>Une Stinger \u00e9lectrique serait \u00e0 l\u2019\u00e9tude chez Kia - CanadaMotorJobs.com<\/title>\n<meta name=\"description\" content=\"Une Stinger \u00e9lectrique serait \u00e0 l\u2019\u00e9tude chez Kia - Benoit Charette - Annuel automobile - CanadaMotorJobs.com.\" \/>\n<meta name=\"robots\" content=\"index, follow, max-snippet:-1, max-image-preview:large, max-video-preview:-1\" \/>\n<meta property=\"og:locale\" content=\"fr_CA\" \/>\n<meta property=\"og:type\" content=\"article\" \/>\n<meta property=\"og:title\" content=\"Une Stinger \u00e9lectrique serait \u00e0 l\u2019\u00e9tude chez Kia - CanadaMotorJobs.com\" \/>\n<meta property=\"og:description\" content=\"Une Stinger \u00e9lectrique serait \u00e0 l\u2019\u00e9tude chez Kia - Benoit Charette - Annuel automobile - CanadaMotorJobs.com.\" \/>\n<meta property=\"og:url\" content=\"https:\/\/news.canadamotorjobs.com\/fr\/une-stinger-electrique-serait-a-letude-chez-kia\/\" \/>\n<meta property=\"og:site_name\" content=\"CanadaMotorJobs.com\" \/>\n<meta property=\"article:publisher\" content=\"https:\/\/www.facebook.com\/canadamotorjobs\/\" \/>\n<meta property=\"article:published_time\" content=\"2024-09-19T14:53:13+00:00\" \/>\n<meta property=\"article:modified_time\" content=\"2024-09-19T14:59:38+00:00\" \/>\n<meta property=\"og:image\" content=\"https:\/\/news.canadamotorjobs.com\/wp-content\/uploads\/2024\/09\/kia-stinger-gt-2022-db_40-2.jpg\" \/>\n\t<meta property=\"og:image:width\" content=\"1200\" \/>\n\t<meta property=\"og:image:height\" content=\"800\" \/>\n\t<meta property=\"og:image:type\" content=\"image\/jpeg\" \/>\n<meta name=\"author\" content=\"Benoit Charette\" \/>\n<meta name=\"twitter:card\" content=\"summary_large_image\" \/>\n<meta name=\"twitter:creator\" content=\"@canadamotorjobs\" \/>\n<meta name=\"twitter:site\" content=\"@canadamotorjobs\" \/>\n<meta name=\"twitter:label1\" content=\"\u00c9crit par\" \/>\n\t<meta name=\"twitter:data1\" content=\"Benoit Charette\" \/>\n\t<meta name=\"twitter:label2\" content=\"Estimation du temps de lecture\" \/>\n\t<meta name=\"twitter:data2\" content=\"3 minutes\" \/>\n<!-- \/ Yoast SEO plugin. -->","yoast_head_json":{"title":"Une Stinger \u00e9lectrique serait \u00e0 l\u2019\u00e9tude chez Kia - CanadaMotorJobs.com","description":"Une Stinger \u00e9lectrique serait \u00e0 l\u2019\u00e9tude chez Kia - Benoit Charette - Annuel automobile - CanadaMotorJobs.com.","robots":{"index":"index","follow":"follow","max-snippet":"max-snippet:-1","max-image-preview":"max-image-preview:large","max-video-preview":"max-video-preview:-1"},"og_locale":"fr_CA","og_type":"article","og_title":"Une Stinger \u00e9lectrique serait \u00e0 l\u2019\u00e9tude chez Kia - CanadaMotorJobs.com","og_description":"Une Stinger \u00e9lectrique serait \u00e0 l\u2019\u00e9tude chez Kia - Benoit Charette - Annuel automobile - CanadaMotorJobs.com.","og_url":"https:\/\/news.canadamotorjobs.com\/fr\/une-stinger-electrique-serait-a-letude-chez-kia\/","og_site_name":"CanadaMotorJobs.com","article_publisher":"https:\/\/www.facebook.com\/canadamotorjobs\/","article_published_time":"2024-09-19T14:53:13+00:00","article_modified_time":"2024-09-19T14:59:38+00:00","og_image":[{"width":1200,"height":800,"url":"https:\/\/news.canadamotorjobs.com\/wp-content\/uploads\/2024\/09\/kia-stinger-gt-2022-db_40-2.jpg","type":"image\/jpeg"}],"author":"Benoit Charette","twitter_card":"summary_large_image","twitter_creator":"@canadamotorjobs","twitter_site":"@canadamotorjobs","twitter_misc":{"\u00c9crit par":"Benoit Charette","Estimation du temps de lecture":"3 minutes"},"schema":{"@context":"https:\/\/schema.org","@graph":[{"@type":"Article","@id":"https:\/\/news.canadamotorjobs.com\/fr\/une-stinger-electrique-serait-a-letude-chez-kia\/#article","isPartOf":{"@id":"https:\/\/news.canadamotorjobs.com\/fr\/une-stinger-electrique-serait-a-letude-chez-kia\/"},"author":{"name":"Benoit Charette","@id":"https:\/\/news.canadamotorjobs.com\/#\/schema\/person\/51793d1f87d44011d7bcc2ed99269a90"},"headline":"Une Stinger \u00e9lectrique serait \u00e0 l\u2019\u00e9tude chez Kia","datePublished":"2024-09-19T14:53:13+00:00","dateModified":"2024-09-19T14:59:38+00:00","mainEntityOfPage":{"@id":"https:\/\/news.canadamotorjobs.com\/fr\/une-stinger-electrique-serait-a-letude-chez-kia\/"},"wordCount":519,"publisher":{"@id":"https:\/\/news.canadamotorjobs.com\/#organization"},"image":{"@id":"https:\/\/news.canadamotorjobs.com\/fr\/une-stinger-electrique-serait-a-letude-chez-kia\/#primaryimage"},"thumbnailUrl":"https:\/\/news.canadamotorjobs.com\/wp-content\/uploads\/2024\/09\/kia-stinger-gt-2022-db_40-2.jpg","articleSection":["Annuel automobile"],"inLanguage":"fr-CA"},{"@type":"WebPage","@id":"https:\/\/news.canadamotorjobs.com\/fr\/une-stinger-electrique-serait-a-letude-chez-kia\/","url":"https:\/\/news.canadamotorjobs.com\/fr\/une-stinger-electrique-serait-a-letude-chez-kia\/","name":"Une Stinger \u00e9lectrique serait \u00e0 l\u2019\u00e9tude chez Kia - CanadaMotorJobs.com","isPartOf":{"@id":"https:\/\/news.canadamotorjobs.com\/#website"},"primaryImageOfPage":{"@id":"https:\/\/news.canadamotorjobs.com\/fr\/une-stinger-electrique-serait-a-letude-chez-kia\/#primaryimage"},"image":{"@id":"https:\/\/news.canadamotorjobs.com\/fr\/une-stinger-electrique-serait-a-letude-chez-kia\/#primaryimage"},"thumbnailUrl":"https:\/\/news.canadamotorjobs.com\/wp-content\/uploads\/2024\/09\/kia-stinger-gt-2022-db_40-2.jpg","datePublished":"2024-09-19T14:53:13+00:00","dateModified":"2024-09-19T14:59:38+00:00","description":"Une Stinger \u00e9lectrique serait \u00e0 l\u2019\u00e9tude chez Kia - Benoit Charette - Annuel automobile - CanadaMotorJobs.com.","breadcrumb":{"@id":"https:\/\/news.canadamotorjobs.com\/fr\/une-stinger-electrique-serait-a-letude-chez-kia\/#breadcrumb"},"inLanguage":"fr-CA","potentialAction":[{"@type":"ReadAction","target":["https:\/\/news.canadamotorjobs.com\/fr\/une-stinger-electrique-serait-a-letude-chez-kia\/"]}]},{"@type":"ImageObject","inLanguage":"fr-CA","@id":"https:\/\/news.canadamotorjobs.com\/fr\/une-stinger-electrique-serait-a-letude-chez-kia\/#primaryimage","url":"https:\/\/news.canadamotorjobs.com\/wp-content\/uploads\/2024\/09\/kia-stinger-gt-2022-db_40-2.jpg","contentUrl":"https:\/\/news.canadamotorjobs.com\/wp-content\/uploads\/2024\/09\/kia-stinger-gt-2022-db_40-2.jpg","width":1200,"height":800},{"@type":"BreadcrumbList","@id":"https:\/\/news.canadamotorjobs.com\/fr\/une-stinger-electrique-serait-a-letude-chez-kia\/#breadcrumb","itemListElement":[{"@type":"ListItem","position":1,"name":"Home","item":"https:\/\/news.canadamotorjobs.com\/fr\/blog\/"},{"@type":"ListItem","position":2,"name":"Une Stinger \u00e9lectrique serait \u00e0 l\u2019\u00e9tude chez Kia"}]},{"@type":"WebSite","@id":"https:\/\/news.canadamotorjobs.com\/#website","url":"https:\/\/news.canadamotorjobs.com\/","name":"CanadaMotorJobs.com","description":"Automotive Jobs","publisher":{"@id":"https:\/\/news.canadamotorjobs.com\/#organization"},"potentialAction":[{"@type":"SearchAction","target":{"@type":"EntryPoint","urlTemplate":"https:\/\/news.canadamotorjobs.com\/?s={search_term_string}"},"query-input":"required name=search_term_string"}],"inLanguage":"fr-CA"},{"@type":"Organization","@id":"https:\/\/news.canadamotorjobs.com\/#organization","name":"Canada Motor Jobs","url":"https:\/\/news.canadamotorjobs.com\/","logo":{"@type":"ImageObject","inLanguage":"fr-CA","@id":"https:\/\/news.canadamotorjobs.com\/#\/schema\/logo\/image\/","url":"https:\/\/news.canadamotorjobs.com\/wp-content\/uploads\/2022\/10\/logo-canada-motor-jobs-1.png","contentUrl":"https:\/\/news.canadamotorjobs.com\/wp-content\/uploads\/2022\/10\/logo-canada-motor-jobs-1.png","width":800,"height":400,"caption":"Canada Motor Jobs"},"image":{"@id":"https:\/\/news.canadamotorjobs.com\/#\/schema\/logo\/image\/"},"sameAs":["https:\/\/www.facebook.com\/canadamotorjobs\/","https:\/\/x.com\/canadamotorjobs","https:\/\/www.instagram.com\/canadamotorjobs\/","https:\/\/www.linkedin.com\/company\/canadamotorjobs"]},{"@type":"Person","@id":"https:\/\/news.canadamotorjobs.com\/#\/schema\/person\/51793d1f87d44011d7bcc2ed99269a90","name":"Benoit Charette","image":{"@type":"ImageObject","inLanguage":"fr-CA","@id":"https:\/\/news.canadamotorjobs.com\/#\/schema\/person\/image\/","url":"https:\/\/secure.gravatar.com\/avatar\/45f3d2eebcccd909668d7ce7ea7267b6?s=96&d=mm&r=g","contentUrl":"https:\/\/secure.gravatar.com\/avatar\/45f3d2eebcccd909668d7ce7ea7267b6?s=96&d=mm&r=g","caption":"Benoit Charette"},"description":"Benoit Charette \/ Propri\u00e9taire et r\u00e9dacteur en chef Benoit Charette pratique le journalisme automobile depuis bient\u00f4t 30 ans. Il a fait ses classes au c\u00f4t\u00e9 de Daniel H\u00e9raud et au Carnet de route de 1992 \u00e0 2001. Il est fondateur, copropri\u00e9taire et r\u00e9dacteur en chef de L\u2019Annuel de l\u2019automobile, qu\u2019il publie depuis 2001. Il a anim\u00e9 les \u00e9missions RPM et RPM+ sur V et les L\u00e9gendes de la route sur Historia. \u00c0 la radio depuis 1986, il reprend l\u2019antenne cette ann\u00e9e sur les ondes de Cogeco et participe pour la deuxi\u00e8me ann\u00e9e \u00e0 l\u2019\u00e9mission Passion Auto sur RDS en plus de mettre en ligne le site Web officiel de L\u2019Annuel de l\u2019automobile sur annuelauto.ca.","sameAs":["https:\/\/annuelauto.ca\/"],"url":"https:\/\/news.canadamotorjobs.com\/fr\/author\/benoit-charette\/"}]}},"_links":{"self":[{"href":"https:\/\/news.canadamotorjobs.com\/fr\/wp-json\/wp\/v2\/posts\/173181"}],"collection":[{"href":"https:\/\/news.canadamotorjobs.com\/fr\/wp-json\/wp\/v2\/posts"}],"about":[{"href":"https:\/\/news.canadamotorjobs.com\/fr\/wp-json\/wp\/v2\/types\/post"}],"author":[{"embeddable":true,"href":"https:\/\/news.canadamotorjobs.com\/fr\/wp-json\/wp\/v2\/users\/8"}],"replies":[{"embeddable":true,"href":"https:\/\/news.canadamotorjobs.com\/fr\/wp-json\/wp\/v2\/comments?post=173181"}],"version-history":[{"count":3,"href":"https:\/\/news.canadamotorjobs.com\/fr\/wp-json\/wp\/v2\/posts\/173181\/revisions"}],"predecessor-version":[{"id":173208,"href":"https:\/\/news.canadamotorjobs.com\/fr\/wp-json\/wp\/v2\/posts\/173181\/revisions\/173208"}],"wp:featuredmedia":[{"embeddable":true,"href":"https:\/\/news.canadamotorjobs.com\/fr\/wp-json\/wp\/v2\/media\/173183"}],"wp:attachment":[{"href":"https:\/\/news.canadamotorjobs.com\/fr\/wp-json\/wp\/v2\/media?parent=173181"}],"wp:term":[{"taxonomy":"category","embeddable":true,"href":"https:\/\/news.canadamotorjobs.com\/fr\/wp-json\/wp\/v2\/categories?post=173181"},{"taxonomy":"post_tag","embeddable":true,"href":"https:\/\/news.canadamotorjobs.com\/fr\/wp-json\/wp\/v2\/tags?post=173181"}],"curies":[{"name":"wp","href":"https:\/\/api.w.org\/{rel}","templated":true}]}}