{"id":173131,"date":"2024-09-19T05:22:34","date_gmt":"2024-09-19T09:22:34","guid":{"rendered":"https:\/\/news.canadamotorjobs.com\/?p=173131"},"modified":"2024-09-19T05:28:53","modified_gmt":"2024-09-19T09:28:53","slug":"menace-de-greve-massive-chez-stellantis-aux-etats-unis","status":"publish","type":"post","link":"https:\/\/news.canadamotorjobs.com\/fr\/menace-de-greve-massive-chez-stellantis-aux-etats-unis\/","title":{"rendered":"Menace de gr\u00e8ve massive chez Stellantis aux \u00c9tats-Unis"},"content":{"rendered":"<\/p>\n<p>Le syndicat United Auto Workers (UAW) pr\u00e9pare plusieurs gr\u00e8ves aux \u00c9tats-Unis contre le constructeur franco-italien Stellantis, environ un an apr\u00e8s qu&#8217;un arr\u00eat national ait co\u00fbt\u00e9 des milliards de dollars aux trois grands constructeurs de D\u00e9troit, mettant au ch\u00f4mage 50 000 travailleurs. Shawn Fain, pr\u00e9sident de l&#8217;UAW, a accus\u00e9 Stellantis de ne pas avoir tenu ses promesses contractuelles. Mardi soir, il a averti que plusieurs sections locales du syndicat posaient les bases de gr\u00e8ves qui pourraient paralyser l\u2019entreprise.<\/p>\n<h3>Un impact financier d\u00e9j\u00e0 bien connu<\/h3>\n<p>\nCes nouvelles menaces interviennent apr\u00e8s la gr\u00e8ve de six semaines de l\u2019ann\u00e9e derni\u00e8re, qui avait co\u00fbt\u00e9 \u00e0 Stellantis plus d&#8217;un milliard en b\u00e9n\u00e9fices. Le syndicat avait \u00e9galement cibl\u00e9 General Motors et Ford lors de cet arr\u00eat historique en 2023, marquant un \u00e9v\u00e9nement cl\u00e9 avec le soutien visible du pr\u00e9sident am\u00e9ricain Joe Biden.<\/p>\n<h3>Une p\u00e9riode strat\u00e9gique pour l\u2019UAW<\/h3>\n<p>\nAvec les op\u00e9rations nord-am\u00e9ricaines de Stellantis en difficult\u00e9, l\u2019ombre d\u2019une nouvelle gr\u00e8ve plane \u00e0 un moment critique, alors que la course \u00e0 la Maison-Blanche s\u2019intensifie. La vice-pr\u00e9sidente Kamala Harris, qui a re\u00e7u l\u2019appui de l\u2019UAW, affronte Donald Trump dans cette bataille politique. Fain a expliqu\u00e9 que 28 sections locales, repr\u00e9sentant des dizaines de milliers de travailleurs, avaient d\u00e9pos\u00e9 des plaintes contre Stellantis, dont certaines \u00e9taient pr\u00eates \u00e0 demander des votes pour l\u2019autorisation de gr\u00e8ves.<\/p>\n<h3>Stellantis sous le feu des critiques<\/h3>\n<p>\nStellantis a r\u00e9pondu aux accusations en d\u00e9clarant que les attaques publiques de Fain nuisent \u00e0 la r\u00e9putation de l\u2019entreprise, affirmant qu&#8217;un dialogue productif serait plus b\u00e9n\u00e9fique \u00e0 toutes les parties. De son c\u00f4t\u00e9, Fain a ripost\u00e9 en critiquant la gestion de Carlos Tavares, PDG de Stellantis, en citant des retards dans les engagements d\u2019investissements, notamment dans une nouvelle usine de batteries \u00e0 Belvidere, Illinois.<\/p>\n<h3>Les enjeux pour Stellantis aux \u00c9tats-Unis<\/h3>\n<p>\nLes difficult\u00e9s de Stellantis sur le march\u00e9 am\u00e9ricain se sont aggrav\u00e9es, avec des ventes en baisse et des stocks en hausse. Pourtant, avec des inventaires suffisants pour 77 jours, Stellantis pourrait ne pas ressentir imm\u00e9diatement les effets d\u2019une gr\u00e8ve. Toutefois, des arr\u00eats cibl\u00e9s dans des usines produisant des v\u00e9hicules tr\u00e8s demand\u00e9s, comme les SUV Jeep, pourraient infliger des pertes plus directes.<\/p>\n<h3>Une \u00e9lection qui s\u2019annonce d\u00e9cisive<\/h3>\n<p>\nUn mouvement de gr\u00e8ve collectif maintenant attirerait l\u2019attention de la Maison-Blanche, \u00e0 l&#8217;approche de l&#8217;\u00e9lection pr\u00e9sidentielle am\u00e9ricaine du 5 novembre. Michigan, un \u00e9tat cl\u00e9 dans cette \u00e9lection, est au c\u0153ur des visites de Kamala Harris et Donald Trump. Si une autorisation de gr\u00e8ve est obtenue, cela pourrait red\u00e9finir les relations entre l\u2019UAW et les constructeurs am\u00e9ricains en cette p\u00e9riode \u00e9lectorale.<\/p>\n<p>Avec des renseignements de Reuters<\/p>\n<p>Le texte <a rel=\"nofollow\" href=\"https:\/\/annuelauto.ca\/menace-de-greve-massive-chez-stellantis-aux-etats-unis\/\">Menace de gr\u00e8ve massive chez Stellantis aux \u00c9tats-Unis<\/a> provient de <a rel=\"nofollow\" href=\"https:\/\/annuelauto.ca\">L&#8217;annuel de l&#8217;automobile &#8211; Actualit\u00e9 automobile<\/a><\/p>\n<p><\/p>\n","protected":false},"excerpt":{"rendered":"<p>Le syndicat United Auto Workers (UAW) pr\u00e9pare plusieurs gr\u00e8ves aux \u00c9tats-Unis contre le constructeur franco-italien Stellantis, environ un an apr\u00e8s qu&#8217;un arr\u00eat national ait co\u00fbt\u00e9 des milliards de dollars aux trois grands constructeurs de D\u00e9troit, mettant au ch\u00f4mage 50 000 travailleurs. Shawn Fain, pr\u00e9sident de l&#8217;UAW, a accus\u00e9 Stellantis de ne pas avoir tenu ses [&hellip;]<\/p>\n","protected":false},"author":8,"featured_media":173133,"comment_status":"close","ping_status":"closed","sticky":false,"template":"","format":"standard","meta":{"_monsterinsights_skip_tracking":false,"_monsterinsights_sitenote_active":false,"_monsterinsights_sitenote_note":"","_monsterinsights_sitenote_category":0,"footnotes":""},"categories":[101],"tags":[],"yoast_head":"<!-- This site is optimized with the Yoast SEO plugin v23.2 - https:\/\/yoast.com\/wordpress\/plugins\/seo\/ -->\n<title>Menace de gr\u00e8ve massive chez Stellantis aux \u00c9tats-Unis - CanadaMotorJobs.com<\/title>\n<meta name=\"description\" content=\"Menace de gr\u00e8ve massive chez Stellantis aux \u00c9tats-Unis - Benoit Charette - Annuel automobile - CanadaMotorJobs.com.\" \/>\n<meta name=\"robots\" content=\"index, follow, max-snippet:-1, max-image-preview:large, max-video-preview:-1\" \/>\n<meta property=\"og:locale\" content=\"fr_CA\" \/>\n<meta property=\"og:type\" content=\"article\" \/>\n<meta property=\"og:title\" content=\"Menace de gr\u00e8ve massive chez Stellantis aux \u00c9tats-Unis - CanadaMotorJobs.com\" \/>\n<meta property=\"og:description\" content=\"Menace de gr\u00e8ve massive chez Stellantis aux \u00c9tats-Unis - Benoit Charette - Annuel automobile - CanadaMotorJobs.com.\" \/>\n<meta property=\"og:url\" content=\"https:\/\/news.canadamotorjobs.com\/fr\/menace-de-greve-massive-chez-stellantis-aux-etats-unis\/\" \/>\n<meta property=\"og:site_name\" content=\"CanadaMotorJobs.com\" \/>\n<meta property=\"article:publisher\" content=\"https:\/\/www.facebook.com\/canadamotorjobs\/\" \/>\n<meta property=\"article:published_time\" content=\"2024-09-19T09:22:34+00:00\" \/>\n<meta property=\"article:modified_time\" content=\"2024-09-19T09:28:53+00:00\" \/>\n<meta property=\"og:image\" content=\"https:\/\/news.canadamotorjobs.com\/wp-content\/uploads\/2024\/09\/Stellantis-Headquarters-1-1.jpg\" \/>\n\t<meta property=\"og:image:width\" content=\"1920\" \/>\n\t<meta property=\"og:image:height\" content=\"1040\" \/>\n\t<meta property=\"og:image:type\" content=\"image\/jpeg\" \/>\n<meta name=\"author\" content=\"Benoit Charette\" \/>\n<meta name=\"twitter:card\" content=\"summary_large_image\" \/>\n<meta name=\"twitter:creator\" content=\"@canadamotorjobs\" \/>\n<meta name=\"twitter:site\" content=\"@canadamotorjobs\" \/>\n<meta name=\"twitter:label1\" content=\"\u00c9crit par\" \/>\n\t<meta name=\"twitter:data1\" content=\"Benoit Charette\" \/>\n\t<meta name=\"twitter:label2\" content=\"Estimation du temps de lecture\" \/>\n\t<meta name=\"twitter:data2\" content=\"2 minutes\" \/>\n<!-- \/ Yoast SEO plugin. -->","yoast_head_json":{"title":"Menace de gr\u00e8ve massive chez Stellantis aux \u00c9tats-Unis - CanadaMotorJobs.com","description":"Menace de gr\u00e8ve massive chez Stellantis aux \u00c9tats-Unis - Benoit Charette - Annuel automobile - CanadaMotorJobs.com.","robots":{"index":"index","follow":"follow","max-snippet":"max-snippet:-1","max-image-preview":"max-image-preview:large","max-video-preview":"max-video-preview:-1"},"og_locale":"fr_CA","og_type":"article","og_title":"Menace de gr\u00e8ve massive chez Stellantis aux \u00c9tats-Unis - CanadaMotorJobs.com","og_description":"Menace de gr\u00e8ve massive chez Stellantis aux \u00c9tats-Unis - Benoit Charette - Annuel automobile - CanadaMotorJobs.com.","og_url":"https:\/\/news.canadamotorjobs.com\/fr\/menace-de-greve-massive-chez-stellantis-aux-etats-unis\/","og_site_name":"CanadaMotorJobs.com","article_publisher":"https:\/\/www.facebook.com\/canadamotorjobs\/","article_published_time":"2024-09-19T09:22:34+00:00","article_modified_time":"2024-09-19T09:28:53+00:00","og_image":[{"width":1920,"height":1040,"url":"https:\/\/news.canadamotorjobs.com\/wp-content\/uploads\/2024\/09\/Stellantis-Headquarters-1-1.jpg","type":"image\/jpeg"}],"author":"Benoit Charette","twitter_card":"summary_large_image","twitter_creator":"@canadamotorjobs","twitter_site":"@canadamotorjobs","twitter_misc":{"\u00c9crit par":"Benoit Charette","Estimation du temps de lecture":"2 minutes"},"schema":{"@context":"https:\/\/schema.org","@graph":[{"@type":"Article","@id":"https:\/\/news.canadamotorjobs.com\/fr\/menace-de-greve-massive-chez-stellantis-aux-etats-unis\/#article","isPartOf":{"@id":"https:\/\/news.canadamotorjobs.com\/fr\/menace-de-greve-massive-chez-stellantis-aux-etats-unis\/"},"author":{"name":"Benoit Charette","@id":"https:\/\/news.canadamotorjobs.com\/#\/schema\/person\/51793d1f87d44011d7bcc2ed99269a90"},"headline":"Menace de gr\u00e8ve massive chez Stellantis aux \u00c9tats-Unis","datePublished":"2024-09-19T09:22:34+00:00","dateModified":"2024-09-19T09:28:53+00:00","mainEntityOfPage":{"@id":"https:\/\/news.canadamotorjobs.com\/fr\/menace-de-greve-massive-chez-stellantis-aux-etats-unis\/"},"wordCount":514,"publisher":{"@id":"https:\/\/news.canadamotorjobs.com\/#organization"},"image":{"@id":"https:\/\/news.canadamotorjobs.com\/fr\/menace-de-greve-massive-chez-stellantis-aux-etats-unis\/#primaryimage"},"thumbnailUrl":"https:\/\/news.canadamotorjobs.com\/wp-content\/uploads\/2024\/09\/Stellantis-Headquarters-1-1.jpg","articleSection":["Annuel automobile"],"inLanguage":"fr-CA"},{"@type":"WebPage","@id":"https:\/\/news.canadamotorjobs.com\/fr\/menace-de-greve-massive-chez-stellantis-aux-etats-unis\/","url":"https:\/\/news.canadamotorjobs.com\/fr\/menace-de-greve-massive-chez-stellantis-aux-etats-unis\/","name":"Menace de gr\u00e8ve massive chez Stellantis aux \u00c9tats-Unis - CanadaMotorJobs.com","isPartOf":{"@id":"https:\/\/news.canadamotorjobs.com\/#website"},"primaryImageOfPage":{"@id":"https:\/\/news.canadamotorjobs.com\/fr\/menace-de-greve-massive-chez-stellantis-aux-etats-unis\/#primaryimage"},"image":{"@id":"https:\/\/news.canadamotorjobs.com\/fr\/menace-de-greve-massive-chez-stellantis-aux-etats-unis\/#primaryimage"},"thumbnailUrl":"https:\/\/news.canadamotorjobs.com\/wp-content\/uploads\/2024\/09\/Stellantis-Headquarters-1-1.jpg","datePublished":"2024-09-19T09:22:34+00:00","dateModified":"2024-09-19T09:28:53+00:00","description":"Menace de gr\u00e8ve massive chez Stellantis aux \u00c9tats-Unis - Benoit Charette - Annuel automobile - CanadaMotorJobs.com.","breadcrumb":{"@id":"https:\/\/news.canadamotorjobs.com\/fr\/menace-de-greve-massive-chez-stellantis-aux-etats-unis\/#breadcrumb"},"inLanguage":"fr-CA","potentialAction":[{"@type":"ReadAction","target":["https:\/\/news.canadamotorjobs.com\/fr\/menace-de-greve-massive-chez-stellantis-aux-etats-unis\/"]}]},{"@type":"ImageObject","inLanguage":"fr-CA","@id":"https:\/\/news.canadamotorjobs.com\/fr\/menace-de-greve-massive-chez-stellantis-aux-etats-unis\/#primaryimage","url":"https:\/\/news.canadamotorjobs.com\/wp-content\/uploads\/2024\/09\/Stellantis-Headquarters-1-1.jpg","contentUrl":"https:\/\/news.canadamotorjobs.com\/wp-content\/uploads\/2024\/09\/Stellantis-Headquarters-1-1.jpg","width":1920,"height":1040},{"@type":"BreadcrumbList","@id":"https:\/\/news.canadamotorjobs.com\/fr\/menace-de-greve-massive-chez-stellantis-aux-etats-unis\/#breadcrumb","itemListElement":[{"@type":"ListItem","position":1,"name":"Home","item":"https:\/\/news.canadamotorjobs.com\/fr\/blog\/"},{"@type":"ListItem","position":2,"name":"Menace de gr\u00e8ve massive chez Stellantis aux \u00c9tats-Unis"}]},{"@type":"WebSite","@id":"https:\/\/news.canadamotorjobs.com\/#website","url":"https:\/\/news.canadamotorjobs.com\/","name":"CanadaMotorJobs.com","description":"Automotive Jobs","publisher":{"@id":"https:\/\/news.canadamotorjobs.com\/#organization"},"potentialAction":[{"@type":"SearchAction","target":{"@type":"EntryPoint","urlTemplate":"https:\/\/news.canadamotorjobs.com\/?s={search_term_string}"},"query-input":"required name=search_term_string"}],"inLanguage":"fr-CA"},{"@type":"Organization","@id":"https:\/\/news.canadamotorjobs.com\/#organization","name":"Canada Motor Jobs","url":"https:\/\/news.canadamotorjobs.com\/","logo":{"@type":"ImageObject","inLanguage":"fr-CA","@id":"https:\/\/news.canadamotorjobs.com\/#\/schema\/logo\/image\/","url":"https:\/\/news.canadamotorjobs.com\/wp-content\/uploads\/2022\/10\/logo-canada-motor-jobs-1.png","contentUrl":"https:\/\/news.canadamotorjobs.com\/wp-content\/uploads\/2022\/10\/logo-canada-motor-jobs-1.png","width":800,"height":400,"caption":"Canada Motor Jobs"},"image":{"@id":"https:\/\/news.canadamotorjobs.com\/#\/schema\/logo\/image\/"},"sameAs":["https:\/\/www.facebook.com\/canadamotorjobs\/","https:\/\/x.com\/canadamotorjobs","https:\/\/www.instagram.com\/canadamotorjobs\/","https:\/\/www.linkedin.com\/company\/canadamotorjobs"]},{"@type":"Person","@id":"https:\/\/news.canadamotorjobs.com\/#\/schema\/person\/51793d1f87d44011d7bcc2ed99269a90","name":"Benoit Charette","image":{"@type":"ImageObject","inLanguage":"fr-CA","@id":"https:\/\/news.canadamotorjobs.com\/#\/schema\/person\/image\/","url":"https:\/\/secure.gravatar.com\/avatar\/45f3d2eebcccd909668d7ce7ea7267b6?s=96&d=mm&r=g","contentUrl":"https:\/\/secure.gravatar.com\/avatar\/45f3d2eebcccd909668d7ce7ea7267b6?s=96&d=mm&r=g","caption":"Benoit Charette"},"description":"Benoit Charette \/ Propri\u00e9taire et r\u00e9dacteur en chef Benoit Charette pratique le journalisme automobile depuis bient\u00f4t 30 ans. Il a fait ses classes au c\u00f4t\u00e9 de Daniel H\u00e9raud et au Carnet de route de 1992 \u00e0 2001. Il est fondateur, copropri\u00e9taire et r\u00e9dacteur en chef de L\u2019Annuel de l\u2019automobile, qu\u2019il publie depuis 2001. Il a anim\u00e9 les \u00e9missions RPM et RPM+ sur V et les L\u00e9gendes de la route sur Historia. \u00c0 la radio depuis 1986, il reprend l\u2019antenne cette ann\u00e9e sur les ondes de Cogeco et participe pour la deuxi\u00e8me ann\u00e9e \u00e0 l\u2019\u00e9mission Passion Auto sur RDS en plus de mettre en ligne le site Web officiel de L\u2019Annuel de l\u2019automobile sur annuelauto.ca.","sameAs":["https:\/\/annuelauto.ca\/"],"url":"https:\/\/news.canadamotorjobs.com\/fr\/author\/benoit-charette\/"}]}},"_links":{"self":[{"href":"https:\/\/news.canadamotorjobs.com\/fr\/wp-json\/wp\/v2\/posts\/173131"}],"collection":[{"href":"https:\/\/news.canadamotorjobs.com\/fr\/wp-json\/wp\/v2\/posts"}],"about":[{"href":"https:\/\/news.canadamotorjobs.com\/fr\/wp-json\/wp\/v2\/types\/post"}],"author":[{"embeddable":true,"href":"https:\/\/news.canadamotorjobs.com\/fr\/wp-json\/wp\/v2\/users\/8"}],"replies":[{"embeddable":true,"href":"https:\/\/news.canadamotorjobs.com\/fr\/wp-json\/wp\/v2\/comments?post=173131"}],"version-history":[{"count":2,"href":"https:\/\/news.canadamotorjobs.com\/fr\/wp-json\/wp\/v2\/posts\/173131\/revisions"}],"predecessor-version":[{"id":173135,"href":"https:\/\/news.canadamotorjobs.com\/fr\/wp-json\/wp\/v2\/posts\/173131\/revisions\/173135"}],"wp:featuredmedia":[{"embeddable":true,"href":"https:\/\/news.canadamotorjobs.com\/fr\/wp-json\/wp\/v2\/media\/173133"}],"wp:attachment":[{"href":"https:\/\/news.canadamotorjobs.com\/fr\/wp-json\/wp\/v2\/media?parent=173131"}],"wp:term":[{"taxonomy":"category","embeddable":true,"href":"https:\/\/news.canadamotorjobs.com\/fr\/wp-json\/wp\/v2\/categories?post=173131"},{"taxonomy":"post_tag","embeddable":true,"href":"https:\/\/news.canadamotorjobs.com\/fr\/wp-json\/wp\/v2\/tags?post=173131"}],"curies":[{"name":"wp","href":"https:\/\/api.w.org\/{rel}","templated":true}]}}