{"id":173043,"date":"2024-09-18T08:43:38","date_gmt":"2024-09-18T12:43:38","guid":{"rendered":"https:\/\/news.canadamotorjobs.com\/?p=173043"},"modified":"2024-09-18T08:44:43","modified_gmt":"2024-09-18T12:44:43","slug":"le-premier-pick-up-electrique-de-ram-arrivera-debut-2025","status":"publish","type":"post","link":"https:\/\/news.canadamotorjobs.com\/fr\/le-premier-pick-up-electrique-de-ram-arrivera-debut-2025\/","title":{"rendered":"Le premier pick-up \u00e9lectrique de Ram arrivera d\u00e9but 2025"},"content":{"rendered":"<\/p>\n<p><em>Ram pr\u00e9pare son entr\u00e9e dans la course aux pick-ups \u00e9lectriques avec deux versions distinctes de son c\u00e9l\u00e8bre mod\u00e8le 1500.<\/em><\/p>\n<p>Ram lancera son tout premier pick-up 100 % \u00e9lectrique, le <strong>1500 REV<\/strong>, d\u00e8s le d\u00e9but de l&#8217;ann\u00e9e 2025, selon la PDG de Ram, Christine Feuell. En parall\u00e8le, la marque proposera \u00e9galement une version \u00e9lectrifi\u00e9e de ce v\u00e9hicule embl\u00e9matique, le <strong>Ramcharger 1500<\/strong>, \u00e9quip\u00e9 d\u2019un moteur prolongateur d\u2019autonomie, destin\u00e9 aux conducteurs qui ne sont pas encore pr\u00eats \u00e0 adopter un v\u00e9hicule enti\u00e8rement \u00e9lectrique.<\/p>\n<h3><strong>Une technologie \u00e0 la hauteur des attentes<\/strong><\/h3>\n<p>\nLe lancement du pick-up \u00e9lectrique suit de pr\u00e8s celui de la premi\u00e8re camionnette \u00e9lectrique de Ram, le <strong>ProMaster EV<\/strong>, commercialis\u00e9 en 2024. \u00ab Nous avons le savoir-faire technologique pour concevoir des produits \u00e9lectriques capables d&#8217;accomplir les t\u00e2ches \u00bb, a d\u00e9clar\u00e9 Bob Broderdorf, ancien responsable des op\u00e9rations mondiales de Ram, r\u00e9cemment promu \u00e0 la t\u00eate de Jeep Am\u00e9rique du Nord. Broderdorf insiste sur le fait que Ram cherche \u00e0 offrir des performances solides, m\u00eame en conditions r\u00e9elles avec des charges utiles et lors du remorquage. \u00ab Tout le monde peut parler d&#8217;une grande autonomie, mais nous voulons prouver que cela fonctionne aussi en conditions r\u00e9elles. \u00bb<\/p>\n<h3><strong>1500 REV : autonomie et performances impressionnantes<\/strong><\/h3>\n<p>\nLe <strong>1500 REV<\/strong>, version enti\u00e8rement \u00e9lectrique du c\u00e9l\u00e8bre pick-up de Ram, sera \u00e9quip\u00e9 d&#8217;une batterie standard de 168 kWh offrant une autonomie allant jusqu\u2019\u00e0 350 miles (environ 563 km). Ram vise encore plus haut avec une option de batterie de 229 kWh, promettant une autonomie de 500 miles (environ 805 km). Ce pick-up r\u00e9volutionnaire devrait faire son entr\u00e9e dans les concessions d\u00e9but 2025.<\/p>\n<p>Avec des renseignementsa d&#8217;Automotive News<\/p>\n<p>Le texte <a rel=\"nofollow\" href=\"https:\/\/annuelauto.ca\/un-premier-pick-up-electrique-ram-en-2025\/\">Le premier pick-up \u00e9lectrique de Ram arrivera d\u00e9but 2025<\/a> provient de <a rel=\"nofollow\" href=\"https:\/\/annuelauto.ca\">L&#8217;annuel de l&#8217;automobile &#8211; Actualit\u00e9 automobile<\/a><\/p>\n<p><\/p>\n","protected":false},"excerpt":{"rendered":"<p>Ram pr\u00e9pare son entr\u00e9e dans la course aux pick-ups \u00e9lectriques avec deux versions distinctes de son c\u00e9l\u00e8bre mod\u00e8le 1500. Ram lancera son tout premier pick-up 100 % \u00e9lectrique, le 1500 REV, d\u00e8s le d\u00e9but de l&#8217;ann\u00e9e 2025, selon la PDG de Ram, Christine Feuell. En parall\u00e8le, la marque proposera \u00e9galement une version \u00e9lectrifi\u00e9e de ce [&hellip;]<\/p>\n","protected":false},"author":8,"featured_media":173045,"comment_status":"close","ping_status":"closed","sticky":false,"template":"","format":"standard","meta":{"_monsterinsights_skip_tracking":false,"_monsterinsights_sitenote_active":false,"_monsterinsights_sitenote_note":"","_monsterinsights_sitenote_category":0,"footnotes":""},"categories":[101],"tags":[],"yoast_head":"<!-- This site is optimized with the Yoast SEO plugin v23.2 - https:\/\/yoast.com\/wordpress\/plugins\/seo\/ -->\n<title>Le premier pick-up \u00e9lectrique de Ram arrivera d\u00e9but 2025 - CanadaMotorJobs.com<\/title>\n<meta name=\"description\" content=\"Le premier pick-up \u00e9lectrique de Ram arrivera d\u00e9but 2025 - Benoit Charette - Annuel automobile - CanadaMotorJobs.com.\" \/>\n<meta name=\"robots\" content=\"index, follow, max-snippet:-1, max-image-preview:large, max-video-preview:-1\" \/>\n<meta property=\"og:locale\" content=\"fr_CA\" \/>\n<meta property=\"og:type\" content=\"article\" \/>\n<meta property=\"og:title\" content=\"Le premier pick-up \u00e9lectrique de Ram arrivera d\u00e9but 2025 - CanadaMotorJobs.com\" \/>\n<meta property=\"og:description\" content=\"Le premier pick-up \u00e9lectrique de Ram arrivera d\u00e9but 2025 - Benoit Charette - Annuel automobile - CanadaMotorJobs.com.\" \/>\n<meta property=\"og:url\" content=\"https:\/\/news.canadamotorjobs.com\/fr\/le-premier-pick-up-electrique-de-ram-arrivera-debut-2025\/\" \/>\n<meta property=\"og:site_name\" content=\"CanadaMotorJobs.com\" \/>\n<meta property=\"article:publisher\" content=\"https:\/\/www.facebook.com\/canadamotorjobs\/\" \/>\n<meta property=\"article:published_time\" content=\"2024-09-18T12:43:38+00:00\" \/>\n<meta property=\"article:modified_time\" content=\"2024-09-18T12:44:43+00:00\" \/>\n<meta property=\"og:image\" content=\"https:\/\/news.canadamotorjobs.com\/wp-content\/uploads\/2024\/09\/ram-1500-details_48d66b9cc37a2381e2f8360b79010015-1200x800-1.jpg\" \/>\n\t<meta property=\"og:image:width\" content=\"1200\" \/>\n\t<meta property=\"og:image:height\" content=\"800\" \/>\n\t<meta property=\"og:image:type\" content=\"image\/jpeg\" \/>\n<meta name=\"author\" content=\"Benoit Charette\" \/>\n<meta name=\"twitter:card\" content=\"summary_large_image\" \/>\n<meta name=\"twitter:creator\" content=\"@canadamotorjobs\" \/>\n<meta name=\"twitter:site\" content=\"@canadamotorjobs\" \/>\n<meta name=\"twitter:label1\" content=\"\u00c9crit par\" \/>\n\t<meta name=\"twitter:data1\" content=\"Benoit Charette\" \/>\n\t<meta name=\"twitter:label2\" content=\"Estimation du temps de lecture\" \/>\n\t<meta name=\"twitter:data2\" content=\"1 minute\" \/>\n<!-- \/ Yoast SEO plugin. -->","yoast_head_json":{"title":"Le premier pick-up \u00e9lectrique de Ram arrivera d\u00e9but 2025 - CanadaMotorJobs.com","description":"Le premier pick-up \u00e9lectrique de Ram arrivera d\u00e9but 2025 - Benoit Charette - Annuel automobile - CanadaMotorJobs.com.","robots":{"index":"index","follow":"follow","max-snippet":"max-snippet:-1","max-image-preview":"max-image-preview:large","max-video-preview":"max-video-preview:-1"},"og_locale":"fr_CA","og_type":"article","og_title":"Le premier pick-up \u00e9lectrique de Ram arrivera d\u00e9but 2025 - CanadaMotorJobs.com","og_description":"Le premier pick-up \u00e9lectrique de Ram arrivera d\u00e9but 2025 - Benoit Charette - Annuel automobile - CanadaMotorJobs.com.","og_url":"https:\/\/news.canadamotorjobs.com\/fr\/le-premier-pick-up-electrique-de-ram-arrivera-debut-2025\/","og_site_name":"CanadaMotorJobs.com","article_publisher":"https:\/\/www.facebook.com\/canadamotorjobs\/","article_published_time":"2024-09-18T12:43:38+00:00","article_modified_time":"2024-09-18T12:44:43+00:00","og_image":[{"width":1200,"height":800,"url":"https:\/\/news.canadamotorjobs.com\/wp-content\/uploads\/2024\/09\/ram-1500-details_48d66b9cc37a2381e2f8360b79010015-1200x800-1.jpg","type":"image\/jpeg"}],"author":"Benoit Charette","twitter_card":"summary_large_image","twitter_creator":"@canadamotorjobs","twitter_site":"@canadamotorjobs","twitter_misc":{"\u00c9crit par":"Benoit Charette","Estimation du temps de lecture":"1 minute"},"schema":{"@context":"https:\/\/schema.org","@graph":[{"@type":"Article","@id":"https:\/\/news.canadamotorjobs.com\/fr\/le-premier-pick-up-electrique-de-ram-arrivera-debut-2025\/#article","isPartOf":{"@id":"https:\/\/news.canadamotorjobs.com\/fr\/le-premier-pick-up-electrique-de-ram-arrivera-debut-2025\/"},"author":{"name":"Benoit Charette","@id":"https:\/\/news.canadamotorjobs.com\/#\/schema\/person\/51793d1f87d44011d7bcc2ed99269a90"},"headline":"Le premier pick-up \u00e9lectrique de Ram arrivera d\u00e9but 2025","datePublished":"2024-09-18T12:43:38+00:00","dateModified":"2024-09-18T12:44:43+00:00","mainEntityOfPage":{"@id":"https:\/\/news.canadamotorjobs.com\/fr\/le-premier-pick-up-electrique-de-ram-arrivera-debut-2025\/"},"wordCount":310,"publisher":{"@id":"https:\/\/news.canadamotorjobs.com\/#organization"},"image":{"@id":"https:\/\/news.canadamotorjobs.com\/fr\/le-premier-pick-up-electrique-de-ram-arrivera-debut-2025\/#primaryimage"},"thumbnailUrl":"https:\/\/news.canadamotorjobs.com\/wp-content\/uploads\/2024\/09\/ram-1500-details_48d66b9cc37a2381e2f8360b79010015-1200x800-1.jpg","articleSection":["Annuel automobile"],"inLanguage":"fr-CA"},{"@type":"WebPage","@id":"https:\/\/news.canadamotorjobs.com\/fr\/le-premier-pick-up-electrique-de-ram-arrivera-debut-2025\/","url":"https:\/\/news.canadamotorjobs.com\/fr\/le-premier-pick-up-electrique-de-ram-arrivera-debut-2025\/","name":"Le premier pick-up \u00e9lectrique de Ram arrivera d\u00e9but 2025 - CanadaMotorJobs.com","isPartOf":{"@id":"https:\/\/news.canadamotorjobs.com\/#website"},"primaryImageOfPage":{"@id":"https:\/\/news.canadamotorjobs.com\/fr\/le-premier-pick-up-electrique-de-ram-arrivera-debut-2025\/#primaryimage"},"image":{"@id":"https:\/\/news.canadamotorjobs.com\/fr\/le-premier-pick-up-electrique-de-ram-arrivera-debut-2025\/#primaryimage"},"thumbnailUrl":"https:\/\/news.canadamotorjobs.com\/wp-content\/uploads\/2024\/09\/ram-1500-details_48d66b9cc37a2381e2f8360b79010015-1200x800-1.jpg","datePublished":"2024-09-18T12:43:38+00:00","dateModified":"2024-09-18T12:44:43+00:00","description":"Le premier pick-up \u00e9lectrique de Ram arrivera d\u00e9but 2025 - Benoit Charette - Annuel automobile - CanadaMotorJobs.com.","breadcrumb":{"@id":"https:\/\/news.canadamotorjobs.com\/fr\/le-premier-pick-up-electrique-de-ram-arrivera-debut-2025\/#breadcrumb"},"inLanguage":"fr-CA","potentialAction":[{"@type":"ReadAction","target":["https:\/\/news.canadamotorjobs.com\/fr\/le-premier-pick-up-electrique-de-ram-arrivera-debut-2025\/"]}]},{"@type":"ImageObject","inLanguage":"fr-CA","@id":"https:\/\/news.canadamotorjobs.com\/fr\/le-premier-pick-up-electrique-de-ram-arrivera-debut-2025\/#primaryimage","url":"https:\/\/news.canadamotorjobs.com\/wp-content\/uploads\/2024\/09\/ram-1500-details_48d66b9cc37a2381e2f8360b79010015-1200x800-1.jpg","contentUrl":"https:\/\/news.canadamotorjobs.com\/wp-content\/uploads\/2024\/09\/ram-1500-details_48d66b9cc37a2381e2f8360b79010015-1200x800-1.jpg","width":1200,"height":800},{"@type":"BreadcrumbList","@id":"https:\/\/news.canadamotorjobs.com\/fr\/le-premier-pick-up-electrique-de-ram-arrivera-debut-2025\/#breadcrumb","itemListElement":[{"@type":"ListItem","position":1,"name":"Home","item":"https:\/\/news.canadamotorjobs.com\/fr\/blog\/"},{"@type":"ListItem","position":2,"name":"Le premier pick-up \u00e9lectrique de Ram arrivera d\u00e9but 2025"}]},{"@type":"WebSite","@id":"https:\/\/news.canadamotorjobs.com\/#website","url":"https:\/\/news.canadamotorjobs.com\/","name":"CanadaMotorJobs.com","description":"Automotive Jobs","publisher":{"@id":"https:\/\/news.canadamotorjobs.com\/#organization"},"potentialAction":[{"@type":"SearchAction","target":{"@type":"EntryPoint","urlTemplate":"https:\/\/news.canadamotorjobs.com\/?s={search_term_string}"},"query-input":"required name=search_term_string"}],"inLanguage":"fr-CA"},{"@type":"Organization","@id":"https:\/\/news.canadamotorjobs.com\/#organization","name":"Canada Motor Jobs","url":"https:\/\/news.canadamotorjobs.com\/","logo":{"@type":"ImageObject","inLanguage":"fr-CA","@id":"https:\/\/news.canadamotorjobs.com\/#\/schema\/logo\/image\/","url":"https:\/\/news.canadamotorjobs.com\/wp-content\/uploads\/2022\/10\/logo-canada-motor-jobs-1.png","contentUrl":"https:\/\/news.canadamotorjobs.com\/wp-content\/uploads\/2022\/10\/logo-canada-motor-jobs-1.png","width":800,"height":400,"caption":"Canada Motor Jobs"},"image":{"@id":"https:\/\/news.canadamotorjobs.com\/#\/schema\/logo\/image\/"},"sameAs":["https:\/\/www.facebook.com\/canadamotorjobs\/","https:\/\/x.com\/canadamotorjobs","https:\/\/www.instagram.com\/canadamotorjobs\/","https:\/\/www.linkedin.com\/company\/canadamotorjobs"]},{"@type":"Person","@id":"https:\/\/news.canadamotorjobs.com\/#\/schema\/person\/51793d1f87d44011d7bcc2ed99269a90","name":"Benoit Charette","image":{"@type":"ImageObject","inLanguage":"fr-CA","@id":"https:\/\/news.canadamotorjobs.com\/#\/schema\/person\/image\/","url":"https:\/\/secure.gravatar.com\/avatar\/45f3d2eebcccd909668d7ce7ea7267b6?s=96&d=mm&r=g","contentUrl":"https:\/\/secure.gravatar.com\/avatar\/45f3d2eebcccd909668d7ce7ea7267b6?s=96&d=mm&r=g","caption":"Benoit Charette"},"description":"Benoit Charette \/ Propri\u00e9taire et r\u00e9dacteur en chef Benoit Charette pratique le journalisme automobile depuis bient\u00f4t 30 ans. Il a fait ses classes au c\u00f4t\u00e9 de Daniel H\u00e9raud et au Carnet de route de 1992 \u00e0 2001. Il est fondateur, copropri\u00e9taire et r\u00e9dacteur en chef de L\u2019Annuel de l\u2019automobile, qu\u2019il publie depuis 2001. Il a anim\u00e9 les \u00e9missions RPM et RPM+ sur V et les L\u00e9gendes de la route sur Historia. \u00c0 la radio depuis 1986, il reprend l\u2019antenne cette ann\u00e9e sur les ondes de Cogeco et participe pour la deuxi\u00e8me ann\u00e9e \u00e0 l\u2019\u00e9mission Passion Auto sur RDS en plus de mettre en ligne le site Web officiel de L\u2019Annuel de l\u2019automobile sur annuelauto.ca.","sameAs":["https:\/\/annuelauto.ca\/"],"url":"https:\/\/news.canadamotorjobs.com\/fr\/author\/benoit-charette\/"}]}},"_links":{"self":[{"href":"https:\/\/news.canadamotorjobs.com\/fr\/wp-json\/wp\/v2\/posts\/173043"}],"collection":[{"href":"https:\/\/news.canadamotorjobs.com\/fr\/wp-json\/wp\/v2\/posts"}],"about":[{"href":"https:\/\/news.canadamotorjobs.com\/fr\/wp-json\/wp\/v2\/types\/post"}],"author":[{"embeddable":true,"href":"https:\/\/news.canadamotorjobs.com\/fr\/wp-json\/wp\/v2\/users\/8"}],"replies":[{"embeddable":true,"href":"https:\/\/news.canadamotorjobs.com\/fr\/wp-json\/wp\/v2\/comments?post=173043"}],"version-history":[{"count":2,"href":"https:\/\/news.canadamotorjobs.com\/fr\/wp-json\/wp\/v2\/posts\/173043\/revisions"}],"predecessor-version":[{"id":173047,"href":"https:\/\/news.canadamotorjobs.com\/fr\/wp-json\/wp\/v2\/posts\/173043\/revisions\/173047"}],"wp:featuredmedia":[{"embeddable":true,"href":"https:\/\/news.canadamotorjobs.com\/fr\/wp-json\/wp\/v2\/media\/173045"}],"wp:attachment":[{"href":"https:\/\/news.canadamotorjobs.com\/fr\/wp-json\/wp\/v2\/media?parent=173043"}],"wp:term":[{"taxonomy":"category","embeddable":true,"href":"https:\/\/news.canadamotorjobs.com\/fr\/wp-json\/wp\/v2\/categories?post=173043"},{"taxonomy":"post_tag","embeddable":true,"href":"https:\/\/news.canadamotorjobs.com\/fr\/wp-json\/wp\/v2\/tags?post=173043"}],"curies":[{"name":"wp","href":"https:\/\/api.w.org\/{rel}","templated":true}]}}