{"id":173024,"date":"2024-09-18T08:27:57","date_gmt":"2024-09-18T12:27:57","guid":{"rendered":"https:\/\/news.canadamotorjobs.com\/?p=173024"},"modified":"2024-09-18T08:29:50","modified_gmt":"2024-09-18T12:29:50","slug":"18-septembre-1831-naissance-de-siegfried-marcus-pionnier-de-lautomobile","status":"publish","type":"post","link":"https:\/\/news.canadamotorjobs.com\/fr\/18-septembre-1831-naissance-de-siegfried-marcus-pionnier-de-lautomobile\/","title":{"rendered":"18 septembre 1831 : Naissance de Siegfried Marcus, pionnier de l\u2019automobile"},"content":{"rendered":"<\/p>\n<p><em>Un inventeur visionnaire, Marcus a marqu\u00e9 l&#8217;histoire avec ses innovations dans le domaine de l&#8217;automobile.<\/em><\/p>\n<p>Le 18 septembre 1831 marque la naissance de Siegfried Samuel Marcus, un inventeur germano-autrichien et v\u00e9ritable pionnier de l&#8217;automobile. Vers 1870, Marcus r\u00e9alise une avanc\u00e9e majeure en installant un moteur \u00e0 combustion interne sur un simple chariot \u00e0 main. Ce dispositif, con\u00e7u pour des combustibles liquides, fait de lui le premier \u00e0 propulser un v\u00e9hicule \u00e0 l&#8217;aide d&#8217;essence. Ce prototype est aujourd&#8217;hui connu sous le nom de \u00ab Premi\u00e8re voiture Marcus \u00bb.<\/p>\n<h3><strong>L&#8217;innovation r\u00e9volutionnaire de Marcus<\/strong><\/h3>\n<p>\nEn 1883, Marcus d\u00e9pose un brevet en Allemagne pour un magn\u00e9to d&#8217;allumage \u00e0 basse tension, une invention qui sera utilis\u00e9e dans tous ses moteurs ult\u00e9rieurs, y compris dans la c\u00e9l\u00e8bre \u00ab Deuxi\u00e8me voiture Marcus \u00bb de 1888-1889. Ce v\u00e9hicule est une avanc\u00e9e majeure gr\u00e2ce \u00e0 l\u2019association de cet allumage avec un \u00ab carburateur \u00e0 brosse rotative \u00bb, un design novateur pour l\u2019\u00e9poque.<\/p>\n<h3><strong>La Deuxi\u00e8me voiture Marcus, un chef-d&#8217;\u0153uvre technique<\/strong><\/h3>\n<p>\nConstruite par M\u00e4rky, Bromovsky &amp; Schulz en 1888-1889, la Deuxi\u00e8me voiture Marcus est un jalon dans l&#8217;histoire de l&#8217;automobile. Ce v\u00e9hicule peut encore \u00eatre admir\u00e9 au Mus\u00e9e Technique de Vienne. C&#8217;est cette voiture qui a assur\u00e9 la renomm\u00e9e internationale de Marcus. En reconnaissance de sa contribution, la voiture a \u00e9t\u00e9 d\u00e9sign\u00e9e comme un Monument historique de l&#8217;ing\u00e9nierie m\u00e9canique par l&#8217;American Society of Mechanical Engineers.<\/p>\n<p>Le texte <a rel=\"nofollow\" href=\"https:\/\/annuelauto.ca\/18-septembre-1831-naissance-de-siegfried-marcus-pionnier-de-lautomobile\/\">18 septembre 1831 : Naissance de Siegfried Marcus, pionnier de l\u2019automobile<\/a> provient de <a rel=\"nofollow\" href=\"https:\/\/annuelauto.ca\">L&#8217;annuel de l&#8217;automobile &#8211; Actualit\u00e9 automobile<\/a><\/p>\n<p><\/p>\n","protected":false},"excerpt":{"rendered":"<p>Un inventeur visionnaire, Marcus a marqu\u00e9 l&#8217;histoire avec ses innovations dans le domaine de l&#8217;automobile. Le 18 septembre 1831 marque la naissance de Siegfried Samuel Marcus, un inventeur germano-autrichien et v\u00e9ritable pionnier de l&#8217;automobile. Vers 1870, Marcus r\u00e9alise une avanc\u00e9e majeure en installant un moteur \u00e0 combustion interne sur un simple chariot \u00e0 main. Ce [&hellip;]<\/p>\n","protected":false},"author":8,"featured_media":173026,"comment_status":"close","ping_status":"closed","sticky":false,"template":"","format":"standard","meta":{"_monsterinsights_skip_tracking":false,"_monsterinsights_sitenote_active":false,"_monsterinsights_sitenote_note":"","_monsterinsights_sitenote_category":0,"footnotes":""},"categories":[101],"tags":[],"yoast_head":"<!-- This site is optimized with the Yoast SEO plugin v23.2 - https:\/\/yoast.com\/wordpress\/plugins\/seo\/ -->\n<title>18 septembre 1831 : Naissance de Siegfried Marcus, pionnier de l\u2019automobile - CanadaMotorJobs.com<\/title>\n<meta name=\"description\" content=\"18 septembre 1831 : Naissance de Siegfried Marcus, pionnier de l\u2019automobile - Benoit Charette - Annuel automobile - CanadaMotorJobs.com.\" \/>\n<meta name=\"robots\" content=\"index, follow, max-snippet:-1, max-image-preview:large, max-video-preview:-1\" \/>\n<meta property=\"og:locale\" content=\"fr_CA\" \/>\n<meta property=\"og:type\" content=\"article\" \/>\n<meta property=\"og:title\" content=\"18 septembre 1831 : Naissance de Siegfried Marcus, pionnier de l\u2019automobile - CanadaMotorJobs.com\" \/>\n<meta property=\"og:description\" content=\"18 septembre 1831 : Naissance de Siegfried Marcus, pionnier de l\u2019automobile - Benoit Charette - Annuel automobile - CanadaMotorJobs.com.\" \/>\n<meta property=\"og:url\" content=\"https:\/\/news.canadamotorjobs.com\/fr\/18-septembre-1831-naissance-de-siegfried-marcus-pionnier-de-lautomobile\/\" \/>\n<meta property=\"og:site_name\" content=\"CanadaMotorJobs.com\" \/>\n<meta property=\"article:publisher\" content=\"https:\/\/www.facebook.com\/canadamotorjobs\/\" \/>\n<meta property=\"article:published_time\" content=\"2024-09-18T12:27:57+00:00\" \/>\n<meta property=\"article:modified_time\" content=\"2024-09-18T12:29:50+00:00\" \/>\n<meta property=\"og:image\" content=\"https:\/\/news.canadamotorjobs.com\/wp-content\/uploads\/2024\/09\/siegfried-marcus-3.jpg\" \/>\n\t<meta property=\"og:image:width\" content=\"600\" \/>\n\t<meta property=\"og:image:height\" content=\"600\" \/>\n\t<meta property=\"og:image:type\" content=\"image\/jpeg\" \/>\n<meta name=\"author\" content=\"Benoit Charette\" \/>\n<meta name=\"twitter:card\" content=\"summary_large_image\" \/>\n<meta name=\"twitter:creator\" content=\"@canadamotorjobs\" \/>\n<meta name=\"twitter:site\" content=\"@canadamotorjobs\" \/>\n<meta name=\"twitter:label1\" content=\"\u00c9crit par\" \/>\n\t<meta name=\"twitter:data1\" content=\"Benoit Charette\" \/>\n\t<meta name=\"twitter:label2\" content=\"Estimation du temps de lecture\" \/>\n\t<meta name=\"twitter:data2\" content=\"1 minute\" \/>\n<!-- \/ Yoast SEO plugin. -->","yoast_head_json":{"title":"18 septembre 1831 : Naissance de Siegfried Marcus, pionnier de l\u2019automobile - CanadaMotorJobs.com","description":"18 septembre 1831 : Naissance de Siegfried Marcus, pionnier de l\u2019automobile - Benoit Charette - Annuel automobile - CanadaMotorJobs.com.","robots":{"index":"index","follow":"follow","max-snippet":"max-snippet:-1","max-image-preview":"max-image-preview:large","max-video-preview":"max-video-preview:-1"},"og_locale":"fr_CA","og_type":"article","og_title":"18 septembre 1831 : Naissance de Siegfried Marcus, pionnier de l\u2019automobile - CanadaMotorJobs.com","og_description":"18 septembre 1831 : Naissance de Siegfried Marcus, pionnier de l\u2019automobile - Benoit Charette - Annuel automobile - CanadaMotorJobs.com.","og_url":"https:\/\/news.canadamotorjobs.com\/fr\/18-septembre-1831-naissance-de-siegfried-marcus-pionnier-de-lautomobile\/","og_site_name":"CanadaMotorJobs.com","article_publisher":"https:\/\/www.facebook.com\/canadamotorjobs\/","article_published_time":"2024-09-18T12:27:57+00:00","article_modified_time":"2024-09-18T12:29:50+00:00","og_image":[{"width":600,"height":600,"url":"https:\/\/news.canadamotorjobs.com\/wp-content\/uploads\/2024\/09\/siegfried-marcus-3.jpg","type":"image\/jpeg"}],"author":"Benoit Charette","twitter_card":"summary_large_image","twitter_creator":"@canadamotorjobs","twitter_site":"@canadamotorjobs","twitter_misc":{"\u00c9crit par":"Benoit Charette","Estimation du temps de lecture":"1 minute"},"schema":{"@context":"https:\/\/schema.org","@graph":[{"@type":"Article","@id":"https:\/\/news.canadamotorjobs.com\/fr\/18-septembre-1831-naissance-de-siegfried-marcus-pionnier-de-lautomobile\/#article","isPartOf":{"@id":"https:\/\/news.canadamotorjobs.com\/fr\/18-septembre-1831-naissance-de-siegfried-marcus-pionnier-de-lautomobile\/"},"author":{"name":"Benoit Charette","@id":"https:\/\/news.canadamotorjobs.com\/#\/schema\/person\/51793d1f87d44011d7bcc2ed99269a90"},"headline":"18 septembre 1831 : Naissance de Siegfried Marcus, pionnier de l\u2019automobile","datePublished":"2024-09-18T12:27:57+00:00","dateModified":"2024-09-18T12:29:50+00:00","mainEntityOfPage":{"@id":"https:\/\/news.canadamotorjobs.com\/fr\/18-septembre-1831-naissance-de-siegfried-marcus-pionnier-de-lautomobile\/"},"wordCount":280,"publisher":{"@id":"https:\/\/news.canadamotorjobs.com\/#organization"},"image":{"@id":"https:\/\/news.canadamotorjobs.com\/fr\/18-septembre-1831-naissance-de-siegfried-marcus-pionnier-de-lautomobile\/#primaryimage"},"thumbnailUrl":"https:\/\/news.canadamotorjobs.com\/wp-content\/uploads\/2024\/09\/siegfried-marcus-3.jpg","articleSection":["Annuel automobile"],"inLanguage":"fr-CA"},{"@type":"WebPage","@id":"https:\/\/news.canadamotorjobs.com\/fr\/18-septembre-1831-naissance-de-siegfried-marcus-pionnier-de-lautomobile\/","url":"https:\/\/news.canadamotorjobs.com\/fr\/18-septembre-1831-naissance-de-siegfried-marcus-pionnier-de-lautomobile\/","name":"18 septembre 1831 : Naissance de Siegfried Marcus, pionnier de l\u2019automobile - CanadaMotorJobs.com","isPartOf":{"@id":"https:\/\/news.canadamotorjobs.com\/#website"},"primaryImageOfPage":{"@id":"https:\/\/news.canadamotorjobs.com\/fr\/18-septembre-1831-naissance-de-siegfried-marcus-pionnier-de-lautomobile\/#primaryimage"},"image":{"@id":"https:\/\/news.canadamotorjobs.com\/fr\/18-septembre-1831-naissance-de-siegfried-marcus-pionnier-de-lautomobile\/#primaryimage"},"thumbnailUrl":"https:\/\/news.canadamotorjobs.com\/wp-content\/uploads\/2024\/09\/siegfried-marcus-3.jpg","datePublished":"2024-09-18T12:27:57+00:00","dateModified":"2024-09-18T12:29:50+00:00","description":"18 septembre 1831 : Naissance de Siegfried Marcus, pionnier de l\u2019automobile - Benoit Charette - Annuel automobile - CanadaMotorJobs.com.","breadcrumb":{"@id":"https:\/\/news.canadamotorjobs.com\/fr\/18-septembre-1831-naissance-de-siegfried-marcus-pionnier-de-lautomobile\/#breadcrumb"},"inLanguage":"fr-CA","potentialAction":[{"@type":"ReadAction","target":["https:\/\/news.canadamotorjobs.com\/fr\/18-septembre-1831-naissance-de-siegfried-marcus-pionnier-de-lautomobile\/"]}]},{"@type":"ImageObject","inLanguage":"fr-CA","@id":"https:\/\/news.canadamotorjobs.com\/fr\/18-septembre-1831-naissance-de-siegfried-marcus-pionnier-de-lautomobile\/#primaryimage","url":"https:\/\/news.canadamotorjobs.com\/wp-content\/uploads\/2024\/09\/siegfried-marcus-3.jpg","contentUrl":"https:\/\/news.canadamotorjobs.com\/wp-content\/uploads\/2024\/09\/siegfried-marcus-3.jpg","width":600,"height":600},{"@type":"BreadcrumbList","@id":"https:\/\/news.canadamotorjobs.com\/fr\/18-septembre-1831-naissance-de-siegfried-marcus-pionnier-de-lautomobile\/#breadcrumb","itemListElement":[{"@type":"ListItem","position":1,"name":"Home","item":"https:\/\/news.canadamotorjobs.com\/fr\/blog\/"},{"@type":"ListItem","position":2,"name":"18 septembre 1831 : Naissance de Siegfried Marcus, pionnier de l\u2019automobile"}]},{"@type":"WebSite","@id":"https:\/\/news.canadamotorjobs.com\/#website","url":"https:\/\/news.canadamotorjobs.com\/","name":"CanadaMotorJobs.com","description":"Automotive Jobs","publisher":{"@id":"https:\/\/news.canadamotorjobs.com\/#organization"},"potentialAction":[{"@type":"SearchAction","target":{"@type":"EntryPoint","urlTemplate":"https:\/\/news.canadamotorjobs.com\/?s={search_term_string}"},"query-input":"required name=search_term_string"}],"inLanguage":"fr-CA"},{"@type":"Organization","@id":"https:\/\/news.canadamotorjobs.com\/#organization","name":"Canada Motor Jobs","url":"https:\/\/news.canadamotorjobs.com\/","logo":{"@type":"ImageObject","inLanguage":"fr-CA","@id":"https:\/\/news.canadamotorjobs.com\/#\/schema\/logo\/image\/","url":"https:\/\/news.canadamotorjobs.com\/wp-content\/uploads\/2022\/10\/logo-canada-motor-jobs-1.png","contentUrl":"https:\/\/news.canadamotorjobs.com\/wp-content\/uploads\/2022\/10\/logo-canada-motor-jobs-1.png","width":800,"height":400,"caption":"Canada Motor Jobs"},"image":{"@id":"https:\/\/news.canadamotorjobs.com\/#\/schema\/logo\/image\/"},"sameAs":["https:\/\/www.facebook.com\/canadamotorjobs\/","https:\/\/x.com\/canadamotorjobs","https:\/\/www.instagram.com\/canadamotorjobs\/","https:\/\/www.linkedin.com\/company\/canadamotorjobs"]},{"@type":"Person","@id":"https:\/\/news.canadamotorjobs.com\/#\/schema\/person\/51793d1f87d44011d7bcc2ed99269a90","name":"Benoit Charette","image":{"@type":"ImageObject","inLanguage":"fr-CA","@id":"https:\/\/news.canadamotorjobs.com\/#\/schema\/person\/image\/","url":"https:\/\/secure.gravatar.com\/avatar\/45f3d2eebcccd909668d7ce7ea7267b6?s=96&d=mm&r=g","contentUrl":"https:\/\/secure.gravatar.com\/avatar\/45f3d2eebcccd909668d7ce7ea7267b6?s=96&d=mm&r=g","caption":"Benoit Charette"},"description":"Benoit Charette \/ Propri\u00e9taire et r\u00e9dacteur en chef Benoit Charette pratique le journalisme automobile depuis bient\u00f4t 30 ans. Il a fait ses classes au c\u00f4t\u00e9 de Daniel H\u00e9raud et au Carnet de route de 1992 \u00e0 2001. Il est fondateur, copropri\u00e9taire et r\u00e9dacteur en chef de L\u2019Annuel de l\u2019automobile, qu\u2019il publie depuis 2001. Il a anim\u00e9 les \u00e9missions RPM et RPM+ sur V et les L\u00e9gendes de la route sur Historia. \u00c0 la radio depuis 1986, il reprend l\u2019antenne cette ann\u00e9e sur les ondes de Cogeco et participe pour la deuxi\u00e8me ann\u00e9e \u00e0 l\u2019\u00e9mission Passion Auto sur RDS en plus de mettre en ligne le site Web officiel de L\u2019Annuel de l\u2019automobile sur annuelauto.ca.","sameAs":["https:\/\/annuelauto.ca\/"],"url":"https:\/\/news.canadamotorjobs.com\/fr\/author\/benoit-charette\/"}]}},"_links":{"self":[{"href":"https:\/\/news.canadamotorjobs.com\/fr\/wp-json\/wp\/v2\/posts\/173024"}],"collection":[{"href":"https:\/\/news.canadamotorjobs.com\/fr\/wp-json\/wp\/v2\/posts"}],"about":[{"href":"https:\/\/news.canadamotorjobs.com\/fr\/wp-json\/wp\/v2\/types\/post"}],"author":[{"embeddable":true,"href":"https:\/\/news.canadamotorjobs.com\/fr\/wp-json\/wp\/v2\/users\/8"}],"replies":[{"embeddable":true,"href":"https:\/\/news.canadamotorjobs.com\/fr\/wp-json\/wp\/v2\/comments?post=173024"}],"version-history":[{"count":2,"href":"https:\/\/news.canadamotorjobs.com\/fr\/wp-json\/wp\/v2\/posts\/173024\/revisions"}],"predecessor-version":[{"id":173028,"href":"https:\/\/news.canadamotorjobs.com\/fr\/wp-json\/wp\/v2\/posts\/173024\/revisions\/173028"}],"wp:featuredmedia":[{"embeddable":true,"href":"https:\/\/news.canadamotorjobs.com\/fr\/wp-json\/wp\/v2\/media\/173026"}],"wp:attachment":[{"href":"https:\/\/news.canadamotorjobs.com\/fr\/wp-json\/wp\/v2\/media?parent=173024"}],"wp:term":[{"taxonomy":"category","embeddable":true,"href":"https:\/\/news.canadamotorjobs.com\/fr\/wp-json\/wp\/v2\/categories?post=173024"},{"taxonomy":"post_tag","embeddable":true,"href":"https:\/\/news.canadamotorjobs.com\/fr\/wp-json\/wp\/v2\/tags?post=173024"}],"curies":[{"name":"wp","href":"https:\/\/api.w.org\/{rel}","templated":true}]}}