{"id":173001,"date":"2024-09-18T08:10:19","date_gmt":"2024-09-18T12:10:19","guid":{"rendered":"https:\/\/news.canadamotorjobs.com\/?p=173001"},"modified":"2024-09-18T08:14:47","modified_gmt":"2024-09-18T12:14:47","slug":"pourquoi-avoir-une-trabant-lorsquon-peut-en-avoir-deux","status":"publish","type":"post","link":"https:\/\/news.canadamotorjobs.com\/fr\/pourquoi-avoir-une-trabant-lorsquon-peut-en-avoir-deux\/","title":{"rendered":"Pourquoi avoir une Trabant lorsqu\u2019on peut en avoir deux\u2009?"},"content":{"rendered":"<\/p>\n<p>La Trabant est consid\u00e9r\u00e9e par la grande majorit\u00e9 des experts et historiens de l\u2019automobile comme l\u2019une des pires voitures jamais produites. Elle a cependant marqu\u00e9 une \u00e9poque. Dans mon livre sur les voitures anciennes de la Californie, je vous ai racont\u00e9 son histoire, ainsi que celle d\u2019un jeune propri\u00e9taire crois\u00e9 lors d\u2019un rassemblement automobile.<\/p>\n<p>J\u2019ai eu l\u2019occasion de retourner lui serrer la pince en avril dernier lors d\u2019un autre voyage dans la r\u00e9gion, o\u00f9 j\u2019ai d\u00e9couvert sa deuxi\u00e8me Trabant.<\/p>\n<p>Je vous invite \u00e0 lire mon texte originalement \u00e9crit dans un premier temps, pour ensuite d\u00e9couvrir pourquoi il est propri\u00e9taire d\u2019une deuxi\u00e8me copie.<\/p>\n<h3><strong><em>Trabant 601S 1986:\u00a0 <\/em><\/strong><strong><em>Simplicit\u00e9 involontaire<\/em><\/strong><\/h3>\n<p>\n<em>L\u2019histoire de l\u2019automobile est fascinante en soi. Elle le devient encore plus lorsqu\u2019on analyse la cr\u00e9ation de tel ou tel mod\u00e8le en s\u2019int\u00e9ressant aux contextes en vigueur \u00e0 l\u2019\u00e9poque, qu\u2019ils soient sociaux, \u00e9conomiques ou carr\u00e9ment politiques. Dans cette optique, la Trabant est plus qu\u2019une voiture\u2009; c\u2019est un ph\u00e9nom\u00e8ne socio\u00e9conomique culturel et politique. <\/em><\/p>\n<p><em>\u00c0 la fin de la Seconde Guerre mondiale, l\u2019Allemagne est scind\u00e9e en deux. Quelques usines subsistantes tombent sous le r\u00e9gime sovi\u00e9tique de la R\u00e9publique d\u00e9mocratique d\u2019Allemagne, la RDA. L\u2019une d\u2019elles, qui appartenait au groupe Auto Union (un des anc\u00eatres d\u2019Audi), prend le nom de Sachsenring et va produire des automobiles \u00e0 compter de 1949. Les produits qui vont na\u00eetre l\u00e0 vont changer de noms quelques fois pour finalement adopter celui de Trabant \u00e0 compter de 1959. Ils vont aussi refl\u00e9ter la r\u00e9alit\u00e9 de la Reconstruction. Les mati\u00e8res premi\u00e8res \u00e9taient rares, et le r\u00e9gime communiste ne voulait pas d\u00e9pendre des pays capitalistes. C\u2019est ainsi que la Trabant\u00a0601 profite d\u2019une carrosserie fait d\u2019un nouveau mat\u00e9riau nomm\u00e9 Duroplast. De fait, c\u2019est toute la conception de la voiture qui est minimaliste. Par exemple, ne cherchez pas de trappe pour mettre du carburant. Parce que la Trabant\u00a0601 n\u2019a pas de pompe \u00e0 essence, on a plac\u00e9 le r\u00e9servoir sous le capot, au-dessus du moteur, si bien que tout se fait par gravit\u00e9. \u00c0 l\u2019int\u00e9rieur, aucune jauge ne vous indique le niveau d\u2019essence. Pour savoir ce qui vous reste, il faut ins\u00e9rer une tige dans l\u2019espace o\u00f9 l\u2019on fait le remplissage. Quant \u00e0 la m\u00e9canique au service du mod\u00e8le, \u00e7a ne pourrait \u00eatre plus simple. Il s\u2019agit d\u2019un moteur\u00a02-cylindres \u00e0 deux temps de 595cc, un bloc qui proposait 26\u00a0chevaux en 1986. <\/em><\/p>\n<p><em>L\u2019objectif \u00e9tait d\u2019offrir une voiture abordable et simple \u00e0 r\u00e9parer avec un minimum d\u2019outils. \u00c0 ce chapitre, la Trabant a rempli sa mission. Elle a \u00e9t\u00e9 tr\u00e8s populaire, aussi. Entre 1964 et 1990, 2\u2009819\u2009000\u00a0exemplaires ont \u00e9t\u00e9 assembl\u00e9s. Fait amusant, si sa long\u00e9vit\u00e9 a \u00e9t\u00e9 impressionnante, le temps qu\u2019il fallait compter pour obtenir une version est aussi l\u00e9gendaire. Entre le moment o\u00f9 la r\u00e9servation du mod\u00e8le \u00e9tait faite et celui de la livraison, il pouvait s\u2019\u00e9couler entre 10 et 15\u00a0ans. Vous l\u2019aurez devin\u00e9, la chute du mur de Berlin et la r\u00e9unification de l\u2019Allemagne vont mettre fin \u00e0 l\u2019histoire de la Trabant qui aura servi sa mission \u00e0 merveille. Il est seulement difficile de trouver des mod\u00e8les en condition honorable aujourd\u2019hui. La qualit\u00e9 de construction et la fiabilit\u00e9 n\u2019\u00e9taient pas une force. <\/em><\/p>\n<p><em>Le mod\u00e8le crois\u00e9 est l\u2019exception qui confirme la r\u00e8gle. Son histoire est absolument extraordinaire. Son propri\u00e9taire, Steven, n\u2019est \u00e2g\u00e9 que de 26\u00a0ans. D\u2019origine hongroise, il a promis \u00e0 son p\u00e8re, lors d\u2019un voyage au pays de ses anc\u00eatres, qu\u2019il \u00e9tait pour un jour ramener une voiture \u00e0 la maison. \u00c7a s\u2019est produit en juin 2020 alors qu\u2019il a d\u00e9nich\u00e9 ce qui est peut-\u00eatre la plus belle Trabant d\u2019origine. Elle avait \u00e9t\u00e9 import\u00e9e par un citoyen am\u00e9ricain d\u2019origine allemande en 2014. Ce dernier ne l\u2019a pas vraiment utilis\u00e9 ici. Il l\u2019avait acquise du propri\u00e9taire original qui ne la sortait qu\u2019occasionnellement et jamais sous la pluie. Cons\u00e9quemment, le compteur de cette Trabant n\u2019affiche que 15\u2009000\u00a0km. Impensable\u2009!<\/em><\/p>\n<p><em>Concernant la plaque du Montana que vous voyez \u00e0 l\u2019avant, la pratique n\u2019est pas rare en Californie, car elle permet de contourner les r\u00e8gles s\u00e9v\u00e8res en mati\u00e8re d\u2019\u00e9missions polluantes. \u00c7a ne s\u2019applique pas aux voitures anciennes con\u00e7ues avant 1976. Puisque cette Trabant est une 1986\u2026 <\/em><\/p>\n<h3><strong>Une deuxi\u00e8me Trabant<\/strong><\/h3>\n<p>\nPeu apr\u00e8s ma premi\u00e8re rencontre avec Steven N\u00e1daskai, il m\u2019a confi\u00e9 qu\u2019il avait chez lui une deuxi\u00e8me Trabant. La raison est bien simple. L\u2019exemplaire d\u00e9crit dans le texte plus haut est tellement dans une condition exceptionnelle qu\u2019il ne souhaitait pas le rouler de fa\u00e7on r\u00e9guli\u00e8re, et ainsi l\u2019ab\u00eemer davantage, surtout qu\u2019il s\u2019agit de l\u2019une des Trabant les mieux conserv\u00e9es sur la plan\u00e8te.<\/p>\n<p>Voil\u00e0 pourquoi il s\u2019est offert un deuxi\u00e8me exemplaire, en bonne condition, mais pas comme celui qu\u2019il a d\u00e9cid\u00e9 de pr\u00e9server.<\/p>\n<p>J\u2019ai saut\u00e9 sur l\u2019occasion pour aller faire une balade avec lui, pour r\u00e9aliser \u00e0 quel point cette voiture est hautement rudimentaire. Tout ce que je peux vous dire, c\u2019est que la mauvaise r\u00e9putation du mod\u00e8le n\u2019est pas surfaite. On a l\u2019impression d\u2019\u00eatre assis dans une bo\u00eete en t\u00f4le d\u00e9pourvue d\u2019insonorisation. Mon si\u00e8ge se balan\u00e7ait comme une chaise ber\u00e7ante, et la sonorit\u00e9 de la m\u00e9canique nous donnait l\u2019impression que des pi\u00e8ces \u00e9taient sur le point de sortir du capot.<\/p>\n<p>Et c\u2019est bruyant\u2009; tr\u00e8s bruyant.<\/p>\n<p>Mais vous savez quoi\u2009? On ne peut qu\u2019\u00eatre charm\u00e9. J\u2019ai souri tout du long. Surtout, \u00e7a nous fait revivre cette \u00e9poque incroyable qu\u2019\u00e9tait la vie \u00e0 l\u2019int\u00e9rieur du Bloc de l\u2019Est. Et dire que l\u2019attente pour mettre la main sur ce mod\u00e8le \u00e9tait interminable.<\/p>\n<p>Si vous avez l\u2019occasion de faire une balade en Trabant, ne la manquez pas\u2009; il s\u2019agit d\u2019un cours d\u2019histoire extraordinaire.<\/p>\n<p>J\u2019\u00e9viterais seulement les boulevards achaland\u00e9s et les autoroutes\u2009; la s\u00e9curit\u00e9 \u00e0 bord de ce mod\u00e8le est inexistante.<\/p>\n<p>Mais quelle exp\u00e9rience\u2009!<\/p>\n<p>\u00a0<\/p>\n<p>Le texte <a rel=\"nofollow\" href=\"https:\/\/annuelauto.ca\/deux-trabant-valent-mieux-quune\/\">Pourquoi avoir une Trabant lorsqu\u2019on peut en avoir deux\u2009?<\/a> provient de <a rel=\"nofollow\" href=\"https:\/\/annuelauto.ca\">L&#8217;annuel de l&#8217;automobile &#8211; Actualit\u00e9 automobile<\/a><\/p>\n<p><\/p>\n","protected":false},"excerpt":{"rendered":"<p>La Trabant est consid\u00e9r\u00e9e par la grande majorit\u00e9 des experts et historiens de l\u2019automobile comme l\u2019une des pires voitures jamais produites. Elle a cependant marqu\u00e9 une \u00e9poque. Dans mon livre sur les voitures anciennes de la Californie, je vous ai racont\u00e9 son histoire, ainsi que celle d\u2019un jeune propri\u00e9taire crois\u00e9 lors d\u2019un rassemblement automobile. J\u2019ai [&hellip;]<\/p>\n","protected":false},"author":8,"featured_media":173003,"comment_status":"close","ping_status":"closed","sticky":false,"template":"","format":"standard","meta":{"_monsterinsights_skip_tracking":false,"_monsterinsights_sitenote_active":false,"_monsterinsights_sitenote_note":"","_monsterinsights_sitenote_category":0,"footnotes":""},"categories":[101],"tags":[],"yoast_head":"<!-- This site is optimized with the Yoast SEO plugin v23.2 - https:\/\/yoast.com\/wordpress\/plugins\/seo\/ -->\n<title>Pourquoi avoir une Trabant lorsqu\u2019on peut en avoir deux\u2009? - CanadaMotorJobs.com<\/title>\n<meta name=\"description\" content=\"Pourquoi avoir une Trabant lorsqu\u2019on peut en avoir deux\u2009? - Benoit Charette - Annuel automobile - CanadaMotorJobs.com.\" \/>\n<meta name=\"robots\" content=\"index, follow, max-snippet:-1, max-image-preview:large, max-video-preview:-1\" \/>\n<meta property=\"og:locale\" content=\"fr_CA\" \/>\n<meta property=\"og:type\" content=\"article\" \/>\n<meta property=\"og:title\" content=\"Pourquoi avoir une Trabant lorsqu\u2019on peut en avoir deux\u2009? - CanadaMotorJobs.com\" \/>\n<meta property=\"og:description\" content=\"Pourquoi avoir une Trabant lorsqu\u2019on peut en avoir deux\u2009? - Benoit Charette - Annuel automobile - CanadaMotorJobs.com.\" \/>\n<meta property=\"og:url\" content=\"https:\/\/news.canadamotorjobs.com\/fr\/pourquoi-avoir-une-trabant-lorsquon-peut-en-avoir-deux\/\" \/>\n<meta property=\"og:site_name\" content=\"CanadaMotorJobs.com\" \/>\n<meta property=\"article:publisher\" content=\"https:\/\/www.facebook.com\/canadamotorjobs\/\" \/>\n<meta property=\"article:published_time\" content=\"2024-09-18T12:10:19+00:00\" \/>\n<meta property=\"article:modified_time\" content=\"2024-09-18T12:14:47+00:00\" \/>\n<meta property=\"og:image\" content=\"https:\/\/news.canadamotorjobs.com\/wp-content\/uploads\/2024\/09\/Etrangeres-Trabant-601-1986-Principale.jpg\" \/>\n\t<meta property=\"og:image:width\" content=\"1200\" \/>\n\t<meta property=\"og:image:height\" content=\"800\" \/>\n\t<meta property=\"og:image:type\" content=\"image\/jpeg\" \/>\n<meta name=\"author\" content=\"Benoit Charette\" \/>\n<meta name=\"twitter:card\" content=\"summary_large_image\" \/>\n<meta name=\"twitter:creator\" content=\"@canadamotorjobs\" \/>\n<meta name=\"twitter:site\" content=\"@canadamotorjobs\" \/>\n<meta name=\"twitter:label1\" content=\"\u00c9crit par\" \/>\n\t<meta name=\"twitter:data1\" content=\"Benoit Charette\" \/>\n\t<meta name=\"twitter:label2\" content=\"Estimation du temps de lecture\" \/>\n\t<meta name=\"twitter:data2\" content=\"6 minutes\" \/>\n<!-- \/ Yoast SEO plugin. -->","yoast_head_json":{"title":"Pourquoi avoir une Trabant lorsqu\u2019on peut en avoir deux\u2009? - CanadaMotorJobs.com","description":"Pourquoi avoir une Trabant lorsqu\u2019on peut en avoir deux\u2009? - Benoit Charette - Annuel automobile - CanadaMotorJobs.com.","robots":{"index":"index","follow":"follow","max-snippet":"max-snippet:-1","max-image-preview":"max-image-preview:large","max-video-preview":"max-video-preview:-1"},"og_locale":"fr_CA","og_type":"article","og_title":"Pourquoi avoir une Trabant lorsqu\u2019on peut en avoir deux\u2009? - CanadaMotorJobs.com","og_description":"Pourquoi avoir une Trabant lorsqu\u2019on peut en avoir deux\u2009? - Benoit Charette - Annuel automobile - CanadaMotorJobs.com.","og_url":"https:\/\/news.canadamotorjobs.com\/fr\/pourquoi-avoir-une-trabant-lorsquon-peut-en-avoir-deux\/","og_site_name":"CanadaMotorJobs.com","article_publisher":"https:\/\/www.facebook.com\/canadamotorjobs\/","article_published_time":"2024-09-18T12:10:19+00:00","article_modified_time":"2024-09-18T12:14:47+00:00","og_image":[{"width":1200,"height":800,"url":"https:\/\/news.canadamotorjobs.com\/wp-content\/uploads\/2024\/09\/Etrangeres-Trabant-601-1986-Principale.jpg","type":"image\/jpeg"}],"author":"Benoit Charette","twitter_card":"summary_large_image","twitter_creator":"@canadamotorjobs","twitter_site":"@canadamotorjobs","twitter_misc":{"\u00c9crit par":"Benoit Charette","Estimation du temps de lecture":"6 minutes"},"schema":{"@context":"https:\/\/schema.org","@graph":[{"@type":"Article","@id":"https:\/\/news.canadamotorjobs.com\/fr\/pourquoi-avoir-une-trabant-lorsquon-peut-en-avoir-deux\/#article","isPartOf":{"@id":"https:\/\/news.canadamotorjobs.com\/fr\/pourquoi-avoir-une-trabant-lorsquon-peut-en-avoir-deux\/"},"author":{"name":"Benoit Charette","@id":"https:\/\/news.canadamotorjobs.com\/#\/schema\/person\/51793d1f87d44011d7bcc2ed99269a90"},"headline":"Pourquoi avoir une Trabant lorsqu\u2019on peut en avoir deux\u2009?","datePublished":"2024-09-18T12:10:19+00:00","dateModified":"2024-09-18T12:14:47+00:00","mainEntityOfPage":{"@id":"https:\/\/news.canadamotorjobs.com\/fr\/pourquoi-avoir-une-trabant-lorsquon-peut-en-avoir-deux\/"},"wordCount":1112,"publisher":{"@id":"https:\/\/news.canadamotorjobs.com\/#organization"},"image":{"@id":"https:\/\/news.canadamotorjobs.com\/fr\/pourquoi-avoir-une-trabant-lorsquon-peut-en-avoir-deux\/#primaryimage"},"thumbnailUrl":"https:\/\/news.canadamotorjobs.com\/wp-content\/uploads\/2024\/09\/Etrangeres-Trabant-601-1986-Principale.jpg","articleSection":["Annuel automobile"],"inLanguage":"fr-CA"},{"@type":"WebPage","@id":"https:\/\/news.canadamotorjobs.com\/fr\/pourquoi-avoir-une-trabant-lorsquon-peut-en-avoir-deux\/","url":"https:\/\/news.canadamotorjobs.com\/fr\/pourquoi-avoir-une-trabant-lorsquon-peut-en-avoir-deux\/","name":"Pourquoi avoir une Trabant lorsqu\u2019on peut en avoir deux\u2009? - CanadaMotorJobs.com","isPartOf":{"@id":"https:\/\/news.canadamotorjobs.com\/#website"},"primaryImageOfPage":{"@id":"https:\/\/news.canadamotorjobs.com\/fr\/pourquoi-avoir-une-trabant-lorsquon-peut-en-avoir-deux\/#primaryimage"},"image":{"@id":"https:\/\/news.canadamotorjobs.com\/fr\/pourquoi-avoir-une-trabant-lorsquon-peut-en-avoir-deux\/#primaryimage"},"thumbnailUrl":"https:\/\/news.canadamotorjobs.com\/wp-content\/uploads\/2024\/09\/Etrangeres-Trabant-601-1986-Principale.jpg","datePublished":"2024-09-18T12:10:19+00:00","dateModified":"2024-09-18T12:14:47+00:00","description":"Pourquoi avoir une Trabant lorsqu\u2019on peut en avoir deux\u2009? - Benoit Charette - Annuel automobile - CanadaMotorJobs.com.","breadcrumb":{"@id":"https:\/\/news.canadamotorjobs.com\/fr\/pourquoi-avoir-une-trabant-lorsquon-peut-en-avoir-deux\/#breadcrumb"},"inLanguage":"fr-CA","potentialAction":[{"@type":"ReadAction","target":["https:\/\/news.canadamotorjobs.com\/fr\/pourquoi-avoir-une-trabant-lorsquon-peut-en-avoir-deux\/"]}]},{"@type":"ImageObject","inLanguage":"fr-CA","@id":"https:\/\/news.canadamotorjobs.com\/fr\/pourquoi-avoir-une-trabant-lorsquon-peut-en-avoir-deux\/#primaryimage","url":"https:\/\/news.canadamotorjobs.com\/wp-content\/uploads\/2024\/09\/Etrangeres-Trabant-601-1986-Principale.jpg","contentUrl":"https:\/\/news.canadamotorjobs.com\/wp-content\/uploads\/2024\/09\/Etrangeres-Trabant-601-1986-Principale.jpg","width":1200,"height":800},{"@type":"BreadcrumbList","@id":"https:\/\/news.canadamotorjobs.com\/fr\/pourquoi-avoir-une-trabant-lorsquon-peut-en-avoir-deux\/#breadcrumb","itemListElement":[{"@type":"ListItem","position":1,"name":"Home","item":"https:\/\/news.canadamotorjobs.com\/fr\/blog\/"},{"@type":"ListItem","position":2,"name":"Pourquoi avoir une Trabant lorsqu\u2019on peut en avoir deux\u2009?"}]},{"@type":"WebSite","@id":"https:\/\/news.canadamotorjobs.com\/#website","url":"https:\/\/news.canadamotorjobs.com\/","name":"CanadaMotorJobs.com","description":"Automotive Jobs","publisher":{"@id":"https:\/\/news.canadamotorjobs.com\/#organization"},"potentialAction":[{"@type":"SearchAction","target":{"@type":"EntryPoint","urlTemplate":"https:\/\/news.canadamotorjobs.com\/?s={search_term_string}"},"query-input":"required name=search_term_string"}],"inLanguage":"fr-CA"},{"@type":"Organization","@id":"https:\/\/news.canadamotorjobs.com\/#organization","name":"Canada Motor Jobs","url":"https:\/\/news.canadamotorjobs.com\/","logo":{"@type":"ImageObject","inLanguage":"fr-CA","@id":"https:\/\/news.canadamotorjobs.com\/#\/schema\/logo\/image\/","url":"https:\/\/news.canadamotorjobs.com\/wp-content\/uploads\/2022\/10\/logo-canada-motor-jobs-1.png","contentUrl":"https:\/\/news.canadamotorjobs.com\/wp-content\/uploads\/2022\/10\/logo-canada-motor-jobs-1.png","width":800,"height":400,"caption":"Canada Motor Jobs"},"image":{"@id":"https:\/\/news.canadamotorjobs.com\/#\/schema\/logo\/image\/"},"sameAs":["https:\/\/www.facebook.com\/canadamotorjobs\/","https:\/\/x.com\/canadamotorjobs","https:\/\/www.instagram.com\/canadamotorjobs\/","https:\/\/www.linkedin.com\/company\/canadamotorjobs"]},{"@type":"Person","@id":"https:\/\/news.canadamotorjobs.com\/#\/schema\/person\/51793d1f87d44011d7bcc2ed99269a90","name":"Benoit Charette","image":{"@type":"ImageObject","inLanguage":"fr-CA","@id":"https:\/\/news.canadamotorjobs.com\/#\/schema\/person\/image\/","url":"https:\/\/secure.gravatar.com\/avatar\/45f3d2eebcccd909668d7ce7ea7267b6?s=96&d=mm&r=g","contentUrl":"https:\/\/secure.gravatar.com\/avatar\/45f3d2eebcccd909668d7ce7ea7267b6?s=96&d=mm&r=g","caption":"Benoit Charette"},"description":"Benoit Charette \/ Propri\u00e9taire et r\u00e9dacteur en chef Benoit Charette pratique le journalisme automobile depuis bient\u00f4t 30 ans. Il a fait ses classes au c\u00f4t\u00e9 de Daniel H\u00e9raud et au Carnet de route de 1992 \u00e0 2001. Il est fondateur, copropri\u00e9taire et r\u00e9dacteur en chef de L\u2019Annuel de l\u2019automobile, qu\u2019il publie depuis 2001. Il a anim\u00e9 les \u00e9missions RPM et RPM+ sur V et les L\u00e9gendes de la route sur Historia. \u00c0 la radio depuis 1986, il reprend l\u2019antenne cette ann\u00e9e sur les ondes de Cogeco et participe pour la deuxi\u00e8me ann\u00e9e \u00e0 l\u2019\u00e9mission Passion Auto sur RDS en plus de mettre en ligne le site Web officiel de L\u2019Annuel de l\u2019automobile sur annuelauto.ca.","sameAs":["https:\/\/annuelauto.ca\/"],"url":"https:\/\/news.canadamotorjobs.com\/fr\/author\/benoit-charette\/"}]}},"_links":{"self":[{"href":"https:\/\/news.canadamotorjobs.com\/fr\/wp-json\/wp\/v2\/posts\/173001"}],"collection":[{"href":"https:\/\/news.canadamotorjobs.com\/fr\/wp-json\/wp\/v2\/posts"}],"about":[{"href":"https:\/\/news.canadamotorjobs.com\/fr\/wp-json\/wp\/v2\/types\/post"}],"author":[{"embeddable":true,"href":"https:\/\/news.canadamotorjobs.com\/fr\/wp-json\/wp\/v2\/users\/8"}],"replies":[{"embeddable":true,"href":"https:\/\/news.canadamotorjobs.com\/fr\/wp-json\/wp\/v2\/comments?post=173001"}],"version-history":[{"count":2,"href":"https:\/\/news.canadamotorjobs.com\/fr\/wp-json\/wp\/v2\/posts\/173001\/revisions"}],"predecessor-version":[{"id":173005,"href":"https:\/\/news.canadamotorjobs.com\/fr\/wp-json\/wp\/v2\/posts\/173001\/revisions\/173005"}],"wp:featuredmedia":[{"embeddable":true,"href":"https:\/\/news.canadamotorjobs.com\/fr\/wp-json\/wp\/v2\/media\/173003"}],"wp:attachment":[{"href":"https:\/\/news.canadamotorjobs.com\/fr\/wp-json\/wp\/v2\/media?parent=173001"}],"wp:term":[{"taxonomy":"category","embeddable":true,"href":"https:\/\/news.canadamotorjobs.com\/fr\/wp-json\/wp\/v2\/categories?post=173001"},{"taxonomy":"post_tag","embeddable":true,"href":"https:\/\/news.canadamotorjobs.com\/fr\/wp-json\/wp\/v2\/tags?post=173001"}],"curies":[{"name":"wp","href":"https:\/\/api.w.org\/{rel}","templated":true}]}}