{"id":172940,"date":"2024-09-16T20:09:20","date_gmt":"2024-09-17T00:09:20","guid":{"rendered":"https:\/\/news.canadamotorjobs.com\/?p=172940"},"modified":"2024-09-16T20:14:04","modified_gmt":"2024-09-17T00:14:04","slug":"ecd-beach-runner-3-pret-pour-la-plage-et-le-soleil-de-la-floride","status":"publish","type":"post","link":"https:\/\/news.canadamotorjobs.com\/fr\/ecd-beach-runner-3-pret-pour-la-plage-et-le-soleil-de-la-floride\/","title":{"rendered":"ECD Beach Runner\u00a03\u00a0: pr\u00eat pour la plage et le soleil de la Floride"},"content":{"rendered":"<\/p>\n<p>Depuis peu, ECD Automotive Design propose une nouvelle gamme de v\u00e9hicules de loisirs luxueux adapt\u00e9s \u00e0 l\u2019environnement c\u00f4tier de la Floride et destin\u00e9 aux bien nantis de cet \u00c9tat. D\u00e9voil\u00e9 r\u00e9cemment, le Beach\u00a0Runner\u00a03 a m\u00eame \u00e9t\u00e9 qualifi\u00e9 de \u00ab\u00a0plus r\u00e9cent chef-d\u2019\u0153uvre\u00a0\u00bb de cette entreprise. Et pour cause, ce <a href=\"https:\/\/annuelauto.ca\/le-nouveau-land-rover-defender-octa\/\" target=\"_blank\" rel=\"noopener noreferrer\">Defender<\/a> remis au go\u00fbt du jour est offert pour une coquette somme d\u00e9passant le quart de million de dollars US\u00a0!<\/p>\n<p>Depuis 2013, les gens d\u2019ECD se sp\u00e9cialisent dans la restauration \u00e0 la moderne de v\u00e9hicules plus ou moins anciens, tout en les rendant plus cossus qu\u2019ils ne l\u2019\u00e9taient \u00e0 l\u2019origine. C\u2019est ce que les anglophones appellent des \u00ab\u00a0<a href=\"https:\/\/annuelauto.ca\/renault-presente-une-r17-a-la-sauce-restomod\/\"><em>restomod<\/em><\/a>\u00a0\u00bb. Leur gamme mise sur une vari\u00e9t\u00e9 de v\u00e9hicules iconiques\u00a0: des Land\u00a0Rover Defender, des Range\u00a0Rover et des Jaguar Type\u00a0E, mais aussi, depuis peu, des Toyota\u00a0FJ et des Ford Mustang. Certains de ces v\u00e9hicules subissent m\u00eame la transplantation d\u2019une motorisation \u00e9lectrique\u00a0!<\/p>\n<p>Pour les Beach Runner, toutefois, il n\u2019est pas question d\u2019\u00e9lectrification. Loin de l\u00e0. Cette entreprise de Kissemmee, en Floride, substitue plut\u00f4t une m\u00e9canique on ne peut plus am\u00e9ricaine au moteur britannique qui les animait \u00e0 l\u2019origine. Dans le cas du Beach\u00a0Runner\u00a03, il s\u2019agit d\u2019un V8\u00a0LT1 de 6,2\u00a0L fabriqu\u00e9 par General Motors; un moteur qui transmet 455\u00a0ch aux quatre roues par le biais d\u2019une bo\u00eete de vitesses automatique \u00e0 10\u00a0rapports.<\/p>\n<h3><strong>Troisi\u00e8me Beach Runner d\u2019ECD<\/strong><\/h3>\n<p>\nComme son nom l\u2019indique, ce Beach Runner est la troisi\u00e8me version r\u00e9alis\u00e9e sur la base d\u2019un Defender\u00a0110 pour cette gamme. Puisqu\u2019on cible les Floridiens qui aiment conduire cheveux au vent, \u00e0 l\u2019instar de ses deux pr\u00e9d\u00e9cesseurs, le BR\u00a03 (comme l\u2019appellent les habitu\u00e9s de la marque) a une carrosserie d\u00e9capotable dot\u00e9e d\u2019une cage de s\u00e9curit\u00e9 prot\u00e9geant l\u2019habitacle tout entier.<\/p>\n<p>L\u2019int\u00e9rieur peut accueillir jusqu\u2019\u00e0 huit personnes dans un environnement somptueux. Pour celles qui prennent place \u00e0 l\u2019avant ou \u00e0 la rang\u00e9e m\u00e9diane, ECD a pr\u00e9vu des si\u00e8ges baquets Recaro Expert\u00a0S habill\u00e9s d\u2019un riche cuir Garrett Cadence de couleur Spice (caramel). De plus, \u00e0 l\u2019arri\u00e8re (dans l\u2019aire \u00e0 bagages), une paire de strapontins biplaces recouverts de la m\u00eame sellerie de cuir et orient\u00e9s vers l\u2019int\u00e9rieur attendent les quatre autres voyageurs. Naturellement, on peut aussi choisir d\u2019utiliser cet espace pour transporter des bagages. Alors, en soulevant l\u2019assise escamotable de ces strapontins, on d\u00e9couvre un vaste plancher recouvert de ch\u00eane fran\u00e7ais au fini satin\u00e9. \u00c7a fait chic\u00a0!<\/p>\n<p>Face \u00e0 un faste pareil, il faut admettre que la planche de bord para\u00eet d\u00e9nud\u00e9e, surtout avec le petit \u00e9cran num\u00e9rique tactile log\u00e9 en son centre. Il sert \u00e0 un syst\u00e8me d\u2019infodivertissement int\u00e9grant CarPlay d\u2019Apple, tout en \u00e9tant jumel\u00e9 \u00e0 une cha\u00eene audio Pioneer dot\u00e9e d\u2019un caisson de graves JBL\u00a0Bass Pro\u00a0Go.<\/p>\n<h3><strong>Pr\u00e9parez vos liasses de billets verts<\/strong><\/h3>\n<p>\nPar ailleurs, au premier coup d\u2019\u0153il, aucun badaud ne croirait voir un v\u00e9hicule de luxe ayant un prix dans les six chiffres. Car le BR\u00a03 a une carrosserie d\u2019un blanc cass\u00e9 lustr\u00e9 plus discret que ne le laisse entendre son appellation pompeuse\u00a0: <em>Cornish Cream<\/em> (cr\u00e8me des Cornouailles, si vous pr\u00e9f\u00e9rez). \u00c0 cela s\u2019ajoutent des marchepieds escamotables de couleur argent Zermatt et des roues en acier de 16\u00a0po de style \u00ab\u00a0Wolf\u00a0\u00bb, rappelant celles des Defender TUM 110 militaires de l\u2019arm\u00e9e anglaise, qui sont tout simplement blanches.<\/p>\n<p>Cet agencement de couleurs facilitera sans doute, toutefois, la vente du BR\u00a03; plus que la couleur du BR\u00a02 qui a \u00e9t\u00e9 d\u00e9voil\u00e9 en juin dernier. Car ce mod\u00e8le-l\u00e0 \u00e9tait rose. Rose mur-\u00e0-mur\u00a0! Sa carrosserie \u00e9tait peinte en <em>Frozen Berry<\/em>, une teinte rose m\u00e9tallique utilis\u00e9e par Porsche en 2021 pour le lancement de la Taycan, alors que l\u2019int\u00e9rieur \u00e9tait par\u00e9 de cuir Garrett de couleur <em>Pink Parfait<\/em>. M\u00eame les roues \u00ab\u00a0Wolf\u00a0\u00bb avaient des garnitures roses\u00a0!<\/p>\n<p>Il est vrai qu\u2019avec un prix de base de 249\u00a0995\u00a0$\u00a0US, ECD r\u00e9alise sans doute certains v\u00e9hicules, notamment des Beach Runner, qui sortent de l\u2019ordinaire afin de satisfaire les go\u00fbts parfois excentriques d\u2019acheteurs aux poches bien remplies. C\u2019est sans doute aussi pour rassurer ces derniers que l\u2019entreprise floridienne a annonc\u00e9 son intention de construire tout au plus 18\u00a0exemplaires de Beach\u00a0Runner par ann\u00e9e. Apr\u00e8s tout, ces acheteurs prisent l\u2019exclusivit\u00e9\u00a0!<\/p>\n<p><em>Photos : ECD<\/em><\/p>\n<p>Le texte <a rel=\"nofollow\" href=\"https:\/\/annuelauto.ca\/ecd-beach-runner-3-pret-pour-la-plage-et-le-soleil-de-la-floride\/\">ECD Beach Runner\u00a03\u00a0: pr\u00eat pour la plage et le soleil de la Floride<\/a> provient de <a rel=\"nofollow\" href=\"https:\/\/annuelauto.ca\">L&#8217;annuel de l&#8217;automobile &#8211; Actualit\u00e9 automobile<\/a><\/p>\n<p><\/p>\n","protected":false},"excerpt":{"rendered":"<p>Depuis peu, ECD Automotive Design propose une nouvelle gamme de v\u00e9hicules de loisirs luxueux adapt\u00e9s \u00e0 l\u2019environnement c\u00f4tier de la Floride et destin\u00e9 aux bien nantis de cet \u00c9tat. D\u00e9voil\u00e9 r\u00e9cemment, le Beach\u00a0Runner\u00a03 a m\u00eame \u00e9t\u00e9 qualifi\u00e9 de \u00ab\u00a0plus r\u00e9cent chef-d\u2019\u0153uvre\u00a0\u00bb de cette entreprise. Et pour cause, ce Defender remis au go\u00fbt du jour est [&hellip;]<\/p>\n","protected":false},"author":8,"featured_media":172942,"comment_status":"close","ping_status":"closed","sticky":false,"template":"","format":"standard","meta":{"_monsterinsights_skip_tracking":false,"_monsterinsights_sitenote_active":false,"_monsterinsights_sitenote_note":"","_monsterinsights_sitenote_category":0,"footnotes":""},"categories":[101],"tags":[],"yoast_head":"<!-- This site is optimized with the Yoast SEO plugin v23.2 - https:\/\/yoast.com\/wordpress\/plugins\/seo\/ -->\n<title>ECD Beach Runner\u00a03\u00a0: pr\u00eat pour la plage et le soleil de la Floride - CanadaMotorJobs.com<\/title>\n<meta name=\"description\" content=\"ECD Beach Runner\u00a03\u00a0: pr\u00eat pour la plage et le soleil de la Floride - Benoit Charette - Annuel automobile - CanadaMotorJobs.com.\" \/>\n<meta name=\"robots\" content=\"index, follow, max-snippet:-1, max-image-preview:large, max-video-preview:-1\" \/>\n<meta property=\"og:locale\" content=\"fr_CA\" \/>\n<meta property=\"og:type\" content=\"article\" \/>\n<meta property=\"og:title\" content=\"ECD Beach Runner\u00a03\u00a0: pr\u00eat pour la plage et le soleil de la Floride - CanadaMotorJobs.com\" \/>\n<meta property=\"og:description\" content=\"ECD Beach Runner\u00a03\u00a0: pr\u00eat pour la plage et le soleil de la Floride - Benoit Charette - Annuel automobile - CanadaMotorJobs.com.\" \/>\n<meta property=\"og:url\" content=\"https:\/\/news.canadamotorjobs.com\/fr\/ecd-beach-runner-3-pret-pour-la-plage-et-le-soleil-de-la-floride\/\" \/>\n<meta property=\"og:site_name\" content=\"CanadaMotorJobs.com\" \/>\n<meta property=\"article:publisher\" content=\"https:\/\/www.facebook.com\/canadamotorjobs\/\" \/>\n<meta property=\"article:published_time\" content=\"2024-09-17T00:09:20+00:00\" \/>\n<meta property=\"article:modified_time\" content=\"2024-09-17T00:14:04+00:00\" \/>\n<meta property=\"og:image\" content=\"https:\/\/news.canadamotorjobs.com\/wp-content\/uploads\/2024\/09\/ECD-Beach-Runner-3-1.jpg\" \/>\n\t<meta property=\"og:image:width\" content=\"1024\" \/>\n\t<meta property=\"og:image:height\" content=\"683\" \/>\n\t<meta property=\"og:image:type\" content=\"image\/jpeg\" \/>\n<meta name=\"author\" content=\"Benoit Charette\" \/>\n<meta name=\"twitter:card\" content=\"summary_large_image\" \/>\n<meta name=\"twitter:creator\" content=\"@canadamotorjobs\" \/>\n<meta name=\"twitter:site\" content=\"@canadamotorjobs\" \/>\n<meta name=\"twitter:label1\" content=\"\u00c9crit par\" \/>\n\t<meta name=\"twitter:data1\" content=\"Benoit Charette\" \/>\n\t<meta name=\"twitter:label2\" content=\"Estimation du temps de lecture\" \/>\n\t<meta name=\"twitter:data2\" content=\"4 minutes\" \/>\n<!-- \/ Yoast SEO plugin. -->","yoast_head_json":{"title":"ECD Beach Runner\u00a03\u00a0: pr\u00eat pour la plage et le soleil de la Floride - CanadaMotorJobs.com","description":"ECD Beach Runner\u00a03\u00a0: pr\u00eat pour la plage et le soleil de la Floride - Benoit Charette - Annuel automobile - CanadaMotorJobs.com.","robots":{"index":"index","follow":"follow","max-snippet":"max-snippet:-1","max-image-preview":"max-image-preview:large","max-video-preview":"max-video-preview:-1"},"og_locale":"fr_CA","og_type":"article","og_title":"ECD Beach Runner\u00a03\u00a0: pr\u00eat pour la plage et le soleil de la Floride - CanadaMotorJobs.com","og_description":"ECD Beach Runner\u00a03\u00a0: pr\u00eat pour la plage et le soleil de la Floride - Benoit Charette - Annuel automobile - CanadaMotorJobs.com.","og_url":"https:\/\/news.canadamotorjobs.com\/fr\/ecd-beach-runner-3-pret-pour-la-plage-et-le-soleil-de-la-floride\/","og_site_name":"CanadaMotorJobs.com","article_publisher":"https:\/\/www.facebook.com\/canadamotorjobs\/","article_published_time":"2024-09-17T00:09:20+00:00","article_modified_time":"2024-09-17T00:14:04+00:00","og_image":[{"width":1024,"height":683,"url":"https:\/\/news.canadamotorjobs.com\/wp-content\/uploads\/2024\/09\/ECD-Beach-Runner-3-1.jpg","type":"image\/jpeg"}],"author":"Benoit Charette","twitter_card":"summary_large_image","twitter_creator":"@canadamotorjobs","twitter_site":"@canadamotorjobs","twitter_misc":{"\u00c9crit par":"Benoit Charette","Estimation du temps de lecture":"4 minutes"},"schema":{"@context":"https:\/\/schema.org","@graph":[{"@type":"Article","@id":"https:\/\/news.canadamotorjobs.com\/fr\/ecd-beach-runner-3-pret-pour-la-plage-et-le-soleil-de-la-floride\/#article","isPartOf":{"@id":"https:\/\/news.canadamotorjobs.com\/fr\/ecd-beach-runner-3-pret-pour-la-plage-et-le-soleil-de-la-floride\/"},"author":{"name":"Benoit Charette","@id":"https:\/\/news.canadamotorjobs.com\/#\/schema\/person\/51793d1f87d44011d7bcc2ed99269a90"},"headline":"ECD Beach Runner\u00a03\u00a0: pr\u00eat pour la plage et le soleil de la Floride","datePublished":"2024-09-17T00:09:20+00:00","dateModified":"2024-09-17T00:14:04+00:00","mainEntityOfPage":{"@id":"https:\/\/news.canadamotorjobs.com\/fr\/ecd-beach-runner-3-pret-pour-la-plage-et-le-soleil-de-la-floride\/"},"wordCount":812,"publisher":{"@id":"https:\/\/news.canadamotorjobs.com\/#organization"},"image":{"@id":"https:\/\/news.canadamotorjobs.com\/fr\/ecd-beach-runner-3-pret-pour-la-plage-et-le-soleil-de-la-floride\/#primaryimage"},"thumbnailUrl":"https:\/\/news.canadamotorjobs.com\/wp-content\/uploads\/2024\/09\/ECD-Beach-Runner-3-1.jpg","articleSection":["Annuel automobile"],"inLanguage":"fr-CA"},{"@type":"WebPage","@id":"https:\/\/news.canadamotorjobs.com\/fr\/ecd-beach-runner-3-pret-pour-la-plage-et-le-soleil-de-la-floride\/","url":"https:\/\/news.canadamotorjobs.com\/fr\/ecd-beach-runner-3-pret-pour-la-plage-et-le-soleil-de-la-floride\/","name":"ECD Beach Runner\u00a03\u00a0: pr\u00eat pour la plage et le soleil de la Floride - CanadaMotorJobs.com","isPartOf":{"@id":"https:\/\/news.canadamotorjobs.com\/#website"},"primaryImageOfPage":{"@id":"https:\/\/news.canadamotorjobs.com\/fr\/ecd-beach-runner-3-pret-pour-la-plage-et-le-soleil-de-la-floride\/#primaryimage"},"image":{"@id":"https:\/\/news.canadamotorjobs.com\/fr\/ecd-beach-runner-3-pret-pour-la-plage-et-le-soleil-de-la-floride\/#primaryimage"},"thumbnailUrl":"https:\/\/news.canadamotorjobs.com\/wp-content\/uploads\/2024\/09\/ECD-Beach-Runner-3-1.jpg","datePublished":"2024-09-17T00:09:20+00:00","dateModified":"2024-09-17T00:14:04+00:00","description":"ECD Beach Runner\u00a03\u00a0: pr\u00eat pour la plage et le soleil de la Floride - Benoit Charette - Annuel automobile - CanadaMotorJobs.com.","breadcrumb":{"@id":"https:\/\/news.canadamotorjobs.com\/fr\/ecd-beach-runner-3-pret-pour-la-plage-et-le-soleil-de-la-floride\/#breadcrumb"},"inLanguage":"fr-CA","potentialAction":[{"@type":"ReadAction","target":["https:\/\/news.canadamotorjobs.com\/fr\/ecd-beach-runner-3-pret-pour-la-plage-et-le-soleil-de-la-floride\/"]}]},{"@type":"ImageObject","inLanguage":"fr-CA","@id":"https:\/\/news.canadamotorjobs.com\/fr\/ecd-beach-runner-3-pret-pour-la-plage-et-le-soleil-de-la-floride\/#primaryimage","url":"https:\/\/news.canadamotorjobs.com\/wp-content\/uploads\/2024\/09\/ECD-Beach-Runner-3-1.jpg","contentUrl":"https:\/\/news.canadamotorjobs.com\/wp-content\/uploads\/2024\/09\/ECD-Beach-Runner-3-1.jpg","width":1024,"height":683},{"@type":"BreadcrumbList","@id":"https:\/\/news.canadamotorjobs.com\/fr\/ecd-beach-runner-3-pret-pour-la-plage-et-le-soleil-de-la-floride\/#breadcrumb","itemListElement":[{"@type":"ListItem","position":1,"name":"Home","item":"https:\/\/news.canadamotorjobs.com\/fr\/blog\/"},{"@type":"ListItem","position":2,"name":"ECD Beach Runner\u00a03\u00a0: pr\u00eat pour la plage et le soleil de la Floride"}]},{"@type":"WebSite","@id":"https:\/\/news.canadamotorjobs.com\/#website","url":"https:\/\/news.canadamotorjobs.com\/","name":"CanadaMotorJobs.com","description":"Automotive Jobs","publisher":{"@id":"https:\/\/news.canadamotorjobs.com\/#organization"},"potentialAction":[{"@type":"SearchAction","target":{"@type":"EntryPoint","urlTemplate":"https:\/\/news.canadamotorjobs.com\/?s={search_term_string}"},"query-input":"required name=search_term_string"}],"inLanguage":"fr-CA"},{"@type":"Organization","@id":"https:\/\/news.canadamotorjobs.com\/#organization","name":"Canada Motor Jobs","url":"https:\/\/news.canadamotorjobs.com\/","logo":{"@type":"ImageObject","inLanguage":"fr-CA","@id":"https:\/\/news.canadamotorjobs.com\/#\/schema\/logo\/image\/","url":"https:\/\/news.canadamotorjobs.com\/wp-content\/uploads\/2022\/10\/logo-canada-motor-jobs-1.png","contentUrl":"https:\/\/news.canadamotorjobs.com\/wp-content\/uploads\/2022\/10\/logo-canada-motor-jobs-1.png","width":800,"height":400,"caption":"Canada Motor Jobs"},"image":{"@id":"https:\/\/news.canadamotorjobs.com\/#\/schema\/logo\/image\/"},"sameAs":["https:\/\/www.facebook.com\/canadamotorjobs\/","https:\/\/x.com\/canadamotorjobs","https:\/\/www.instagram.com\/canadamotorjobs\/","https:\/\/www.linkedin.com\/company\/canadamotorjobs"]},{"@type":"Person","@id":"https:\/\/news.canadamotorjobs.com\/#\/schema\/person\/51793d1f87d44011d7bcc2ed99269a90","name":"Benoit Charette","image":{"@type":"ImageObject","inLanguage":"fr-CA","@id":"https:\/\/news.canadamotorjobs.com\/#\/schema\/person\/image\/","url":"https:\/\/secure.gravatar.com\/avatar\/45f3d2eebcccd909668d7ce7ea7267b6?s=96&d=mm&r=g","contentUrl":"https:\/\/secure.gravatar.com\/avatar\/45f3d2eebcccd909668d7ce7ea7267b6?s=96&d=mm&r=g","caption":"Benoit Charette"},"description":"Benoit Charette \/ Propri\u00e9taire et r\u00e9dacteur en chef Benoit Charette pratique le journalisme automobile depuis bient\u00f4t 30 ans. Il a fait ses classes au c\u00f4t\u00e9 de Daniel H\u00e9raud et au Carnet de route de 1992 \u00e0 2001. Il est fondateur, copropri\u00e9taire et r\u00e9dacteur en chef de L\u2019Annuel de l\u2019automobile, qu\u2019il publie depuis 2001. Il a anim\u00e9 les \u00e9missions RPM et RPM+ sur V et les L\u00e9gendes de la route sur Historia. \u00c0 la radio depuis 1986, il reprend l\u2019antenne cette ann\u00e9e sur les ondes de Cogeco et participe pour la deuxi\u00e8me ann\u00e9e \u00e0 l\u2019\u00e9mission Passion Auto sur RDS en plus de mettre en ligne le site Web officiel de L\u2019Annuel de l\u2019automobile sur annuelauto.ca.","sameAs":["https:\/\/annuelauto.ca\/"],"url":"https:\/\/news.canadamotorjobs.com\/fr\/author\/benoit-charette\/"}]}},"_links":{"self":[{"href":"https:\/\/news.canadamotorjobs.com\/fr\/wp-json\/wp\/v2\/posts\/172940"}],"collection":[{"href":"https:\/\/news.canadamotorjobs.com\/fr\/wp-json\/wp\/v2\/posts"}],"about":[{"href":"https:\/\/news.canadamotorjobs.com\/fr\/wp-json\/wp\/v2\/types\/post"}],"author":[{"embeddable":true,"href":"https:\/\/news.canadamotorjobs.com\/fr\/wp-json\/wp\/v2\/users\/8"}],"replies":[{"embeddable":true,"href":"https:\/\/news.canadamotorjobs.com\/fr\/wp-json\/wp\/v2\/comments?post=172940"}],"version-history":[{"count":2,"href":"https:\/\/news.canadamotorjobs.com\/fr\/wp-json\/wp\/v2\/posts\/172940\/revisions"}],"predecessor-version":[{"id":172944,"href":"https:\/\/news.canadamotorjobs.com\/fr\/wp-json\/wp\/v2\/posts\/172940\/revisions\/172944"}],"wp:featuredmedia":[{"embeddable":true,"href":"https:\/\/news.canadamotorjobs.com\/fr\/wp-json\/wp\/v2\/media\/172942"}],"wp:attachment":[{"href":"https:\/\/news.canadamotorjobs.com\/fr\/wp-json\/wp\/v2\/media?parent=172940"}],"wp:term":[{"taxonomy":"category","embeddable":true,"href":"https:\/\/news.canadamotorjobs.com\/fr\/wp-json\/wp\/v2\/categories?post=172940"},{"taxonomy":"post_tag","embeddable":true,"href":"https:\/\/news.canadamotorjobs.com\/fr\/wp-json\/wp\/v2\/tags?post=172940"}],"curies":[{"name":"wp","href":"https:\/\/api.w.org\/{rel}","templated":true}]}}