{"id":172917,"date":"2024-09-16T13:51:51","date_gmt":"2024-09-16T17:51:51","guid":{"rendered":"https:\/\/news.canadamotorjobs.com\/?p=172917"},"modified":"2024-09-16T13:58:57","modified_gmt":"2024-09-16T17:58:57","slug":"la-fin-du-programme-par-abonnement-chez-volvo","status":"publish","type":"post","link":"https:\/\/news.canadamotorjobs.com\/fr\/la-fin-du-programme-par-abonnement-chez-volvo\/","title":{"rendered":"La fin du programme par abonnement chez Volvo"},"content":{"rendered":"<\/p>\n<p>C\u2019\u00e9tait un peu le r\u00eave \u00e9veill\u00e9 des constructeurs d\u2019automobiles avant la pand\u00e9mie\u00a0: mettre fin au mod\u00e8le actuel de vente de neufs. Acheter son v\u00e9hicule, puis payer pour son entretien et ses r\u00e9parations, pour l\u2019assurance et tout le reste, est quelque chose que trop d\u2019automobilistes trouvaient fastidieux, selon eux. D\u2019o\u00f9 l\u2019id\u00e9e d\u2019offrir une formule par abonnement o\u00f9 un seul montant par mois suffirait \u00e0 payer pour tout \u00e7a. Et si \u00e7a a march\u00e9 pendant quelques ann\u00e9es, il semble que c\u2019est la fin. C\u2019est ce que Volvo vient d\u2019annoncer.<\/p>\n<p>Le programme Care by Volvo prendra donc fin \u00e0 mesure que les contrats de location de ses clients actuels arriveront \u00e0 leur terme. Ces clients se verront offrir un rabais de 1000$US \u00e0 l\u2019achat de leur prochaine Volvo, et c\u2019est tout. Volvo a lanc\u00e9 ce programme-l\u00e0 au Canada et aux \u00c9tats-Unis quelque part \u00e0 la fin 2018.<\/p>\n<p>Et au fil du temps, il y a effectivement des clients de la marque su\u00e9doise qui ont opt\u00e9 pour ce mod\u00e8le. Volvo assure que Care by Volvo, le nom de son programme, \u00e9tait rentable.<\/p>\n<p>Ce programme co\u00fbtait au moins 800$ par mois, le montant d\u2019abonnement le moins \u00e9lev\u00e9 pour un XC40 de base, et \u00e7a montait bien au-del\u00e0 des 1000$ par mois. \u00c7a incluait le v\u00e9hicule, l\u2019entretien, l\u2019assurance, l\u2019assistance routi\u00e8re et quelques autres incitatifs. Par exemple, l\u2019abon\u00e9 pouvait changer de v\u00e9hicule \u00e0 sa guise \u00e0 tous les ans ou tous les deux ans.<\/p>\n<p>Mais, voil\u00e0. Volvo a d\u00e9couvert que ce mod\u00e8le d\u2019affaires l\u00e0 ne faisait pas particuli\u00e8rement plaisir \u00e0 ses concessionnaires. En fait, il semble m\u00eame que Car by Volvo ressemblait un peu trop au mod\u00e8le de bail de location qui existe d\u00e9j\u00e0 depuis longtemps et que \u00e7a portait atteinte au mod\u00e8le de franchis\u00e9s des concessionnaires Volvo.<\/p>\n<p>Bref, pour \u00e9viter la chicane, Volvo a d\u00e9cid\u00e9 de mettre fin \u00e0 son programme par abonnement, m\u00eame si selon les m\u00e9dias sp\u00e9cialis\u00e9s am\u00e9ricains, environ 10% de sa client\u00e8le y \u00e9tait inscrite.<\/p>\n<p>Le texte <a rel=\"nofollow\" href=\"https:\/\/annuelauto.ca\/la-fin-du-programme-par-abonnement-chez-volvo\/\">La fin du programme par abonnement chez Volvo<\/a> provient de <a rel=\"nofollow\" href=\"https:\/\/annuelauto.ca\">L&#8217;annuel de l&#8217;automobile &#8211; Actualit\u00e9 automobile<\/a><\/p>\n<p><\/p>\n","protected":false},"excerpt":{"rendered":"<p>C\u2019\u00e9tait un peu le r\u00eave \u00e9veill\u00e9 des constructeurs d\u2019automobiles avant la pand\u00e9mie\u00a0: mettre fin au mod\u00e8le actuel de vente de neufs. Acheter son v\u00e9hicule, puis payer pour son entretien et ses r\u00e9parations, pour l\u2019assurance et tout le reste, est quelque chose que trop d\u2019automobilistes trouvaient fastidieux, selon eux. D\u2019o\u00f9 l\u2019id\u00e9e d\u2019offrir une formule par abonnement [&hellip;]<\/p>\n","protected":false},"author":8,"featured_media":172919,"comment_status":"close","ping_status":"closed","sticky":false,"template":"","format":"standard","meta":{"_monsterinsights_skip_tracking":false,"_monsterinsights_sitenote_active":false,"_monsterinsights_sitenote_note":"","_monsterinsights_sitenote_category":0,"footnotes":""},"categories":[101],"tags":[],"yoast_head":"<!-- This site is optimized with the Yoast SEO plugin v23.2 - https:\/\/yoast.com\/wordpress\/plugins\/seo\/ -->\n<title>La fin du programme par abonnement chez Volvo - CanadaMotorJobs.com<\/title>\n<meta name=\"description\" content=\"La fin du programme par abonnement chez Volvo - Benoit Charette - Annuel automobile - CanadaMotorJobs.com.\" \/>\n<meta name=\"robots\" content=\"index, follow, max-snippet:-1, max-image-preview:large, max-video-preview:-1\" \/>\n<meta property=\"og:locale\" content=\"fr_CA\" \/>\n<meta property=\"og:type\" content=\"article\" \/>\n<meta property=\"og:title\" content=\"La fin du programme par abonnement chez Volvo - CanadaMotorJobs.com\" \/>\n<meta property=\"og:description\" content=\"La fin du programme par abonnement chez Volvo - Benoit Charette - Annuel automobile - CanadaMotorJobs.com.\" \/>\n<meta property=\"og:url\" content=\"https:\/\/news.canadamotorjobs.com\/fr\/la-fin-du-programme-par-abonnement-chez-volvo\/\" \/>\n<meta property=\"og:site_name\" content=\"CanadaMotorJobs.com\" \/>\n<meta property=\"article:publisher\" content=\"https:\/\/www.facebook.com\/canadamotorjobs\/\" \/>\n<meta property=\"article:published_time\" content=\"2024-09-16T17:51:51+00:00\" \/>\n<meta property=\"article:modified_time\" content=\"2024-09-16T17:58:57+00:00\" \/>\n<meta property=\"og:image\" content=\"https:\/\/news.canadamotorjobs.com\/wp-content\/uploads\/2024\/09\/294987_xc60_recharge_t8_silver_dawn1658345438695.jpg\" \/>\n\t<meta property=\"og:image:width\" content=\"1440\" \/>\n\t<meta property=\"og:image:height\" content=\"960\" \/>\n\t<meta property=\"og:image:type\" content=\"image\/jpeg\" \/>\n<meta name=\"author\" content=\"Benoit Charette\" \/>\n<meta name=\"twitter:card\" content=\"summary_large_image\" \/>\n<meta name=\"twitter:creator\" content=\"@canadamotorjobs\" \/>\n<meta name=\"twitter:site\" content=\"@canadamotorjobs\" \/>\n<meta name=\"twitter:label1\" content=\"\u00c9crit par\" \/>\n\t<meta name=\"twitter:data1\" content=\"Benoit Charette\" \/>\n\t<meta name=\"twitter:label2\" content=\"Estimation du temps de lecture\" \/>\n\t<meta name=\"twitter:data2\" content=\"2 minutes\" \/>\n<!-- \/ Yoast SEO plugin. -->","yoast_head_json":{"title":"La fin du programme par abonnement chez Volvo - CanadaMotorJobs.com","description":"La fin du programme par abonnement chez Volvo - Benoit Charette - Annuel automobile - CanadaMotorJobs.com.","robots":{"index":"index","follow":"follow","max-snippet":"max-snippet:-1","max-image-preview":"max-image-preview:large","max-video-preview":"max-video-preview:-1"},"og_locale":"fr_CA","og_type":"article","og_title":"La fin du programme par abonnement chez Volvo - CanadaMotorJobs.com","og_description":"La fin du programme par abonnement chez Volvo - Benoit Charette - Annuel automobile - CanadaMotorJobs.com.","og_url":"https:\/\/news.canadamotorjobs.com\/fr\/la-fin-du-programme-par-abonnement-chez-volvo\/","og_site_name":"CanadaMotorJobs.com","article_publisher":"https:\/\/www.facebook.com\/canadamotorjobs\/","article_published_time":"2024-09-16T17:51:51+00:00","article_modified_time":"2024-09-16T17:58:57+00:00","og_image":[{"width":1440,"height":960,"url":"https:\/\/news.canadamotorjobs.com\/wp-content\/uploads\/2024\/09\/294987_xc60_recharge_t8_silver_dawn1658345438695.jpg","type":"image\/jpeg"}],"author":"Benoit Charette","twitter_card":"summary_large_image","twitter_creator":"@canadamotorjobs","twitter_site":"@canadamotorjobs","twitter_misc":{"\u00c9crit par":"Benoit Charette","Estimation du temps de lecture":"2 minutes"},"schema":{"@context":"https:\/\/schema.org","@graph":[{"@type":"Article","@id":"https:\/\/news.canadamotorjobs.com\/fr\/la-fin-du-programme-par-abonnement-chez-volvo\/#article","isPartOf":{"@id":"https:\/\/news.canadamotorjobs.com\/fr\/la-fin-du-programme-par-abonnement-chez-volvo\/"},"author":{"name":"Benoit Charette","@id":"https:\/\/news.canadamotorjobs.com\/#\/schema\/person\/51793d1f87d44011d7bcc2ed99269a90"},"headline":"La fin du programme par abonnement chez Volvo","datePublished":"2024-09-16T17:51:51+00:00","dateModified":"2024-09-16T17:58:57+00:00","mainEntityOfPage":{"@id":"https:\/\/news.canadamotorjobs.com\/fr\/la-fin-du-programme-par-abonnement-chez-volvo\/"},"wordCount":383,"publisher":{"@id":"https:\/\/news.canadamotorjobs.com\/#organization"},"image":{"@id":"https:\/\/news.canadamotorjobs.com\/fr\/la-fin-du-programme-par-abonnement-chez-volvo\/#primaryimage"},"thumbnailUrl":"https:\/\/news.canadamotorjobs.com\/wp-content\/uploads\/2024\/09\/294987_xc60_recharge_t8_silver_dawn1658345438695.jpg","articleSection":["Annuel automobile"],"inLanguage":"fr-CA"},{"@type":"WebPage","@id":"https:\/\/news.canadamotorjobs.com\/fr\/la-fin-du-programme-par-abonnement-chez-volvo\/","url":"https:\/\/news.canadamotorjobs.com\/fr\/la-fin-du-programme-par-abonnement-chez-volvo\/","name":"La fin du programme par abonnement chez Volvo - CanadaMotorJobs.com","isPartOf":{"@id":"https:\/\/news.canadamotorjobs.com\/#website"},"primaryImageOfPage":{"@id":"https:\/\/news.canadamotorjobs.com\/fr\/la-fin-du-programme-par-abonnement-chez-volvo\/#primaryimage"},"image":{"@id":"https:\/\/news.canadamotorjobs.com\/fr\/la-fin-du-programme-par-abonnement-chez-volvo\/#primaryimage"},"thumbnailUrl":"https:\/\/news.canadamotorjobs.com\/wp-content\/uploads\/2024\/09\/294987_xc60_recharge_t8_silver_dawn1658345438695.jpg","datePublished":"2024-09-16T17:51:51+00:00","dateModified":"2024-09-16T17:58:57+00:00","description":"La fin du programme par abonnement chez Volvo - Benoit Charette - Annuel automobile - CanadaMotorJobs.com.","breadcrumb":{"@id":"https:\/\/news.canadamotorjobs.com\/fr\/la-fin-du-programme-par-abonnement-chez-volvo\/#breadcrumb"},"inLanguage":"fr-CA","potentialAction":[{"@type":"ReadAction","target":["https:\/\/news.canadamotorjobs.com\/fr\/la-fin-du-programme-par-abonnement-chez-volvo\/"]}]},{"@type":"ImageObject","inLanguage":"fr-CA","@id":"https:\/\/news.canadamotorjobs.com\/fr\/la-fin-du-programme-par-abonnement-chez-volvo\/#primaryimage","url":"https:\/\/news.canadamotorjobs.com\/wp-content\/uploads\/2024\/09\/294987_xc60_recharge_t8_silver_dawn1658345438695.jpg","contentUrl":"https:\/\/news.canadamotorjobs.com\/wp-content\/uploads\/2024\/09\/294987_xc60_recharge_t8_silver_dawn1658345438695.jpg","width":1440,"height":960},{"@type":"BreadcrumbList","@id":"https:\/\/news.canadamotorjobs.com\/fr\/la-fin-du-programme-par-abonnement-chez-volvo\/#breadcrumb","itemListElement":[{"@type":"ListItem","position":1,"name":"Home","item":"https:\/\/news.canadamotorjobs.com\/fr\/blog\/"},{"@type":"ListItem","position":2,"name":"La fin du programme par abonnement chez Volvo"}]},{"@type":"WebSite","@id":"https:\/\/news.canadamotorjobs.com\/#website","url":"https:\/\/news.canadamotorjobs.com\/","name":"CanadaMotorJobs.com","description":"Automotive Jobs","publisher":{"@id":"https:\/\/news.canadamotorjobs.com\/#organization"},"potentialAction":[{"@type":"SearchAction","target":{"@type":"EntryPoint","urlTemplate":"https:\/\/news.canadamotorjobs.com\/?s={search_term_string}"},"query-input":"required name=search_term_string"}],"inLanguage":"fr-CA"},{"@type":"Organization","@id":"https:\/\/news.canadamotorjobs.com\/#organization","name":"Canada Motor Jobs","url":"https:\/\/news.canadamotorjobs.com\/","logo":{"@type":"ImageObject","inLanguage":"fr-CA","@id":"https:\/\/news.canadamotorjobs.com\/#\/schema\/logo\/image\/","url":"https:\/\/news.canadamotorjobs.com\/wp-content\/uploads\/2022\/10\/logo-canada-motor-jobs-1.png","contentUrl":"https:\/\/news.canadamotorjobs.com\/wp-content\/uploads\/2022\/10\/logo-canada-motor-jobs-1.png","width":800,"height":400,"caption":"Canada Motor Jobs"},"image":{"@id":"https:\/\/news.canadamotorjobs.com\/#\/schema\/logo\/image\/"},"sameAs":["https:\/\/www.facebook.com\/canadamotorjobs\/","https:\/\/x.com\/canadamotorjobs","https:\/\/www.instagram.com\/canadamotorjobs\/","https:\/\/www.linkedin.com\/company\/canadamotorjobs"]},{"@type":"Person","@id":"https:\/\/news.canadamotorjobs.com\/#\/schema\/person\/51793d1f87d44011d7bcc2ed99269a90","name":"Benoit Charette","image":{"@type":"ImageObject","inLanguage":"fr-CA","@id":"https:\/\/news.canadamotorjobs.com\/#\/schema\/person\/image\/","url":"https:\/\/secure.gravatar.com\/avatar\/45f3d2eebcccd909668d7ce7ea7267b6?s=96&d=mm&r=g","contentUrl":"https:\/\/secure.gravatar.com\/avatar\/45f3d2eebcccd909668d7ce7ea7267b6?s=96&d=mm&r=g","caption":"Benoit Charette"},"description":"Benoit Charette \/ Propri\u00e9taire et r\u00e9dacteur en chef Benoit Charette pratique le journalisme automobile depuis bient\u00f4t 30 ans. Il a fait ses classes au c\u00f4t\u00e9 de Daniel H\u00e9raud et au Carnet de route de 1992 \u00e0 2001. Il est fondateur, copropri\u00e9taire et r\u00e9dacteur en chef de L\u2019Annuel de l\u2019automobile, qu\u2019il publie depuis 2001. Il a anim\u00e9 les \u00e9missions RPM et RPM+ sur V et les L\u00e9gendes de la route sur Historia. \u00c0 la radio depuis 1986, il reprend l\u2019antenne cette ann\u00e9e sur les ondes de Cogeco et participe pour la deuxi\u00e8me ann\u00e9e \u00e0 l\u2019\u00e9mission Passion Auto sur RDS en plus de mettre en ligne le site Web officiel de L\u2019Annuel de l\u2019automobile sur annuelauto.ca.","sameAs":["https:\/\/annuelauto.ca\/"],"url":"https:\/\/news.canadamotorjobs.com\/fr\/author\/benoit-charette\/"}]}},"_links":{"self":[{"href":"https:\/\/news.canadamotorjobs.com\/fr\/wp-json\/wp\/v2\/posts\/172917"}],"collection":[{"href":"https:\/\/news.canadamotorjobs.com\/fr\/wp-json\/wp\/v2\/posts"}],"about":[{"href":"https:\/\/news.canadamotorjobs.com\/fr\/wp-json\/wp\/v2\/types\/post"}],"author":[{"embeddable":true,"href":"https:\/\/news.canadamotorjobs.com\/fr\/wp-json\/wp\/v2\/users\/8"}],"replies":[{"embeddable":true,"href":"https:\/\/news.canadamotorjobs.com\/fr\/wp-json\/wp\/v2\/comments?post=172917"}],"version-history":[{"count":2,"href":"https:\/\/news.canadamotorjobs.com\/fr\/wp-json\/wp\/v2\/posts\/172917\/revisions"}],"predecessor-version":[{"id":172921,"href":"https:\/\/news.canadamotorjobs.com\/fr\/wp-json\/wp\/v2\/posts\/172917\/revisions\/172921"}],"wp:featuredmedia":[{"embeddable":true,"href":"https:\/\/news.canadamotorjobs.com\/fr\/wp-json\/wp\/v2\/media\/172919"}],"wp:attachment":[{"href":"https:\/\/news.canadamotorjobs.com\/fr\/wp-json\/wp\/v2\/media?parent=172917"}],"wp:term":[{"taxonomy":"category","embeddable":true,"href":"https:\/\/news.canadamotorjobs.com\/fr\/wp-json\/wp\/v2\/categories?post=172917"},{"taxonomy":"post_tag","embeddable":true,"href":"https:\/\/news.canadamotorjobs.com\/fr\/wp-json\/wp\/v2\/tags?post=172917"}],"curies":[{"name":"wp","href":"https:\/\/api.w.org\/{rel}","templated":true}]}}