{"id":172871,"date":"2024-09-16T08:20:34","date_gmt":"2024-09-16T12:20:34","guid":{"rendered":"https:\/\/news.canadamotorjobs.com\/?p=172871"},"modified":"2024-09-16T08:31:12","modified_gmt":"2024-09-16T12:31:12","slug":"volkswagen-prepare-des-coupures-de-6-milliards-de-dollars","status":"publish","type":"post","link":"https:\/\/news.canadamotorjobs.com\/fr\/volkswagen-prepare-des-coupures-de-6-milliards-de-dollars\/","title":{"rendered":"Volkswagen pr\u00e9pare des coupures de 6 milliards de dollars"},"content":{"rendered":"<\/p>\n<p>Volkswagen pourrait bient\u00f4t inscrire jusqu&#8217;\u00e0 6 milliards de dollars en provisions pour des coupes de capacit\u00e9 pr\u00e9vues, selon les analystes de la soci\u00e9t\u00e9 de courtage Jefferies. Cette annonce fait suite \u00e0 un voyage en Am\u00e9rique du Nord avec les dirigeants de l\u2019entreprise.<\/p>\n<h3>Une restructuration n\u00e9cessaire pour affronter la concurrence<\/h3>\n<p>\nPlus t\u00f4t ce mois-ci, VW avait \u00e9voqu\u00e9 la possibilit\u00e9 de fermer des usines en Allemagne, une premi\u00e8re historique pour la marque, dans le cadre de sa strat\u00e9gie de r\u00e9duction des co\u00fbts. Ce projet r\u00e9sulte des difficult\u00e9s rencontr\u00e9es par VW face \u00e0 la concurrence f\u00e9roce des constructeurs automobiles asiatiques. Selon Jefferies, la n\u00e9cessit\u00e9 de redimensionner la marque Volkswagen n&#8217;est pas nouvelle. Cependant, ce qui a chang\u00e9, c&#8217;est l&#8217;urgence et la d\u00e9termination de la direction \u00e0 s&#8217;attaquer \u00e0 la surcapacit\u00e9 et aux habitudes de d\u00e9penses excessives.<\/p>\n<h3>Un plan sans alternative<\/h3>\n<p>\n\u00ab Trois jours de discussions avec la direction en Am\u00e9rique du Nord nous ont convaincus qu&#8217;il n&#8217;existe pas de plan B qui exclurait la r\u00e9duction de la capacit\u00e9 \u00bb, ont \u00e9crit les analystes de Jefferies dans leur note. Ils estiment que des d\u00e9cisions importantes pourraient aboutir \u00e0 des provisions de 5 \u00e0 6 milliards de dollars d\u00e8s le quatri\u00e8me trimestre.<\/p>\n<h3>Tensions avec les syndicats allemands<\/h3>\n<p>\nDans le cadre de son effort de restructuration, Volkswagen a r\u00e9cemment mis fin \u00e0 un programme de s\u00e9curit\u00e9 de l&#8217;emploi qui couvrait six de ses usines allemandes, un coup dur pour les syndicats puissants de l&#8217;entreprise. Ces derniers ont promis de r\u00e9sister fermement \u00e0 toute forme de licenciement. Il existe un risque de perturbation des usines, mais les syndicats ne peuvent faire la gr\u00e8ve que pour des raisons salariales, et non contre les fermetures d&#8217;usines ou les licenciements, si ces derniers ne sont pas prot\u00e9g\u00e9s par contrat \u00bb, a soulign\u00e9 Jefferies.<\/p>\n<h3>Co\u00fbts de s\u00e9paration et impact \u00e9conomique<\/h3>\n<p>\nJefferies estime que les charges associ\u00e9es \u00e0 cette restructuration pourraient atteindre jusqu\u2019\u00e0 4 milliards d\u2019euros ou 6 milliards de dollars si l&#8217;on inclut des co\u00fbts de s\u00e9paration \u00e9quivalents \u00e0 deux ann\u00e9es de salaire par employ\u00e9, ainsi que d&#8217;autres frais de fermeture non sp\u00e9cifi\u00e9s.<\/p>\n<p>En d\u00e9pit des sp\u00e9culations, Volkswagen a refus\u00e9 de commenter ces pr\u00e9visions.<\/p>\n<h3>Conclusion : Vers une transformation radicale de VW<\/h3>\n<p>\nFace \u00e0 la pression croissante de la concurrence asiatique et \u00e0 la n\u00e9cessit\u00e9 de r\u00e9duire ses co\u00fbts, Volkswagen semble pr\u00eat \u00e0 prendre des mesures drastiques, m\u00eame au prix de tensions internes avec les syndicats. La question reste de savoir si ces efforts suffiront \u00e0 redresser la trajectoire du g\u00e9ant allemand de l&#8217;automobile.<\/p>\n<p>\u00a0<\/p>\n<p>Reste maintenant \u00e0 voir ce qui attend nos usines en Am\u00e9rique du Nord<\/p>\n<p>Avec des renseignements d&#8217;Automotive News Europe<\/p>\n<p>Le texte <a rel=\"nofollow\" href=\"https:\/\/annuelauto.ca\/volkswagen-prepare-des-coupures-de-6-milliards-de-dollars\/\">Volkswagen pr\u00e9pare des coupures de 6 milliards de dollars<\/a> provient de <a rel=\"nofollow\" href=\"https:\/\/annuelauto.ca\">L&#8217;annuel de l&#8217;automobile &#8211; Actualit\u00e9 automobile<\/a><\/p>\n<p><\/p>\n","protected":false},"excerpt":{"rendered":"<p>Volkswagen pourrait bient\u00f4t inscrire jusqu&#8217;\u00e0 6 milliards de dollars en provisions pour des coupes de capacit\u00e9 pr\u00e9vues, selon les analystes de la soci\u00e9t\u00e9 de courtage Jefferies. Cette annonce fait suite \u00e0 un voyage en Am\u00e9rique du Nord avec les dirigeants de l\u2019entreprise. Une restructuration n\u00e9cessaire pour affronter la concurrence Plus t\u00f4t ce mois-ci, VW avait [&hellip;]<\/p>\n","protected":false},"author":8,"featured_media":172873,"comment_status":"close","ping_status":"closed","sticky":false,"template":"","format":"standard","meta":{"_monsterinsights_skip_tracking":false,"_monsterinsights_sitenote_active":false,"_monsterinsights_sitenote_note":"","_monsterinsights_sitenote_category":0,"footnotes":""},"categories":[101],"tags":[],"yoast_head":"<!-- This site is optimized with the Yoast SEO plugin v23.2 - https:\/\/yoast.com\/wordpress\/plugins\/seo\/ -->\n<title>Volkswagen pr\u00e9pare des coupures de 6 milliards de dollars - CanadaMotorJobs.com<\/title>\n<meta name=\"description\" content=\"Volkswagen pr\u00e9pare des coupures de 6 milliards de dollars - Benoit Charette - Annuel automobile - CanadaMotorJobs.com.\" \/>\n<meta name=\"robots\" content=\"index, follow, max-snippet:-1, max-image-preview:large, max-video-preview:-1\" \/>\n<meta property=\"og:locale\" content=\"fr_CA\" \/>\n<meta property=\"og:type\" content=\"article\" \/>\n<meta property=\"og:title\" content=\"Volkswagen pr\u00e9pare des coupures de 6 milliards de dollars - CanadaMotorJobs.com\" \/>\n<meta property=\"og:description\" content=\"Volkswagen pr\u00e9pare des coupures de 6 milliards de dollars - Benoit Charette - Annuel automobile - CanadaMotorJobs.com.\" \/>\n<meta property=\"og:url\" content=\"https:\/\/news.canadamotorjobs.com\/fr\/volkswagen-prepare-des-coupures-de-6-milliards-de-dollars\/\" \/>\n<meta property=\"og:site_name\" content=\"CanadaMotorJobs.com\" \/>\n<meta property=\"article:publisher\" content=\"https:\/\/www.facebook.com\/canadamotorjobs\/\" \/>\n<meta property=\"article:published_time\" content=\"2024-09-16T12:20:34+00:00\" \/>\n<meta property=\"article:modified_time\" content=\"2024-09-16T12:31:12+00:00\" \/>\n<meta property=\"og:image\" content=\"https:\/\/news.canadamotorjobs.com\/wp-content\/uploads\/2024\/09\/1200px-VW_Wolfsburg-1-1.jpg\" \/>\n\t<meta property=\"og:image:width\" content=\"1200\" \/>\n\t<meta property=\"og:image:height\" content=\"900\" \/>\n\t<meta property=\"og:image:type\" content=\"image\/jpeg\" \/>\n<meta name=\"author\" content=\"Benoit Charette\" \/>\n<meta name=\"twitter:card\" content=\"summary_large_image\" \/>\n<meta name=\"twitter:creator\" content=\"@canadamotorjobs\" \/>\n<meta name=\"twitter:site\" content=\"@canadamotorjobs\" \/>\n<meta name=\"twitter:label1\" content=\"\u00c9crit par\" \/>\n\t<meta name=\"twitter:data1\" content=\"Benoit Charette\" \/>\n\t<meta name=\"twitter:label2\" content=\"Estimation du temps de lecture\" \/>\n\t<meta name=\"twitter:data2\" content=\"2 minutes\" \/>\n<!-- \/ Yoast SEO plugin. -->","yoast_head_json":{"title":"Volkswagen pr\u00e9pare des coupures de 6 milliards de dollars - CanadaMotorJobs.com","description":"Volkswagen pr\u00e9pare des coupures de 6 milliards de dollars - Benoit Charette - Annuel automobile - CanadaMotorJobs.com.","robots":{"index":"index","follow":"follow","max-snippet":"max-snippet:-1","max-image-preview":"max-image-preview:large","max-video-preview":"max-video-preview:-1"},"og_locale":"fr_CA","og_type":"article","og_title":"Volkswagen pr\u00e9pare des coupures de 6 milliards de dollars - CanadaMotorJobs.com","og_description":"Volkswagen pr\u00e9pare des coupures de 6 milliards de dollars - Benoit Charette - Annuel automobile - CanadaMotorJobs.com.","og_url":"https:\/\/news.canadamotorjobs.com\/fr\/volkswagen-prepare-des-coupures-de-6-milliards-de-dollars\/","og_site_name":"CanadaMotorJobs.com","article_publisher":"https:\/\/www.facebook.com\/canadamotorjobs\/","article_published_time":"2024-09-16T12:20:34+00:00","article_modified_time":"2024-09-16T12:31:12+00:00","og_image":[{"width":1200,"height":900,"url":"https:\/\/news.canadamotorjobs.com\/wp-content\/uploads\/2024\/09\/1200px-VW_Wolfsburg-1-1.jpg","type":"image\/jpeg"}],"author":"Benoit Charette","twitter_card":"summary_large_image","twitter_creator":"@canadamotorjobs","twitter_site":"@canadamotorjobs","twitter_misc":{"\u00c9crit par":"Benoit Charette","Estimation du temps de lecture":"2 minutes"},"schema":{"@context":"https:\/\/schema.org","@graph":[{"@type":"Article","@id":"https:\/\/news.canadamotorjobs.com\/fr\/volkswagen-prepare-des-coupures-de-6-milliards-de-dollars\/#article","isPartOf":{"@id":"https:\/\/news.canadamotorjobs.com\/fr\/volkswagen-prepare-des-coupures-de-6-milliards-de-dollars\/"},"author":{"name":"Benoit Charette","@id":"https:\/\/news.canadamotorjobs.com\/#\/schema\/person\/51793d1f87d44011d7bcc2ed99269a90"},"headline":"Volkswagen pr\u00e9pare des coupures de 6 milliards de dollars","datePublished":"2024-09-16T12:20:34+00:00","dateModified":"2024-09-16T12:31:12+00:00","mainEntityOfPage":{"@id":"https:\/\/news.canadamotorjobs.com\/fr\/volkswagen-prepare-des-coupures-de-6-milliards-de-dollars\/"},"wordCount":498,"publisher":{"@id":"https:\/\/news.canadamotorjobs.com\/#organization"},"image":{"@id":"https:\/\/news.canadamotorjobs.com\/fr\/volkswagen-prepare-des-coupures-de-6-milliards-de-dollars\/#primaryimage"},"thumbnailUrl":"https:\/\/news.canadamotorjobs.com\/wp-content\/uploads\/2024\/09\/1200px-VW_Wolfsburg-1-1.jpg","articleSection":["Annuel automobile"],"inLanguage":"fr-CA"},{"@type":"WebPage","@id":"https:\/\/news.canadamotorjobs.com\/fr\/volkswagen-prepare-des-coupures-de-6-milliards-de-dollars\/","url":"https:\/\/news.canadamotorjobs.com\/fr\/volkswagen-prepare-des-coupures-de-6-milliards-de-dollars\/","name":"Volkswagen pr\u00e9pare des coupures de 6 milliards de dollars - CanadaMotorJobs.com","isPartOf":{"@id":"https:\/\/news.canadamotorjobs.com\/#website"},"primaryImageOfPage":{"@id":"https:\/\/news.canadamotorjobs.com\/fr\/volkswagen-prepare-des-coupures-de-6-milliards-de-dollars\/#primaryimage"},"image":{"@id":"https:\/\/news.canadamotorjobs.com\/fr\/volkswagen-prepare-des-coupures-de-6-milliards-de-dollars\/#primaryimage"},"thumbnailUrl":"https:\/\/news.canadamotorjobs.com\/wp-content\/uploads\/2024\/09\/1200px-VW_Wolfsburg-1-1.jpg","datePublished":"2024-09-16T12:20:34+00:00","dateModified":"2024-09-16T12:31:12+00:00","description":"Volkswagen pr\u00e9pare des coupures de 6 milliards de dollars - Benoit Charette - Annuel automobile - CanadaMotorJobs.com.","breadcrumb":{"@id":"https:\/\/news.canadamotorjobs.com\/fr\/volkswagen-prepare-des-coupures-de-6-milliards-de-dollars\/#breadcrumb"},"inLanguage":"fr-CA","potentialAction":[{"@type":"ReadAction","target":["https:\/\/news.canadamotorjobs.com\/fr\/volkswagen-prepare-des-coupures-de-6-milliards-de-dollars\/"]}]},{"@type":"ImageObject","inLanguage":"fr-CA","@id":"https:\/\/news.canadamotorjobs.com\/fr\/volkswagen-prepare-des-coupures-de-6-milliards-de-dollars\/#primaryimage","url":"https:\/\/news.canadamotorjobs.com\/wp-content\/uploads\/2024\/09\/1200px-VW_Wolfsburg-1-1.jpg","contentUrl":"https:\/\/news.canadamotorjobs.com\/wp-content\/uploads\/2024\/09\/1200px-VW_Wolfsburg-1-1.jpg","width":1200,"height":900},{"@type":"BreadcrumbList","@id":"https:\/\/news.canadamotorjobs.com\/fr\/volkswagen-prepare-des-coupures-de-6-milliards-de-dollars\/#breadcrumb","itemListElement":[{"@type":"ListItem","position":1,"name":"Home","item":"https:\/\/news.canadamotorjobs.com\/fr\/blog\/"},{"@type":"ListItem","position":2,"name":"Volkswagen pr\u00e9pare des coupures de 6 milliards de dollars"}]},{"@type":"WebSite","@id":"https:\/\/news.canadamotorjobs.com\/#website","url":"https:\/\/news.canadamotorjobs.com\/","name":"CanadaMotorJobs.com","description":"Automotive Jobs","publisher":{"@id":"https:\/\/news.canadamotorjobs.com\/#organization"},"potentialAction":[{"@type":"SearchAction","target":{"@type":"EntryPoint","urlTemplate":"https:\/\/news.canadamotorjobs.com\/?s={search_term_string}"},"query-input":"required name=search_term_string"}],"inLanguage":"fr-CA"},{"@type":"Organization","@id":"https:\/\/news.canadamotorjobs.com\/#organization","name":"Canada Motor Jobs","url":"https:\/\/news.canadamotorjobs.com\/","logo":{"@type":"ImageObject","inLanguage":"fr-CA","@id":"https:\/\/news.canadamotorjobs.com\/#\/schema\/logo\/image\/","url":"https:\/\/news.canadamotorjobs.com\/wp-content\/uploads\/2022\/10\/logo-canada-motor-jobs-1.png","contentUrl":"https:\/\/news.canadamotorjobs.com\/wp-content\/uploads\/2022\/10\/logo-canada-motor-jobs-1.png","width":800,"height":400,"caption":"Canada Motor Jobs"},"image":{"@id":"https:\/\/news.canadamotorjobs.com\/#\/schema\/logo\/image\/"},"sameAs":["https:\/\/www.facebook.com\/canadamotorjobs\/","https:\/\/x.com\/canadamotorjobs","https:\/\/www.instagram.com\/canadamotorjobs\/","https:\/\/www.linkedin.com\/company\/canadamotorjobs"]},{"@type":"Person","@id":"https:\/\/news.canadamotorjobs.com\/#\/schema\/person\/51793d1f87d44011d7bcc2ed99269a90","name":"Benoit Charette","image":{"@type":"ImageObject","inLanguage":"fr-CA","@id":"https:\/\/news.canadamotorjobs.com\/#\/schema\/person\/image\/","url":"https:\/\/secure.gravatar.com\/avatar\/45f3d2eebcccd909668d7ce7ea7267b6?s=96&d=mm&r=g","contentUrl":"https:\/\/secure.gravatar.com\/avatar\/45f3d2eebcccd909668d7ce7ea7267b6?s=96&d=mm&r=g","caption":"Benoit Charette"},"description":"Benoit Charette \/ Propri\u00e9taire et r\u00e9dacteur en chef Benoit Charette pratique le journalisme automobile depuis bient\u00f4t 30 ans. Il a fait ses classes au c\u00f4t\u00e9 de Daniel H\u00e9raud et au Carnet de route de 1992 \u00e0 2001. Il est fondateur, copropri\u00e9taire et r\u00e9dacteur en chef de L\u2019Annuel de l\u2019automobile, qu\u2019il publie depuis 2001. Il a anim\u00e9 les \u00e9missions RPM et RPM+ sur V et les L\u00e9gendes de la route sur Historia. \u00c0 la radio depuis 1986, il reprend l\u2019antenne cette ann\u00e9e sur les ondes de Cogeco et participe pour la deuxi\u00e8me ann\u00e9e \u00e0 l\u2019\u00e9mission Passion Auto sur RDS en plus de mettre en ligne le site Web officiel de L\u2019Annuel de l\u2019automobile sur annuelauto.ca.","sameAs":["https:\/\/annuelauto.ca\/"],"url":"https:\/\/news.canadamotorjobs.com\/fr\/author\/benoit-charette\/"}]}},"_links":{"self":[{"href":"https:\/\/news.canadamotorjobs.com\/fr\/wp-json\/wp\/v2\/posts\/172871"}],"collection":[{"href":"https:\/\/news.canadamotorjobs.com\/fr\/wp-json\/wp\/v2\/posts"}],"about":[{"href":"https:\/\/news.canadamotorjobs.com\/fr\/wp-json\/wp\/v2\/types\/post"}],"author":[{"embeddable":true,"href":"https:\/\/news.canadamotorjobs.com\/fr\/wp-json\/wp\/v2\/users\/8"}],"replies":[{"embeddable":true,"href":"https:\/\/news.canadamotorjobs.com\/fr\/wp-json\/wp\/v2\/comments?post=172871"}],"version-history":[{"count":2,"href":"https:\/\/news.canadamotorjobs.com\/fr\/wp-json\/wp\/v2\/posts\/172871\/revisions"}],"predecessor-version":[{"id":172875,"href":"https:\/\/news.canadamotorjobs.com\/fr\/wp-json\/wp\/v2\/posts\/172871\/revisions\/172875"}],"wp:featuredmedia":[{"embeddable":true,"href":"https:\/\/news.canadamotorjobs.com\/fr\/wp-json\/wp\/v2\/media\/172873"}],"wp:attachment":[{"href":"https:\/\/news.canadamotorjobs.com\/fr\/wp-json\/wp\/v2\/media?parent=172871"}],"wp:term":[{"taxonomy":"category","embeddable":true,"href":"https:\/\/news.canadamotorjobs.com\/fr\/wp-json\/wp\/v2\/categories?post=172871"},{"taxonomy":"post_tag","embeddable":true,"href":"https:\/\/news.canadamotorjobs.com\/fr\/wp-json\/wp\/v2\/tags?post=172871"}],"curies":[{"name":"wp","href":"https:\/\/api.w.org\/{rel}","templated":true}]}}