{"id":172846,"date":"2024-09-14T08:56:59","date_gmt":"2024-09-14T12:56:59","guid":{"rendered":"https:\/\/news.canadamotorjobs.com\/?p=172846"},"modified":"2024-09-14T08:59:24","modified_gmt":"2024-09-14T12:59:24","slug":"un-avenir-incertain-pour-la-compagnie-northvolt","status":"publish","type":"post","link":"https:\/\/news.canadamotorjobs.com\/fr\/un-avenir-incertain-pour-la-compagnie-northvolt\/","title":{"rendered":"Un avenir incertain pour la compagnie Northvolt"},"content":{"rendered":"<\/p>\n<p>La d\u00e9cision choc de Northvolt cette semaine de r\u00e9duire ses op\u00e9rations et de supprimer des emplois a suscit\u00e9 des craintes parmi les experts du secteur, selon des sources proches du dossier, qui craignent que la meilleure chance de l\u2019Europe de produire des batteries pour v\u00e9hicules \u00e9lectriques ne soit compromise.<\/p>\n<h3><strong>D\u00e9fis croissants et perte de contrats<\/strong><\/h3>\n<p>\nFace \u00e0 des retards de commandes et \u00e0 la perte d\u2019un contrat de 2 milliards de dollars avec BMW en juin, Peter Carlsson, PDG et ex-dirigeant de Tesla, a annonc\u00e9 lundi que l\u2019entreprise qu\u2019il a cofond\u00e9e en 2016 cessera de produire des mat\u00e9riaux actifs de cathode (CAM) \u2013 un composant essentiel des batteries. Northvolt abandonne \u00e9galement ses projets de construction d&#8217;une usine en Su\u00e8de et cherche des investisseurs pour une usine en Pologne. La soci\u00e9t\u00e9 su\u00e9doise se recentrera d\u00e9sormais sur son activit\u00e9 principale : la production de cellules de batteries, qui stockent l\u2019\u00e9nergie chimique. Cette d\u00e9cision marque un recul par rapport \u00e0 la mission initiale de Northvolt qui visait \u00e0 offrir une cha\u00eene compl\u00e8te, de la production de mat\u00e9riaux \u00e0 la fabrication de batteries en passant par le recyclage en fin de vie.<\/p>\n<h3><strong>Une Europe d\u00e9pendante des fournisseurs asiatiques<\/strong><\/h3>\n<p>\nAlors que Mario Draghi, ancien pr\u00e9sident de la Banque centrale europ\u00e9enne, a r\u00e9cemment mis en garde contre la concurrence des technologies vertes en provenance de Chine, cette d\u00e9cision soul\u00e8ve des doutes sur la capacit\u00e9 de Northvolt \u00e0 jouer un r\u00f4le cl\u00e9 dans la transition vers la mobilit\u00e9 \u00e9lectrique en Europe. Northvolt a rencontr\u00e9 des difficult\u00e9s \u00e0 produire des batteries de haute qualit\u00e9 en grande quantit\u00e9, tout en faisant face \u00e0 la concurrence des rivaux chinois comme CATL et BYD, ont d\u00e9clar\u00e9 des analystes \u00e0 l\u2019agence Reuters. L&#8217;ampleur des activit\u00e9s de Northvolt a \u00e9galement complexifi\u00e9 la situation.<\/p>\n<h3><strong>Annulations de contrats et avenir incertain<\/strong><\/h3>\n<p>\nMalgr\u00e9 des commandes de plus de 50 milliards de dollars, notamment avec Volkswagen, Northvolt est toujours d\u00e9ficitaire. Les difficult\u00e9s de production ont entra\u00een\u00e9 l&#8217;annulation de la commande de BMW en juin, selon une source proche du dossier. Cette d\u00e9cision a finalement conduit au revirement strat\u00e9gique annonc\u00e9 lundi. Le projet phare de Northvolt, son usine \u00e0 Skelleftea, en Su\u00e8de, est loin d\u2019atteindre sa pleine capacit\u00e9. Avec des retards dans les objectifs de production, l&#8217;avenir de l&#8217;usine reste incertain, tout comme celui des trois autres gigafactories pr\u00e9vues en Allemagne, au Qu\u00e9bec et \u00e0 G\u00f6teborg.<\/p>\n<h3><strong>Projets de recyclage et de raffinage menac\u00e9s<\/strong><\/h3>\n<p>\nCertains projets cl\u00e9s, comme une usine de conversion de lithium au Portugal et une entreprise de recyclage de mat\u00e9riaux en Su\u00e8de, pourraient \u00eatre retard\u00e9s ou annul\u00e9s, selon Leyland. Northvolt d\u00e9cidera cet automne de l&#8217;avenir de ces projets. Malgr\u00e9 ses difficult\u00e9s, Northvolt reste en avance sur des concurrents comme Morrow et Freyr. Toutefois, des clients comme Volvo et Volkswagen suivent la situation avec attention, tandis que BMW a refus\u00e9 de commenter.<\/p>\n<h3>Conclusion<\/h3>\n<p>\nAlors que Northvolt envisage une introduction en bourse, ses d\u00e9fis actuels pourraient repousser ce projet \u00e0 l&#8217;ann\u00e9e prochaine, voire au-del\u00e0. L\u2019entreprise reste sous pression pour tenir ses promesses et surmonter les obstacles afin de ne pas perdre son r\u00f4le de leader dans l\u2019industrie des batteries \u00e9lectriques en Europe. En ce qui concerne la grande usine au Qu\u00e9bec, le projet est pour le moment retard\u00e9 de 18 mois, Il faudra cependant que Northvolt\u00a0 surmonte les d\u00e9fis en Europe avant de pouvoir esp\u00e9rer prendre de l\u2019expansion. Un dossier \u00e0 suivre<\/p>\n<p>Avec des renseignements de Reuters<\/p>\n<p>Le texte <a rel=\"nofollow\" href=\"https:\/\/annuelauto.ca\/un-avenir-incertain-pour-la-compagnie-northvolt\/\">Un avenir incertain pour la compagnie Northvolt<\/a> provient de <a rel=\"nofollow\" href=\"https:\/\/annuelauto.ca\">L&#8217;annuel de l&#8217;automobile &#8211; Actualit\u00e9 automobile<\/a><\/p>\n<p><\/p>\n","protected":false},"excerpt":{"rendered":"<p>La d\u00e9cision choc de Northvolt cette semaine de r\u00e9duire ses op\u00e9rations et de supprimer des emplois a suscit\u00e9 des craintes parmi les experts du secteur, selon des sources proches du dossier, qui craignent que la meilleure chance de l\u2019Europe de produire des batteries pour v\u00e9hicules \u00e9lectriques ne soit compromise. D\u00e9fis croissants et perte de contrats [&hellip;]<\/p>\n","protected":false},"author":8,"featured_media":172848,"comment_status":"close","ping_status":"closed","sticky":false,"template":"","format":"standard","meta":{"_monsterinsights_skip_tracking":false,"_monsterinsights_sitenote_active":false,"_monsterinsights_sitenote_note":"","_monsterinsights_sitenote_category":0,"footnotes":""},"categories":[101],"tags":[],"yoast_head":"<!-- This site is optimized with the Yoast SEO plugin v23.2 - https:\/\/yoast.com\/wordpress\/plugins\/seo\/ -->\n<title>Un avenir incertain pour la compagnie Northvolt - CanadaMotorJobs.com<\/title>\n<meta name=\"description\" content=\"Un avenir incertain pour la compagnie Northvolt - Benoit Charette - Annuel automobile - CanadaMotorJobs.com.\" \/>\n<meta name=\"robots\" content=\"index, follow, max-snippet:-1, max-image-preview:large, max-video-preview:-1\" \/>\n<meta property=\"og:locale\" content=\"fr_CA\" \/>\n<meta property=\"og:type\" content=\"article\" \/>\n<meta property=\"og:title\" content=\"Un avenir incertain pour la compagnie Northvolt - CanadaMotorJobs.com\" \/>\n<meta property=\"og:description\" content=\"Un avenir incertain pour la compagnie Northvolt - Benoit Charette - Annuel automobile - CanadaMotorJobs.com.\" \/>\n<meta property=\"og:url\" content=\"https:\/\/news.canadamotorjobs.com\/fr\/un-avenir-incertain-pour-la-compagnie-northvolt\/\" \/>\n<meta property=\"og:site_name\" content=\"CanadaMotorJobs.com\" \/>\n<meta property=\"article:publisher\" content=\"https:\/\/www.facebook.com\/canadamotorjobs\/\" \/>\n<meta property=\"article:published_time\" content=\"2024-09-14T12:56:59+00:00\" \/>\n<meta property=\"article:modified_time\" content=\"2024-09-14T12:59:24+00:00\" \/>\n<meta property=\"og:image\" content=\"https:\/\/news.canadamotorjobs.com\/wp-content\/uploads\/2024\/09\/image-1.png\" \/>\n\t<meta property=\"og:image:width\" content=\"1200\" \/>\n\t<meta property=\"og:image:height\" content=\"750\" \/>\n\t<meta property=\"og:image:type\" content=\"image\/png\" \/>\n<meta name=\"author\" content=\"Benoit Charette\" \/>\n<meta name=\"twitter:card\" content=\"summary_large_image\" \/>\n<meta name=\"twitter:creator\" content=\"@canadamotorjobs\" \/>\n<meta name=\"twitter:site\" content=\"@canadamotorjobs\" \/>\n<meta name=\"twitter:label1\" content=\"\u00c9crit par\" \/>\n\t<meta name=\"twitter:data1\" content=\"Benoit Charette\" \/>\n\t<meta name=\"twitter:label2\" content=\"Estimation du temps de lecture\" \/>\n\t<meta name=\"twitter:data2\" content=\"3 minutes\" \/>\n<!-- \/ Yoast SEO plugin. -->","yoast_head_json":{"title":"Un avenir incertain pour la compagnie Northvolt - CanadaMotorJobs.com","description":"Un avenir incertain pour la compagnie Northvolt - Benoit Charette - Annuel automobile - CanadaMotorJobs.com.","robots":{"index":"index","follow":"follow","max-snippet":"max-snippet:-1","max-image-preview":"max-image-preview:large","max-video-preview":"max-video-preview:-1"},"og_locale":"fr_CA","og_type":"article","og_title":"Un avenir incertain pour la compagnie Northvolt - CanadaMotorJobs.com","og_description":"Un avenir incertain pour la compagnie Northvolt - Benoit Charette - Annuel automobile - CanadaMotorJobs.com.","og_url":"https:\/\/news.canadamotorjobs.com\/fr\/un-avenir-incertain-pour-la-compagnie-northvolt\/","og_site_name":"CanadaMotorJobs.com","article_publisher":"https:\/\/www.facebook.com\/canadamotorjobs\/","article_published_time":"2024-09-14T12:56:59+00:00","article_modified_time":"2024-09-14T12:59:24+00:00","og_image":[{"width":1200,"height":750,"url":"https:\/\/news.canadamotorjobs.com\/wp-content\/uploads\/2024\/09\/image-1.png","type":"image\/png"}],"author":"Benoit Charette","twitter_card":"summary_large_image","twitter_creator":"@canadamotorjobs","twitter_site":"@canadamotorjobs","twitter_misc":{"\u00c9crit par":"Benoit Charette","Estimation du temps de lecture":"3 minutes"},"schema":{"@context":"https:\/\/schema.org","@graph":[{"@type":"Article","@id":"https:\/\/news.canadamotorjobs.com\/fr\/un-avenir-incertain-pour-la-compagnie-northvolt\/#article","isPartOf":{"@id":"https:\/\/news.canadamotorjobs.com\/fr\/un-avenir-incertain-pour-la-compagnie-northvolt\/"},"author":{"name":"Benoit Charette","@id":"https:\/\/news.canadamotorjobs.com\/#\/schema\/person\/51793d1f87d44011d7bcc2ed99269a90"},"headline":"Un avenir incertain pour la compagnie Northvolt","datePublished":"2024-09-14T12:56:59+00:00","dateModified":"2024-09-14T12:59:24+00:00","mainEntityOfPage":{"@id":"https:\/\/news.canadamotorjobs.com\/fr\/un-avenir-incertain-pour-la-compagnie-northvolt\/"},"wordCount":630,"publisher":{"@id":"https:\/\/news.canadamotorjobs.com\/#organization"},"image":{"@id":"https:\/\/news.canadamotorjobs.com\/fr\/un-avenir-incertain-pour-la-compagnie-northvolt\/#primaryimage"},"thumbnailUrl":"https:\/\/news.canadamotorjobs.com\/wp-content\/uploads\/2024\/09\/image-1.png","articleSection":["Annuel automobile"],"inLanguage":"fr-CA"},{"@type":"WebPage","@id":"https:\/\/news.canadamotorjobs.com\/fr\/un-avenir-incertain-pour-la-compagnie-northvolt\/","url":"https:\/\/news.canadamotorjobs.com\/fr\/un-avenir-incertain-pour-la-compagnie-northvolt\/","name":"Un avenir incertain pour la compagnie Northvolt - CanadaMotorJobs.com","isPartOf":{"@id":"https:\/\/news.canadamotorjobs.com\/#website"},"primaryImageOfPage":{"@id":"https:\/\/news.canadamotorjobs.com\/fr\/un-avenir-incertain-pour-la-compagnie-northvolt\/#primaryimage"},"image":{"@id":"https:\/\/news.canadamotorjobs.com\/fr\/un-avenir-incertain-pour-la-compagnie-northvolt\/#primaryimage"},"thumbnailUrl":"https:\/\/news.canadamotorjobs.com\/wp-content\/uploads\/2024\/09\/image-1.png","datePublished":"2024-09-14T12:56:59+00:00","dateModified":"2024-09-14T12:59:24+00:00","description":"Un avenir incertain pour la compagnie Northvolt - Benoit Charette - Annuel automobile - CanadaMotorJobs.com.","breadcrumb":{"@id":"https:\/\/news.canadamotorjobs.com\/fr\/un-avenir-incertain-pour-la-compagnie-northvolt\/#breadcrumb"},"inLanguage":"fr-CA","potentialAction":[{"@type":"ReadAction","target":["https:\/\/news.canadamotorjobs.com\/fr\/un-avenir-incertain-pour-la-compagnie-northvolt\/"]}]},{"@type":"ImageObject","inLanguage":"fr-CA","@id":"https:\/\/news.canadamotorjobs.com\/fr\/un-avenir-incertain-pour-la-compagnie-northvolt\/#primaryimage","url":"https:\/\/news.canadamotorjobs.com\/wp-content\/uploads\/2024\/09\/image-1.png","contentUrl":"https:\/\/news.canadamotorjobs.com\/wp-content\/uploads\/2024\/09\/image-1.png","width":1200,"height":750},{"@type":"BreadcrumbList","@id":"https:\/\/news.canadamotorjobs.com\/fr\/un-avenir-incertain-pour-la-compagnie-northvolt\/#breadcrumb","itemListElement":[{"@type":"ListItem","position":1,"name":"Home","item":"https:\/\/news.canadamotorjobs.com\/fr\/blog\/"},{"@type":"ListItem","position":2,"name":"Un avenir incertain pour la compagnie Northvolt"}]},{"@type":"WebSite","@id":"https:\/\/news.canadamotorjobs.com\/#website","url":"https:\/\/news.canadamotorjobs.com\/","name":"CanadaMotorJobs.com","description":"Automotive Jobs","publisher":{"@id":"https:\/\/news.canadamotorjobs.com\/#organization"},"potentialAction":[{"@type":"SearchAction","target":{"@type":"EntryPoint","urlTemplate":"https:\/\/news.canadamotorjobs.com\/?s={search_term_string}"},"query-input":"required name=search_term_string"}],"inLanguage":"fr-CA"},{"@type":"Organization","@id":"https:\/\/news.canadamotorjobs.com\/#organization","name":"Canada Motor Jobs","url":"https:\/\/news.canadamotorjobs.com\/","logo":{"@type":"ImageObject","inLanguage":"fr-CA","@id":"https:\/\/news.canadamotorjobs.com\/#\/schema\/logo\/image\/","url":"https:\/\/news.canadamotorjobs.com\/wp-content\/uploads\/2022\/10\/logo-canada-motor-jobs-1.png","contentUrl":"https:\/\/news.canadamotorjobs.com\/wp-content\/uploads\/2022\/10\/logo-canada-motor-jobs-1.png","width":800,"height":400,"caption":"Canada Motor Jobs"},"image":{"@id":"https:\/\/news.canadamotorjobs.com\/#\/schema\/logo\/image\/"},"sameAs":["https:\/\/www.facebook.com\/canadamotorjobs\/","https:\/\/x.com\/canadamotorjobs","https:\/\/www.instagram.com\/canadamotorjobs\/","https:\/\/www.linkedin.com\/company\/canadamotorjobs"]},{"@type":"Person","@id":"https:\/\/news.canadamotorjobs.com\/#\/schema\/person\/51793d1f87d44011d7bcc2ed99269a90","name":"Benoit Charette","image":{"@type":"ImageObject","inLanguage":"fr-CA","@id":"https:\/\/news.canadamotorjobs.com\/#\/schema\/person\/image\/","url":"https:\/\/secure.gravatar.com\/avatar\/45f3d2eebcccd909668d7ce7ea7267b6?s=96&d=mm&r=g","contentUrl":"https:\/\/secure.gravatar.com\/avatar\/45f3d2eebcccd909668d7ce7ea7267b6?s=96&d=mm&r=g","caption":"Benoit Charette"},"description":"Benoit Charette \/ Propri\u00e9taire et r\u00e9dacteur en chef Benoit Charette pratique le journalisme automobile depuis bient\u00f4t 30 ans. Il a fait ses classes au c\u00f4t\u00e9 de Daniel H\u00e9raud et au Carnet de route de 1992 \u00e0 2001. Il est fondateur, copropri\u00e9taire et r\u00e9dacteur en chef de L\u2019Annuel de l\u2019automobile, qu\u2019il publie depuis 2001. Il a anim\u00e9 les \u00e9missions RPM et RPM+ sur V et les L\u00e9gendes de la route sur Historia. \u00c0 la radio depuis 1986, il reprend l\u2019antenne cette ann\u00e9e sur les ondes de Cogeco et participe pour la deuxi\u00e8me ann\u00e9e \u00e0 l\u2019\u00e9mission Passion Auto sur RDS en plus de mettre en ligne le site Web officiel de L\u2019Annuel de l\u2019automobile sur annuelauto.ca.","sameAs":["https:\/\/annuelauto.ca\/"],"url":"https:\/\/news.canadamotorjobs.com\/fr\/author\/benoit-charette\/"}]}},"_links":{"self":[{"href":"https:\/\/news.canadamotorjobs.com\/fr\/wp-json\/wp\/v2\/posts\/172846"}],"collection":[{"href":"https:\/\/news.canadamotorjobs.com\/fr\/wp-json\/wp\/v2\/posts"}],"about":[{"href":"https:\/\/news.canadamotorjobs.com\/fr\/wp-json\/wp\/v2\/types\/post"}],"author":[{"embeddable":true,"href":"https:\/\/news.canadamotorjobs.com\/fr\/wp-json\/wp\/v2\/users\/8"}],"replies":[{"embeddable":true,"href":"https:\/\/news.canadamotorjobs.com\/fr\/wp-json\/wp\/v2\/comments?post=172846"}],"version-history":[{"count":2,"href":"https:\/\/news.canadamotorjobs.com\/fr\/wp-json\/wp\/v2\/posts\/172846\/revisions"}],"predecessor-version":[{"id":172850,"href":"https:\/\/news.canadamotorjobs.com\/fr\/wp-json\/wp\/v2\/posts\/172846\/revisions\/172850"}],"wp:featuredmedia":[{"embeddable":true,"href":"https:\/\/news.canadamotorjobs.com\/fr\/wp-json\/wp\/v2\/media\/172848"}],"wp:attachment":[{"href":"https:\/\/news.canadamotorjobs.com\/fr\/wp-json\/wp\/v2\/media?parent=172846"}],"wp:term":[{"taxonomy":"category","embeddable":true,"href":"https:\/\/news.canadamotorjobs.com\/fr\/wp-json\/wp\/v2\/categories?post=172846"},{"taxonomy":"post_tag","embeddable":true,"href":"https:\/\/news.canadamotorjobs.com\/fr\/wp-json\/wp\/v2\/tags?post=172846"}],"curies":[{"name":"wp","href":"https:\/\/api.w.org\/{rel}","templated":true}]}}