{"id":172815,"date":"2024-09-14T08:28:11","date_gmt":"2024-09-14T12:28:11","guid":{"rendered":"https:\/\/news.canadamotorjobs.com\/?p=172815"},"modified":"2024-09-14T08:29:21","modified_gmt":"2024-09-14T12:29:21","slug":"les-fameux-troubles-electriques","status":"publish","type":"post","link":"https:\/\/news.canadamotorjobs.com\/fr\/les-fameux-troubles-electriques\/","title":{"rendered":"Les fameux troubles \u00e9lectriques"},"content":{"rendered":"<\/p>\n<p>Pourquoi fameux? Simplement que la majorit\u00e9 des gens qui bricolent leur ancienne, ont moins d\u2019habilit\u00e9 avec l\u2019\u00e9lectricit\u00e9 appliqu\u00e9 \u00e0 l\u2019automobile.<\/p>\n<h3>On va essayer de prendre \u00e7a du bon bord.<\/h3>\n<p>\nD\u2019abord une mise en situation\u00a0: Vous allumez vos phares, et celui de gauche allume que faiblement, et celui de droite est OK. Vous faites quoi? Vous allez vous faire un caf\u00e9!<\/p>\n<p>Bien s\u00fbr, le caf\u00e9 est important pour prendre avec un certain d\u00e9tachement, le probl\u00e8me que vous aurez \u00e0 faire face. Le sucre et le lait sont dans la tasse avec le caf\u00e9? \u00c9quipez-vous du plan \u00e9lectrique de votre voiture (c\u2019est le geste de r\u00e9paration le plus important). Le plan \u00e9lectrique va vous \u00e9viter d\u2019avoir l\u2019air d\u2019un papillon qui tente de voler par grand vent. Autrement dit, vous ne chercherez pas la solution n\u2019importe o\u00f9, n\u2019importe comment.<\/p>\n<h3>\u00c9tape 1<\/h3>\n<p>\nVous avez trouv\u00e9 votre plan \u00e9lectrique qui correspond \u00e0 votre voiture, parfait. Vous savez donc quel terminal est positif, ou n\u00e9gatif.<\/p>\n<h3>\u00c9tape 2\u00a0:<\/h3>\n<p>\nFaites ce changement dans votre t\u00eate : ne plus parler de &#8211;<strong><em>grounds-<\/em><\/strong> mais plut\u00f4t de &#8211;<strong><em>retour \u00e0 la masse-<\/em><\/strong> Pourquoi? Car le fran\u00e7ais va vous aider \u00e0 solutionner vos troubles \u00e9lectriques reli\u00e9s au retour \u00e0 la masse.<\/p>\n<h3>\u00c9tape 3<\/h3>\n<p>\nMettre \u00e0 la poubelle vos lampes test (test light). Je vous entends jusqu\u2019ici dire que \u00e7a n\u2019a pas d\u2019allure, ou bien vous vous dites, mais avec quoi je vais trouver mon trouble ??!! Votre lampe test \u00e0 la poubelle, laissera de la place dans votre coffre d\u2019outils pour un bon multim\u00e8tre. Et pourquoi un bon multim\u00e8tre? Il pourra vous donner des diff\u00e9rences de voltage importantes de savoir, tandis qu\u2019une lampe test ne peut pas. Allez levez-vous, et mettez \u00e0 la poubelle ce mauvais outils de diagnostic.<\/p>\n<h3>\u00c9tape 4<\/h3>\n<p>\nR\u00e9chauffer votre caf\u00e9<\/p>\n<h3>\u00c9tape 5<\/h3>\n<p>\nAller affronter votre d\u00e9mon, le trouble \u00e9lectrique mentionn\u00e9 plus haut.<\/p>\n<h3>On commence<\/h3>\n<p>\nLe phare qui fonctionne bien fonctionne avec deux connecteurs (celui qui va mal aussi, on y reviendra). Un est l\u2019arriv\u00e9e de courant positif, et l\u2019autre est le retour, n\u00e9gatif. S\u2019il fonctionne bien, le connecteur positif aura une lecture en volt correspondant au voltage de la batterie. L\u2019autre connecteur aura 0 de lecture puisqu\u2019il est n\u00e9gatif. ATTENTION, pour obtenir ces lectures, vous aviez branch\u00e9 votre pince noire sur le n\u00e9gatif de la batterie (ou ailleurs \u00e0 la masse) et vous faisiez votre test avec votre pince rouge, n\u2019est-ce pas?<\/p>\n<p>Celui qui ne fonctionne qu\u2019\u00e0 moiti\u00e9 vous faites la m\u00eame chose. Vous brancher votre pince noir \u00e0 la masse, et avec votre pince rouge vous v\u00e9rifier votre connecteur d\u2019arriv\u00e9e de courant. Vous verrez soit le voltage batterie, ou moins (si vous voyez moins, c\u2019est parce que vous utilis\u00e9 maintenant un multim\u00e8tre. La lampe test ne peut pas vous donner les faiblesses de courant mesurable). Si vous voyez le voltage batterie, et que le phare est toujours faible, \u00e7a peut \u00eatre normal. On continu. Vous avez le voltage batterie sur votre connecteur positif du phare qui est faible, ensuite, toucher l\u2019autre connecteur, le n\u00e9gatif. Rappelez-vous que le phare qui va bien, a une lecture de 0. Votre lecture sur le connecteur n\u00e9gatif du phare faible sera AU DESSUS de 0. N\u2019oubliez pas de prendre une gorg\u00e9e de caf\u00e9, sinon il sera froid\u2026<\/p>\n<p>Je vous ai parl\u00e9 du retour \u00e0 la masse? C\u2019est maintenant le temps d\u2019utiliser correctement notre fran\u00e7ais \u00e9crit, parl\u00e9, et surtout bien phras\u00e9. Le mot le dit\u00a0: retour \u00e0 la masse. Si le courant qui passe dans le filament du phare ne retourne pas \u00e0 la masse ou que partiellement, la circulation des \u00e9lectrons ne peut se faire correctement, et donc le phare ne peut pas allumer clairement.<\/p>\n<p>Pour finir, votre lecture du connecteur n\u00e9gatif est de 4 volts, elle aurait d\u00fb \u00eatre 0. Alors il faut chercher un fil corrod\u00e9, le terminal mal pinc\u00e9, des brins du fils effiloch\u00e9s etc. Le courant (amps) doit avoir le champ libre pour passer du d\u00e9but (batterie) jusqu\u2019\u00e0 la fin (encore la batterie\u2026). Vous avez oubli\u00e9 votre petit biscuit sur le comptoir de la cuisine en faisant votre caf\u00e9 tant\u00f4t\u2026<\/p>\n<p>Le texte <a rel=\"nofollow\" href=\"https:\/\/annuelauto.ca\/les-fameux-troubles-electriques\/\">Les fameux troubles \u00e9lectriques<\/a> provient de <a rel=\"nofollow\" href=\"https:\/\/annuelauto.ca\">L&#8217;annuel de l&#8217;automobile &#8211; Actualit\u00e9 automobile<\/a><\/p>\n<p><\/p>\n","protected":false},"excerpt":{"rendered":"<p>Pourquoi fameux? Simplement que la majorit\u00e9 des gens qui bricolent leur ancienne, ont moins d\u2019habilit\u00e9 avec l\u2019\u00e9lectricit\u00e9 appliqu\u00e9 \u00e0 l\u2019automobile. On va essayer de prendre \u00e7a du bon bord. D\u2019abord une mise en situation\u00a0: Vous allumez vos phares, et celui de gauche allume que faiblement, et celui de droite est OK. Vous faites quoi? Vous [&hellip;]<\/p>\n","protected":false},"author":8,"featured_media":172817,"comment_status":"close","ping_status":"closed","sticky":false,"template":"","format":"standard","meta":{"_monsterinsights_skip_tracking":false,"_monsterinsights_sitenote_active":false,"_monsterinsights_sitenote_note":"","_monsterinsights_sitenote_category":0,"footnotes":""},"categories":[101],"tags":[],"yoast_head":"<!-- This site is optimized with the Yoast SEO plugin v23.2 - https:\/\/yoast.com\/wordpress\/plugins\/seo\/ -->\n<title>Les fameux troubles \u00e9lectriques - CanadaMotorJobs.com<\/title>\n<meta name=\"description\" content=\"Les fameux troubles \u00e9lectriques - Benoit Charette - Annuel automobile - CanadaMotorJobs.com.\" \/>\n<meta name=\"robots\" content=\"index, follow, max-snippet:-1, max-image-preview:large, max-video-preview:-1\" \/>\n<meta property=\"og:locale\" content=\"fr_CA\" \/>\n<meta property=\"og:type\" content=\"article\" \/>\n<meta property=\"og:title\" content=\"Les fameux troubles \u00e9lectriques - CanadaMotorJobs.com\" \/>\n<meta property=\"og:description\" content=\"Les fameux troubles \u00e9lectriques - Benoit Charette - Annuel automobile - CanadaMotorJobs.com.\" \/>\n<meta property=\"og:url\" content=\"https:\/\/news.canadamotorjobs.com\/fr\/les-fameux-troubles-electriques\/\" \/>\n<meta property=\"og:site_name\" content=\"CanadaMotorJobs.com\" \/>\n<meta property=\"article:publisher\" content=\"https:\/\/www.facebook.com\/canadamotorjobs\/\" \/>\n<meta property=\"article:published_time\" content=\"2024-09-14T12:28:11+00:00\" \/>\n<meta property=\"article:modified_time\" content=\"2024-09-14T12:29:21+00:00\" \/>\n<meta property=\"og:image\" content=\"https:\/\/news.canadamotorjobs.com\/wp-content\/uploads\/2024\/09\/2728wiring.jpg\" \/>\n\t<meta property=\"og:image:width\" content=\"1600\" \/>\n\t<meta property=\"og:image:height\" content=\"2164\" \/>\n\t<meta property=\"og:image:type\" content=\"image\/jpeg\" \/>\n<meta name=\"author\" content=\"Benoit Charette\" \/>\n<meta name=\"twitter:card\" content=\"summary_large_image\" \/>\n<meta name=\"twitter:creator\" content=\"@canadamotorjobs\" \/>\n<meta name=\"twitter:site\" content=\"@canadamotorjobs\" \/>\n<meta name=\"twitter:label1\" content=\"\u00c9crit par\" \/>\n\t<meta name=\"twitter:data1\" content=\"Benoit Charette\" \/>\n\t<meta name=\"twitter:label2\" content=\"Estimation du temps de lecture\" \/>\n\t<meta name=\"twitter:data2\" content=\"4 minutes\" \/>\n<!-- \/ Yoast SEO plugin. -->","yoast_head_json":{"title":"Les fameux troubles \u00e9lectriques - CanadaMotorJobs.com","description":"Les fameux troubles \u00e9lectriques - Benoit Charette - Annuel automobile - CanadaMotorJobs.com.","robots":{"index":"index","follow":"follow","max-snippet":"max-snippet:-1","max-image-preview":"max-image-preview:large","max-video-preview":"max-video-preview:-1"},"og_locale":"fr_CA","og_type":"article","og_title":"Les fameux troubles \u00e9lectriques - CanadaMotorJobs.com","og_description":"Les fameux troubles \u00e9lectriques - Benoit Charette - Annuel automobile - CanadaMotorJobs.com.","og_url":"https:\/\/news.canadamotorjobs.com\/fr\/les-fameux-troubles-electriques\/","og_site_name":"CanadaMotorJobs.com","article_publisher":"https:\/\/www.facebook.com\/canadamotorjobs\/","article_published_time":"2024-09-14T12:28:11+00:00","article_modified_time":"2024-09-14T12:29:21+00:00","og_image":[{"width":1600,"height":2164,"url":"https:\/\/news.canadamotorjobs.com\/wp-content\/uploads\/2024\/09\/2728wiring.jpg","type":"image\/jpeg"}],"author":"Benoit Charette","twitter_card":"summary_large_image","twitter_creator":"@canadamotorjobs","twitter_site":"@canadamotorjobs","twitter_misc":{"\u00c9crit par":"Benoit Charette","Estimation du temps de lecture":"4 minutes"},"schema":{"@context":"https:\/\/schema.org","@graph":[{"@type":"Article","@id":"https:\/\/news.canadamotorjobs.com\/fr\/les-fameux-troubles-electriques\/#article","isPartOf":{"@id":"https:\/\/news.canadamotorjobs.com\/fr\/les-fameux-troubles-electriques\/"},"author":{"name":"Benoit Charette","@id":"https:\/\/news.canadamotorjobs.com\/#\/schema\/person\/51793d1f87d44011d7bcc2ed99269a90"},"headline":"Les fameux troubles \u00e9lectriques","datePublished":"2024-09-14T12:28:11+00:00","dateModified":"2024-09-14T12:29:21+00:00","mainEntityOfPage":{"@id":"https:\/\/news.canadamotorjobs.com\/fr\/les-fameux-troubles-electriques\/"},"wordCount":724,"publisher":{"@id":"https:\/\/news.canadamotorjobs.com\/#organization"},"image":{"@id":"https:\/\/news.canadamotorjobs.com\/fr\/les-fameux-troubles-electriques\/#primaryimage"},"thumbnailUrl":"https:\/\/news.canadamotorjobs.com\/wp-content\/uploads\/2024\/09\/2728wiring.jpg","articleSection":["Annuel automobile"],"inLanguage":"fr-CA"},{"@type":"WebPage","@id":"https:\/\/news.canadamotorjobs.com\/fr\/les-fameux-troubles-electriques\/","url":"https:\/\/news.canadamotorjobs.com\/fr\/les-fameux-troubles-electriques\/","name":"Les fameux troubles \u00e9lectriques - CanadaMotorJobs.com","isPartOf":{"@id":"https:\/\/news.canadamotorjobs.com\/#website"},"primaryImageOfPage":{"@id":"https:\/\/news.canadamotorjobs.com\/fr\/les-fameux-troubles-electriques\/#primaryimage"},"image":{"@id":"https:\/\/news.canadamotorjobs.com\/fr\/les-fameux-troubles-electriques\/#primaryimage"},"thumbnailUrl":"https:\/\/news.canadamotorjobs.com\/wp-content\/uploads\/2024\/09\/2728wiring.jpg","datePublished":"2024-09-14T12:28:11+00:00","dateModified":"2024-09-14T12:29:21+00:00","description":"Les fameux troubles \u00e9lectriques - Benoit Charette - Annuel automobile - CanadaMotorJobs.com.","breadcrumb":{"@id":"https:\/\/news.canadamotorjobs.com\/fr\/les-fameux-troubles-electriques\/#breadcrumb"},"inLanguage":"fr-CA","potentialAction":[{"@type":"ReadAction","target":["https:\/\/news.canadamotorjobs.com\/fr\/les-fameux-troubles-electriques\/"]}]},{"@type":"ImageObject","inLanguage":"fr-CA","@id":"https:\/\/news.canadamotorjobs.com\/fr\/les-fameux-troubles-electriques\/#primaryimage","url":"https:\/\/news.canadamotorjobs.com\/wp-content\/uploads\/2024\/09\/2728wiring.jpg","contentUrl":"https:\/\/news.canadamotorjobs.com\/wp-content\/uploads\/2024\/09\/2728wiring.jpg","width":1600,"height":2164},{"@type":"BreadcrumbList","@id":"https:\/\/news.canadamotorjobs.com\/fr\/les-fameux-troubles-electriques\/#breadcrumb","itemListElement":[{"@type":"ListItem","position":1,"name":"Home","item":"https:\/\/news.canadamotorjobs.com\/fr\/blog\/"},{"@type":"ListItem","position":2,"name":"Les fameux troubles \u00e9lectriques"}]},{"@type":"WebSite","@id":"https:\/\/news.canadamotorjobs.com\/#website","url":"https:\/\/news.canadamotorjobs.com\/","name":"CanadaMotorJobs.com","description":"Automotive Jobs","publisher":{"@id":"https:\/\/news.canadamotorjobs.com\/#organization"},"potentialAction":[{"@type":"SearchAction","target":{"@type":"EntryPoint","urlTemplate":"https:\/\/news.canadamotorjobs.com\/?s={search_term_string}"},"query-input":"required name=search_term_string"}],"inLanguage":"fr-CA"},{"@type":"Organization","@id":"https:\/\/news.canadamotorjobs.com\/#organization","name":"Canada Motor Jobs","url":"https:\/\/news.canadamotorjobs.com\/","logo":{"@type":"ImageObject","inLanguage":"fr-CA","@id":"https:\/\/news.canadamotorjobs.com\/#\/schema\/logo\/image\/","url":"https:\/\/news.canadamotorjobs.com\/wp-content\/uploads\/2022\/10\/logo-canada-motor-jobs-1.png","contentUrl":"https:\/\/news.canadamotorjobs.com\/wp-content\/uploads\/2022\/10\/logo-canada-motor-jobs-1.png","width":800,"height":400,"caption":"Canada Motor Jobs"},"image":{"@id":"https:\/\/news.canadamotorjobs.com\/#\/schema\/logo\/image\/"},"sameAs":["https:\/\/www.facebook.com\/canadamotorjobs\/","https:\/\/x.com\/canadamotorjobs","https:\/\/www.instagram.com\/canadamotorjobs\/","https:\/\/www.linkedin.com\/company\/canadamotorjobs"]},{"@type":"Person","@id":"https:\/\/news.canadamotorjobs.com\/#\/schema\/person\/51793d1f87d44011d7bcc2ed99269a90","name":"Benoit Charette","image":{"@type":"ImageObject","inLanguage":"fr-CA","@id":"https:\/\/news.canadamotorjobs.com\/#\/schema\/person\/image\/","url":"https:\/\/secure.gravatar.com\/avatar\/45f3d2eebcccd909668d7ce7ea7267b6?s=96&d=mm&r=g","contentUrl":"https:\/\/secure.gravatar.com\/avatar\/45f3d2eebcccd909668d7ce7ea7267b6?s=96&d=mm&r=g","caption":"Benoit Charette"},"description":"Benoit Charette \/ Propri\u00e9taire et r\u00e9dacteur en chef Benoit Charette pratique le journalisme automobile depuis bient\u00f4t 30 ans. Il a fait ses classes au c\u00f4t\u00e9 de Daniel H\u00e9raud et au Carnet de route de 1992 \u00e0 2001. Il est fondateur, copropri\u00e9taire et r\u00e9dacteur en chef de L\u2019Annuel de l\u2019automobile, qu\u2019il publie depuis 2001. Il a anim\u00e9 les \u00e9missions RPM et RPM+ sur V et les L\u00e9gendes de la route sur Historia. \u00c0 la radio depuis 1986, il reprend l\u2019antenne cette ann\u00e9e sur les ondes de Cogeco et participe pour la deuxi\u00e8me ann\u00e9e \u00e0 l\u2019\u00e9mission Passion Auto sur RDS en plus de mettre en ligne le site Web officiel de L\u2019Annuel de l\u2019automobile sur annuelauto.ca.","sameAs":["https:\/\/annuelauto.ca\/"],"url":"https:\/\/news.canadamotorjobs.com\/fr\/author\/benoit-charette\/"}]}},"_links":{"self":[{"href":"https:\/\/news.canadamotorjobs.com\/fr\/wp-json\/wp\/v2\/posts\/172815"}],"collection":[{"href":"https:\/\/news.canadamotorjobs.com\/fr\/wp-json\/wp\/v2\/posts"}],"about":[{"href":"https:\/\/news.canadamotorjobs.com\/fr\/wp-json\/wp\/v2\/types\/post"}],"author":[{"embeddable":true,"href":"https:\/\/news.canadamotorjobs.com\/fr\/wp-json\/wp\/v2\/users\/8"}],"replies":[{"embeddable":true,"href":"https:\/\/news.canadamotorjobs.com\/fr\/wp-json\/wp\/v2\/comments?post=172815"}],"version-history":[{"count":2,"href":"https:\/\/news.canadamotorjobs.com\/fr\/wp-json\/wp\/v2\/posts\/172815\/revisions"}],"predecessor-version":[{"id":172819,"href":"https:\/\/news.canadamotorjobs.com\/fr\/wp-json\/wp\/v2\/posts\/172815\/revisions\/172819"}],"wp:featuredmedia":[{"embeddable":true,"href":"https:\/\/news.canadamotorjobs.com\/fr\/wp-json\/wp\/v2\/media\/172817"}],"wp:attachment":[{"href":"https:\/\/news.canadamotorjobs.com\/fr\/wp-json\/wp\/v2\/media?parent=172815"}],"wp:term":[{"taxonomy":"category","embeddable":true,"href":"https:\/\/news.canadamotorjobs.com\/fr\/wp-json\/wp\/v2\/categories?post=172815"},{"taxonomy":"post_tag","embeddable":true,"href":"https:\/\/news.canadamotorjobs.com\/fr\/wp-json\/wp\/v2\/tags?post=172815"}],"curies":[{"name":"wp","href":"https:\/\/api.w.org\/{rel}","templated":true}]}}