{"id":172784,"date":"2024-09-13T08:07:06","date_gmt":"2024-09-13T12:07:06","guid":{"rendered":"https:\/\/news.canadamotorjobs.com\/?p=172784"},"modified":"2024-09-13T08:14:01","modified_gmt":"2024-09-13T12:14:01","slug":"la-corvette-zora-en-preparation","status":"publish","type":"post","link":"https:\/\/news.canadamotorjobs.com\/fr\/la-corvette-zora-en-preparation\/","title":{"rendered":"La Corvette Zora en pr\u00e9paration"},"content":{"rendered":"<\/p>\n<p>Chevrolet pr\u00e9pare discr\u00e8tement sa plus b\u00eate de performance de l\u2019histoire de la marque, pr\u00eate \u00e0 propulser la Corvette dans une nouvelle \u00e8re. Si la Corvette ZR1 2025, avec ses 1 064 chevaux, vous semblait \u00eatre l&#8217;apog\u00e9e de la gamme C8, d\u00e9trompez-vous. Chevrolet envisage vise encore plus haut avec la <strong>Zora<\/strong>, un hommage au l\u00e9gendaire ing\u00e9nieur de Chevrolet, Zora Arkus-Duntov.<\/p>\n<h3><strong>Sur la piste du N\u00fcrburgring<\/strong><\/h3>\n<p>\nLes plus r\u00e9centes photos espions d\u00e9voilent ce qui pourrait bien \u00eatre la future <strong>Corvette Zora<\/strong> en action, d\u00e9vorant l&#8217;asphalte du c\u00e9l\u00e8bre circuit du N\u00fcrburgring en Allemagne. Bien que camoufl\u00e9s, les quatre prototypes aper\u00e7us laissent entrevoir des indices sur l\u2019identit\u00e9 de cette b\u00eate hybride. Le plus r\u00e9v\u00e9lateur ? Un autocollant jaune sur la vitre arri\u00e8re, un marquage requis pour les v\u00e9hicules \u00e9lectrifi\u00e9s en phase de test.<\/p>\n<h3><strong>Fusion de la ZR1 et de l\u2019E-Ray<\/strong><\/h3>\n<p>\nChevrolet reste discret sur les sp\u00e9cifications, mais les rumeurs abondent. La <strong>Zora<\/strong> pourrait combiner le V8 biturbo de 5,5 litres mont\u00e9 \u00e0 l\u2019arri\u00e8re de la ZR1 avec un moteur \u00e9lectrique \u00e0 l\u2019avant, semblable \u00e0 celui de la Corvette <strong>E-Ray<\/strong>. Ce moteur \u00e9lectrique, d\u2019une puissance de 160 chevaux, pourrait porter la puissance totale de la Zora \u00e0 environ 1 200 chevaux. De quoi rivaliser avec les meilleures exotiques du march\u00e9. Avec l\u2019<strong>E-Ray<\/strong> atteignant d\u00e9j\u00e0 les 655 chevaux et un 0 \u00e0 100 km\/h en seulement 2,7 secondes, la <strong>Zora<\/strong> pourrait abaisser ce temps un peu plus de 2 secondes.<\/p>\n<h3><strong>Une batterie l\u00e9g\u00e8re et performante<\/strong><\/h3>\n<p>\nComme sur l\u2019E-Ray, la Zora devrait int\u00e9grer une batterie de 1,9 kWh, log\u00e9e dans le tunnel central, et pesant environ 45 kg. Cette batterie permettra non seulement d&#8217;am\u00e9liorer l&#8217;efficacit\u00e9 \u00e9nerg\u00e9tique, mais aussi d\u2019apporter une traction suppl\u00e9mentaire gr\u00e2ce \u00e0 la puissance combin\u00e9e du moteur \u00e9lectrique et du V8.<\/p>\n<h3><strong>Une arriv\u00e9e en 2026 ou 2027 ?<\/strong><\/h3>\n<p>\nL&#8217;incertitude plane sur la date de sortie de cette nouvelle Corvette hybride. Une pr\u00e9sentation officielle pourrait avoir lieu l&#8217;ann\u00e9e prochaine, ce qui en ferait un mod\u00e8le 2026 aux \u00c9tats-Unis. Cependant, un retard jusqu&#8217;en 2027 n\u2019est pas \u00e0 exclure.<\/p>\n<h3><strong>L\u2019h\u00e9ritage de Zora Arkus-Duntov<\/strong><\/h3>\n<p>\nLe nom <strong>Zora<\/strong> ne r\u00e9sonnera pas uniquement chez les passionn\u00e9s de la Corvette. Zora Arkus-Duntov, souvent consid\u00e9r\u00e9 comme le <strong>&#8220;p\u00e8re de la Corvette&#8221;<\/strong>, n\u2019a pas cr\u00e9\u00e9 ce mod\u00e8le iconique, mais il est l\u2019artisan de sa transformation en v\u00e9ritable voiture de sport. C\u2019est lui qui, en 1955, a pris la d\u00e9cision audacieuse d&#8217;installer un moteur V8 dans la Corvette originale, lui offrant la puissance n\u00e9cessaire pour concurrencer les grandes voitures sportives de l&#8217;\u00e9poque.<\/p>\n<p>Zora Arkus-Duntov \u00e9tait \u00e9galement un grand amateur de course automobile. Sous sa direction, la <strong>Corvette Grand Sport<\/strong> a vu le jour, marquant le d\u00e9but des efforts de Chevrolet pour dominer le monde de la comp\u00e9tition. Zora avait une vision : une Corvette \u00e0 moteur central, un r\u00eave devenu r\u00e9alit\u00e9 avec la g\u00e9n\u00e9ration C8, et d\u00e9sormais incarn\u00e9 dans la prochaine <strong>Zora<\/strong>.<\/p>\n<h3><strong>La Corvette Zora : un tournant dans l\u2019histoire des sportives am\u00e9ricaines<\/strong><\/h3>\n<p>\nAvec la <strong>Corvette Zora<\/strong>, Chevrolet s\u2019appr\u00eate \u00e0 red\u00e9finir les limites de la performance automobile. Alliant l&#8217;h\u00e9ritage d\u2019un ing\u00e9nieur visionnaire \u00e0 une technologie hybride de pointe, cette hypercar promet de marquer l\u2019histoire des sportives am\u00e9ricaines et de rivaliser avec les mod\u00e8les les plus prestigieux du monde.<\/p>\n<p>Avec des renseignements de Motor Authority<\/p>\n<p>Le texte <a rel=\"nofollow\" href=\"https:\/\/annuelauto.ca\/la-corvette-zora-en-preparation\/\">La Corvette Zora en pr\u00e9paration<\/a> provient de <a rel=\"nofollow\" href=\"https:\/\/annuelauto.ca\">L&#8217;annuel de l&#8217;automobile &#8211; Actualit\u00e9 automobile<\/a><\/p>\n<p><\/p>\n","protected":false},"excerpt":{"rendered":"<p>Chevrolet pr\u00e9pare discr\u00e8tement sa plus b\u00eate de performance de l\u2019histoire de la marque, pr\u00eate \u00e0 propulser la Corvette dans une nouvelle \u00e8re. Si la Corvette ZR1 2025, avec ses 1 064 chevaux, vous semblait \u00eatre l&#8217;apog\u00e9e de la gamme C8, d\u00e9trompez-vous. Chevrolet envisage vise encore plus haut avec la Zora, un hommage au l\u00e9gendaire ing\u00e9nieur [&hellip;]<\/p>\n","protected":false},"author":8,"featured_media":172786,"comment_status":"close","ping_status":"closed","sticky":false,"template":"","format":"standard","meta":{"_monsterinsights_skip_tracking":false,"_monsterinsights_sitenote_active":false,"_monsterinsights_sitenote_note":"","_monsterinsights_sitenote_category":0,"footnotes":""},"categories":[101],"tags":[],"yoast_head":"<!-- This site is optimized with the Yoast SEO plugin v23.2 - https:\/\/yoast.com\/wordpress\/plugins\/seo\/ -->\n<title>La Corvette Zora en pr\u00e9paration - CanadaMotorJobs.com<\/title>\n<meta name=\"description\" content=\"La Corvette Zora en pr\u00e9paration - Benoit Charette - Annuel automobile - CanadaMotorJobs.com.\" \/>\n<meta name=\"robots\" content=\"index, follow, max-snippet:-1, max-image-preview:large, max-video-preview:-1\" \/>\n<meta property=\"og:locale\" content=\"fr_CA\" \/>\n<meta property=\"og:type\" content=\"article\" \/>\n<meta property=\"og:title\" content=\"La Corvette Zora en pr\u00e9paration - CanadaMotorJobs.com\" \/>\n<meta property=\"og:description\" content=\"La Corvette Zora en pr\u00e9paration - Benoit Charette - Annuel automobile - CanadaMotorJobs.com.\" \/>\n<meta property=\"og:url\" content=\"https:\/\/news.canadamotorjobs.com\/fr\/la-corvette-zora-en-preparation\/\" \/>\n<meta property=\"og:site_name\" content=\"CanadaMotorJobs.com\" \/>\n<meta property=\"article:publisher\" content=\"https:\/\/www.facebook.com\/canadamotorjobs\/\" \/>\n<meta property=\"article:published_time\" content=\"2024-09-13T12:07:06+00:00\" \/>\n<meta property=\"article:modified_time\" content=\"2024-09-13T12:14:01+00:00\" \/>\n<meta property=\"og:image\" content=\"https:\/\/news.canadamotorjobs.com\/wp-content\/uploads\/2024\/09\/Chevrolet-Corvette-Zora-003Spy-Photo-scaled-1.jpg\" \/>\n\t<meta property=\"og:image:width\" content=\"2560\" \/>\n\t<meta property=\"og:image:height\" content=\"1707\" \/>\n\t<meta property=\"og:image:type\" content=\"image\/jpeg\" \/>\n<meta name=\"author\" content=\"Benoit Charette\" \/>\n<meta name=\"twitter:card\" content=\"summary_large_image\" \/>\n<meta name=\"twitter:creator\" content=\"@canadamotorjobs\" \/>\n<meta name=\"twitter:site\" content=\"@canadamotorjobs\" \/>\n<meta name=\"twitter:label1\" content=\"\u00c9crit par\" \/>\n\t<meta name=\"twitter:data1\" content=\"Benoit Charette\" \/>\n\t<meta name=\"twitter:label2\" content=\"Estimation du temps de lecture\" \/>\n\t<meta name=\"twitter:data2\" content=\"3 minutes\" \/>\n<!-- \/ Yoast SEO plugin. -->","yoast_head_json":{"title":"La Corvette Zora en pr\u00e9paration - CanadaMotorJobs.com","description":"La Corvette Zora en pr\u00e9paration - Benoit Charette - Annuel automobile - CanadaMotorJobs.com.","robots":{"index":"index","follow":"follow","max-snippet":"max-snippet:-1","max-image-preview":"max-image-preview:large","max-video-preview":"max-video-preview:-1"},"og_locale":"fr_CA","og_type":"article","og_title":"La Corvette Zora en pr\u00e9paration - CanadaMotorJobs.com","og_description":"La Corvette Zora en pr\u00e9paration - Benoit Charette - Annuel automobile - CanadaMotorJobs.com.","og_url":"https:\/\/news.canadamotorjobs.com\/fr\/la-corvette-zora-en-preparation\/","og_site_name":"CanadaMotorJobs.com","article_publisher":"https:\/\/www.facebook.com\/canadamotorjobs\/","article_published_time":"2024-09-13T12:07:06+00:00","article_modified_time":"2024-09-13T12:14:01+00:00","og_image":[{"width":2560,"height":1707,"url":"https:\/\/news.canadamotorjobs.com\/wp-content\/uploads\/2024\/09\/Chevrolet-Corvette-Zora-003Spy-Photo-scaled-1.jpg","type":"image\/jpeg"}],"author":"Benoit Charette","twitter_card":"summary_large_image","twitter_creator":"@canadamotorjobs","twitter_site":"@canadamotorjobs","twitter_misc":{"\u00c9crit par":"Benoit Charette","Estimation du temps de lecture":"3 minutes"},"schema":{"@context":"https:\/\/schema.org","@graph":[{"@type":"Article","@id":"https:\/\/news.canadamotorjobs.com\/fr\/la-corvette-zora-en-preparation\/#article","isPartOf":{"@id":"https:\/\/news.canadamotorjobs.com\/fr\/la-corvette-zora-en-preparation\/"},"author":{"name":"Benoit Charette","@id":"https:\/\/news.canadamotorjobs.com\/#\/schema\/person\/51793d1f87d44011d7bcc2ed99269a90"},"headline":"La Corvette Zora en pr\u00e9paration","datePublished":"2024-09-13T12:07:06+00:00","dateModified":"2024-09-13T12:14:01+00:00","mainEntityOfPage":{"@id":"https:\/\/news.canadamotorjobs.com\/fr\/la-corvette-zora-en-preparation\/"},"wordCount":609,"publisher":{"@id":"https:\/\/news.canadamotorjobs.com\/#organization"},"image":{"@id":"https:\/\/news.canadamotorjobs.com\/fr\/la-corvette-zora-en-preparation\/#primaryimage"},"thumbnailUrl":"https:\/\/news.canadamotorjobs.com\/wp-content\/uploads\/2024\/09\/Chevrolet-Corvette-Zora-003Spy-Photo-scaled-1.jpg","articleSection":["Annuel automobile"],"inLanguage":"fr-CA"},{"@type":"WebPage","@id":"https:\/\/news.canadamotorjobs.com\/fr\/la-corvette-zora-en-preparation\/","url":"https:\/\/news.canadamotorjobs.com\/fr\/la-corvette-zora-en-preparation\/","name":"La Corvette Zora en pr\u00e9paration - CanadaMotorJobs.com","isPartOf":{"@id":"https:\/\/news.canadamotorjobs.com\/#website"},"primaryImageOfPage":{"@id":"https:\/\/news.canadamotorjobs.com\/fr\/la-corvette-zora-en-preparation\/#primaryimage"},"image":{"@id":"https:\/\/news.canadamotorjobs.com\/fr\/la-corvette-zora-en-preparation\/#primaryimage"},"thumbnailUrl":"https:\/\/news.canadamotorjobs.com\/wp-content\/uploads\/2024\/09\/Chevrolet-Corvette-Zora-003Spy-Photo-scaled-1.jpg","datePublished":"2024-09-13T12:07:06+00:00","dateModified":"2024-09-13T12:14:01+00:00","description":"La Corvette Zora en pr\u00e9paration - Benoit Charette - Annuel automobile - CanadaMotorJobs.com.","breadcrumb":{"@id":"https:\/\/news.canadamotorjobs.com\/fr\/la-corvette-zora-en-preparation\/#breadcrumb"},"inLanguage":"fr-CA","potentialAction":[{"@type":"ReadAction","target":["https:\/\/news.canadamotorjobs.com\/fr\/la-corvette-zora-en-preparation\/"]}]},{"@type":"ImageObject","inLanguage":"fr-CA","@id":"https:\/\/news.canadamotorjobs.com\/fr\/la-corvette-zora-en-preparation\/#primaryimage","url":"https:\/\/news.canadamotorjobs.com\/wp-content\/uploads\/2024\/09\/Chevrolet-Corvette-Zora-003Spy-Photo-scaled-1.jpg","contentUrl":"https:\/\/news.canadamotorjobs.com\/wp-content\/uploads\/2024\/09\/Chevrolet-Corvette-Zora-003Spy-Photo-scaled-1.jpg","width":2560,"height":1707},{"@type":"BreadcrumbList","@id":"https:\/\/news.canadamotorjobs.com\/fr\/la-corvette-zora-en-preparation\/#breadcrumb","itemListElement":[{"@type":"ListItem","position":1,"name":"Home","item":"https:\/\/news.canadamotorjobs.com\/fr\/blog\/"},{"@type":"ListItem","position":2,"name":"La Corvette Zora en pr\u00e9paration"}]},{"@type":"WebSite","@id":"https:\/\/news.canadamotorjobs.com\/#website","url":"https:\/\/news.canadamotorjobs.com\/","name":"CanadaMotorJobs.com","description":"Automotive Jobs","publisher":{"@id":"https:\/\/news.canadamotorjobs.com\/#organization"},"potentialAction":[{"@type":"SearchAction","target":{"@type":"EntryPoint","urlTemplate":"https:\/\/news.canadamotorjobs.com\/?s={search_term_string}"},"query-input":"required name=search_term_string"}],"inLanguage":"fr-CA"},{"@type":"Organization","@id":"https:\/\/news.canadamotorjobs.com\/#organization","name":"Canada Motor Jobs","url":"https:\/\/news.canadamotorjobs.com\/","logo":{"@type":"ImageObject","inLanguage":"fr-CA","@id":"https:\/\/news.canadamotorjobs.com\/#\/schema\/logo\/image\/","url":"https:\/\/news.canadamotorjobs.com\/wp-content\/uploads\/2022\/10\/logo-canada-motor-jobs-1.png","contentUrl":"https:\/\/news.canadamotorjobs.com\/wp-content\/uploads\/2022\/10\/logo-canada-motor-jobs-1.png","width":800,"height":400,"caption":"Canada Motor Jobs"},"image":{"@id":"https:\/\/news.canadamotorjobs.com\/#\/schema\/logo\/image\/"},"sameAs":["https:\/\/www.facebook.com\/canadamotorjobs\/","https:\/\/x.com\/canadamotorjobs","https:\/\/www.instagram.com\/canadamotorjobs\/","https:\/\/www.linkedin.com\/company\/canadamotorjobs"]},{"@type":"Person","@id":"https:\/\/news.canadamotorjobs.com\/#\/schema\/person\/51793d1f87d44011d7bcc2ed99269a90","name":"Benoit Charette","image":{"@type":"ImageObject","inLanguage":"fr-CA","@id":"https:\/\/news.canadamotorjobs.com\/#\/schema\/person\/image\/","url":"https:\/\/secure.gravatar.com\/avatar\/45f3d2eebcccd909668d7ce7ea7267b6?s=96&d=mm&r=g","contentUrl":"https:\/\/secure.gravatar.com\/avatar\/45f3d2eebcccd909668d7ce7ea7267b6?s=96&d=mm&r=g","caption":"Benoit Charette"},"description":"Benoit Charette \/ Propri\u00e9taire et r\u00e9dacteur en chef Benoit Charette pratique le journalisme automobile depuis bient\u00f4t 30 ans. Il a fait ses classes au c\u00f4t\u00e9 de Daniel H\u00e9raud et au Carnet de route de 1992 \u00e0 2001. Il est fondateur, copropri\u00e9taire et r\u00e9dacteur en chef de L\u2019Annuel de l\u2019automobile, qu\u2019il publie depuis 2001. Il a anim\u00e9 les \u00e9missions RPM et RPM+ sur V et les L\u00e9gendes de la route sur Historia. \u00c0 la radio depuis 1986, il reprend l\u2019antenne cette ann\u00e9e sur les ondes de Cogeco et participe pour la deuxi\u00e8me ann\u00e9e \u00e0 l\u2019\u00e9mission Passion Auto sur RDS en plus de mettre en ligne le site Web officiel de L\u2019Annuel de l\u2019automobile sur annuelauto.ca.","sameAs":["https:\/\/annuelauto.ca\/"],"url":"https:\/\/news.canadamotorjobs.com\/fr\/author\/benoit-charette\/"}]}},"_links":{"self":[{"href":"https:\/\/news.canadamotorjobs.com\/fr\/wp-json\/wp\/v2\/posts\/172784"}],"collection":[{"href":"https:\/\/news.canadamotorjobs.com\/fr\/wp-json\/wp\/v2\/posts"}],"about":[{"href":"https:\/\/news.canadamotorjobs.com\/fr\/wp-json\/wp\/v2\/types\/post"}],"author":[{"embeddable":true,"href":"https:\/\/news.canadamotorjobs.com\/fr\/wp-json\/wp\/v2\/users\/8"}],"replies":[{"embeddable":true,"href":"https:\/\/news.canadamotorjobs.com\/fr\/wp-json\/wp\/v2\/comments?post=172784"}],"version-history":[{"count":2,"href":"https:\/\/news.canadamotorjobs.com\/fr\/wp-json\/wp\/v2\/posts\/172784\/revisions"}],"predecessor-version":[{"id":172788,"href":"https:\/\/news.canadamotorjobs.com\/fr\/wp-json\/wp\/v2\/posts\/172784\/revisions\/172788"}],"wp:featuredmedia":[{"embeddable":true,"href":"https:\/\/news.canadamotorjobs.com\/fr\/wp-json\/wp\/v2\/media\/172786"}],"wp:attachment":[{"href":"https:\/\/news.canadamotorjobs.com\/fr\/wp-json\/wp\/v2\/media?parent=172784"}],"wp:term":[{"taxonomy":"category","embeddable":true,"href":"https:\/\/news.canadamotorjobs.com\/fr\/wp-json\/wp\/v2\/categories?post=172784"},{"taxonomy":"post_tag","embeddable":true,"href":"https:\/\/news.canadamotorjobs.com\/fr\/wp-json\/wp\/v2\/tags?post=172784"}],"curies":[{"name":"wp","href":"https:\/\/api.w.org\/{rel}","templated":true}]}}