{"id":172738,"date":"2024-09-13T07:13:09","date_gmt":"2024-09-13T11:13:09","guid":{"rendered":"https:\/\/news.canadamotorjobs.com\/?p=172738"},"modified":"2024-09-13T07:14:09","modified_gmt":"2024-09-13T11:14:09","slug":"geely-regarde-pour-la-construction-dune-usine-en-europe","status":"publish","type":"post","link":"https:\/\/news.canadamotorjobs.com\/fr\/geely-regarde-pour-la-construction-dune-usine-en-europe\/","title":{"rendered":"Geely regarde pour la construction d\u2019une usine en Europe"},"content":{"rendered":"<\/p>\n<p>Geely, propri\u00e9taire de Volvo, Polestar et Lotus explore diverses options pour \u00e9tendre sa pr\u00e9sence en Europe. Mais les plans de la firme ne sont pas encore coul\u00e9s dans le b\u00e9ton. Frapp\u00e9 par des taxes de 100 % aux \u00c9tats-Unis et au Canada en plus des taxes en Europe, on vise \u00e0 fabriquer des voitures ailleurs.<\/p>\n<h4>Des n\u00e9gociations en Pologne, mais des doutes subsistent<\/h4>\n<p>\nPlus t\u00f4t cette ann\u00e9e, des n\u00e9gociations approfondies ont eu lieu entre Geely et les autorit\u00e9s polonaises. Jan Szyszko, vice-ministre des fonds de d\u00e9veloppement et de la politique r\u00e9gionale, a r\u00e9v\u00e9l\u00e9 que deux sc\u00e9narios \u00e9taient envisag\u00e9s. Soit une nouvelle usine de v\u00e9hicules \u00e9lectriques (VE) serait construite en Pologne, avec pour objectif de vendre ces v\u00e9hicules sur le march\u00e9 local, soit l\u2019usine serait \u00e9rig\u00e9e dans un autre pays de l\u2019UE, mais les voitures seraient tout de m\u00eame vendues en Pologne. Pour la Pologne, il est \u00e9vident que la premi\u00e8re option serait la plus avantageuse.<\/p>\n<p>Cependant, la situation actuelle de ces pourparlers reste floue. Des sources indiquent que le gouvernement polonais ne consid\u00e8re pas Geely comme le partenaire id\u00e9al. Pourtant, Li de Geely ne semble pas s\u2019inqui\u00e9ter, affirmant que son entreprise dispose de &#8220;nombreuses possibilit\u00e9s&#8221; pour s&#8217;implanter en Europe.<\/p>\n<h4>Francfort, un nouveau centre de test pour Geely<\/h4>\n<p>\nDans cette m\u00eame dynamique d\u2019expansion, Geely a r\u00e9cemment ouvert une nouvelle base de test \u00e0 Francfort. Ce centre est d\u00e9di\u00e9 \u00e0 l\u2019\u00e9valuation et au d\u00e9veloppement de 13 nouveaux v\u00e9hicules \u00e0 \u00e9nergie alternative. Ces v\u00e9hicules seront rigoureusement test\u00e9s pour v\u00e9rifier leur conformit\u00e9 aux normes europ\u00e9ennes, un passage oblig\u00e9 pour s\u2019assurer de leur succ\u00e8s sur le march\u00e9 continental.<\/p>\n<h4>Chery, un rival chinois qui s\u2019implante en Espagne<\/h4>\n<p>\nGeely n&#8217;est pas seul dans sa qu\u00eate europ\u00e9enne. Son concurrent chinois, Chery, a d\u00e9j\u00e0 pris de l\u2019avance. En avril, Chery a annonc\u00e9 son intention de produire des v\u00e9hicules \u00e9lectriques \u00e0 batterie dans une usine situ\u00e9e \u00e0 Barcelone, en Espagne. Cette usine, anciennement exploit\u00e9e par Nissan, sera utilis\u00e9e gr\u00e2ce \u00e0 une coentreprise avec Ebro-EV Motors. Chery pr\u00e9voit de produire 50 000 v\u00e9hicules par an d\u2019ici 2027, avec une capacit\u00e9 de 150 000 unit\u00e9s d\u2019ici 2029.<\/p>\n<p>Geely, de son c\u00f4t\u00e9, continue de scruter le continent \u00e0 la recherche du lieu id\u00e9al pour sa grande usine. Nicolas Appelgren, directeur g\u00e9n\u00e9ral europ\u00e9en de la marque Lynk &amp; Co, filiale de Geely, a confirm\u00e9 \u00e0 Reuters que la marque \u00e9tudie activement plusieurs emplacements, sans toutefois d\u00e9voiler plus de d\u00e9tails.<\/p>\n<p>Avec des renseignements de Carscoops<\/p>\n<p>Le texte <a rel=\"nofollow\" href=\"https:\/\/annuelauto.ca\/geely-regarde-pour-la-construction-dune-usine-en-europe\/\">Geely regarde pour la construction d\u2019une usine en Europe<\/a> provient de <a rel=\"nofollow\" href=\"https:\/\/annuelauto.ca\">L&#8217;annuel de l&#8217;automobile &#8211; Actualit\u00e9 automobile<\/a><\/p>\n<p><\/p>\n","protected":false},"excerpt":{"rendered":"<p>Geely, propri\u00e9taire de Volvo, Polestar et Lotus explore diverses options pour \u00e9tendre sa pr\u00e9sence en Europe. Mais les plans de la firme ne sont pas encore coul\u00e9s dans le b\u00e9ton. Frapp\u00e9 par des taxes de 100 % aux \u00c9tats-Unis et au Canada en plus des taxes en Europe, on vise \u00e0 fabriquer des voitures ailleurs. [&hellip;]<\/p>\n","protected":false},"author":8,"featured_media":172740,"comment_status":"close","ping_status":"closed","sticky":false,"template":"","format":"standard","meta":{"_monsterinsights_skip_tracking":false,"_monsterinsights_sitenote_active":false,"_monsterinsights_sitenote_note":"","_monsterinsights_sitenote_category":0,"footnotes":""},"categories":[101],"tags":[],"yoast_head":"<!-- This site is optimized with the Yoast SEO plugin v23.2 - https:\/\/yoast.com\/wordpress\/plugins\/seo\/ -->\n<title>Geely regarde pour la construction d\u2019une usine en Europe - CanadaMotorJobs.com<\/title>\n<meta name=\"description\" content=\"Geely regarde pour la construction d\u2019une usine en Europe - Benoit Charette - Annuel automobile - CanadaMotorJobs.com.\" \/>\n<meta name=\"robots\" content=\"index, follow, max-snippet:-1, max-image-preview:large, max-video-preview:-1\" \/>\n<meta property=\"og:locale\" content=\"fr_CA\" \/>\n<meta property=\"og:type\" content=\"article\" \/>\n<meta property=\"og:title\" content=\"Geely regarde pour la construction d\u2019une usine en Europe - CanadaMotorJobs.com\" \/>\n<meta property=\"og:description\" content=\"Geely regarde pour la construction d\u2019une usine en Europe - Benoit Charette - Annuel automobile - CanadaMotorJobs.com.\" \/>\n<meta property=\"og:url\" content=\"https:\/\/news.canadamotorjobs.com\/fr\/geely-regarde-pour-la-construction-dune-usine-en-europe\/\" \/>\n<meta property=\"og:site_name\" content=\"CanadaMotorJobs.com\" \/>\n<meta property=\"article:publisher\" content=\"https:\/\/www.facebook.com\/canadamotorjobs\/\" \/>\n<meta property=\"article:published_time\" content=\"2024-09-13T11:13:09+00:00\" \/>\n<meta property=\"article:modified_time\" content=\"2024-09-13T11:14:09+00:00\" \/>\n<meta property=\"og:image\" content=\"https:\/\/news.canadamotorjobs.com\/wp-content\/uploads\/2024\/09\/geely-galaxy-e8-china-launch-1.jpg\" \/>\n\t<meta property=\"og:image:width\" content=\"1280\" \/>\n\t<meta property=\"og:image:height\" content=\"720\" \/>\n\t<meta property=\"og:image:type\" content=\"image\/jpeg\" \/>\n<meta name=\"author\" content=\"Benoit Charette\" \/>\n<meta name=\"twitter:card\" content=\"summary_large_image\" \/>\n<meta name=\"twitter:creator\" content=\"@canadamotorjobs\" \/>\n<meta name=\"twitter:site\" content=\"@canadamotorjobs\" \/>\n<meta name=\"twitter:label1\" content=\"\u00c9crit par\" \/>\n\t<meta name=\"twitter:data1\" content=\"Benoit Charette\" \/>\n\t<meta name=\"twitter:label2\" content=\"Estimation du temps de lecture\" \/>\n\t<meta name=\"twitter:data2\" content=\"2 minutes\" \/>\n<!-- \/ Yoast SEO plugin. -->","yoast_head_json":{"title":"Geely regarde pour la construction d\u2019une usine en Europe - CanadaMotorJobs.com","description":"Geely regarde pour la construction d\u2019une usine en Europe - Benoit Charette - Annuel automobile - CanadaMotorJobs.com.","robots":{"index":"index","follow":"follow","max-snippet":"max-snippet:-1","max-image-preview":"max-image-preview:large","max-video-preview":"max-video-preview:-1"},"og_locale":"fr_CA","og_type":"article","og_title":"Geely regarde pour la construction d\u2019une usine en Europe - CanadaMotorJobs.com","og_description":"Geely regarde pour la construction d\u2019une usine en Europe - Benoit Charette - Annuel automobile - CanadaMotorJobs.com.","og_url":"https:\/\/news.canadamotorjobs.com\/fr\/geely-regarde-pour-la-construction-dune-usine-en-europe\/","og_site_name":"CanadaMotorJobs.com","article_publisher":"https:\/\/www.facebook.com\/canadamotorjobs\/","article_published_time":"2024-09-13T11:13:09+00:00","article_modified_time":"2024-09-13T11:14:09+00:00","og_image":[{"width":1280,"height":720,"url":"https:\/\/news.canadamotorjobs.com\/wp-content\/uploads\/2024\/09\/geely-galaxy-e8-china-launch-1.jpg","type":"image\/jpeg"}],"author":"Benoit Charette","twitter_card":"summary_large_image","twitter_creator":"@canadamotorjobs","twitter_site":"@canadamotorjobs","twitter_misc":{"\u00c9crit par":"Benoit Charette","Estimation du temps de lecture":"2 minutes"},"schema":{"@context":"https:\/\/schema.org","@graph":[{"@type":"Article","@id":"https:\/\/news.canadamotorjobs.com\/fr\/geely-regarde-pour-la-construction-dune-usine-en-europe\/#article","isPartOf":{"@id":"https:\/\/news.canadamotorjobs.com\/fr\/geely-regarde-pour-la-construction-dune-usine-en-europe\/"},"author":{"name":"Benoit Charette","@id":"https:\/\/news.canadamotorjobs.com\/#\/schema\/person\/51793d1f87d44011d7bcc2ed99269a90"},"headline":"Geely regarde pour la construction d\u2019une usine en Europe","datePublished":"2024-09-13T11:13:09+00:00","dateModified":"2024-09-13T11:14:09+00:00","mainEntityOfPage":{"@id":"https:\/\/news.canadamotorjobs.com\/fr\/geely-regarde-pour-la-construction-dune-usine-en-europe\/"},"wordCount":477,"publisher":{"@id":"https:\/\/news.canadamotorjobs.com\/#organization"},"image":{"@id":"https:\/\/news.canadamotorjobs.com\/fr\/geely-regarde-pour-la-construction-dune-usine-en-europe\/#primaryimage"},"thumbnailUrl":"https:\/\/news.canadamotorjobs.com\/wp-content\/uploads\/2024\/09\/geely-galaxy-e8-china-launch-1.jpg","articleSection":["Annuel automobile"],"inLanguage":"fr-CA"},{"@type":"WebPage","@id":"https:\/\/news.canadamotorjobs.com\/fr\/geely-regarde-pour-la-construction-dune-usine-en-europe\/","url":"https:\/\/news.canadamotorjobs.com\/fr\/geely-regarde-pour-la-construction-dune-usine-en-europe\/","name":"Geely regarde pour la construction d\u2019une usine en Europe - CanadaMotorJobs.com","isPartOf":{"@id":"https:\/\/news.canadamotorjobs.com\/#website"},"primaryImageOfPage":{"@id":"https:\/\/news.canadamotorjobs.com\/fr\/geely-regarde-pour-la-construction-dune-usine-en-europe\/#primaryimage"},"image":{"@id":"https:\/\/news.canadamotorjobs.com\/fr\/geely-regarde-pour-la-construction-dune-usine-en-europe\/#primaryimage"},"thumbnailUrl":"https:\/\/news.canadamotorjobs.com\/wp-content\/uploads\/2024\/09\/geely-galaxy-e8-china-launch-1.jpg","datePublished":"2024-09-13T11:13:09+00:00","dateModified":"2024-09-13T11:14:09+00:00","description":"Geely regarde pour la construction d\u2019une usine en Europe - Benoit Charette - Annuel automobile - CanadaMotorJobs.com.","breadcrumb":{"@id":"https:\/\/news.canadamotorjobs.com\/fr\/geely-regarde-pour-la-construction-dune-usine-en-europe\/#breadcrumb"},"inLanguage":"fr-CA","potentialAction":[{"@type":"ReadAction","target":["https:\/\/news.canadamotorjobs.com\/fr\/geely-regarde-pour-la-construction-dune-usine-en-europe\/"]}]},{"@type":"ImageObject","inLanguage":"fr-CA","@id":"https:\/\/news.canadamotorjobs.com\/fr\/geely-regarde-pour-la-construction-dune-usine-en-europe\/#primaryimage","url":"https:\/\/news.canadamotorjobs.com\/wp-content\/uploads\/2024\/09\/geely-galaxy-e8-china-launch-1.jpg","contentUrl":"https:\/\/news.canadamotorjobs.com\/wp-content\/uploads\/2024\/09\/geely-galaxy-e8-china-launch-1.jpg","width":1280,"height":720},{"@type":"BreadcrumbList","@id":"https:\/\/news.canadamotorjobs.com\/fr\/geely-regarde-pour-la-construction-dune-usine-en-europe\/#breadcrumb","itemListElement":[{"@type":"ListItem","position":1,"name":"Home","item":"https:\/\/news.canadamotorjobs.com\/fr\/blog\/"},{"@type":"ListItem","position":2,"name":"Geely regarde pour la construction d\u2019une usine en Europe"}]},{"@type":"WebSite","@id":"https:\/\/news.canadamotorjobs.com\/#website","url":"https:\/\/news.canadamotorjobs.com\/","name":"CanadaMotorJobs.com","description":"Automotive Jobs","publisher":{"@id":"https:\/\/news.canadamotorjobs.com\/#organization"},"potentialAction":[{"@type":"SearchAction","target":{"@type":"EntryPoint","urlTemplate":"https:\/\/news.canadamotorjobs.com\/?s={search_term_string}"},"query-input":"required name=search_term_string"}],"inLanguage":"fr-CA"},{"@type":"Organization","@id":"https:\/\/news.canadamotorjobs.com\/#organization","name":"Canada Motor Jobs","url":"https:\/\/news.canadamotorjobs.com\/","logo":{"@type":"ImageObject","inLanguage":"fr-CA","@id":"https:\/\/news.canadamotorjobs.com\/#\/schema\/logo\/image\/","url":"https:\/\/news.canadamotorjobs.com\/wp-content\/uploads\/2022\/10\/logo-canada-motor-jobs-1.png","contentUrl":"https:\/\/news.canadamotorjobs.com\/wp-content\/uploads\/2022\/10\/logo-canada-motor-jobs-1.png","width":800,"height":400,"caption":"Canada Motor Jobs"},"image":{"@id":"https:\/\/news.canadamotorjobs.com\/#\/schema\/logo\/image\/"},"sameAs":["https:\/\/www.facebook.com\/canadamotorjobs\/","https:\/\/x.com\/canadamotorjobs","https:\/\/www.instagram.com\/canadamotorjobs\/","https:\/\/www.linkedin.com\/company\/canadamotorjobs"]},{"@type":"Person","@id":"https:\/\/news.canadamotorjobs.com\/#\/schema\/person\/51793d1f87d44011d7bcc2ed99269a90","name":"Benoit Charette","image":{"@type":"ImageObject","inLanguage":"fr-CA","@id":"https:\/\/news.canadamotorjobs.com\/#\/schema\/person\/image\/","url":"https:\/\/secure.gravatar.com\/avatar\/45f3d2eebcccd909668d7ce7ea7267b6?s=96&d=mm&r=g","contentUrl":"https:\/\/secure.gravatar.com\/avatar\/45f3d2eebcccd909668d7ce7ea7267b6?s=96&d=mm&r=g","caption":"Benoit Charette"},"description":"Benoit Charette \/ Propri\u00e9taire et r\u00e9dacteur en chef Benoit Charette pratique le journalisme automobile depuis bient\u00f4t 30 ans. Il a fait ses classes au c\u00f4t\u00e9 de Daniel H\u00e9raud et au Carnet de route de 1992 \u00e0 2001. Il est fondateur, copropri\u00e9taire et r\u00e9dacteur en chef de L\u2019Annuel de l\u2019automobile, qu\u2019il publie depuis 2001. Il a anim\u00e9 les \u00e9missions RPM et RPM+ sur V et les L\u00e9gendes de la route sur Historia. \u00c0 la radio depuis 1986, il reprend l\u2019antenne cette ann\u00e9e sur les ondes de Cogeco et participe pour la deuxi\u00e8me ann\u00e9e \u00e0 l\u2019\u00e9mission Passion Auto sur RDS en plus de mettre en ligne le site Web officiel de L\u2019Annuel de l\u2019automobile sur annuelauto.ca.","sameAs":["https:\/\/annuelauto.ca\/"],"url":"https:\/\/news.canadamotorjobs.com\/fr\/author\/benoit-charette\/"}]}},"_links":{"self":[{"href":"https:\/\/news.canadamotorjobs.com\/fr\/wp-json\/wp\/v2\/posts\/172738"}],"collection":[{"href":"https:\/\/news.canadamotorjobs.com\/fr\/wp-json\/wp\/v2\/posts"}],"about":[{"href":"https:\/\/news.canadamotorjobs.com\/fr\/wp-json\/wp\/v2\/types\/post"}],"author":[{"embeddable":true,"href":"https:\/\/news.canadamotorjobs.com\/fr\/wp-json\/wp\/v2\/users\/8"}],"replies":[{"embeddable":true,"href":"https:\/\/news.canadamotorjobs.com\/fr\/wp-json\/wp\/v2\/comments?post=172738"}],"version-history":[{"count":2,"href":"https:\/\/news.canadamotorjobs.com\/fr\/wp-json\/wp\/v2\/posts\/172738\/revisions"}],"predecessor-version":[{"id":172742,"href":"https:\/\/news.canadamotorjobs.com\/fr\/wp-json\/wp\/v2\/posts\/172738\/revisions\/172742"}],"wp:featuredmedia":[{"embeddable":true,"href":"https:\/\/news.canadamotorjobs.com\/fr\/wp-json\/wp\/v2\/media\/172740"}],"wp:attachment":[{"href":"https:\/\/news.canadamotorjobs.com\/fr\/wp-json\/wp\/v2\/media?parent=172738"}],"wp:term":[{"taxonomy":"category","embeddable":true,"href":"https:\/\/news.canadamotorjobs.com\/fr\/wp-json\/wp\/v2\/categories?post=172738"},{"taxonomy":"post_tag","embeddable":true,"href":"https:\/\/news.canadamotorjobs.com\/fr\/wp-json\/wp\/v2\/tags?post=172738"}],"curies":[{"name":"wp","href":"https:\/\/api.w.org\/{rel}","templated":true}]}}