{"id":172711,"date":"2024-09-12T11:23:41","date_gmt":"2024-09-12T15:23:41","guid":{"rendered":"https:\/\/news.canadamotorjobs.com\/?p=172711"},"modified":"2024-09-12T11:29:08","modified_gmt":"2024-09-12T15:29:08","slug":"le-range-rover-electrique-pourrait-etre-ideal-pour-le-quebec","status":"publish","type":"post","link":"https:\/\/news.canadamotorjobs.com\/fr\/le-range-rover-electrique-pourrait-etre-ideal-pour-le-quebec\/","title":{"rendered":"Le Range Rover \u00e9lectrique pourrait \u00eatre id\u00e9al pour le Qu\u00e9bec"},"content":{"rendered":"<\/p>\n<p style=\"font-weight: 400\">C\u2019est un peu le monde \u00e0 l\u2019envers. Le Range Rover, le VUS de luxe qui est probablement l\u2019anomalie la plus absurde sur nos routes, pourrait bient\u00f4t devenir le VUS id\u00e9al pour les conditions routi\u00e8res qu\u00e9b\u00e9coises. La raison? Le Range Rover \u00e9lectrique qui s\u2019en vient l\u2019an prochain pourrait r\u00e9sister \u00e0 l\u2019hiver mieux que n\u2019importe quel autre v\u00e9hicule \u00e9lectrique.<\/p>\n<p><\/p>\n<p style=\"font-weight: 400\">On savait d\u00e9j\u00e0 que les marques britanniques Land Rover et Jaguar, qui font partie du m\u00eame consortium d\u2019origine indienne, le groupe Tata Motors, planche sur une s\u00e9rie de VUS hybrides branchables ou tout \u00e9lectriques, qui devraient \u00eatre mis en march\u00e9 \u00e0 partir de 2025. \u00c7a comprend le Range Rover Sport, en plus du Range Rover tout court. Le Range Rover Velar devrait lui aussi s\u2019\u00e9lectrifier.<\/p>\n<p><\/p>\n<p style=\"font-weight: 400\">Comme \u00e0 peu pr\u00e8s tous les autres constructeurs, Land Rover a d\u00e9velopp\u00e9 une plateforme modulaire qui peut accueillir des v\u00e9hicules \u00e0 essence, hybrides ou tout \u00e9lectriques, appel\u00e9e MLA, pour \u00abModular Longitudinal Architecture\u00bb. C\u2019est sur cette plateforme que le Range Rover \u00e9lectrique sera assembl\u00e9.<\/p>\n<p><\/p>\n<p style=\"font-weight: 400\">C\u2019est une plateforme assez moderne, capable d\u2019accueillir un groupe \u00e9lectrique de 800-volts, et qui pourra donc proposer des temps de recharge tr\u00e8s rapides. \u00c7a va \u00eatre utile, car la batterie de ce gros VUS risque d\u2019\u00eatre assez imposante, pour satisfaire les demandes des acheteurs vis\u00e9s par <a href=\"https:\/\/annuelauto.ca\/land-rover-range-rover-edition-7-passagers\/\">ce genre de camion<\/a>. On ne conna\u00eet encore aucun d\u00e9tail technique, mais on s\u2019attend \u00e0 un VUS tr\u00e8s luxueux et tr\u00e8s polyvalent, capable de rivaliser aussi bien sur la route qu\u2019en hors-piste avec un VUS \u00e0 moteur V8 comparable.<\/p>\n<p><\/p>\n<p style=\"font-weight: 400\">On s\u2019attend d\u2019ailleurs \u00e0 un prix de d\u00e9tail qui oscillerait entre 160\u00a0000 et 200\u00a0000 $.<\/p>\n<p><\/p>\n<p style=\"font-weight: 400\">Bref, on a h\u00e2te d\u2019en savoir plus. Surtout depuis que des espions ont pu voir un prototype du Range Rover \u00e9lectrique \u00eatre mis \u00e0 l\u2019essai sur le fameux circuit allemand du N\u00fcrburgring, o\u00f9 on a plut\u00f4t tendance \u00e0 tester des voitures de course, mais bon<\/p>\n<p><\/p>\n<p style=\"font-weight: 400\">Land Rover veut s\u2019assurer que son VUS livre la marchandise. Et c\u2019est l\u00e0 o\u00f9 c\u2019est plus int\u00e9ressant pour le Qu\u00e9bec\u00a0: le Range Rover \u00e9lectrique serait mis \u00e0 l\u2019essai dans les pires conditions, dans des temp\u00e9ratures allant de -40 degr\u00e9s \u00e0 48 degr\u00e9s Celsius. Autrement dit, on pourrait avoir un VUS \u00e9lectrique de luxe qui sera capable de conserver un maximum d\u2019autonomie aussi bien l\u2019hiver que l\u2019\u00e9t\u00e9.<\/p>\n<p>\n<span style=\"font-weight: 400\">\u00c7a, ce serait un excellent argument de vente pour un Range Rover \u00e9lectrique!<\/span><\/p>\n<p>Le texte <a rel=\"nofollow\" href=\"https:\/\/annuelauto.ca\/le-range-rover-electrique-pourrait-etre-ideal-pour-le-quebec\/\">Le Range Rover \u00e9lectrique pourrait \u00eatre id\u00e9al pour le Qu\u00e9bec<\/a> provient de <a rel=\"nofollow\" href=\"https:\/\/annuelauto.ca\">L&#8217;annuel de l&#8217;automobile &#8211; Actualit\u00e9 automobile<\/a><\/p>\n<p><\/p>\n","protected":false},"excerpt":{"rendered":"<p>C\u2019est un peu le monde \u00e0 l\u2019envers. Le Range Rover, le VUS de luxe qui est probablement l\u2019anomalie la plus absurde sur nos routes, pourrait bient\u00f4t devenir le VUS id\u00e9al pour les conditions routi\u00e8res qu\u00e9b\u00e9coises. La raison? Le Range Rover \u00e9lectrique qui s\u2019en vient l\u2019an prochain pourrait r\u00e9sister \u00e0 l\u2019hiver mieux que n\u2019importe quel autre [&hellip;]<\/p>\n","protected":false},"author":8,"featured_media":172713,"comment_status":"close","ping_status":"closed","sticky":false,"template":"","format":"standard","meta":{"_monsterinsights_skip_tracking":false,"_monsterinsights_sitenote_active":false,"_monsterinsights_sitenote_note":"","_monsterinsights_sitenote_category":0,"footnotes":""},"categories":[101],"tags":[],"yoast_head":"<!-- This site is optimized with the Yoast SEO plugin v23.2 - https:\/\/yoast.com\/wordpress\/plugins\/seo\/ -->\n<title>Le Range Rover \u00e9lectrique pourrait \u00eatre id\u00e9al pour le Qu\u00e9bec - CanadaMotorJobs.com<\/title>\n<meta name=\"description\" content=\"Le Range Rover \u00e9lectrique pourrait \u00eatre id\u00e9al pour le Qu\u00e9bec - Benoit Charette - Annuel automobile - CanadaMotorJobs.com.\" \/>\n<meta name=\"robots\" content=\"index, follow, max-snippet:-1, max-image-preview:large, max-video-preview:-1\" \/>\n<meta property=\"og:locale\" content=\"fr_CA\" \/>\n<meta property=\"og:type\" content=\"article\" \/>\n<meta property=\"og:title\" content=\"Le Range Rover \u00e9lectrique pourrait \u00eatre id\u00e9al pour le Qu\u00e9bec - CanadaMotorJobs.com\" \/>\n<meta property=\"og:description\" content=\"Le Range Rover \u00e9lectrique pourrait \u00eatre id\u00e9al pour le Qu\u00e9bec - Benoit Charette - Annuel automobile - CanadaMotorJobs.com.\" \/>\n<meta property=\"og:url\" content=\"https:\/\/news.canadamotorjobs.com\/fr\/le-range-rover-electrique-pourrait-etre-ideal-pour-le-quebec\/\" \/>\n<meta property=\"og:site_name\" content=\"CanadaMotorJobs.com\" \/>\n<meta property=\"article:publisher\" content=\"https:\/\/www.facebook.com\/canadamotorjobs\/\" \/>\n<meta property=\"article:published_time\" content=\"2024-09-12T15:23:41+00:00\" \/>\n<meta property=\"article:modified_time\" content=\"2024-09-12T15:29:08+00:00\" \/>\n<meta property=\"og:image\" content=\"https:\/\/news.canadamotorjobs.com\/wp-content\/uploads\/2024\/09\/range-rover-electric-prototype_100926832_h-copie.jpg\" \/>\n\t<meta property=\"og:image:width\" content=\"1280\" \/>\n\t<meta property=\"og:image:height\" content=\"853\" \/>\n\t<meta property=\"og:image:type\" content=\"image\/jpeg\" \/>\n<meta name=\"author\" content=\"Benoit Charette\" \/>\n<meta name=\"twitter:card\" content=\"summary_large_image\" \/>\n<meta name=\"twitter:creator\" content=\"@canadamotorjobs\" \/>\n<meta name=\"twitter:site\" content=\"@canadamotorjobs\" \/>\n<meta name=\"twitter:label1\" content=\"\u00c9crit par\" \/>\n\t<meta name=\"twitter:data1\" content=\"Benoit Charette\" \/>\n\t<meta name=\"twitter:label2\" content=\"Estimation du temps de lecture\" \/>\n\t<meta name=\"twitter:data2\" content=\"2 minutes\" \/>\n<!-- \/ Yoast SEO plugin. -->","yoast_head_json":{"title":"Le Range Rover \u00e9lectrique pourrait \u00eatre id\u00e9al pour le Qu\u00e9bec - CanadaMotorJobs.com","description":"Le Range Rover \u00e9lectrique pourrait \u00eatre id\u00e9al pour le Qu\u00e9bec - Benoit Charette - Annuel automobile - CanadaMotorJobs.com.","robots":{"index":"index","follow":"follow","max-snippet":"max-snippet:-1","max-image-preview":"max-image-preview:large","max-video-preview":"max-video-preview:-1"},"og_locale":"fr_CA","og_type":"article","og_title":"Le Range Rover \u00e9lectrique pourrait \u00eatre id\u00e9al pour le Qu\u00e9bec - CanadaMotorJobs.com","og_description":"Le Range Rover \u00e9lectrique pourrait \u00eatre id\u00e9al pour le Qu\u00e9bec - Benoit Charette - Annuel automobile - CanadaMotorJobs.com.","og_url":"https:\/\/news.canadamotorjobs.com\/fr\/le-range-rover-electrique-pourrait-etre-ideal-pour-le-quebec\/","og_site_name":"CanadaMotorJobs.com","article_publisher":"https:\/\/www.facebook.com\/canadamotorjobs\/","article_published_time":"2024-09-12T15:23:41+00:00","article_modified_time":"2024-09-12T15:29:08+00:00","og_image":[{"width":1280,"height":853,"url":"https:\/\/news.canadamotorjobs.com\/wp-content\/uploads\/2024\/09\/range-rover-electric-prototype_100926832_h-copie.jpg","type":"image\/jpeg"}],"author":"Benoit Charette","twitter_card":"summary_large_image","twitter_creator":"@canadamotorjobs","twitter_site":"@canadamotorjobs","twitter_misc":{"\u00c9crit par":"Benoit Charette","Estimation du temps de lecture":"2 minutes"},"schema":{"@context":"https:\/\/schema.org","@graph":[{"@type":"Article","@id":"https:\/\/news.canadamotorjobs.com\/fr\/le-range-rover-electrique-pourrait-etre-ideal-pour-le-quebec\/#article","isPartOf":{"@id":"https:\/\/news.canadamotorjobs.com\/fr\/le-range-rover-electrique-pourrait-etre-ideal-pour-le-quebec\/"},"author":{"name":"Benoit Charette","@id":"https:\/\/news.canadamotorjobs.com\/#\/schema\/person\/51793d1f87d44011d7bcc2ed99269a90"},"headline":"Le Range Rover \u00e9lectrique pourrait \u00eatre id\u00e9al pour le Qu\u00e9bec","datePublished":"2024-09-12T15:23:41+00:00","dateModified":"2024-09-12T15:29:08+00:00","mainEntityOfPage":{"@id":"https:\/\/news.canadamotorjobs.com\/fr\/le-range-rover-electrique-pourrait-etre-ideal-pour-le-quebec\/"},"wordCount":463,"publisher":{"@id":"https:\/\/news.canadamotorjobs.com\/#organization"},"image":{"@id":"https:\/\/news.canadamotorjobs.com\/fr\/le-range-rover-electrique-pourrait-etre-ideal-pour-le-quebec\/#primaryimage"},"thumbnailUrl":"https:\/\/news.canadamotorjobs.com\/wp-content\/uploads\/2024\/09\/range-rover-electric-prototype_100926832_h-copie.jpg","articleSection":["Annuel automobile"],"inLanguage":"fr-CA"},{"@type":"WebPage","@id":"https:\/\/news.canadamotorjobs.com\/fr\/le-range-rover-electrique-pourrait-etre-ideal-pour-le-quebec\/","url":"https:\/\/news.canadamotorjobs.com\/fr\/le-range-rover-electrique-pourrait-etre-ideal-pour-le-quebec\/","name":"Le Range Rover \u00e9lectrique pourrait \u00eatre id\u00e9al pour le Qu\u00e9bec - CanadaMotorJobs.com","isPartOf":{"@id":"https:\/\/news.canadamotorjobs.com\/#website"},"primaryImageOfPage":{"@id":"https:\/\/news.canadamotorjobs.com\/fr\/le-range-rover-electrique-pourrait-etre-ideal-pour-le-quebec\/#primaryimage"},"image":{"@id":"https:\/\/news.canadamotorjobs.com\/fr\/le-range-rover-electrique-pourrait-etre-ideal-pour-le-quebec\/#primaryimage"},"thumbnailUrl":"https:\/\/news.canadamotorjobs.com\/wp-content\/uploads\/2024\/09\/range-rover-electric-prototype_100926832_h-copie.jpg","datePublished":"2024-09-12T15:23:41+00:00","dateModified":"2024-09-12T15:29:08+00:00","description":"Le Range Rover \u00e9lectrique pourrait \u00eatre id\u00e9al pour le Qu\u00e9bec - Benoit Charette - Annuel automobile - CanadaMotorJobs.com.","breadcrumb":{"@id":"https:\/\/news.canadamotorjobs.com\/fr\/le-range-rover-electrique-pourrait-etre-ideal-pour-le-quebec\/#breadcrumb"},"inLanguage":"fr-CA","potentialAction":[{"@type":"ReadAction","target":["https:\/\/news.canadamotorjobs.com\/fr\/le-range-rover-electrique-pourrait-etre-ideal-pour-le-quebec\/"]}]},{"@type":"ImageObject","inLanguage":"fr-CA","@id":"https:\/\/news.canadamotorjobs.com\/fr\/le-range-rover-electrique-pourrait-etre-ideal-pour-le-quebec\/#primaryimage","url":"https:\/\/news.canadamotorjobs.com\/wp-content\/uploads\/2024\/09\/range-rover-electric-prototype_100926832_h-copie.jpg","contentUrl":"https:\/\/news.canadamotorjobs.com\/wp-content\/uploads\/2024\/09\/range-rover-electric-prototype_100926832_h-copie.jpg","width":1280,"height":853},{"@type":"BreadcrumbList","@id":"https:\/\/news.canadamotorjobs.com\/fr\/le-range-rover-electrique-pourrait-etre-ideal-pour-le-quebec\/#breadcrumb","itemListElement":[{"@type":"ListItem","position":1,"name":"Home","item":"https:\/\/news.canadamotorjobs.com\/fr\/blog\/"},{"@type":"ListItem","position":2,"name":"Le Range Rover \u00e9lectrique pourrait \u00eatre id\u00e9al pour le Qu\u00e9bec"}]},{"@type":"WebSite","@id":"https:\/\/news.canadamotorjobs.com\/#website","url":"https:\/\/news.canadamotorjobs.com\/","name":"CanadaMotorJobs.com","description":"Automotive Jobs","publisher":{"@id":"https:\/\/news.canadamotorjobs.com\/#organization"},"potentialAction":[{"@type":"SearchAction","target":{"@type":"EntryPoint","urlTemplate":"https:\/\/news.canadamotorjobs.com\/?s={search_term_string}"},"query-input":"required name=search_term_string"}],"inLanguage":"fr-CA"},{"@type":"Organization","@id":"https:\/\/news.canadamotorjobs.com\/#organization","name":"Canada Motor Jobs","url":"https:\/\/news.canadamotorjobs.com\/","logo":{"@type":"ImageObject","inLanguage":"fr-CA","@id":"https:\/\/news.canadamotorjobs.com\/#\/schema\/logo\/image\/","url":"https:\/\/news.canadamotorjobs.com\/wp-content\/uploads\/2022\/10\/logo-canada-motor-jobs-1.png","contentUrl":"https:\/\/news.canadamotorjobs.com\/wp-content\/uploads\/2022\/10\/logo-canada-motor-jobs-1.png","width":800,"height":400,"caption":"Canada Motor Jobs"},"image":{"@id":"https:\/\/news.canadamotorjobs.com\/#\/schema\/logo\/image\/"},"sameAs":["https:\/\/www.facebook.com\/canadamotorjobs\/","https:\/\/x.com\/canadamotorjobs","https:\/\/www.instagram.com\/canadamotorjobs\/","https:\/\/www.linkedin.com\/company\/canadamotorjobs"]},{"@type":"Person","@id":"https:\/\/news.canadamotorjobs.com\/#\/schema\/person\/51793d1f87d44011d7bcc2ed99269a90","name":"Benoit Charette","image":{"@type":"ImageObject","inLanguage":"fr-CA","@id":"https:\/\/news.canadamotorjobs.com\/#\/schema\/person\/image\/","url":"https:\/\/secure.gravatar.com\/avatar\/45f3d2eebcccd909668d7ce7ea7267b6?s=96&d=mm&r=g","contentUrl":"https:\/\/secure.gravatar.com\/avatar\/45f3d2eebcccd909668d7ce7ea7267b6?s=96&d=mm&r=g","caption":"Benoit Charette"},"description":"Benoit Charette \/ Propri\u00e9taire et r\u00e9dacteur en chef Benoit Charette pratique le journalisme automobile depuis bient\u00f4t 30 ans. Il a fait ses classes au c\u00f4t\u00e9 de Daniel H\u00e9raud et au Carnet de route de 1992 \u00e0 2001. Il est fondateur, copropri\u00e9taire et r\u00e9dacteur en chef de L\u2019Annuel de l\u2019automobile, qu\u2019il publie depuis 2001. Il a anim\u00e9 les \u00e9missions RPM et RPM+ sur V et les L\u00e9gendes de la route sur Historia. \u00c0 la radio depuis 1986, il reprend l\u2019antenne cette ann\u00e9e sur les ondes de Cogeco et participe pour la deuxi\u00e8me ann\u00e9e \u00e0 l\u2019\u00e9mission Passion Auto sur RDS en plus de mettre en ligne le site Web officiel de L\u2019Annuel de l\u2019automobile sur annuelauto.ca.","sameAs":["https:\/\/annuelauto.ca\/"],"url":"https:\/\/news.canadamotorjobs.com\/fr\/author\/benoit-charette\/"}]}},"_links":{"self":[{"href":"https:\/\/news.canadamotorjobs.com\/fr\/wp-json\/wp\/v2\/posts\/172711"}],"collection":[{"href":"https:\/\/news.canadamotorjobs.com\/fr\/wp-json\/wp\/v2\/posts"}],"about":[{"href":"https:\/\/news.canadamotorjobs.com\/fr\/wp-json\/wp\/v2\/types\/post"}],"author":[{"embeddable":true,"href":"https:\/\/news.canadamotorjobs.com\/fr\/wp-json\/wp\/v2\/users\/8"}],"replies":[{"embeddable":true,"href":"https:\/\/news.canadamotorjobs.com\/fr\/wp-json\/wp\/v2\/comments?post=172711"}],"version-history":[{"count":2,"href":"https:\/\/news.canadamotorjobs.com\/fr\/wp-json\/wp\/v2\/posts\/172711\/revisions"}],"predecessor-version":[{"id":172715,"href":"https:\/\/news.canadamotorjobs.com\/fr\/wp-json\/wp\/v2\/posts\/172711\/revisions\/172715"}],"wp:featuredmedia":[{"embeddable":true,"href":"https:\/\/news.canadamotorjobs.com\/fr\/wp-json\/wp\/v2\/media\/172713"}],"wp:attachment":[{"href":"https:\/\/news.canadamotorjobs.com\/fr\/wp-json\/wp\/v2\/media?parent=172711"}],"wp:term":[{"taxonomy":"category","embeddable":true,"href":"https:\/\/news.canadamotorjobs.com\/fr\/wp-json\/wp\/v2\/categories?post=172711"},{"taxonomy":"post_tag","embeddable":true,"href":"https:\/\/news.canadamotorjobs.com\/fr\/wp-json\/wp\/v2\/tags?post=172711"}],"curies":[{"name":"wp","href":"https:\/\/api.w.org\/{rel}","templated":true}]}}