{"id":172664,"date":"2024-09-12T08:01:48","date_gmt":"2024-09-12T12:01:48","guid":{"rendered":"https:\/\/news.canadamotorjobs.com\/?p=172664"},"modified":"2024-09-12T08:14:15","modified_gmt":"2024-09-12T12:14:15","slug":"kia-presente-son-ev3-avec-600-km-dautonomie","status":"publish","type":"post","link":"https:\/\/news.canadamotorjobs.com\/fr\/kia-presente-son-ev3-avec-600-km-dautonomie\/","title":{"rendered":"Kia pr\u00e9sente son EV3 avec 600 km d\u2019autonomie"},"content":{"rendered":"<\/p>\n<p>Kia a officiellement lanc\u00e9 l&#8217;EV3, un nouveau VUS compact enti\u00e8rement \u00e9lectrique. Ce v\u00e9hicule offre une autonomie allant jusqu&#8217;\u00e0 600 km (selon la norme WLTP) et int\u00e8gre plusieurs technologies innovantes visant \u00e0 am\u00e9liorer l&#8217;efficacit\u00e9 et l&#8217;exp\u00e9rience de conduite.<\/p>\n<h4>Syst\u00e8mes de freinage r\u00e9g\u00e9n\u00e9ratif avanc\u00e9s et recharge rapide<\/h4>\n<p>\nL&#8217;EV3 est dot\u00e9 des syst\u00e8mes i-Pedal 3.0 et Smart Regenerative 3.0, qui offrent une conduite \u00e0 une p\u00e9dale plus fluide et optimis\u00e9e. Le Smart Regenerative System 3.0, une premi\u00e8re dans l&#8217;industrie, int\u00e8gre la technologie de conduite autonome avec le freinage r\u00e9g\u00e9n\u00e9ratif. Gr\u00e2ce \u00e0 des capteurs et des informations de navigation, ce syst\u00e8me ajuste automatiquement la vitesse du v\u00e9hicule en fonction des situations de conduite, comme les virages, les changements de limitation de vitesse ou les ronds-points.<\/p>\n<h4>Une batterie de grande capacit\u00e9 et une efficacit\u00e9 a\u00e9rodynamique<\/h4>\n<p>\nL&#8217;EV3 est \u00e9quip\u00e9 d&#8217;une batterie de 81,4 kWh, la plus grande de sa cat\u00e9gorie selon Kia. Gr\u00e2ce \u00e0 la technologie de recharge rapide, le v\u00e9hicule peut passer de 10 \u00e0 80 % de charge en seulement 31 minutes dans des conditions optimales. L&#8217;efficacit\u00e9 a\u00e9rodynamique a \u00e9t\u00e9 un point central dans la conception de l&#8217;EV3, ce qui lui permet d&#8217;afficher un coefficient de tra\u00een\u00e9e de seulement 0,26. Cette performance a \u00e9t\u00e9 obtenue gr\u00e2ce \u00e0 des \u00e9l\u00e9ments optimis\u00e9s tels que les formes des roues, les feux arri\u00e8re redessin\u00e9s et des panneaux de soubassement am\u00e9lior\u00e9s.<\/p>\n<h4>Maximisation de l&#8217;autonomie et gestion thermique innovante<\/h4>\n<p>\nPour aider les conducteurs \u00e0 optimiser leur autonomie, Kia a inclus un <strong>&#8220;Guide d&#8217;autonomie&#8221;<\/strong> dans le tableau de bord. Ce guide affiche les autonomies maximales et minimales en fonction du style de conduite, tout en fournissant un retour en temps r\u00e9el sur l&#8217;efficacit\u00e9. De plus, l&#8217;EV3 int\u00e8gre un nouveau syst\u00e8me de gestion thermique, une premi\u00e8re mondiale, qui recycle la chaleur r\u00e9siduelle du v\u00e9hicule et de l&#8217;air ext\u00e9rieur pour am\u00e9liorer l&#8217;efficacit\u00e9, notamment par temps froid.<\/p>\n<h4>Technologie de recharge bidirectionnelle Vehicle-to-Load<\/h4>\n<p>\nKia a \u00e9galement \u00e9quip\u00e9 l&#8217;EV3 de la fonctionnalit\u00e9 Vehicle-to-Load (V2L), qui permet de recharger des appareils externes en utilisant l&#8217;\u00e9nergie du v\u00e9hicule. Cette fonctionnalit\u00e9 am\u00e9liore l&#8217;utilit\u00e9 du v\u00e9hicule dans diverses situations, comme le camping ou en cas de besoin d&#8217;alimentation d&#8217;urgence.<\/p>\n<h4>Variantes et disponibilit\u00e9 \u00e0 venir<\/h4>\n<p>\nBien que l&#8217;EV3 soit confirm\u00e9 pour le march\u00e9 canadien, les variantes sp\u00e9cifiques et les dates de disponibilit\u00e9 n&#8217;ont pas encore \u00e9t\u00e9 annonc\u00e9es. Kia pr\u00e9voit de proposer des versions \u00e0 quatre roues motrices et GT, en plus des mod\u00e8les \u00e0 deux roues motrices d\u00e9j\u00e0 disponibles.<\/p>\n<h4>Une strat\u00e9gie plus large vers la mobilit\u00e9 durable<\/h4>\n<p>\nLe lancement de l&#8217;EV3 s&#8217;inscrit dans la strat\u00e9gie globale de Kia visant \u00e0 \u00e9largir sa gamme de v\u00e9hicules \u00e9lectriques et \u00e0 promouvoir des options de transport durables. Le constructeur continue de faire \u00e9voluer ses technologies pour r\u00e9pondre aux attentes des conducteurs modernes, tout en se positionnant comme un leader de la mobilit\u00e9 verte.<\/p>\n<h3>Conclusion : L&#8217;EV3, un nouveau pas vers l&#8217;avenir de l&#8217;\u00e9lectromobilit\u00e9<\/h3>\n<p>\nAvec ses performances impressionnantes, son autonomie \u00e9tendue et ses technologies innovantes, l&#8217;EV3 de Kia promet d&#8217;offrir une exp\u00e9rience de conduite \u00e9lectrique exceptionnelle tout en r\u00e9pondant aux besoins des consommateurs soucieux de durabilit\u00e9. Le prix sera annonc\u00e9 selon les versions entre 35 000 $ et 50 000 $ USD.<\/p>\n<p>Avec des renseignements de Motor Illustrated<\/p>\n<p>Le texte <a rel=\"nofollow\" href=\"https:\/\/annuelauto.ca\/kia-presente-son-ev3-avec-600-km-dautonomie\/\">Kia pr\u00e9sente son EV3 avec 600 km d\u2019autonomie<\/a> provient de <a rel=\"nofollow\" href=\"https:\/\/annuelauto.ca\">L&#8217;annuel de l&#8217;automobile &#8211; Actualit\u00e9 automobile<\/a><\/p>\n<p><\/p>\n","protected":false},"excerpt":{"rendered":"<p>Kia a officiellement lanc\u00e9 l&#8217;EV3, un nouveau VUS compact enti\u00e8rement \u00e9lectrique. Ce v\u00e9hicule offre une autonomie allant jusqu&#8217;\u00e0 600 km (selon la norme WLTP) et int\u00e8gre plusieurs technologies innovantes visant \u00e0 am\u00e9liorer l&#8217;efficacit\u00e9 et l&#8217;exp\u00e9rience de conduite. Syst\u00e8mes de freinage r\u00e9g\u00e9n\u00e9ratif avanc\u00e9s et recharge rapide L&#8217;EV3 est dot\u00e9 des syst\u00e8mes i-Pedal 3.0 et Smart Regenerative [&hellip;]<\/p>\n","protected":false},"author":8,"featured_media":172666,"comment_status":"close","ping_status":"closed","sticky":false,"template":"","format":"standard","meta":{"_monsterinsights_skip_tracking":false,"_monsterinsights_sitenote_active":false,"_monsterinsights_sitenote_note":"","_monsterinsights_sitenote_category":0,"footnotes":""},"categories":[101],"tags":[],"yoast_head":"<!-- This site is optimized with the Yoast SEO plugin v23.2 - https:\/\/yoast.com\/wordpress\/plugins\/seo\/ -->\n<title>Kia pr\u00e9sente son EV3 avec 600 km d\u2019autonomie - CanadaMotorJobs.com<\/title>\n<meta name=\"description\" content=\"Kia pr\u00e9sente son EV3 avec 600 km d\u2019autonomie - Benoit Charette - Annuel automobile - CanadaMotorJobs.com.\" \/>\n<meta name=\"robots\" content=\"index, follow, max-snippet:-1, max-image-preview:large, max-video-preview:-1\" \/>\n<meta property=\"og:locale\" content=\"fr_CA\" \/>\n<meta property=\"og:type\" content=\"article\" \/>\n<meta property=\"og:title\" content=\"Kia pr\u00e9sente son EV3 avec 600 km d\u2019autonomie - CanadaMotorJobs.com\" \/>\n<meta property=\"og:description\" content=\"Kia pr\u00e9sente son EV3 avec 600 km d\u2019autonomie - Benoit Charette - Annuel automobile - CanadaMotorJobs.com.\" \/>\n<meta property=\"og:url\" content=\"https:\/\/news.canadamotorjobs.com\/fr\/kia-presente-son-ev3-avec-600-km-dautonomie\/\" \/>\n<meta property=\"og:site_name\" content=\"CanadaMotorJobs.com\" \/>\n<meta property=\"article:publisher\" content=\"https:\/\/www.facebook.com\/canadamotorjobs\/\" \/>\n<meta property=\"article:published_time\" content=\"2024-09-12T12:01:48+00:00\" \/>\n<meta property=\"article:modified_time\" content=\"2024-09-12T12:14:15+00:00\" \/>\n<meta property=\"og:image\" content=\"https:\/\/news.canadamotorjobs.com\/wp-content\/uploads\/2024\/09\/651725.jpg\" \/>\n\t<meta property=\"og:image:width\" content=\"1920\" \/>\n\t<meta property=\"og:image:height\" content=\"1080\" \/>\n\t<meta property=\"og:image:type\" content=\"image\/jpeg\" \/>\n<meta name=\"author\" content=\"Benoit Charette\" \/>\n<meta name=\"twitter:card\" content=\"summary_large_image\" \/>\n<meta name=\"twitter:creator\" content=\"@canadamotorjobs\" \/>\n<meta name=\"twitter:site\" content=\"@canadamotorjobs\" \/>\n<meta name=\"twitter:label1\" content=\"\u00c9crit par\" \/>\n\t<meta name=\"twitter:data1\" content=\"Benoit Charette\" \/>\n\t<meta name=\"twitter:label2\" content=\"Estimation du temps de lecture\" \/>\n\t<meta name=\"twitter:data2\" content=\"3 minutes\" \/>\n<!-- \/ Yoast SEO plugin. -->","yoast_head_json":{"title":"Kia pr\u00e9sente son EV3 avec 600 km d\u2019autonomie - CanadaMotorJobs.com","description":"Kia pr\u00e9sente son EV3 avec 600 km d\u2019autonomie - Benoit Charette - Annuel automobile - CanadaMotorJobs.com.","robots":{"index":"index","follow":"follow","max-snippet":"max-snippet:-1","max-image-preview":"max-image-preview:large","max-video-preview":"max-video-preview:-1"},"og_locale":"fr_CA","og_type":"article","og_title":"Kia pr\u00e9sente son EV3 avec 600 km d\u2019autonomie - CanadaMotorJobs.com","og_description":"Kia pr\u00e9sente son EV3 avec 600 km d\u2019autonomie - Benoit Charette - Annuel automobile - CanadaMotorJobs.com.","og_url":"https:\/\/news.canadamotorjobs.com\/fr\/kia-presente-son-ev3-avec-600-km-dautonomie\/","og_site_name":"CanadaMotorJobs.com","article_publisher":"https:\/\/www.facebook.com\/canadamotorjobs\/","article_published_time":"2024-09-12T12:01:48+00:00","article_modified_time":"2024-09-12T12:14:15+00:00","og_image":[{"width":1920,"height":1080,"url":"https:\/\/news.canadamotorjobs.com\/wp-content\/uploads\/2024\/09\/651725.jpg","type":"image\/jpeg"}],"author":"Benoit Charette","twitter_card":"summary_large_image","twitter_creator":"@canadamotorjobs","twitter_site":"@canadamotorjobs","twitter_misc":{"\u00c9crit par":"Benoit Charette","Estimation du temps de lecture":"3 minutes"},"schema":{"@context":"https:\/\/schema.org","@graph":[{"@type":"Article","@id":"https:\/\/news.canadamotorjobs.com\/fr\/kia-presente-son-ev3-avec-600-km-dautonomie\/#article","isPartOf":{"@id":"https:\/\/news.canadamotorjobs.com\/fr\/kia-presente-son-ev3-avec-600-km-dautonomie\/"},"author":{"name":"Benoit Charette","@id":"https:\/\/news.canadamotorjobs.com\/#\/schema\/person\/51793d1f87d44011d7bcc2ed99269a90"},"headline":"Kia pr\u00e9sente son EV3 avec 600 km d\u2019autonomie","datePublished":"2024-09-12T12:01:48+00:00","dateModified":"2024-09-12T12:14:15+00:00","mainEntityOfPage":{"@id":"https:\/\/news.canadamotorjobs.com\/fr\/kia-presente-son-ev3-avec-600-km-dautonomie\/"},"wordCount":611,"publisher":{"@id":"https:\/\/news.canadamotorjobs.com\/#organization"},"image":{"@id":"https:\/\/news.canadamotorjobs.com\/fr\/kia-presente-son-ev3-avec-600-km-dautonomie\/#primaryimage"},"thumbnailUrl":"https:\/\/news.canadamotorjobs.com\/wp-content\/uploads\/2024\/09\/651725.jpg","articleSection":["Annuel automobile"],"inLanguage":"fr-CA"},{"@type":"WebPage","@id":"https:\/\/news.canadamotorjobs.com\/fr\/kia-presente-son-ev3-avec-600-km-dautonomie\/","url":"https:\/\/news.canadamotorjobs.com\/fr\/kia-presente-son-ev3-avec-600-km-dautonomie\/","name":"Kia pr\u00e9sente son EV3 avec 600 km d\u2019autonomie - CanadaMotorJobs.com","isPartOf":{"@id":"https:\/\/news.canadamotorjobs.com\/#website"},"primaryImageOfPage":{"@id":"https:\/\/news.canadamotorjobs.com\/fr\/kia-presente-son-ev3-avec-600-km-dautonomie\/#primaryimage"},"image":{"@id":"https:\/\/news.canadamotorjobs.com\/fr\/kia-presente-son-ev3-avec-600-km-dautonomie\/#primaryimage"},"thumbnailUrl":"https:\/\/news.canadamotorjobs.com\/wp-content\/uploads\/2024\/09\/651725.jpg","datePublished":"2024-09-12T12:01:48+00:00","dateModified":"2024-09-12T12:14:15+00:00","description":"Kia pr\u00e9sente son EV3 avec 600 km d\u2019autonomie - Benoit Charette - Annuel automobile - CanadaMotorJobs.com.","breadcrumb":{"@id":"https:\/\/news.canadamotorjobs.com\/fr\/kia-presente-son-ev3-avec-600-km-dautonomie\/#breadcrumb"},"inLanguage":"fr-CA","potentialAction":[{"@type":"ReadAction","target":["https:\/\/news.canadamotorjobs.com\/fr\/kia-presente-son-ev3-avec-600-km-dautonomie\/"]}]},{"@type":"ImageObject","inLanguage":"fr-CA","@id":"https:\/\/news.canadamotorjobs.com\/fr\/kia-presente-son-ev3-avec-600-km-dautonomie\/#primaryimage","url":"https:\/\/news.canadamotorjobs.com\/wp-content\/uploads\/2024\/09\/651725.jpg","contentUrl":"https:\/\/news.canadamotorjobs.com\/wp-content\/uploads\/2024\/09\/651725.jpg","width":1920,"height":1080},{"@type":"BreadcrumbList","@id":"https:\/\/news.canadamotorjobs.com\/fr\/kia-presente-son-ev3-avec-600-km-dautonomie\/#breadcrumb","itemListElement":[{"@type":"ListItem","position":1,"name":"Home","item":"https:\/\/news.canadamotorjobs.com\/fr\/blog\/"},{"@type":"ListItem","position":2,"name":"Kia pr\u00e9sente son EV3 avec 600 km d\u2019autonomie"}]},{"@type":"WebSite","@id":"https:\/\/news.canadamotorjobs.com\/#website","url":"https:\/\/news.canadamotorjobs.com\/","name":"CanadaMotorJobs.com","description":"Automotive Jobs","publisher":{"@id":"https:\/\/news.canadamotorjobs.com\/#organization"},"potentialAction":[{"@type":"SearchAction","target":{"@type":"EntryPoint","urlTemplate":"https:\/\/news.canadamotorjobs.com\/?s={search_term_string}"},"query-input":"required name=search_term_string"}],"inLanguage":"fr-CA"},{"@type":"Organization","@id":"https:\/\/news.canadamotorjobs.com\/#organization","name":"Canada Motor Jobs","url":"https:\/\/news.canadamotorjobs.com\/","logo":{"@type":"ImageObject","inLanguage":"fr-CA","@id":"https:\/\/news.canadamotorjobs.com\/#\/schema\/logo\/image\/","url":"https:\/\/news.canadamotorjobs.com\/wp-content\/uploads\/2022\/10\/logo-canada-motor-jobs-1.png","contentUrl":"https:\/\/news.canadamotorjobs.com\/wp-content\/uploads\/2022\/10\/logo-canada-motor-jobs-1.png","width":800,"height":400,"caption":"Canada Motor Jobs"},"image":{"@id":"https:\/\/news.canadamotorjobs.com\/#\/schema\/logo\/image\/"},"sameAs":["https:\/\/www.facebook.com\/canadamotorjobs\/","https:\/\/x.com\/canadamotorjobs","https:\/\/www.instagram.com\/canadamotorjobs\/","https:\/\/www.linkedin.com\/company\/canadamotorjobs"]},{"@type":"Person","@id":"https:\/\/news.canadamotorjobs.com\/#\/schema\/person\/51793d1f87d44011d7bcc2ed99269a90","name":"Benoit Charette","image":{"@type":"ImageObject","inLanguage":"fr-CA","@id":"https:\/\/news.canadamotorjobs.com\/#\/schema\/person\/image\/","url":"https:\/\/secure.gravatar.com\/avatar\/45f3d2eebcccd909668d7ce7ea7267b6?s=96&d=mm&r=g","contentUrl":"https:\/\/secure.gravatar.com\/avatar\/45f3d2eebcccd909668d7ce7ea7267b6?s=96&d=mm&r=g","caption":"Benoit Charette"},"description":"Benoit Charette \/ Propri\u00e9taire et r\u00e9dacteur en chef Benoit Charette pratique le journalisme automobile depuis bient\u00f4t 30 ans. Il a fait ses classes au c\u00f4t\u00e9 de Daniel H\u00e9raud et au Carnet de route de 1992 \u00e0 2001. Il est fondateur, copropri\u00e9taire et r\u00e9dacteur en chef de L\u2019Annuel de l\u2019automobile, qu\u2019il publie depuis 2001. Il a anim\u00e9 les \u00e9missions RPM et RPM+ sur V et les L\u00e9gendes de la route sur Historia. \u00c0 la radio depuis 1986, il reprend l\u2019antenne cette ann\u00e9e sur les ondes de Cogeco et participe pour la deuxi\u00e8me ann\u00e9e \u00e0 l\u2019\u00e9mission Passion Auto sur RDS en plus de mettre en ligne le site Web officiel de L\u2019Annuel de l\u2019automobile sur annuelauto.ca.","sameAs":["https:\/\/annuelauto.ca\/"],"url":"https:\/\/news.canadamotorjobs.com\/fr\/author\/benoit-charette\/"}]}},"_links":{"self":[{"href":"https:\/\/news.canadamotorjobs.com\/fr\/wp-json\/wp\/v2\/posts\/172664"}],"collection":[{"href":"https:\/\/news.canadamotorjobs.com\/fr\/wp-json\/wp\/v2\/posts"}],"about":[{"href":"https:\/\/news.canadamotorjobs.com\/fr\/wp-json\/wp\/v2\/types\/post"}],"author":[{"embeddable":true,"href":"https:\/\/news.canadamotorjobs.com\/fr\/wp-json\/wp\/v2\/users\/8"}],"replies":[{"embeddable":true,"href":"https:\/\/news.canadamotorjobs.com\/fr\/wp-json\/wp\/v2\/comments?post=172664"}],"version-history":[{"count":2,"href":"https:\/\/news.canadamotorjobs.com\/fr\/wp-json\/wp\/v2\/posts\/172664\/revisions"}],"predecessor-version":[{"id":172668,"href":"https:\/\/news.canadamotorjobs.com\/fr\/wp-json\/wp\/v2\/posts\/172664\/revisions\/172668"}],"wp:featuredmedia":[{"embeddable":true,"href":"https:\/\/news.canadamotorjobs.com\/fr\/wp-json\/wp\/v2\/media\/172666"}],"wp:attachment":[{"href":"https:\/\/news.canadamotorjobs.com\/fr\/wp-json\/wp\/v2\/media?parent=172664"}],"wp:term":[{"taxonomy":"category","embeddable":true,"href":"https:\/\/news.canadamotorjobs.com\/fr\/wp-json\/wp\/v2\/categories?post=172664"},{"taxonomy":"post_tag","embeddable":true,"href":"https:\/\/news.canadamotorjobs.com\/fr\/wp-json\/wp\/v2\/tags?post=172664"}],"curies":[{"name":"wp","href":"https:\/\/api.w.org\/{rel}","templated":true}]}}