{"id":172618,"date":"2024-09-12T07:24:18","date_gmt":"2024-09-12T11:24:18","guid":{"rendered":"https:\/\/news.canadamotorjobs.com\/?p=172618"},"modified":"2024-09-12T07:29:12","modified_gmt":"2024-09-12T11:29:12","slug":"cest-le-bon-temps-pour-acheter-un-hybride-branchable","status":"publish","type":"post","link":"https:\/\/news.canadamotorjobs.com\/fr\/cest-le-bon-temps-pour-acheter-un-hybride-branchable\/","title":{"rendered":"C\u2019est le bon temps pour acheter un hybride branchable"},"content":{"rendered":"<\/p>\n<p>Quels sont les meilleurs moteurs qu\u2019on retrouve ces jours-ci dans le march\u00e9 automobile? Si vous avez r\u00e9pondu \u00ab\u00a0les moteurs \u00e9lectriques\u00a0\u00bb, vous \u00eates vraiment tout pr\u00e8s d\u2019avoir raison, en tout cas si on se fie au palmar\u00e8s des 10 moteurs de l\u2019ann\u00e9e de Wards Auto, o\u00f9 8 des 10 gagnants sont \u00e9lectrifi\u00e9s, en tout ou en partie.<\/p>\n<p>Le prestigieux palmar\u00e8s des meilleurs moteurs de Wards a fait de la place aux moteurs \u00e9lectriques il y a quelques ann\u00e9es d\u00e9j\u00e0, et la grande nouveaut\u00e9 cette ann\u00e9e, ou en tout cas, une tendance qui semble se d\u00e9gager soudainement, c\u2019est que les moteurs hybrides branchables effectuent un retour en force. Et vu comment les constructeurs adaptent leurs strat\u00e9gies de mise en march\u00e9 pour les ann\u00e9es \u00e0 venir pour faire plus de place \u00e0 ce type de propulsion, on s\u2019attend \u00e0 ce que les hybrides branchables continuent de bien faire dans les ann\u00e9es \u00e0 venir.<\/p>\n<p>Les experts de Wards Auto ont \u00e9valu\u00e9 34 motorisations diff\u00e9rentes pour l\u2019\u00e9dition 2024 de leur palmar\u00e8s. Du lot, 25 \u00e9taient \u00e9lectrifi\u00e9es. 13 d\u2019entre elles \u00e9taient 100% \u00e9lectriques, six \u00e9taient des hybrides branchables et six autres \u00e9taient des hybrides tout court. 9 moteurs strictement \u00e0 essence ont aussi \u00e9t\u00e9 \u00e9valu\u00e9s.<\/p>\n<p>Du c\u00f4t\u00e9 des moteurs \u00e0 essence, il y en avait pour tous les go\u00fbts\u00a0: des 3 cylindres de 1,2 litre \u00e0 des V8 de 6,2 litres, en passant par des moteurs \u00e0 4 et \u00e0 6 cylindres.<\/p>\n<p>Parmi les dix laur\u00e9ats, on trouve d\u2019ailleurs le moteur V8 hybride de la Corvette E-Ray et le 3 cylindres turbo de 1,6 litre de la Toyota Corolla GR. Mais on trouve aussi le groupe \u00e9lectrique du Kia EV9, un des meilleurs nouveaux mod\u00e8les de 2024, et le groupe \u00e9lectrique plus sportif du Hyundai Ioniq 5 N.<\/p>\n<p>De fa\u00e7on plus terre-\u00e0-terre, Wards a aussi reconnu le V6 hybride du F-150 de Ford, le 2 litres hybride de la Honda Civic et le 4 cylindres hybride de 2,5 litres de la Toyota Camry. Le 6 cylindres turbo du BMW X5 xDrive50e, le 6 cylindres turbo du Ram 1500 Tungsten et le V6 turbo du Porsche Cayenne E-Hybrid compl\u00e8tent le top 10.<\/p>\n<p>\u00a0<\/p>\n<p>Le texte <a rel=\"nofollow\" href=\"https:\/\/annuelauto.ca\/cest-le-bon-temps-pour-acheter-un-hybride-branchable\/\">C\u2019est le bon temps pour acheter un hybride branchable<\/a> provient de <a rel=\"nofollow\" href=\"https:\/\/annuelauto.ca\">L&#8217;annuel de l&#8217;automobile &#8211; Actualit\u00e9 automobile<\/a><\/p>\n<p><\/p>\n","protected":false},"excerpt":{"rendered":"<p>Quels sont les meilleurs moteurs qu\u2019on retrouve ces jours-ci dans le march\u00e9 automobile? Si vous avez r\u00e9pondu \u00ab\u00a0les moteurs \u00e9lectriques\u00a0\u00bb, vous \u00eates vraiment tout pr\u00e8s d\u2019avoir raison, en tout cas si on se fie au palmar\u00e8s des 10 moteurs de l\u2019ann\u00e9e de Wards Auto, o\u00f9 8 des 10 gagnants sont \u00e9lectrifi\u00e9s, en tout ou en [&hellip;]<\/p>\n","protected":false},"author":8,"featured_media":172620,"comment_status":"close","ping_status":"closed","sticky":false,"template":"","format":"standard","meta":{"_monsterinsights_skip_tracking":false,"_monsterinsights_sitenote_active":false,"_monsterinsights_sitenote_note":"","_monsterinsights_sitenote_category":0,"footnotes":""},"categories":[101],"tags":[],"yoast_head":"<!-- This site is optimized with the Yoast SEO plugin v23.2 - https:\/\/yoast.com\/wordpress\/plugins\/seo\/ -->\n<title>C\u2019est le bon temps pour acheter un hybride branchable - CanadaMotorJobs.com<\/title>\n<meta name=\"description\" content=\"C\u2019est le bon temps pour acheter un hybride branchable - Benoit Charette - Annuel automobile - CanadaMotorJobs.com.\" \/>\n<meta name=\"robots\" content=\"index, follow, max-snippet:-1, max-image-preview:large, max-video-preview:-1\" \/>\n<meta property=\"og:locale\" content=\"fr_CA\" \/>\n<meta property=\"og:type\" content=\"article\" \/>\n<meta property=\"og:title\" content=\"C\u2019est le bon temps pour acheter un hybride branchable - CanadaMotorJobs.com\" \/>\n<meta property=\"og:description\" content=\"C\u2019est le bon temps pour acheter un hybride branchable - Benoit Charette - Annuel automobile - CanadaMotorJobs.com.\" \/>\n<meta property=\"og:url\" content=\"https:\/\/news.canadamotorjobs.com\/fr\/cest-le-bon-temps-pour-acheter-un-hybride-branchable\/\" \/>\n<meta property=\"og:site_name\" content=\"CanadaMotorJobs.com\" \/>\n<meta property=\"article:publisher\" content=\"https:\/\/www.facebook.com\/canadamotorjobs\/\" \/>\n<meta property=\"article:published_time\" content=\"2024-09-12T11:24:18+00:00\" \/>\n<meta property=\"article:modified_time\" content=\"2024-09-12T11:29:12+00:00\" \/>\n<meta property=\"og:image\" content=\"https:\/\/news.canadamotorjobs.com\/wp-content\/uploads\/2024\/09\/05-2025-honda-civic-sedan-sport-touring-hybrid1716921340442.jpg\" \/>\n\t<meta property=\"og:image:width\" content=\"1200\" \/>\n\t<meta property=\"og:image:height\" content=\"797\" \/>\n\t<meta property=\"og:image:type\" content=\"image\/jpeg\" \/>\n<meta name=\"author\" content=\"Benoit Charette\" \/>\n<meta name=\"twitter:card\" content=\"summary_large_image\" \/>\n<meta name=\"twitter:creator\" content=\"@canadamotorjobs\" \/>\n<meta name=\"twitter:site\" content=\"@canadamotorjobs\" \/>\n<meta name=\"twitter:label1\" content=\"\u00c9crit par\" \/>\n\t<meta name=\"twitter:data1\" content=\"Benoit Charette\" \/>\n\t<meta name=\"twitter:label2\" content=\"Estimation du temps de lecture\" \/>\n\t<meta name=\"twitter:data2\" content=\"2 minutes\" \/>\n<!-- \/ Yoast SEO plugin. -->","yoast_head_json":{"title":"C\u2019est le bon temps pour acheter un hybride branchable - CanadaMotorJobs.com","description":"C\u2019est le bon temps pour acheter un hybride branchable - Benoit Charette - Annuel automobile - CanadaMotorJobs.com.","robots":{"index":"index","follow":"follow","max-snippet":"max-snippet:-1","max-image-preview":"max-image-preview:large","max-video-preview":"max-video-preview:-1"},"og_locale":"fr_CA","og_type":"article","og_title":"C\u2019est le bon temps pour acheter un hybride branchable - CanadaMotorJobs.com","og_description":"C\u2019est le bon temps pour acheter un hybride branchable - Benoit Charette - Annuel automobile - CanadaMotorJobs.com.","og_url":"https:\/\/news.canadamotorjobs.com\/fr\/cest-le-bon-temps-pour-acheter-un-hybride-branchable\/","og_site_name":"CanadaMotorJobs.com","article_publisher":"https:\/\/www.facebook.com\/canadamotorjobs\/","article_published_time":"2024-09-12T11:24:18+00:00","article_modified_time":"2024-09-12T11:29:12+00:00","og_image":[{"width":1200,"height":797,"url":"https:\/\/news.canadamotorjobs.com\/wp-content\/uploads\/2024\/09\/05-2025-honda-civic-sedan-sport-touring-hybrid1716921340442.jpg","type":"image\/jpeg"}],"author":"Benoit Charette","twitter_card":"summary_large_image","twitter_creator":"@canadamotorjobs","twitter_site":"@canadamotorjobs","twitter_misc":{"\u00c9crit par":"Benoit Charette","Estimation du temps de lecture":"2 minutes"},"schema":{"@context":"https:\/\/schema.org","@graph":[{"@type":"Article","@id":"https:\/\/news.canadamotorjobs.com\/fr\/cest-le-bon-temps-pour-acheter-un-hybride-branchable\/#article","isPartOf":{"@id":"https:\/\/news.canadamotorjobs.com\/fr\/cest-le-bon-temps-pour-acheter-un-hybride-branchable\/"},"author":{"name":"Benoit Charette","@id":"https:\/\/news.canadamotorjobs.com\/#\/schema\/person\/51793d1f87d44011d7bcc2ed99269a90"},"headline":"C\u2019est le bon temps pour acheter un hybride branchable","datePublished":"2024-09-12T11:24:18+00:00","dateModified":"2024-09-12T11:29:12+00:00","mainEntityOfPage":{"@id":"https:\/\/news.canadamotorjobs.com\/fr\/cest-le-bon-temps-pour-acheter-un-hybride-branchable\/"},"wordCount":386,"publisher":{"@id":"https:\/\/news.canadamotorjobs.com\/#organization"},"image":{"@id":"https:\/\/news.canadamotorjobs.com\/fr\/cest-le-bon-temps-pour-acheter-un-hybride-branchable\/#primaryimage"},"thumbnailUrl":"https:\/\/news.canadamotorjobs.com\/wp-content\/uploads\/2024\/09\/05-2025-honda-civic-sedan-sport-touring-hybrid1716921340442.jpg","articleSection":["Annuel automobile"],"inLanguage":"fr-CA"},{"@type":"WebPage","@id":"https:\/\/news.canadamotorjobs.com\/fr\/cest-le-bon-temps-pour-acheter-un-hybride-branchable\/","url":"https:\/\/news.canadamotorjobs.com\/fr\/cest-le-bon-temps-pour-acheter-un-hybride-branchable\/","name":"C\u2019est le bon temps pour acheter un hybride branchable - CanadaMotorJobs.com","isPartOf":{"@id":"https:\/\/news.canadamotorjobs.com\/#website"},"primaryImageOfPage":{"@id":"https:\/\/news.canadamotorjobs.com\/fr\/cest-le-bon-temps-pour-acheter-un-hybride-branchable\/#primaryimage"},"image":{"@id":"https:\/\/news.canadamotorjobs.com\/fr\/cest-le-bon-temps-pour-acheter-un-hybride-branchable\/#primaryimage"},"thumbnailUrl":"https:\/\/news.canadamotorjobs.com\/wp-content\/uploads\/2024\/09\/05-2025-honda-civic-sedan-sport-touring-hybrid1716921340442.jpg","datePublished":"2024-09-12T11:24:18+00:00","dateModified":"2024-09-12T11:29:12+00:00","description":"C\u2019est le bon temps pour acheter un hybride branchable - Benoit Charette - Annuel automobile - CanadaMotorJobs.com.","breadcrumb":{"@id":"https:\/\/news.canadamotorjobs.com\/fr\/cest-le-bon-temps-pour-acheter-un-hybride-branchable\/#breadcrumb"},"inLanguage":"fr-CA","potentialAction":[{"@type":"ReadAction","target":["https:\/\/news.canadamotorjobs.com\/fr\/cest-le-bon-temps-pour-acheter-un-hybride-branchable\/"]}]},{"@type":"ImageObject","inLanguage":"fr-CA","@id":"https:\/\/news.canadamotorjobs.com\/fr\/cest-le-bon-temps-pour-acheter-un-hybride-branchable\/#primaryimage","url":"https:\/\/news.canadamotorjobs.com\/wp-content\/uploads\/2024\/09\/05-2025-honda-civic-sedan-sport-touring-hybrid1716921340442.jpg","contentUrl":"https:\/\/news.canadamotorjobs.com\/wp-content\/uploads\/2024\/09\/05-2025-honda-civic-sedan-sport-touring-hybrid1716921340442.jpg","width":1200,"height":797},{"@type":"BreadcrumbList","@id":"https:\/\/news.canadamotorjobs.com\/fr\/cest-le-bon-temps-pour-acheter-un-hybride-branchable\/#breadcrumb","itemListElement":[{"@type":"ListItem","position":1,"name":"Home","item":"https:\/\/news.canadamotorjobs.com\/fr\/blog\/"},{"@type":"ListItem","position":2,"name":"C\u2019est le bon temps pour acheter un hybride branchable"}]},{"@type":"WebSite","@id":"https:\/\/news.canadamotorjobs.com\/#website","url":"https:\/\/news.canadamotorjobs.com\/","name":"CanadaMotorJobs.com","description":"Automotive Jobs","publisher":{"@id":"https:\/\/news.canadamotorjobs.com\/#organization"},"potentialAction":[{"@type":"SearchAction","target":{"@type":"EntryPoint","urlTemplate":"https:\/\/news.canadamotorjobs.com\/?s={search_term_string}"},"query-input":"required name=search_term_string"}],"inLanguage":"fr-CA"},{"@type":"Organization","@id":"https:\/\/news.canadamotorjobs.com\/#organization","name":"Canada Motor Jobs","url":"https:\/\/news.canadamotorjobs.com\/","logo":{"@type":"ImageObject","inLanguage":"fr-CA","@id":"https:\/\/news.canadamotorjobs.com\/#\/schema\/logo\/image\/","url":"https:\/\/news.canadamotorjobs.com\/wp-content\/uploads\/2022\/10\/logo-canada-motor-jobs-1.png","contentUrl":"https:\/\/news.canadamotorjobs.com\/wp-content\/uploads\/2022\/10\/logo-canada-motor-jobs-1.png","width":800,"height":400,"caption":"Canada Motor Jobs"},"image":{"@id":"https:\/\/news.canadamotorjobs.com\/#\/schema\/logo\/image\/"},"sameAs":["https:\/\/www.facebook.com\/canadamotorjobs\/","https:\/\/x.com\/canadamotorjobs","https:\/\/www.instagram.com\/canadamotorjobs\/","https:\/\/www.linkedin.com\/company\/canadamotorjobs"]},{"@type":"Person","@id":"https:\/\/news.canadamotorjobs.com\/#\/schema\/person\/51793d1f87d44011d7bcc2ed99269a90","name":"Benoit Charette","image":{"@type":"ImageObject","inLanguage":"fr-CA","@id":"https:\/\/news.canadamotorjobs.com\/#\/schema\/person\/image\/","url":"https:\/\/secure.gravatar.com\/avatar\/45f3d2eebcccd909668d7ce7ea7267b6?s=96&d=mm&r=g","contentUrl":"https:\/\/secure.gravatar.com\/avatar\/45f3d2eebcccd909668d7ce7ea7267b6?s=96&d=mm&r=g","caption":"Benoit Charette"},"description":"Benoit Charette \/ Propri\u00e9taire et r\u00e9dacteur en chef Benoit Charette pratique le journalisme automobile depuis bient\u00f4t 30 ans. Il a fait ses classes au c\u00f4t\u00e9 de Daniel H\u00e9raud et au Carnet de route de 1992 \u00e0 2001. Il est fondateur, copropri\u00e9taire et r\u00e9dacteur en chef de L\u2019Annuel de l\u2019automobile, qu\u2019il publie depuis 2001. Il a anim\u00e9 les \u00e9missions RPM et RPM+ sur V et les L\u00e9gendes de la route sur Historia. \u00c0 la radio depuis 1986, il reprend l\u2019antenne cette ann\u00e9e sur les ondes de Cogeco et participe pour la deuxi\u00e8me ann\u00e9e \u00e0 l\u2019\u00e9mission Passion Auto sur RDS en plus de mettre en ligne le site Web officiel de L\u2019Annuel de l\u2019automobile sur annuelauto.ca.","sameAs":["https:\/\/annuelauto.ca\/"],"url":"https:\/\/news.canadamotorjobs.com\/fr\/author\/benoit-charette\/"}]}},"_links":{"self":[{"href":"https:\/\/news.canadamotorjobs.com\/fr\/wp-json\/wp\/v2\/posts\/172618"}],"collection":[{"href":"https:\/\/news.canadamotorjobs.com\/fr\/wp-json\/wp\/v2\/posts"}],"about":[{"href":"https:\/\/news.canadamotorjobs.com\/fr\/wp-json\/wp\/v2\/types\/post"}],"author":[{"embeddable":true,"href":"https:\/\/news.canadamotorjobs.com\/fr\/wp-json\/wp\/v2\/users\/8"}],"replies":[{"embeddable":true,"href":"https:\/\/news.canadamotorjobs.com\/fr\/wp-json\/wp\/v2\/comments?post=172618"}],"version-history":[{"count":2,"href":"https:\/\/news.canadamotorjobs.com\/fr\/wp-json\/wp\/v2\/posts\/172618\/revisions"}],"predecessor-version":[{"id":172622,"href":"https:\/\/news.canadamotorjobs.com\/fr\/wp-json\/wp\/v2\/posts\/172618\/revisions\/172622"}],"wp:featuredmedia":[{"embeddable":true,"href":"https:\/\/news.canadamotorjobs.com\/fr\/wp-json\/wp\/v2\/media\/172620"}],"wp:attachment":[{"href":"https:\/\/news.canadamotorjobs.com\/fr\/wp-json\/wp\/v2\/media?parent=172618"}],"wp:term":[{"taxonomy":"category","embeddable":true,"href":"https:\/\/news.canadamotorjobs.com\/fr\/wp-json\/wp\/v2\/categories?post=172618"},{"taxonomy":"post_tag","embeddable":true,"href":"https:\/\/news.canadamotorjobs.com\/fr\/wp-json\/wp\/v2\/tags?post=172618"}],"curies":[{"name":"wp","href":"https:\/\/api.w.org\/{rel}","templated":true}]}}