{"id":172599,"date":"2024-09-11T20:14:42","date_gmt":"2024-09-12T00:14:42","guid":{"rendered":"https:\/\/news.canadamotorjobs.com\/?p=172599"},"modified":"2024-09-11T20:28:46","modified_gmt":"2024-09-12T00:28:46","slug":"lucid-prepare-un-modele-de-taille-moyenne-de-moins-de-50-000-us","status":"publish","type":"post","link":"https:\/\/news.canadamotorjobs.com\/fr\/lucid-prepare-un-modele-de-taille-moyenne-de-moins-de-50-000-us\/","title":{"rendered":"Lucid pr\u00e9pare un mod\u00e8le de taille moyenne de moins de 50\u00a0000\u00a0$\u00a0US"},"content":{"rendered":"<\/p>\n<p><a href=\"https:\/\/annuelauto.ca\/lucid-group-recoit-une-injection-de-15-milliard-de-dollars-de-son-principal-actionnaire-saoudien\/\" target=\"_blank\" rel=\"noopener noreferrer\">Lucid<\/a> offrira bient\u00f4t un utilitaire de taille moyenne plus abordable que ses deux mod\u00e8les actuels, <a href=\"https:\/\/annuelauto.ca\/lucid-a-officiellement-commence-sa-production\/\" target=\"_blank\" rel=\"noopener noreferrer\">la berline Air<\/a> et l\u2019utilitaire Gravity. Dans un communiqu\u00e9 publi\u00e9 le 10\u00a0septembre \u00e0 l\u2019occasion d\u2019une conf\u00e9rence technique organis\u00e9e dans son usine de Casa Grande, en Arizona, le nouveau constructeur affirme qu\u2019il sera mis en production \u00e0 la fin de 2026 et que son prix de base aux \u00c9tats-Unis sera inf\u00e9rieur \u00e0 50\u00a0000\u00a0$\u00a0US (un peu moins de 70\u00a0000\u00a0$\u00a0CAN).<\/p>\n<p>Du m\u00eame coup, Lucid a diffus\u00e9 une premi\u00e8re image en clair-obscur pour aguicher les consommateurs. Le communiqu\u00e9 nous apprend \u00e9galement que ce nouveau mod\u00e8le, dont on ignore le nom pour le moment, disposera d\u2019une batterie offrant autant d\u2019autonomie que celle de ses concurrents tout en \u00e9tant plus petite.<\/p>\n<h3><strong>Gros comme un Mod\u00e8le\u00a0Y<\/strong><\/h3>\n<p>\nLa photo montre un v\u00e9hicule adoptant les formes d\u00e9sormais famili\u00e8res des produits Lucid. Le nom de la marque appara\u00eet en grosses lettres \u00e0 l\u2019avant et la silhouette trapue sugg\u00e8re des dimensions comparables \u00e0 celles d\u2019un Tesla Mod\u00e8le\u00a0Y.<\/p>\n<p>En outre, cet utilitaire sera anim\u00e9 par le nouveau moteur \u00e9lectrique Atlas de Lucid, qu\u2019il partagera avec de prochaines versions de la berline Air et de l\u2019utilitaire Gravity.<\/p>\n<p>Ce nouveau moteur qui est de plus petite dimension contribuera \u00e0 accro\u00eetre l\u2019espace utile de l\u2019habitacle. Il sera aussi plus efficace d\u2019un point de vue \u00e9nerg\u00e9tique. Ainsi, ce nouveau v\u00e9hicule offrira une autonomie comparable \u00e0 celle de ses rivaux tout en utilisant moins d&#8217;\u00e9nergie et, donc, une batterie moins volumineuse, affirme le constructeur.<\/p>\n<h3><strong>Et son nom sera\u2026<\/strong><\/h3>\n<p>\nCertains m\u00e9dias affirment que ce futur utilitaire pourrait \u00eatre vendu sous le nom de Lucid Earth. Des recherches effectu\u00e9es aupr\u00e8s de l\u2019Office des brevets et des marques des \u00c9tats-Unis nous apprennent, en effet, que cette appellation a \u00e9t\u00e9 enregistr\u00e9e comme marque de commerce par le constructeur en janvier.<\/p>\n<p>Ce n\u2019est toutefois pas la seule marque de commerce qu\u2019il a enregistr\u00e9. Outre le nom Earth, Lucid a \u00e9galement enregistr\u00e9 les appellations Air\u00a0Cross, Airspace, Cross\u00a0Air et m\u00eame Space.<\/p>\n<p>Curieusement, cette ann\u00e9e, le constructeur a enregistr\u00e9 une autre appellation qu\u2019il pourrait attribuer \u00e0 un futur v\u00e9hicule \u00e9lectrique. Ce mod\u00e8le s\u2019appellerait\u2026 Lucid\u00a0Ocean. Parions toutefois qu\u2019avec l\u2019\u00e9chec commercial r\u00e9cent entourant le <a href=\"https:\/\/annuelauto.ca\/magna-cesse-la-fabrication-de-vehicules-fisker\/\" target=\"_blank\" rel=\"noopener noreferrer\">Fisker\u00a0Ocean<\/a>, ce nom-l\u00e0 restera dans les tiroirs un certain temps\u00a0!<\/p>\n<p><em>Photos : Lucid<\/em><\/p>\n<p>Le texte <a rel=\"nofollow\" href=\"https:\/\/annuelauto.ca\/lucid-prepare-un-modele-de-taille-moyenne-de-moins-de-50-000-us\/\">Lucid pr\u00e9pare un mod\u00e8le de taille moyenne de moins de 50\u00a0000\u00a0$\u00a0US<\/a> provient de <a rel=\"nofollow\" href=\"https:\/\/annuelauto.ca\">L&#8217;annuel de l&#8217;automobile &#8211; Actualit\u00e9 automobile<\/a><\/p>\n<p><\/p>\n","protected":false},"excerpt":{"rendered":"<p>Lucid offrira bient\u00f4t un utilitaire de taille moyenne plus abordable que ses deux mod\u00e8les actuels, la berline Air et l\u2019utilitaire Gravity. Dans un communiqu\u00e9 publi\u00e9 le 10\u00a0septembre \u00e0 l\u2019occasion d\u2019une conf\u00e9rence technique organis\u00e9e dans son usine de Casa Grande, en Arizona, le nouveau constructeur affirme qu\u2019il sera mis en production \u00e0 la fin de 2026 [&hellip;]<\/p>\n","protected":false},"author":8,"featured_media":172601,"comment_status":"close","ping_status":"closed","sticky":false,"template":"","format":"standard","meta":{"_monsterinsights_skip_tracking":false,"_monsterinsights_sitenote_active":false,"_monsterinsights_sitenote_note":"","_monsterinsights_sitenote_category":0,"footnotes":""},"categories":[101],"tags":[],"yoast_head":"<!-- This site is optimized with the Yoast SEO plugin v23.2 - https:\/\/yoast.com\/wordpress\/plugins\/seo\/ -->\n<title>Lucid pr\u00e9pare un mod\u00e8le de taille moyenne de moins de 50\u00a0000\u00a0$\u00a0US - CanadaMotorJobs.com<\/title>\n<meta name=\"description\" content=\"Lucid pr\u00e9pare un mod\u00e8le de taille moyenne de moins de 50\u00a0000\u00a0$\u00a0US - Benoit Charette - Annuel automobile - CanadaMotorJobs.com.\" \/>\n<meta name=\"robots\" content=\"index, follow, max-snippet:-1, max-image-preview:large, max-video-preview:-1\" \/>\n<meta property=\"og:locale\" content=\"fr_CA\" \/>\n<meta property=\"og:type\" content=\"article\" \/>\n<meta property=\"og:title\" content=\"Lucid pr\u00e9pare un mod\u00e8le de taille moyenne de moins de 50\u00a0000\u00a0$\u00a0US - CanadaMotorJobs.com\" \/>\n<meta property=\"og:description\" content=\"Lucid pr\u00e9pare un mod\u00e8le de taille moyenne de moins de 50\u00a0000\u00a0$\u00a0US - Benoit Charette - Annuel automobile - CanadaMotorJobs.com.\" \/>\n<meta property=\"og:url\" content=\"https:\/\/news.canadamotorjobs.com\/fr\/lucid-prepare-un-modele-de-taille-moyenne-de-moins-de-50-000-us\/\" \/>\n<meta property=\"og:site_name\" content=\"CanadaMotorJobs.com\" \/>\n<meta property=\"article:publisher\" content=\"https:\/\/www.facebook.com\/canadamotorjobs\/\" \/>\n<meta property=\"article:published_time\" content=\"2024-09-12T00:14:42+00:00\" \/>\n<meta property=\"article:modified_time\" content=\"2024-09-12T00:28:46+00:00\" \/>\n<meta property=\"og:image\" content=\"https:\/\/news.canadamotorjobs.com\/wp-content\/uploads\/2024\/09\/Lucid-Earth-2027-1.jpg\" \/>\n\t<meta property=\"og:image:width\" content=\"1024\" \/>\n\t<meta property=\"og:image:height\" content=\"683\" \/>\n\t<meta property=\"og:image:type\" content=\"image\/jpeg\" \/>\n<meta name=\"author\" content=\"Benoit Charette\" \/>\n<meta name=\"twitter:card\" content=\"summary_large_image\" \/>\n<meta name=\"twitter:creator\" content=\"@canadamotorjobs\" \/>\n<meta name=\"twitter:site\" content=\"@canadamotorjobs\" \/>\n<meta name=\"twitter:label1\" content=\"\u00c9crit par\" \/>\n\t<meta name=\"twitter:data1\" content=\"Benoit Charette\" \/>\n\t<meta name=\"twitter:label2\" content=\"Estimation du temps de lecture\" \/>\n\t<meta name=\"twitter:data2\" content=\"2 minutes\" \/>\n<!-- \/ Yoast SEO plugin. -->","yoast_head_json":{"title":"Lucid pr\u00e9pare un mod\u00e8le de taille moyenne de moins de 50\u00a0000\u00a0$\u00a0US - CanadaMotorJobs.com","description":"Lucid pr\u00e9pare un mod\u00e8le de taille moyenne de moins de 50\u00a0000\u00a0$\u00a0US - Benoit Charette - Annuel automobile - CanadaMotorJobs.com.","robots":{"index":"index","follow":"follow","max-snippet":"max-snippet:-1","max-image-preview":"max-image-preview:large","max-video-preview":"max-video-preview:-1"},"og_locale":"fr_CA","og_type":"article","og_title":"Lucid pr\u00e9pare un mod\u00e8le de taille moyenne de moins de 50\u00a0000\u00a0$\u00a0US - CanadaMotorJobs.com","og_description":"Lucid pr\u00e9pare un mod\u00e8le de taille moyenne de moins de 50\u00a0000\u00a0$\u00a0US - Benoit Charette - Annuel automobile - CanadaMotorJobs.com.","og_url":"https:\/\/news.canadamotorjobs.com\/fr\/lucid-prepare-un-modele-de-taille-moyenne-de-moins-de-50-000-us\/","og_site_name":"CanadaMotorJobs.com","article_publisher":"https:\/\/www.facebook.com\/canadamotorjobs\/","article_published_time":"2024-09-12T00:14:42+00:00","article_modified_time":"2024-09-12T00:28:46+00:00","og_image":[{"width":1024,"height":683,"url":"https:\/\/news.canadamotorjobs.com\/wp-content\/uploads\/2024\/09\/Lucid-Earth-2027-1.jpg","type":"image\/jpeg"}],"author":"Benoit Charette","twitter_card":"summary_large_image","twitter_creator":"@canadamotorjobs","twitter_site":"@canadamotorjobs","twitter_misc":{"\u00c9crit par":"Benoit Charette","Estimation du temps de lecture":"2 minutes"},"schema":{"@context":"https:\/\/schema.org","@graph":[{"@type":"Article","@id":"https:\/\/news.canadamotorjobs.com\/fr\/lucid-prepare-un-modele-de-taille-moyenne-de-moins-de-50-000-us\/#article","isPartOf":{"@id":"https:\/\/news.canadamotorjobs.com\/fr\/lucid-prepare-un-modele-de-taille-moyenne-de-moins-de-50-000-us\/"},"author":{"name":"Benoit Charette","@id":"https:\/\/news.canadamotorjobs.com\/#\/schema\/person\/51793d1f87d44011d7bcc2ed99269a90"},"headline":"Lucid pr\u00e9pare un mod\u00e8le de taille moyenne de moins de 50\u00a0000\u00a0$\u00a0US","datePublished":"2024-09-12T00:14:42+00:00","dateModified":"2024-09-12T00:28:46+00:00","mainEntityOfPage":{"@id":"https:\/\/news.canadamotorjobs.com\/fr\/lucid-prepare-un-modele-de-taille-moyenne-de-moins-de-50-000-us\/"},"wordCount":447,"publisher":{"@id":"https:\/\/news.canadamotorjobs.com\/#organization"},"image":{"@id":"https:\/\/news.canadamotorjobs.com\/fr\/lucid-prepare-un-modele-de-taille-moyenne-de-moins-de-50-000-us\/#primaryimage"},"thumbnailUrl":"https:\/\/news.canadamotorjobs.com\/wp-content\/uploads\/2024\/09\/Lucid-Earth-2027-1.jpg","articleSection":["Annuel automobile"],"inLanguage":"fr-CA"},{"@type":"WebPage","@id":"https:\/\/news.canadamotorjobs.com\/fr\/lucid-prepare-un-modele-de-taille-moyenne-de-moins-de-50-000-us\/","url":"https:\/\/news.canadamotorjobs.com\/fr\/lucid-prepare-un-modele-de-taille-moyenne-de-moins-de-50-000-us\/","name":"Lucid pr\u00e9pare un mod\u00e8le de taille moyenne de moins de 50\u00a0000\u00a0$\u00a0US - CanadaMotorJobs.com","isPartOf":{"@id":"https:\/\/news.canadamotorjobs.com\/#website"},"primaryImageOfPage":{"@id":"https:\/\/news.canadamotorjobs.com\/fr\/lucid-prepare-un-modele-de-taille-moyenne-de-moins-de-50-000-us\/#primaryimage"},"image":{"@id":"https:\/\/news.canadamotorjobs.com\/fr\/lucid-prepare-un-modele-de-taille-moyenne-de-moins-de-50-000-us\/#primaryimage"},"thumbnailUrl":"https:\/\/news.canadamotorjobs.com\/wp-content\/uploads\/2024\/09\/Lucid-Earth-2027-1.jpg","datePublished":"2024-09-12T00:14:42+00:00","dateModified":"2024-09-12T00:28:46+00:00","description":"Lucid pr\u00e9pare un mod\u00e8le de taille moyenne de moins de 50\u00a0000\u00a0$\u00a0US - Benoit Charette - Annuel automobile - CanadaMotorJobs.com.","breadcrumb":{"@id":"https:\/\/news.canadamotorjobs.com\/fr\/lucid-prepare-un-modele-de-taille-moyenne-de-moins-de-50-000-us\/#breadcrumb"},"inLanguage":"fr-CA","potentialAction":[{"@type":"ReadAction","target":["https:\/\/news.canadamotorjobs.com\/fr\/lucid-prepare-un-modele-de-taille-moyenne-de-moins-de-50-000-us\/"]}]},{"@type":"ImageObject","inLanguage":"fr-CA","@id":"https:\/\/news.canadamotorjobs.com\/fr\/lucid-prepare-un-modele-de-taille-moyenne-de-moins-de-50-000-us\/#primaryimage","url":"https:\/\/news.canadamotorjobs.com\/wp-content\/uploads\/2024\/09\/Lucid-Earth-2027-1.jpg","contentUrl":"https:\/\/news.canadamotorjobs.com\/wp-content\/uploads\/2024\/09\/Lucid-Earth-2027-1.jpg","width":1024,"height":683},{"@type":"BreadcrumbList","@id":"https:\/\/news.canadamotorjobs.com\/fr\/lucid-prepare-un-modele-de-taille-moyenne-de-moins-de-50-000-us\/#breadcrumb","itemListElement":[{"@type":"ListItem","position":1,"name":"Home","item":"https:\/\/news.canadamotorjobs.com\/fr\/blog\/"},{"@type":"ListItem","position":2,"name":"Lucid pr\u00e9pare un mod\u00e8le de taille moyenne de moins de 50\u00a0000\u00a0$\u00a0US"}]},{"@type":"WebSite","@id":"https:\/\/news.canadamotorjobs.com\/#website","url":"https:\/\/news.canadamotorjobs.com\/","name":"CanadaMotorJobs.com","description":"Automotive Jobs","publisher":{"@id":"https:\/\/news.canadamotorjobs.com\/#organization"},"potentialAction":[{"@type":"SearchAction","target":{"@type":"EntryPoint","urlTemplate":"https:\/\/news.canadamotorjobs.com\/?s={search_term_string}"},"query-input":"required name=search_term_string"}],"inLanguage":"fr-CA"},{"@type":"Organization","@id":"https:\/\/news.canadamotorjobs.com\/#organization","name":"Canada Motor Jobs","url":"https:\/\/news.canadamotorjobs.com\/","logo":{"@type":"ImageObject","inLanguage":"fr-CA","@id":"https:\/\/news.canadamotorjobs.com\/#\/schema\/logo\/image\/","url":"https:\/\/news.canadamotorjobs.com\/wp-content\/uploads\/2022\/10\/logo-canada-motor-jobs-1.png","contentUrl":"https:\/\/news.canadamotorjobs.com\/wp-content\/uploads\/2022\/10\/logo-canada-motor-jobs-1.png","width":800,"height":400,"caption":"Canada Motor Jobs"},"image":{"@id":"https:\/\/news.canadamotorjobs.com\/#\/schema\/logo\/image\/"},"sameAs":["https:\/\/www.facebook.com\/canadamotorjobs\/","https:\/\/x.com\/canadamotorjobs","https:\/\/www.instagram.com\/canadamotorjobs\/","https:\/\/www.linkedin.com\/company\/canadamotorjobs"]},{"@type":"Person","@id":"https:\/\/news.canadamotorjobs.com\/#\/schema\/person\/51793d1f87d44011d7bcc2ed99269a90","name":"Benoit Charette","image":{"@type":"ImageObject","inLanguage":"fr-CA","@id":"https:\/\/news.canadamotorjobs.com\/#\/schema\/person\/image\/","url":"https:\/\/secure.gravatar.com\/avatar\/45f3d2eebcccd909668d7ce7ea7267b6?s=96&d=mm&r=g","contentUrl":"https:\/\/secure.gravatar.com\/avatar\/45f3d2eebcccd909668d7ce7ea7267b6?s=96&d=mm&r=g","caption":"Benoit Charette"},"description":"Benoit Charette \/ Propri\u00e9taire et r\u00e9dacteur en chef Benoit Charette pratique le journalisme automobile depuis bient\u00f4t 30 ans. Il a fait ses classes au c\u00f4t\u00e9 de Daniel H\u00e9raud et au Carnet de route de 1992 \u00e0 2001. Il est fondateur, copropri\u00e9taire et r\u00e9dacteur en chef de L\u2019Annuel de l\u2019automobile, qu\u2019il publie depuis 2001. Il a anim\u00e9 les \u00e9missions RPM et RPM+ sur V et les L\u00e9gendes de la route sur Historia. \u00c0 la radio depuis 1986, il reprend l\u2019antenne cette ann\u00e9e sur les ondes de Cogeco et participe pour la deuxi\u00e8me ann\u00e9e \u00e0 l\u2019\u00e9mission Passion Auto sur RDS en plus de mettre en ligne le site Web officiel de L\u2019Annuel de l\u2019automobile sur annuelauto.ca.","sameAs":["https:\/\/annuelauto.ca\/"],"url":"https:\/\/news.canadamotorjobs.com\/fr\/author\/benoit-charette\/"}]}},"_links":{"self":[{"href":"https:\/\/news.canadamotorjobs.com\/fr\/wp-json\/wp\/v2\/posts\/172599"}],"collection":[{"href":"https:\/\/news.canadamotorjobs.com\/fr\/wp-json\/wp\/v2\/posts"}],"about":[{"href":"https:\/\/news.canadamotorjobs.com\/fr\/wp-json\/wp\/v2\/types\/post"}],"author":[{"embeddable":true,"href":"https:\/\/news.canadamotorjobs.com\/fr\/wp-json\/wp\/v2\/users\/8"}],"replies":[{"embeddable":true,"href":"https:\/\/news.canadamotorjobs.com\/fr\/wp-json\/wp\/v2\/comments?post=172599"}],"version-history":[{"count":2,"href":"https:\/\/news.canadamotorjobs.com\/fr\/wp-json\/wp\/v2\/posts\/172599\/revisions"}],"predecessor-version":[{"id":172603,"href":"https:\/\/news.canadamotorjobs.com\/fr\/wp-json\/wp\/v2\/posts\/172599\/revisions\/172603"}],"wp:featuredmedia":[{"embeddable":true,"href":"https:\/\/news.canadamotorjobs.com\/fr\/wp-json\/wp\/v2\/media\/172601"}],"wp:attachment":[{"href":"https:\/\/news.canadamotorjobs.com\/fr\/wp-json\/wp\/v2\/media?parent=172599"}],"wp:term":[{"taxonomy":"category","embeddable":true,"href":"https:\/\/news.canadamotorjobs.com\/fr\/wp-json\/wp\/v2\/categories?post=172599"},{"taxonomy":"post_tag","embeddable":true,"href":"https:\/\/news.canadamotorjobs.com\/fr\/wp-json\/wp\/v2\/tags?post=172599"}],"curies":[{"name":"wp","href":"https:\/\/api.w.org\/{rel}","templated":true}]}}